{"id":2266,"date":"2022-07-28T10:00:00","date_gmt":"2022-07-28T13:00:00","guid":{"rendered":"http:\/\/portalmf.com.br\/?p=2266"},"modified":"2022-07-28T15:56:48","modified_gmt":"2022-07-28T18:56:48","slug":"carlos-geilson-participa-das-comemoracoes-pelos-138-anos-de-emancipacao-de-sao-goncalo-dos-campos","status":"publish","type":"post","link":"https:\/\/portalmf.com.br\/index.php\/2022\/07\/28\/carlos-geilson-participa-das-comemoracoes-pelos-138-anos-de-emancipacao-de-sao-goncalo-dos-campos\/","title":{"rendered":"Carlos Geilson participa das comemora\u00e7\u00f5es pelos 138 anos de emancipa\u00e7\u00e3o de S\u00e3o Gon\u00e7alo dos Campos"},"content":{"rendered":"\n<p>O munic\u00edpio de S\u00e3o Gon\u00e7alo dos Campos comemorou, nesta quinta-feira (28), 138 anos de sua emancipa\u00e7\u00e3o pol\u00edtica. A data foi marcada, pela manh\u00e3, por missa solene na Igreja Matriz, cortejo da Lira Sangon\u00e7alense, al\u00e9m das reinaugura\u00e7\u00f5es do posto de sa\u00fade da Boa Hora e da nova cobertura do Centro de Abastecimento.<\/p>\n\n\n\n<p>O pr\u00e9-candidato a deputado estadual, Carlos Geilson (Solidariedade) participou das comemora\u00e7\u00f5es ao lado do prefeito de S\u00e3o Gon\u00e7alo dos Campos, Tarc\u00edsio Pedreira (solidariedade), e outros convidados e autoridades municipais.<\/p>\n\n\n\n<p>Pela manh\u00e3, logo cedo, Geilson marcou presen\u00e7a na missa solene, na Igreja Matriz. Em seguida, em dire\u00e7\u00e3o \u00e0 C\u00e2mara de Vereadores, acompanhou o cortejo da Lira Sangon\u00e7alense pelas ruas da cidade.<\/p>\n\n\n\n<p>Geilson tamb\u00e9m aproveitou a oportunidade para parabenizar o prefeito de S\u00e3o Gon\u00e7alo dos Campos, Tarc\u00edsio Pedreira, pela gest\u00e3o do munic\u00edpio, pelas comemora\u00e7\u00f5es de sua emancipa\u00e7\u00e3o, al\u00e9m dos investimentos em v\u00e1rias \u00e1reas.<\/p>\n\n\n\n<p>\u201cTenho muito carinho por S\u00e3o Gon\u00e7alo dos Campos e me sinto muito feliz em participar das comemora\u00e7\u00f5es de sua emancipa\u00e7\u00e3o. Quero aproveitar e deixar registrado toda minha admira\u00e7\u00e3o ao prefeito Tarc\u00edsio Pedreira, que tem trabalhado muito por sua cidade e seu povo\u201d, disse Carlos Geilson.<\/p>\n\n\n\n<p><strong>SHOWS<\/strong><\/p>\n\n\n\n<p>A Prefeitura de S\u00e3o Gon\u00e7alo dos Campos segue, durante todo dia, com as comemora\u00e7\u00f5es pelos 138 anos de emancipa\u00e7\u00e3o do munic\u00edpio, com shows das bandas Pagode Mania, Viola de Doze, Pagod\u00b4art e Timbalada.<\/p>\n","protected":false},"excerpt":{"rendered":"<p>O munic\u00edpio de S\u00e3o Gon\u00e7alo dos Campos comemorou, nesta quinta-feira (28), 138 anos de sua emancipa\u00e7\u00e3o pol\u00edtica. A data foi marcada, pela manh\u00e3, por missa solene na Igreja Matriz, cortejo da Lira Sangon\u00e7alense, al\u00e9m das reinaugura\u00e7\u00f5es do posto de sa\u00fade da Boa Hora e da nova cobertura do Centro de Abastecimento. O pr\u00e9-candidato a deputado [&hellip;]<\/p>\n","protected":false},"author":2,"featured_media":2267,"comment_status":"open","ping_status":"open","sticky":false,"template":"","format":"standard","meta":{"_monsterinsights_skip_tracking":false,"_monsterinsights_sitenote_active":false,"_monsterinsights_sitenote_note":"","_monsterinsights_sitenote_category":0,"footnotes":""},"categories":[34],"tags":[],"yoast_head":"<!-- This site is optimized with the Yoast SEO plugin v22.9 - https:\/\/yoast.com\/wordpress\/plugins\/seo\/ -->\n<title>Carlos Geilson participa das comemora\u00e7\u00f5es pelos 138 anos de emancipa\u00e7\u00e3o de S\u00e3o Gon\u00e7alo dos Campos - Portal MF<\/title>\n<meta name=\"robots\" content=\"index, follow, max-snippet:-1, max-image-preview:large, max-video-preview:-1\" \/>\n<link rel=\"canonical\" href=\"https:\/\/portalmf.com.br\/index.php\/2022\/07\/28\/carlos-geilson-participa-das-comemoracoes-pelos-138-anos-de-emancipacao-de-sao-goncalo-dos-campos\/\" \/>\n<meta property=\"og:locale\" content=\"pt_BR\" \/>\n<meta property=\"og:type\" content=\"article\" \/>\n<meta property=\"og:title\" content=\"Carlos Geilson participa das comemora\u00e7\u00f5es pelos 138 anos de emancipa\u00e7\u00e3o de S\u00e3o Gon\u00e7alo dos Campos - Portal MF\" \/>\n<meta property=\"og:description\" content=\"O munic\u00edpio de S\u00e3o Gon\u00e7alo dos Campos comemorou, nesta quinta-feira (28), 138 anos de sua emancipa\u00e7\u00e3o pol\u00edtica. A data foi marcada, pela manh\u00e3, por missa solene na Igreja Matriz, cortejo da Lira Sangon\u00e7alense, al\u00e9m das reinaugura\u00e7\u00f5es do posto de sa\u00fade da Boa Hora e da nova cobertura do Centro de Abastecimento. O pr\u00e9-candidato a deputado [&hellip;]\" \/>\n<meta property=\"og:url\" content=\"https:\/\/portalmf.com.br\/index.php\/2022\/07\/28\/carlos-geilson-participa-das-comemoracoes-pelos-138-anos-de-emancipacao-de-sao-goncalo-dos-campos\/\" \/>\n<meta property=\"og:site_name\" content=\"Portal MF\" \/>\n<meta property=\"article:author\" content=\"reginaldojrfsa\" \/>\n<meta property=\"article:published_time\" content=\"2022-07-28T13:00:00+00:00\" \/>\n<meta property=\"article:modified_time\" content=\"2022-07-28T18:56:48+00:00\" \/>\n<meta property=\"og:image\" content=\"https:\/\/portalmf.com.br\/wp-content\/uploads\/2022\/07\/WhatsApp-Image-2022-07-28-at-14.05.16.jpeg\" \/>\n\t<meta property=\"og:image:width\" content=\"1600\" \/>\n\t<meta property=\"og:image:height\" content=\"1218\" \/>\n\t<meta property=\"og:image:type\" content=\"image\/jpeg\" \/>\n<meta name=\"author\" content=\"Reginaldo J\u00fanior\" \/>\n<meta name=\"twitter:card\" content=\"summary_large_image\" \/>\n<meta name=\"twitter:creator\" content=\"@reginaldojrmf\" \/>\n<meta name=\"twitter:label1\" content=\"Escrito por\" \/>\n\t<meta name=\"twitter:data1\" content=\"Reginaldo J\u00fanior\" \/>\n\t<meta name=\"twitter:label2\" content=\"Est. tempo de leitura\" \/>\n\t<meta name=\"twitter:data2\" content=\"1 minuto\" \/>\n<script type=\"application\/ld+json\" class=\"yoast-schema-graph\">{\"@context\":\"https:\/\/schema.org\",\"@graph\":[{\"@type\":\"WebPage\",\"@id\":\"https:\/\/portalmf.com.br\/index.php\/2022\/07\/28\/carlos-geilson-participa-das-comemoracoes-pelos-138-anos-de-emancipacao-de-sao-goncalo-dos-campos\/\",\"url\":\"https:\/\/portalmf.com.br\/index.php\/2022\/07\/28\/carlos-geilson-participa-das-comemoracoes-pelos-138-anos-de-emancipacao-de-sao-goncalo-dos-campos\/\",\"name\":\"Carlos Geilson participa das comemora\u00e7\u00f5es pelos 138 anos de emancipa\u00e7\u00e3o de S\u00e3o Gon\u00e7alo dos Campos - Portal MF\",\"isPartOf\":{\"@id\":\"https:\/\/portalmf.com.br\/#website\"},\"primaryImageOfPage\":{\"@id\":\"https:\/\/portalmf.com.br\/index.php\/2022\/07\/28\/carlos-geilson-participa-das-comemoracoes-pelos-138-anos-de-emancipacao-de-sao-goncalo-dos-campos\/#primaryimage\"},\"image\":{\"@id\":\"https:\/\/portalmf.com.br\/index.php\/2022\/07\/28\/carlos-geilson-participa-das-comemoracoes-pelos-138-anos-de-emancipacao-de-sao-goncalo-dos-campos\/#primaryimage\"},\"thumbnailUrl\":\"https:\/\/portalmf.com.br\/wp-content\/uploads\/2022\/07\/WhatsApp-Image-2022-07-28-at-14.05.16.jpeg\",\"datePublished\":\"2022-07-28T13:00:00+00:00\",\"dateModified\":\"2022-07-28T18:56:48+00:00\",\"author\":{\"@id\":\"https:\/\/portalmf.com.br\/#\/schema\/person\/11c82086fe8abc05a19147e964587285\"},\"breadcrumb\":{\"@id\":\"https:\/\/portalmf.com.br\/index.php\/2022\/07\/28\/carlos-geilson-participa-das-comemoracoes-pelos-138-anos-de-emancipacao-de-sao-goncalo-dos-campos\/#breadcrumb\"},\"inLanguage\":\"pt-BR\",\"potentialAction\":[{\"@type\":\"ReadAction\",\"target\":[\"https:\/\/portalmf.com.br\/index.php\/2022\/07\/28\/carlos-geilson-participa-das-comemoracoes-pelos-138-anos-de-emancipacao-de-sao-goncalo-dos-campos\/\"]}]},{\"@type\":\"ImageObject\",\"inLanguage\":\"pt-BR\",\"@id\":\"https:\/\/portalmf.com.br\/index.php\/2022\/07\/28\/carlos-geilson-participa-das-comemoracoes-pelos-138-anos-de-emancipacao-de-sao-goncalo-dos-campos\/#primaryimage\",\"url\":\"https:\/\/portalmf.com.br\/wp-content\/uploads\/2022\/07\/WhatsApp-Image-2022-07-28-at-14.05.16.jpeg\",\"contentUrl\":\"https:\/\/portalmf.com.br\/wp-content\/uploads\/2022\/07\/WhatsApp-Image-2022-07-28-at-14.05.16.jpeg\",\"width\":1600,\"height\":1218,\"caption\":\"Foto: Divulga\u00e7\u00e3o \/ Assessoria\"},{\"@type\":\"BreadcrumbList\",\"@id\":\"https:\/\/portalmf.com.br\/index.php\/2022\/07\/28\/carlos-geilson-participa-das-comemoracoes-pelos-138-anos-de-emancipacao-de-sao-goncalo-dos-campos\/#breadcrumb\",\"itemListElement\":[{\"@type\":\"ListItem\",\"position\":1,\"name\":\"In\u00edcio\",\"item\":\"https:\/\/portalmf.com.br\/\"},{\"@type\":\"ListItem\",\"position\":2,\"name\":\"Carlos Geilson participa das comemora\u00e7\u00f5es pelos 138 anos de emancipa\u00e7\u00e3o de S\u00e3o Gon\u00e7alo dos Campos\"}]},{\"@type\":\"WebSite\",\"@id\":\"https:\/\/portalmf.com.br\/#website\",\"url\":\"https:\/\/portalmf.com.br\/\",\"name\":\"Portal MF\",\"description\":\"Voc\u00ea conectado com a informa\u00e7\u00e3o\",\"potentialAction\":[{\"@type\":\"SearchAction\",\"target\":{\"@type\":\"EntryPoint\",\"urlTemplate\":\"https:\/\/portalmf.com.br\/?s={search_term_string}\"},\"query-input\":\"required name=search_term_string\"}],\"inLanguage\":\"pt-BR\"},{\"@type\":\"Person\",\"@id\":\"https:\/\/portalmf.com.br\/#\/schema\/person\/11c82086fe8abc05a19147e964587285\",\"name\":\"Reginaldo J\u00fanior\",\"image\":{\"@type\":\"ImageObject\",\"inLanguage\":\"pt-BR\",\"@id\":\"https:\/\/portalmf.com.br\/#\/schema\/person\/image\/\",\"url\":\"https:\/\/secure.gravatar.com\/avatar\/32a3c797cd0ac47cc53b8644c62776f9?s=96&d=mm&r=g\",\"contentUrl\":\"https:\/\/secure.gravatar.com\/avatar\/32a3c797cd0ac47cc53b8644c62776f9?s=96&d=mm&r=g\",\"caption\":\"Reginaldo J\u00fanior\"},\"description\":\"Jornalista e idealizador Portal MF\",\"sameAs\":[\"https:\/\/portalmf.com.br\/index.php\/author\/reginaldojr\/\",\"reginaldojrfsa\",\"reginaldojuniormf\",\"https:\/\/x.com\/reginaldojrmf\"],\"url\":\"https:\/\/portalmf.com.br\/index.php\/author\/reginaldojr\/\"}]}<\/script>\n<!-- \/ Yoast SEO plugin. -->","yoast_head_json":{"title":"Carlos Geilson participa das comemora\u00e7\u00f5es pelos 138 anos de emancipa\u00e7\u00e3o de S\u00e3o Gon\u00e7alo dos Campos - Portal MF","robots":{"index":"index","follow":"follow","max-snippet":"max-snippet:-1","max-image-preview":"max-image-preview:large","max-video-preview":"max-video-preview:-1"},"canonical":"https:\/\/portalmf.com.br\/index.php\/2022\/07\/28\/carlos-geilson-participa-das-comemoracoes-pelos-138-anos-de-emancipacao-de-sao-goncalo-dos-campos\/","og_locale":"pt_BR","og_type":"article","og_title":"Carlos Geilson participa das comemora\u00e7\u00f5es pelos 138 anos de emancipa\u00e7\u00e3o de S\u00e3o Gon\u00e7alo dos Campos - Portal MF","og_description":"O munic\u00edpio de S\u00e3o Gon\u00e7alo dos Campos comemorou, nesta quinta-feira (28), 138 anos de sua emancipa\u00e7\u00e3o pol\u00edtica. A data foi marcada, pela manh\u00e3, por missa solene na Igreja Matriz, cortejo da Lira Sangon\u00e7alense, al\u00e9m das reinaugura\u00e7\u00f5es do posto de sa\u00fade da Boa Hora e da nova cobertura do Centro de Abastecimento. O pr\u00e9-candidato a deputado [&hellip;]","og_url":"https:\/\/portalmf.com.br\/index.php\/2022\/07\/28\/carlos-geilson-participa-das-comemoracoes-pelos-138-anos-de-emancipacao-de-sao-goncalo-dos-campos\/","og_site_name":"Portal MF","article_author":"reginaldojrfsa","article_published_time":"2022-07-28T13:00:00+00:00","article_modified_time":"2022-07-28T18:56:48+00:00","og_image":[{"width":1600,"height":1218,"url":"https:\/\/portalmf.com.br\/wp-content\/uploads\/2022\/07\/WhatsApp-Image-2022-07-28-at-14.05.16.jpeg","type":"image\/jpeg"}],"author":"Reginaldo J\u00fanior","twitter_card":"summary_large_image","twitter_creator":"@reginaldojrmf","twitter_misc":{"Escrito por":"Reginaldo J\u00fanior","Est. tempo de leitura":"1 minuto"},"schema":{"@context":"https:\/\/schema.org","@graph":[{"@type":"WebPage","@id":"https:\/\/portalmf.com.br\/index.php\/2022\/07\/28\/carlos-geilson-participa-das-comemoracoes-pelos-138-anos-de-emancipacao-de-sao-goncalo-dos-campos\/","url":"https:\/\/portalmf.com.br\/index.php\/2022\/07\/28\/carlos-geilson-participa-das-comemoracoes-pelos-138-anos-de-emancipacao-de-sao-goncalo-dos-campos\/","name":"Carlos Geilson participa das comemora\u00e7\u00f5es pelos 138 anos de emancipa\u00e7\u00e3o de S\u00e3o Gon\u00e7alo dos Campos - Portal MF","isPartOf":{"@id":"https:\/\/portalmf.com.br\/#website"},"primaryImageOfPage":{"@id":"https:\/\/portalmf.com.br\/index.php\/2022\/07\/28\/carlos-geilson-participa-das-comemoracoes-pelos-138-anos-de-emancipacao-de-sao-goncalo-dos-campos\/#primaryimage"},"image":{"@id":"https:\/\/portalmf.com.br\/index.php\/2022\/07\/28\/carlos-geilson-participa-das-comemoracoes-pelos-138-anos-de-emancipacao-de-sao-goncalo-dos-campos\/#primaryimage"},"thumbnailUrl":"https:\/\/portalmf.com.br\/wp-content\/uploads\/2022\/07\/WhatsApp-Image-2022-07-28-at-14.05.16.jpeg","datePublished":"2022-07-28T13:00:00+00:00","dateModified":"2022-07-28T18:56:48+00:00","author":{"@id":"https:\/\/portalmf.com.br\/#\/schema\/person\/11c82086fe8abc05a19147e964587285"},"breadcrumb":{"@id":"https:\/\/portalmf.com.br\/index.php\/2022\/07\/28\/carlos-geilson-participa-das-comemoracoes-pelos-138-anos-de-emancipacao-de-sao-goncalo-dos-campos\/#breadcrumb"},"inLanguage":"pt-BR","potentialAction":[{"@type":"ReadAction","target":["https:\/\/portalmf.com.br\/index.php\/2022\/07\/28\/carlos-geilson-participa-das-comemoracoes-pelos-138-anos-de-emancipacao-de-sao-goncalo-dos-campos\/"]}]},{"@type":"ImageObject","inLanguage":"pt-BR","@id":"https:\/\/portalmf.com.br\/index.php\/2022\/07\/28\/carlos-geilson-participa-das-comemoracoes-pelos-138-anos-de-emancipacao-de-sao-goncalo-dos-campos\/#primaryimage","url":"https:\/\/portalmf.com.br\/wp-content\/uploads\/2022\/07\/WhatsApp-Image-2022-07-28-at-14.05.16.jpeg","contentUrl":"https:\/\/portalmf.com.br\/wp-content\/uploads\/2022\/07\/WhatsApp-Image-2022-07-28-at-14.05.16.jpeg","width":1600,"height":1218,"caption":"Foto: Divulga\u00e7\u00e3o \/ Assessoria"},{"@type":"BreadcrumbList","@id":"https:\/\/portalmf.com.br\/index.php\/2022\/07\/28\/carlos-geilson-participa-das-comemoracoes-pelos-138-anos-de-emancipacao-de-sao-goncalo-dos-campos\/#breadcrumb","itemListElement":[{"@type":"ListItem","position":1,"name":"In\u00edcio","item":"https:\/\/portalmf.com.br\/"},{"@type":"ListItem","position":2,"name":"Carlos Geilson participa das comemora\u00e7\u00f5es pelos 138 anos de emancipa\u00e7\u00e3o de S\u00e3o Gon\u00e7alo dos Campos"}]},{"@type":"WebSite","@id":"https:\/\/portalmf.com.br\/#website","url":"https:\/\/portalmf.com.br\/","name":"Portal MF","description":"Voc\u00ea conectado com a informa\u00e7\u00e3o","potentialAction":[{"@type":"SearchAction","target":{"@type":"EntryPoint","urlTemplate":"https:\/\/portalmf.com.br\/?s={search_term_string}"},"query-input":"required name=search_term_string"}],"inLanguage":"pt-BR"},{"@type":"Person","@id":"https:\/\/portalmf.com.br\/#\/schema\/person\/11c82086fe8abc05a19147e964587285","name":"Reginaldo J\u00fanior","image":{"@type":"ImageObject","inLanguage":"pt-BR","@id":"https:\/\/portalmf.com.br\/#\/schema\/person\/image\/","url":"https:\/\/secure.gravatar.com\/avatar\/32a3c797cd0ac47cc53b8644c62776f9?s=96&d=mm&r=g","contentUrl":"https:\/\/secure.gravatar.com\/avatar\/32a3c797cd0ac47cc53b8644c62776f9?s=96&d=mm&r=g","caption":"Reginaldo J\u00fanior"},"description":"Jornalista e idealizador Portal MF","sameAs":["https:\/\/portalmf.com.br\/index.php\/author\/reginaldojr\/","reginaldojrfsa","reginaldojuniormf","https:\/\/x.com\/reginaldojrmf"],"url":"https:\/\/portalmf.com.br\/index.php\/author\/reginaldojr\/"}]}},"_links":{"self":[{"href":"https:\/\/portalmf.com.br\/index.php\/wp-json\/wp\/v2\/posts\/2266"}],"collection":[{"href":"https:\/\/portalmf.com.br\/index.php\/wp-json\/wp\/v2\/posts"}],"about":[{"href":"https:\/\/portalmf.com.br\/index.php\/wp-json\/wp\/v2\/types\/post"}],"author":[{"embeddable":true,"href":"https:\/\/portalmf.com.br\/index.php\/wp-json\/wp\/v2\/users\/2"}],"replies":[{"embeddable":true,"href":"https:\/\/portalmf.com.br\/index.php\/wp-json\/wp\/v2\/comments?post=2266"}],"version-history":[{"count":1,"href":"https:\/\/portalmf.com.br\/index.php\/wp-json\/wp\/v2\/posts\/2266\/revisions"}],"predecessor-version":[{"id":2268,"href":"https:\/\/portalmf.com.br\/index.php\/wp-json\/wp\/v2\/posts\/2266\/revisions\/2268"}],"wp:featuredmedia":[{"embeddable":true,"href":"https:\/\/portalmf.com.br\/index.php\/wp-json\/wp\/v2\/media\/2267"}],"wp:attachment":[{"href":"https:\/\/portalmf.com.br\/index.php\/wp-json\/wp\/v2\/media?parent=2266"}],"wp:term":[{"taxonomy":"category","embeddable":true,"href":"https:\/\/portalmf.com.br\/index.php\/wp-json\/wp\/v2\/categories?post=2266"},{"taxonomy":"post_tag","embeddable":true,"href":"https:\/\/portalmf.com.br\/index.php\/wp-json\/wp\/v2\/tags?post=2266"}],"curies":[{"name":"wp","href":"https:\/\/api.w.org\/{rel}","templated":true}]}}