{"id":22621,"date":"2024-01-25T16:20:09","date_gmt":"2024-01-25T19:20:09","guid":{"rendered":"https:\/\/portalmf.com.br\/?p=22621"},"modified":"2024-01-25T16:20:10","modified_gmt":"2024-01-25T19:20:10","slug":"salvador-e-destino-mais-desejado-pelos-brasileiros-aponta-pesquisa-do-ministerio-do-turismo","status":"publish","type":"post","link":"https:\/\/portalmf.com.br\/index.php\/2024\/01\/25\/salvador-e-destino-mais-desejado-pelos-brasileiros-aponta-pesquisa-do-ministerio-do-turismo\/","title":{"rendered":"Salvador \u00e9 destino mais desejado pelos brasileiros, aponta pesquisa do Minist\u00e9rio do Turismo"},"content":{"rendered":"\n<p>Salvador desponta como o destino nacional mais desejado pelos brasileiros, conforme pesquisa do Minist\u00e9rio do Turismo. De acordo com o levantamento <em>\u201cTend\u00eancias de Turismo\u201d,<\/em> a capital baiana lidera a prefer\u00eancia dos brasileiros, com uma m\u00e9dia de interesse de 7.1, numa escala feita de 0 a 10.<\/p>\n\n\n\n<p>Pela primeira vez, Salvador ficou na frente de locais como Fernando de Noronha e Rio de Janeiro, que ficaram em segundo e terceiro lugar, respectivamente. Len\u00e7\u00f3is Maranhenses e Florian\u00f3polis ficaram em quarto e quinto lugar, deixando claro a prefer\u00eancia dos brasileiros por locais de sol e praia.<\/p>\n\n\n\n<p>O secret\u00e1rio municipal de Cultura e Turismo (Secult), Pedro Tourinho, destacou que o resultado \u00e9 fruto de investimentos que est\u00e3o sendo realizados pela Prefeitura, ressaltando o Afroturismo. \u201c<em>Qual \u00e9 a diferen\u00e7a de 2024 para os \u00faltimos anos? Por que n\u00e3o era assim antes? O que mudou de 2020 para c\u00e1? Salvador Capital Afro. Foi investir na origem, investir na for\u00e7a ancestral, e n\u00e3o s\u00f3 simbolicamente. N\u00e3o \u00e9 s\u00f3 o s\u00edmbolo. \u00c9 preciso que a gente reforce que n\u00e3o \u00e9 s\u00f3 representatividade\u201d, <\/em>disse Tourinho.<\/p>\n\n\n\n<p><em>\u201cO s\u00edmbolo e a semi\u00f3tica s\u00e3o muito importantes quando a gente fala alguma coisa, mas \u00e9 necess\u00e1rio investir. \u00c9 trabalhar a prosperidade, \u00e9 conseguir mais recursos, criar ferramentas. \u00c9 necess\u00e1rio fazer investimentos o ano inteiro\u201d,<\/em> acrescentou o titular da Secult.<\/p>\n\n\n\n<p><strong>Investimentos &#8211; <\/strong>Nos \u00faltimos anos, a Prefeitura fez uma s\u00e9rie de investimentos para qualificar a infraestrutura da cidade, dando mais qualidade de vida para a popula\u00e7\u00e3o, o que tamb\u00e9m beneficia o turismo. Al\u00e9m disso, a gest\u00e3o municipal requalificou praticamente toda a orla da capital baiana, recuperou pontos tur\u00edsticos e criou novos equipamentos, a exemplo da Casa do Carnaval e da Cidade da M\u00fasica.<\/p>\n\n\n\n<p>Em rela\u00e7\u00e3o ao Afroturismo, a gest\u00e3o municipal promoveu uma parceria que garantiu a reabertura do Museu Nacional da Cultura Afro-brasileira (MUNCAB). Pela primeira vez em 2023, a Prefeitura promoveu o Novembro Salvador Capital Afro, que contou com uma extensa programa\u00e7\u00e3o para exaltar a ancestralidade negra da capital baiana.<\/p>\n\n\n\n<p>A Prefeitura tamb\u00e9m construiu o Centro de Conven\u00e7\u00f5es de Salvador, que recolocou a cidade no roteiro do turismo de neg\u00f3cios. Recentemente, a gest\u00e3o municipal entregou a requalifica\u00e7\u00e3o do Mercado Modelo, um dos principais cart\u00f5es postais da cidade, e a Galeria Mercado, que funciona no subsolo do equipamento. Em breve, a Prefeitura vai entregar o Arquivo P\u00fablico Municipal e a Casa das Hist\u00f3rias de Salvador.<\/p>\n\n\n\n<p><strong>Dados &#8211; <\/strong>O levantamento \u201cTend\u00eancias de Turismo\u201d foi realizado pelo Instituto de Pesquisa de Reputa\u00e7\u00e3o e Imagem (IPRI). As entrevistas foram realizadas entre 07 e 11 de dezembro de 2023.\u200b Ao todo, foram 2.029 entrevistas domiciliares com cidad\u00e3os a partir de 16 anos, nas 27 Unidades da Federa\u00e7\u00e3o. A margem de erro no total da amostra \u00e9 de 2 pontos percentuais, com intervalo de confian\u00e7a de 95%.<\/p>\n\n\n\n<p>Durante a alta temporada de ver\u00e3o, um em cada tr\u00eas cidad\u00e3os planeja viajar a lazer at\u00e9 mar\u00e7o, com uma m\u00e9dia de perman\u00eancia de dez dias. Do total de entrevistados, 95% opta por destinos nacionais, com o Nordeste e o Sudeste liderando as prefer\u00eancias.<\/p>\n\n\n\n<p>A pesquisa tamb\u00e9m revela que 69% dos brasileiros viajam anualmente, predominantemente em fam\u00edlia, utilizando carros e \u00f4nibus como principais meios de transporte, enquanto o avi\u00e3o \u00e9 mencionado por aproximadamente 25% dos entrevistados.<\/p>\n","protected":false},"excerpt":{"rendered":"<p>Salvador desponta como o destino nacional mais desejado pelos brasileiros, conforme pesquisa do Minist\u00e9rio do Turismo. De acordo com o levantamento \u201cTend\u00eancias de Turismo\u201d, a capital baiana lidera a prefer\u00eancia dos brasileiros, com uma m\u00e9dia de interesse de 7.1, numa escala feita de 0 a 10. Pela primeira vez, Salvador ficou na frente de locais [&hellip;]<\/p>\n","protected":false},"author":3,"featured_media":22622,"comment_status":"open","ping_status":"open","sticky":false,"template":"","format":"standard","meta":{"_monsterinsights_skip_tracking":false,"_monsterinsights_sitenote_active":false,"_monsterinsights_sitenote_note":"","_monsterinsights_sitenote_category":0,"footnotes":""},"categories":[34],"tags":[],"yoast_head":"<!-- This site is optimized with the Yoast SEO plugin v22.9 - https:\/\/yoast.com\/wordpress\/plugins\/seo\/ -->\n<title>Salvador \u00e9 destino mais desejado pelos brasileiros, aponta pesquisa do Minist\u00e9rio do Turismo - Portal MF<\/title>\n<meta name=\"robots\" content=\"index, follow, max-snippet:-1, max-image-preview:large, max-video-preview:-1\" \/>\n<link rel=\"canonical\" href=\"https:\/\/portalmf.com.br\/index.php\/2024\/01\/25\/salvador-e-destino-mais-desejado-pelos-brasileiros-aponta-pesquisa-do-ministerio-do-turismo\/\" \/>\n<meta property=\"og:locale\" content=\"pt_BR\" \/>\n<meta property=\"og:type\" content=\"article\" \/>\n<meta property=\"og:title\" content=\"Salvador \u00e9 destino mais desejado pelos brasileiros, aponta pesquisa do Minist\u00e9rio do Turismo - Portal MF\" \/>\n<meta property=\"og:description\" content=\"Salvador desponta como o destino nacional mais desejado pelos brasileiros, conforme pesquisa do Minist\u00e9rio do Turismo. De acordo com o levantamento \u201cTend\u00eancias de Turismo\u201d, a capital baiana lidera a prefer\u00eancia dos brasileiros, com uma m\u00e9dia de interesse de 7.1, numa escala feita de 0 a 10. Pela primeira vez, Salvador ficou na frente de locais [&hellip;]\" \/>\n<meta property=\"og:url\" content=\"https:\/\/portalmf.com.br\/index.php\/2024\/01\/25\/salvador-e-destino-mais-desejado-pelos-brasileiros-aponta-pesquisa-do-ministerio-do-turismo\/\" \/>\n<meta property=\"og:site_name\" content=\"Portal MF\" \/>\n<meta property=\"article:author\" content=\"https:\/\/www.facebook.com\/portalmfoficial\" \/>\n<meta property=\"article:published_time\" content=\"2024-01-25T19:20:09+00:00\" \/>\n<meta property=\"article:modified_time\" content=\"2024-01-25T19:20:10+00:00\" \/>\n<meta property=\"og:image\" content=\"https:\/\/portalmf.com.br\/wp-content\/uploads\/2024\/01\/Fotos-Lucas-Moura-Secom.jpeg\" \/>\n\t<meta property=\"og:image:width\" content=\"1024\" \/>\n\t<meta property=\"og:image:height\" content=\"683\" \/>\n\t<meta property=\"og:image:type\" content=\"image\/jpeg\" \/>\n<meta name=\"author\" content=\"Reda\u00e7\u00e3o Portal MF\" \/>\n<meta name=\"twitter:card\" content=\"summary_large_image\" \/>\n<meta name=\"twitter:creator\" content=\"@https:\/\/x.com\/portalmfoficial\" \/>\n<meta name=\"twitter:label1\" content=\"Escrito por\" \/>\n\t<meta name=\"twitter:data1\" content=\"Reda\u00e7\u00e3o Portal MF\" \/>\n\t<meta name=\"twitter:label2\" content=\"Est. tempo de leitura\" \/>\n\t<meta name=\"twitter:data2\" content=\"4 minutos\" \/>\n<script type=\"application\/ld+json\" class=\"yoast-schema-graph\">{\"@context\":\"https:\/\/schema.org\",\"@graph\":[{\"@type\":\"WebPage\",\"@id\":\"https:\/\/portalmf.com.br\/index.php\/2024\/01\/25\/salvador-e-destino-mais-desejado-pelos-brasileiros-aponta-pesquisa-do-ministerio-do-turismo\/\",\"url\":\"https:\/\/portalmf.com.br\/index.php\/2024\/01\/25\/salvador-e-destino-mais-desejado-pelos-brasileiros-aponta-pesquisa-do-ministerio-do-turismo\/\",\"name\":\"Salvador \u00e9 destino mais desejado pelos brasileiros, aponta pesquisa do Minist\u00e9rio do Turismo - Portal MF\",\"isPartOf\":{\"@id\":\"https:\/\/portalmf.com.br\/#website\"},\"primaryImageOfPage\":{\"@id\":\"https:\/\/portalmf.com.br\/index.php\/2024\/01\/25\/salvador-e-destino-mais-desejado-pelos-brasileiros-aponta-pesquisa-do-ministerio-do-turismo\/#primaryimage\"},\"image\":{\"@id\":\"https:\/\/portalmf.com.br\/index.php\/2024\/01\/25\/salvador-e-destino-mais-desejado-pelos-brasileiros-aponta-pesquisa-do-ministerio-do-turismo\/#primaryimage\"},\"thumbnailUrl\":\"https:\/\/portalmf.com.br\/wp-content\/uploads\/2024\/01\/Fotos-Lucas-Moura-Secom.jpeg\",\"datePublished\":\"2024-01-25T19:20:09+00:00\",\"dateModified\":\"2024-01-25T19:20:10+00:00\",\"author\":{\"@id\":\"https:\/\/portalmf.com.br\/#\/schema\/person\/9ec101baf56233e53520c26de5d6f6f0\"},\"breadcrumb\":{\"@id\":\"https:\/\/portalmf.com.br\/index.php\/2024\/01\/25\/salvador-e-destino-mais-desejado-pelos-brasileiros-aponta-pesquisa-do-ministerio-do-turismo\/#breadcrumb\"},\"inLanguage\":\"pt-BR\",\"potentialAction\":[{\"@type\":\"ReadAction\",\"target\":[\"https:\/\/portalmf.com.br\/index.php\/2024\/01\/25\/salvador-e-destino-mais-desejado-pelos-brasileiros-aponta-pesquisa-do-ministerio-do-turismo\/\"]}]},{\"@type\":\"ImageObject\",\"inLanguage\":\"pt-BR\",\"@id\":\"https:\/\/portalmf.com.br\/index.php\/2024\/01\/25\/salvador-e-destino-mais-desejado-pelos-brasileiros-aponta-pesquisa-do-ministerio-do-turismo\/#primaryimage\",\"url\":\"https:\/\/portalmf.com.br\/wp-content\/uploads\/2024\/01\/Fotos-Lucas-Moura-Secom.jpeg\",\"contentUrl\":\"https:\/\/portalmf.com.br\/wp-content\/uploads\/2024\/01\/Fotos-Lucas-Moura-Secom.jpeg\",\"width\":1024,\"height\":683,\"caption\":\"Foto: Lucas Moura Secom\"},{\"@type\":\"BreadcrumbList\",\"@id\":\"https:\/\/portalmf.com.br\/index.php\/2024\/01\/25\/salvador-e-destino-mais-desejado-pelos-brasileiros-aponta-pesquisa-do-ministerio-do-turismo\/#breadcrumb\",\"itemListElement\":[{\"@type\":\"ListItem\",\"position\":1,\"name\":\"In\u00edcio\",\"item\":\"https:\/\/portalmf.com.br\/\"},{\"@type\":\"ListItem\",\"position\":2,\"name\":\"Salvador \u00e9 destino mais desejado pelos brasileiros, aponta pesquisa do Minist\u00e9rio do Turismo\"}]},{\"@type\":\"WebSite\",\"@id\":\"https:\/\/portalmf.com.br\/#website\",\"url\":\"https:\/\/portalmf.com.br\/\",\"name\":\"Portal MF\",\"description\":\"Voc\u00ea conectado com a informa\u00e7\u00e3o\",\"potentialAction\":[{\"@type\":\"SearchAction\",\"target\":{\"@type\":\"EntryPoint\",\"urlTemplate\":\"https:\/\/portalmf.com.br\/?s={search_term_string}\"},\"query-input\":\"required name=search_term_string\"}],\"inLanguage\":\"pt-BR\"},{\"@type\":\"Person\",\"@id\":\"https:\/\/portalmf.com.br\/#\/schema\/person\/9ec101baf56233e53520c26de5d6f6f0\",\"name\":\"Reda\u00e7\u00e3o Portal MF\",\"image\":{\"@type\":\"ImageObject\",\"inLanguage\":\"pt-BR\",\"@id\":\"https:\/\/portalmf.com.br\/#\/schema\/person\/image\/\",\"url\":\"https:\/\/secure.gravatar.com\/avatar\/41b9aaeb2100835f7c64362330f74c7f?s=96&d=mm&r=g\",\"contentUrl\":\"https:\/\/secure.gravatar.com\/avatar\/41b9aaeb2100835f7c64362330f74c7f?s=96&d=mm&r=g\",\"caption\":\"Reda\u00e7\u00e3o Portal MF\"},\"description\":\"Sejam bem-vindos o portal de informa\u00e7\u00f5es de entretenimento de Feira de Santana, desde 2006 realiza coberturas dos principais eventos com entrevistas exclusivas com as principais personalidades mundiais. Fique conectado tamb\u00e9m nas redes sociais.\",\"sameAs\":[\"http:\/\/www.portalmf.com.br\/\",\"https:\/\/www.facebook.com\/portalmfoficial\",\"https:\/\/www.instagram.com\/portalmf\/\",\"https:\/\/x.com\/https:\/\/x.com\/portalmfoficial\",\"https:\/\/www.youtube.com\/@portalmfoficial\"],\"url\":\"https:\/\/portalmf.com.br\/index.php\/author\/junior\/\"}]}<\/script>\n<!-- \/ Yoast SEO plugin. -->","yoast_head_json":{"title":"Salvador \u00e9 destino mais desejado pelos brasileiros, aponta pesquisa do Minist\u00e9rio do Turismo - Portal MF","robots":{"index":"index","follow":"follow","max-snippet":"max-snippet:-1","max-image-preview":"max-image-preview:large","max-video-preview":"max-video-preview:-1"},"canonical":"https:\/\/portalmf.com.br\/index.php\/2024\/01\/25\/salvador-e-destino-mais-desejado-pelos-brasileiros-aponta-pesquisa-do-ministerio-do-turismo\/","og_locale":"pt_BR","og_type":"article","og_title":"Salvador \u00e9 destino mais desejado pelos brasileiros, aponta pesquisa do Minist\u00e9rio do Turismo - Portal MF","og_description":"Salvador desponta como o destino nacional mais desejado pelos brasileiros, conforme pesquisa do Minist\u00e9rio do Turismo. De acordo com o levantamento \u201cTend\u00eancias de Turismo\u201d, a capital baiana lidera a prefer\u00eancia dos brasileiros, com uma m\u00e9dia de interesse de 7.1, numa escala feita de 0 a 10. Pela primeira vez, Salvador ficou na frente de locais [&hellip;]","og_url":"https:\/\/portalmf.com.br\/index.php\/2024\/01\/25\/salvador-e-destino-mais-desejado-pelos-brasileiros-aponta-pesquisa-do-ministerio-do-turismo\/","og_site_name":"Portal MF","article_author":"https:\/\/www.facebook.com\/portalmfoficial","article_published_time":"2024-01-25T19:20:09+00:00","article_modified_time":"2024-01-25T19:20:10+00:00","og_image":[{"width":1024,"height":683,"url":"https:\/\/portalmf.com.br\/wp-content\/uploads\/2024\/01\/Fotos-Lucas-Moura-Secom.jpeg","type":"image\/jpeg"}],"author":"Reda\u00e7\u00e3o Portal MF","twitter_card":"summary_large_image","twitter_creator":"@https:\/\/x.com\/portalmfoficial","twitter_misc":{"Escrito por":"Reda\u00e7\u00e3o Portal MF","Est. tempo de leitura":"4 minutos"},"schema":{"@context":"https:\/\/schema.org","@graph":[{"@type":"WebPage","@id":"https:\/\/portalmf.com.br\/index.php\/2024\/01\/25\/salvador-e-destino-mais-desejado-pelos-brasileiros-aponta-pesquisa-do-ministerio-do-turismo\/","url":"https:\/\/portalmf.com.br\/index.php\/2024\/01\/25\/salvador-e-destino-mais-desejado-pelos-brasileiros-aponta-pesquisa-do-ministerio-do-turismo\/","name":"Salvador \u00e9 destino mais desejado pelos brasileiros, aponta pesquisa do Minist\u00e9rio do Turismo - Portal MF","isPartOf":{"@id":"https:\/\/portalmf.com.br\/#website"},"primaryImageOfPage":{"@id":"https:\/\/portalmf.com.br\/index.php\/2024\/01\/25\/salvador-e-destino-mais-desejado-pelos-brasileiros-aponta-pesquisa-do-ministerio-do-turismo\/#primaryimage"},"image":{"@id":"https:\/\/portalmf.com.br\/index.php\/2024\/01\/25\/salvador-e-destino-mais-desejado-pelos-brasileiros-aponta-pesquisa-do-ministerio-do-turismo\/#primaryimage"},"thumbnailUrl":"https:\/\/portalmf.com.br\/wp-content\/uploads\/2024\/01\/Fotos-Lucas-Moura-Secom.jpeg","datePublished":"2024-01-25T19:20:09+00:00","dateModified":"2024-01-25T19:20:10+00:00","author":{"@id":"https:\/\/portalmf.com.br\/#\/schema\/person\/9ec101baf56233e53520c26de5d6f6f0"},"breadcrumb":{"@id":"https:\/\/portalmf.com.br\/index.php\/2024\/01\/25\/salvador-e-destino-mais-desejado-pelos-brasileiros-aponta-pesquisa-do-ministerio-do-turismo\/#breadcrumb"},"inLanguage":"pt-BR","potentialAction":[{"@type":"ReadAction","target":["https:\/\/portalmf.com.br\/index.php\/2024\/01\/25\/salvador-e-destino-mais-desejado-pelos-brasileiros-aponta-pesquisa-do-ministerio-do-turismo\/"]}]},{"@type":"ImageObject","inLanguage":"pt-BR","@id":"https:\/\/portalmf.com.br\/index.php\/2024\/01\/25\/salvador-e-destino-mais-desejado-pelos-brasileiros-aponta-pesquisa-do-ministerio-do-turismo\/#primaryimage","url":"https:\/\/portalmf.com.br\/wp-content\/uploads\/2024\/01\/Fotos-Lucas-Moura-Secom.jpeg","contentUrl":"https:\/\/portalmf.com.br\/wp-content\/uploads\/2024\/01\/Fotos-Lucas-Moura-Secom.jpeg","width":1024,"height":683,"caption":"Foto: Lucas Moura Secom"},{"@type":"BreadcrumbList","@id":"https:\/\/portalmf.com.br\/index.php\/2024\/01\/25\/salvador-e-destino-mais-desejado-pelos-brasileiros-aponta-pesquisa-do-ministerio-do-turismo\/#breadcrumb","itemListElement":[{"@type":"ListItem","position":1,"name":"In\u00edcio","item":"https:\/\/portalmf.com.br\/"},{"@type":"ListItem","position":2,"name":"Salvador \u00e9 destino mais desejado pelos brasileiros, aponta pesquisa do Minist\u00e9rio do Turismo"}]},{"@type":"WebSite","@id":"https:\/\/portalmf.com.br\/#website","url":"https:\/\/portalmf.com.br\/","name":"Portal MF","description":"Voc\u00ea conectado com a informa\u00e7\u00e3o","potentialAction":[{"@type":"SearchAction","target":{"@type":"EntryPoint","urlTemplate":"https:\/\/portalmf.com.br\/?s={search_term_string}"},"query-input":"required name=search_term_string"}],"inLanguage":"pt-BR"},{"@type":"Person","@id":"https:\/\/portalmf.com.br\/#\/schema\/person\/9ec101baf56233e53520c26de5d6f6f0","name":"Reda\u00e7\u00e3o Portal MF","image":{"@type":"ImageObject","inLanguage":"pt-BR","@id":"https:\/\/portalmf.com.br\/#\/schema\/person\/image\/","url":"https:\/\/secure.gravatar.com\/avatar\/41b9aaeb2100835f7c64362330f74c7f?s=96&d=mm&r=g","contentUrl":"https:\/\/secure.gravatar.com\/avatar\/41b9aaeb2100835f7c64362330f74c7f?s=96&d=mm&r=g","caption":"Reda\u00e7\u00e3o Portal MF"},"description":"Sejam bem-vindos o portal de informa\u00e7\u00f5es de entretenimento de Feira de Santana, desde 2006 realiza coberturas dos principais eventos com entrevistas exclusivas com as principais personalidades mundiais. Fique conectado tamb\u00e9m nas redes sociais.","sameAs":["http:\/\/www.portalmf.com.br\/","https:\/\/www.facebook.com\/portalmfoficial","https:\/\/www.instagram.com\/portalmf\/","https:\/\/x.com\/https:\/\/x.com\/portalmfoficial","https:\/\/www.youtube.com\/@portalmfoficial"],"url":"https:\/\/portalmf.com.br\/index.php\/author\/junior\/"}]}},"_links":{"self":[{"href":"https:\/\/portalmf.com.br\/index.php\/wp-json\/wp\/v2\/posts\/22621"}],"collection":[{"href":"https:\/\/portalmf.com.br\/index.php\/wp-json\/wp\/v2\/posts"}],"about":[{"href":"https:\/\/portalmf.com.br\/index.php\/wp-json\/wp\/v2\/types\/post"}],"author":[{"embeddable":true,"href":"https:\/\/portalmf.com.br\/index.php\/wp-json\/wp\/v2\/users\/3"}],"replies":[{"embeddable":true,"href":"https:\/\/portalmf.com.br\/index.php\/wp-json\/wp\/v2\/comments?post=22621"}],"version-history":[{"count":1,"href":"https:\/\/portalmf.com.br\/index.php\/wp-json\/wp\/v2\/posts\/22621\/revisions"}],"predecessor-version":[{"id":22623,"href":"https:\/\/portalmf.com.br\/index.php\/wp-json\/wp\/v2\/posts\/22621\/revisions\/22623"}],"wp:featuredmedia":[{"embeddable":true,"href":"https:\/\/portalmf.com.br\/index.php\/wp-json\/wp\/v2\/media\/22622"}],"wp:attachment":[{"href":"https:\/\/portalmf.com.br\/index.php\/wp-json\/wp\/v2\/media?parent=22621"}],"wp:term":[{"taxonomy":"category","embeddable":true,"href":"https:\/\/portalmf.com.br\/index.php\/wp-json\/wp\/v2\/categories?post=22621"},{"taxonomy":"post_tag","embeddable":true,"href":"https:\/\/portalmf.com.br\/index.php\/wp-json\/wp\/v2\/tags?post=22621"}],"curies":[{"name":"wp","href":"https:\/\/api.w.org\/{rel}","templated":true}]}}