{"id":22610,"date":"2024-01-25T15:53:25","date_gmt":"2024-01-25T18:53:25","guid":{"rendered":"https:\/\/portalmf.com.br\/?p=22610"},"modified":"2024-01-25T15:54:06","modified_gmt":"2024-01-25T18:54:06","slug":"em-reuniao-com-ze-neto-ministro-confirma-ampliacao-de-pista-do-aeroporto-de-feira","status":"publish","type":"post","link":"https:\/\/portalmf.com.br\/index.php\/2024\/01\/25\/em-reuniao-com-ze-neto-ministro-confirma-ampliacao-de-pista-do-aeroporto-de-feira\/","title":{"rendered":"Em reuni\u00e3o com Z\u00e9 Neto, ministro  confirma amplia\u00e7\u00e3o de pista do Aeroporto de Feira"},"content":{"rendered":"\n<p>Em reuni\u00e3o com o deputado federal Z\u00e9 Neto (PT) em Bras\u00edlia, o ministro de Portos e Aeroportos, Silvio Costa Filho confirmou, na ter\u00e7a-feira (23), o in\u00edcio das obras de amplia\u00e7\u00e3o da pista do Aeroporto de Feira de Santana. Um v\u00eddeo do encontro foi compartilhado pelo petista nas redes sociais.<\/p>\n\n\n\n<p>A interven\u00e7\u00e3o, que ser\u00e1 feita em conformidade com a ANAC \u2013 Ag\u00eancia Nacional de Avia\u00e7\u00e3o Civil, vai possibilitar pousos e decolagens de voos de grande porte.<\/p>\n\n\n\n<p><em>\u201c\u00c9 muito importante tratarmos sobre o Aeroporto de Feira, tendo em vista a import\u00e2ncia n\u00e3o s\u00f3 do turismo, mas, sobretudo, para a economia da cidade. Sabemos que cada vez mais o turismo de lazer, de neg\u00f3cios, v\u00eam crescendo e precisamos estruturar o aeroporto para fortalecer Feira e regi\u00e3o. \u00c9 neste sentido que Z\u00e9 Neto, ao lado do Governo do Estado e com apoio do governador Jer\u00f4nimo, j\u00e1 est\u00e1 discutindo a melhor modelagem do projeto para, ainda este ano, trabalharmos para fazer a amplia\u00e7\u00e3o da pista, que \u00e9 fundamental para o desenvolvimento de toda a regi\u00e3o\u201d, <\/em>destacou o ministro.<\/p>\n\n\n\n<figure class=\"wp-block-image size-full\"><img fetchpriority=\"high\" decoding=\"async\" width=\"828\" height=\"931\" src=\"https:\/\/portalmf.com.br\/wp-content\/uploads\/2024\/01\/Em-reuniao-com-Ze-Neto-ministro-confirma-ampliacao-de-pista-do-Aeroporto-de-Feira-2-1.jpeg\" alt=\"\" class=\"wp-image-22613\" srcset=\"https:\/\/portalmf.com.br\/wp-content\/uploads\/2024\/01\/Em-reuniao-com-Ze-Neto-ministro-confirma-ampliacao-de-pista-do-Aeroporto-de-Feira-2-1.jpeg 828w, https:\/\/portalmf.com.br\/wp-content\/uploads\/2024\/01\/Em-reuniao-com-Ze-Neto-ministro-confirma-ampliacao-de-pista-do-Aeroporto-de-Feira-2-1-267x300.jpeg 267w, https:\/\/portalmf.com.br\/wp-content\/uploads\/2024\/01\/Em-reuniao-com-Ze-Neto-ministro-confirma-ampliacao-de-pista-do-Aeroporto-de-Feira-2-1-768x864.jpeg 768w, https:\/\/portalmf.com.br\/wp-content\/uploads\/2024\/01\/Em-reuniao-com-Ze-Neto-ministro-confirma-ampliacao-de-pista-do-Aeroporto-de-Feira-2-1-696x783.jpeg 696w\" sizes=\"(max-width: 828px) 100vw, 828px\" \/><figcaption class=\"wp-element-caption\"><strong>Foto: Mariana Damasceno<\/strong><\/figcaption><\/figure>\n\n\n\n<p>De acordo com Z\u00e9 Neto, nos pr\u00f3ximos dias, ser\u00e1 finalizada a licita\u00e7\u00e3o para homologar a empresa respons\u00e1vel pela constru\u00e7\u00e3o do muro.<\/p>\n\n\n\n<p><em>\u201cA partir da\u00ed, caminharemos para a extens\u00e3o da pista de 1.500 metros para 1.800 metros. Na pr\u00f3xima semana, teremos outra reuni\u00e3o, agora com representantes da Secretaria de Infraestrutura do Estado (Seinfra), para que possamos discutir as quest\u00f5es t\u00e9cnicas relacionadas \u00e0 amplia\u00e7\u00e3o da pista e demais adequa\u00e7\u00f5es, dando maior brevidade poss\u00edvel a essa importante interven\u00e7\u00e3o no Aeroporto de Feira. A nossa Princesa do Sert\u00e3o s\u00f3 tem a agradecer ao Presidente Lula, ao Ministro Silvio, ao Governador Jer\u00f4nimo e ao Secret\u00e1rio de Infraestrutura, S\u00e9rgio Brito, pela aten\u00e7\u00e3o dada \u00e0 cidade, ao seu desenvolvimento, economia e turismo<\/em>\u201d, afirmou.<\/p>\n","protected":false},"excerpt":{"rendered":"<p>Em reuni\u00e3o com o deputado federal Z\u00e9 Neto (PT) em Bras\u00edlia, o ministro de Portos e Aeroportos, Silvio Costa Filho confirmou, na ter\u00e7a-feira (23), o in\u00edcio das obras de amplia\u00e7\u00e3o da pista do Aeroporto de Feira de Santana. Um v\u00eddeo do encontro foi compartilhado pelo petista nas redes sociais. A interven\u00e7\u00e3o, que ser\u00e1 feita em [&hellip;]<\/p>\n","protected":false},"author":3,"featured_media":22612,"comment_status":"open","ping_status":"open","sticky":false,"template":"","format":"standard","meta":{"_monsterinsights_skip_tracking":false,"_monsterinsights_sitenote_active":false,"_monsterinsights_sitenote_note":"","_monsterinsights_sitenote_category":0,"footnotes":""},"categories":[34],"tags":[],"yoast_head":"<!-- This site is optimized with the Yoast SEO plugin v22.9 - https:\/\/yoast.com\/wordpress\/plugins\/seo\/ -->\n<title>Em reuni\u00e3o com Z\u00e9 Neto, ministro confirma amplia\u00e7\u00e3o de pista do Aeroporto de Feira - Portal MF<\/title>\n<meta name=\"robots\" content=\"index, follow, max-snippet:-1, max-image-preview:large, max-video-preview:-1\" \/>\n<link rel=\"canonical\" href=\"https:\/\/portalmf.com.br\/index.php\/2024\/01\/25\/em-reuniao-com-ze-neto-ministro-confirma-ampliacao-de-pista-do-aeroporto-de-feira\/\" \/>\n<meta property=\"og:locale\" content=\"pt_BR\" \/>\n<meta property=\"og:type\" content=\"article\" \/>\n<meta property=\"og:title\" content=\"Em reuni\u00e3o com Z\u00e9 Neto, ministro confirma amplia\u00e7\u00e3o de pista do Aeroporto de Feira - Portal MF\" \/>\n<meta property=\"og:description\" content=\"Em reuni\u00e3o com o deputado federal Z\u00e9 Neto (PT) em Bras\u00edlia, o ministro de Portos e Aeroportos, Silvio Costa Filho confirmou, na ter\u00e7a-feira (23), o in\u00edcio das obras de amplia\u00e7\u00e3o da pista do Aeroporto de Feira de Santana. Um v\u00eddeo do encontro foi compartilhado pelo petista nas redes sociais. A interven\u00e7\u00e3o, que ser\u00e1 feita em [&hellip;]\" \/>\n<meta property=\"og:url\" content=\"https:\/\/portalmf.com.br\/index.php\/2024\/01\/25\/em-reuniao-com-ze-neto-ministro-confirma-ampliacao-de-pista-do-aeroporto-de-feira\/\" \/>\n<meta property=\"og:site_name\" content=\"Portal MF\" \/>\n<meta property=\"article:author\" content=\"https:\/\/www.facebook.com\/portalmfoficial\" \/>\n<meta property=\"article:published_time\" content=\"2024-01-25T18:53:25+00:00\" \/>\n<meta property=\"article:modified_time\" content=\"2024-01-25T18:54:06+00:00\" \/>\n<meta property=\"og:image\" content=\"https:\/\/portalmf.com.br\/wp-content\/uploads\/2024\/01\/Em-reuniao-com-Ze-Neto-ministro-confirma-ampliacao-de-pista-do-Aeroporto-de-Feira-1.jpeg\" \/>\n\t<meta property=\"og:image:width\" content=\"1189\" \/>\n\t<meta property=\"og:image:height\" content=\"909\" \/>\n\t<meta property=\"og:image:type\" content=\"image\/jpeg\" \/>\n<meta name=\"author\" content=\"Reda\u00e7\u00e3o Portal MF\" \/>\n<meta name=\"twitter:card\" content=\"summary_large_image\" \/>\n<meta name=\"twitter:creator\" content=\"@https:\/\/x.com\/portalmfoficial\" \/>\n<meta name=\"twitter:label1\" content=\"Escrito por\" \/>\n\t<meta name=\"twitter:data1\" content=\"Reda\u00e7\u00e3o Portal MF\" \/>\n\t<meta name=\"twitter:label2\" content=\"Est. tempo de leitura\" \/>\n\t<meta name=\"twitter:data2\" content=\"3 minutos\" \/>\n<script type=\"application\/ld+json\" class=\"yoast-schema-graph\">{\"@context\":\"https:\/\/schema.org\",\"@graph\":[{\"@type\":\"WebPage\",\"@id\":\"https:\/\/portalmf.com.br\/index.php\/2024\/01\/25\/em-reuniao-com-ze-neto-ministro-confirma-ampliacao-de-pista-do-aeroporto-de-feira\/\",\"url\":\"https:\/\/portalmf.com.br\/index.php\/2024\/01\/25\/em-reuniao-com-ze-neto-ministro-confirma-ampliacao-de-pista-do-aeroporto-de-feira\/\",\"name\":\"Em reuni\u00e3o com Z\u00e9 Neto, ministro confirma amplia\u00e7\u00e3o de pista do Aeroporto de Feira - Portal MF\",\"isPartOf\":{\"@id\":\"https:\/\/portalmf.com.br\/#website\"},\"primaryImageOfPage\":{\"@id\":\"https:\/\/portalmf.com.br\/index.php\/2024\/01\/25\/em-reuniao-com-ze-neto-ministro-confirma-ampliacao-de-pista-do-aeroporto-de-feira\/#primaryimage\"},\"image\":{\"@id\":\"https:\/\/portalmf.com.br\/index.php\/2024\/01\/25\/em-reuniao-com-ze-neto-ministro-confirma-ampliacao-de-pista-do-aeroporto-de-feira\/#primaryimage\"},\"thumbnailUrl\":\"https:\/\/portalmf.com.br\/wp-content\/uploads\/2024\/01\/Em-reuniao-com-Ze-Neto-ministro-confirma-ampliacao-de-pista-do-Aeroporto-de-Feira-1.jpeg\",\"datePublished\":\"2024-01-25T18:53:25+00:00\",\"dateModified\":\"2024-01-25T18:54:06+00:00\",\"author\":{\"@id\":\"https:\/\/portalmf.com.br\/#\/schema\/person\/9ec101baf56233e53520c26de5d6f6f0\"},\"breadcrumb\":{\"@id\":\"https:\/\/portalmf.com.br\/index.php\/2024\/01\/25\/em-reuniao-com-ze-neto-ministro-confirma-ampliacao-de-pista-do-aeroporto-de-feira\/#breadcrumb\"},\"inLanguage\":\"pt-BR\",\"potentialAction\":[{\"@type\":\"ReadAction\",\"target\":[\"https:\/\/portalmf.com.br\/index.php\/2024\/01\/25\/em-reuniao-com-ze-neto-ministro-confirma-ampliacao-de-pista-do-aeroporto-de-feira\/\"]}]},{\"@type\":\"ImageObject\",\"inLanguage\":\"pt-BR\",\"@id\":\"https:\/\/portalmf.com.br\/index.php\/2024\/01\/25\/em-reuniao-com-ze-neto-ministro-confirma-ampliacao-de-pista-do-aeroporto-de-feira\/#primaryimage\",\"url\":\"https:\/\/portalmf.com.br\/wp-content\/uploads\/2024\/01\/Em-reuniao-com-Ze-Neto-ministro-confirma-ampliacao-de-pista-do-Aeroporto-de-Feira-1.jpeg\",\"contentUrl\":\"https:\/\/portalmf.com.br\/wp-content\/uploads\/2024\/01\/Em-reuniao-com-Ze-Neto-ministro-confirma-ampliacao-de-pista-do-Aeroporto-de-Feira-1.jpeg\",\"width\":1189,\"height\":909},{\"@type\":\"BreadcrumbList\",\"@id\":\"https:\/\/portalmf.com.br\/index.php\/2024\/01\/25\/em-reuniao-com-ze-neto-ministro-confirma-ampliacao-de-pista-do-aeroporto-de-feira\/#breadcrumb\",\"itemListElement\":[{\"@type\":\"ListItem\",\"position\":1,\"name\":\"In\u00edcio\",\"item\":\"https:\/\/portalmf.com.br\/\"},{\"@type\":\"ListItem\",\"position\":2,\"name\":\"Em reuni\u00e3o com Z\u00e9 Neto, ministro confirma amplia\u00e7\u00e3o de pista do Aeroporto de Feira\"}]},{\"@type\":\"WebSite\",\"@id\":\"https:\/\/portalmf.com.br\/#website\",\"url\":\"https:\/\/portalmf.com.br\/\",\"name\":\"Portal MF\",\"description\":\"Voc\u00ea conectado com a informa\u00e7\u00e3o\",\"potentialAction\":[{\"@type\":\"SearchAction\",\"target\":{\"@type\":\"EntryPoint\",\"urlTemplate\":\"https:\/\/portalmf.com.br\/?s={search_term_string}\"},\"query-input\":\"required name=search_term_string\"}],\"inLanguage\":\"pt-BR\"},{\"@type\":\"Person\",\"@id\":\"https:\/\/portalmf.com.br\/#\/schema\/person\/9ec101baf56233e53520c26de5d6f6f0\",\"name\":\"Reda\u00e7\u00e3o Portal MF\",\"image\":{\"@type\":\"ImageObject\",\"inLanguage\":\"pt-BR\",\"@id\":\"https:\/\/portalmf.com.br\/#\/schema\/person\/image\/\",\"url\":\"https:\/\/secure.gravatar.com\/avatar\/41b9aaeb2100835f7c64362330f74c7f?s=96&d=mm&r=g\",\"contentUrl\":\"https:\/\/secure.gravatar.com\/avatar\/41b9aaeb2100835f7c64362330f74c7f?s=96&d=mm&r=g\",\"caption\":\"Reda\u00e7\u00e3o Portal MF\"},\"description\":\"Sejam bem-vindos o portal de informa\u00e7\u00f5es de entretenimento de Feira de Santana, desde 2006 realiza coberturas dos principais eventos com entrevistas exclusivas com as principais personalidades mundiais. Fique conectado tamb\u00e9m nas redes sociais.\",\"sameAs\":[\"http:\/\/www.portalmf.com.br\/\",\"https:\/\/www.facebook.com\/portalmfoficial\",\"https:\/\/www.instagram.com\/portalmf\/\",\"https:\/\/x.com\/https:\/\/x.com\/portalmfoficial\",\"https:\/\/www.youtube.com\/@portalmfoficial\"],\"url\":\"https:\/\/portalmf.com.br\/index.php\/author\/junior\/\"}]}<\/script>\n<!-- \/ Yoast SEO plugin. -->","yoast_head_json":{"title":"Em reuni\u00e3o com Z\u00e9 Neto, ministro confirma amplia\u00e7\u00e3o de pista do Aeroporto de Feira - Portal MF","robots":{"index":"index","follow":"follow","max-snippet":"max-snippet:-1","max-image-preview":"max-image-preview:large","max-video-preview":"max-video-preview:-1"},"canonical":"https:\/\/portalmf.com.br\/index.php\/2024\/01\/25\/em-reuniao-com-ze-neto-ministro-confirma-ampliacao-de-pista-do-aeroporto-de-feira\/","og_locale":"pt_BR","og_type":"article","og_title":"Em reuni\u00e3o com Z\u00e9 Neto, ministro confirma amplia\u00e7\u00e3o de pista do Aeroporto de Feira - Portal MF","og_description":"Em reuni\u00e3o com o deputado federal Z\u00e9 Neto (PT) em Bras\u00edlia, o ministro de Portos e Aeroportos, Silvio Costa Filho confirmou, na ter\u00e7a-feira (23), o in\u00edcio das obras de amplia\u00e7\u00e3o da pista do Aeroporto de Feira de Santana. Um v\u00eddeo do encontro foi compartilhado pelo petista nas redes sociais. A interven\u00e7\u00e3o, que ser\u00e1 feita em [&hellip;]","og_url":"https:\/\/portalmf.com.br\/index.php\/2024\/01\/25\/em-reuniao-com-ze-neto-ministro-confirma-ampliacao-de-pista-do-aeroporto-de-feira\/","og_site_name":"Portal MF","article_author":"https:\/\/www.facebook.com\/portalmfoficial","article_published_time":"2024-01-25T18:53:25+00:00","article_modified_time":"2024-01-25T18:54:06+00:00","og_image":[{"width":1189,"height":909,"url":"https:\/\/portalmf.com.br\/wp-content\/uploads\/2024\/01\/Em-reuniao-com-Ze-Neto-ministro-confirma-ampliacao-de-pista-do-Aeroporto-de-Feira-1.jpeg","type":"image\/jpeg"}],"author":"Reda\u00e7\u00e3o Portal MF","twitter_card":"summary_large_image","twitter_creator":"@https:\/\/x.com\/portalmfoficial","twitter_misc":{"Escrito por":"Reda\u00e7\u00e3o Portal MF","Est. tempo de leitura":"3 minutos"},"schema":{"@context":"https:\/\/schema.org","@graph":[{"@type":"WebPage","@id":"https:\/\/portalmf.com.br\/index.php\/2024\/01\/25\/em-reuniao-com-ze-neto-ministro-confirma-ampliacao-de-pista-do-aeroporto-de-feira\/","url":"https:\/\/portalmf.com.br\/index.php\/2024\/01\/25\/em-reuniao-com-ze-neto-ministro-confirma-ampliacao-de-pista-do-aeroporto-de-feira\/","name":"Em reuni\u00e3o com Z\u00e9 Neto, ministro confirma amplia\u00e7\u00e3o de pista do Aeroporto de Feira - Portal MF","isPartOf":{"@id":"https:\/\/portalmf.com.br\/#website"},"primaryImageOfPage":{"@id":"https:\/\/portalmf.com.br\/index.php\/2024\/01\/25\/em-reuniao-com-ze-neto-ministro-confirma-ampliacao-de-pista-do-aeroporto-de-feira\/#primaryimage"},"image":{"@id":"https:\/\/portalmf.com.br\/index.php\/2024\/01\/25\/em-reuniao-com-ze-neto-ministro-confirma-ampliacao-de-pista-do-aeroporto-de-feira\/#primaryimage"},"thumbnailUrl":"https:\/\/portalmf.com.br\/wp-content\/uploads\/2024\/01\/Em-reuniao-com-Ze-Neto-ministro-confirma-ampliacao-de-pista-do-Aeroporto-de-Feira-1.jpeg","datePublished":"2024-01-25T18:53:25+00:00","dateModified":"2024-01-25T18:54:06+00:00","author":{"@id":"https:\/\/portalmf.com.br\/#\/schema\/person\/9ec101baf56233e53520c26de5d6f6f0"},"breadcrumb":{"@id":"https:\/\/portalmf.com.br\/index.php\/2024\/01\/25\/em-reuniao-com-ze-neto-ministro-confirma-ampliacao-de-pista-do-aeroporto-de-feira\/#breadcrumb"},"inLanguage":"pt-BR","potentialAction":[{"@type":"ReadAction","target":["https:\/\/portalmf.com.br\/index.php\/2024\/01\/25\/em-reuniao-com-ze-neto-ministro-confirma-ampliacao-de-pista-do-aeroporto-de-feira\/"]}]},{"@type":"ImageObject","inLanguage":"pt-BR","@id":"https:\/\/portalmf.com.br\/index.php\/2024\/01\/25\/em-reuniao-com-ze-neto-ministro-confirma-ampliacao-de-pista-do-aeroporto-de-feira\/#primaryimage","url":"https:\/\/portalmf.com.br\/wp-content\/uploads\/2024\/01\/Em-reuniao-com-Ze-Neto-ministro-confirma-ampliacao-de-pista-do-Aeroporto-de-Feira-1.jpeg","contentUrl":"https:\/\/portalmf.com.br\/wp-content\/uploads\/2024\/01\/Em-reuniao-com-Ze-Neto-ministro-confirma-ampliacao-de-pista-do-Aeroporto-de-Feira-1.jpeg","width":1189,"height":909},{"@type":"BreadcrumbList","@id":"https:\/\/portalmf.com.br\/index.php\/2024\/01\/25\/em-reuniao-com-ze-neto-ministro-confirma-ampliacao-de-pista-do-aeroporto-de-feira\/#breadcrumb","itemListElement":[{"@type":"ListItem","position":1,"name":"In\u00edcio","item":"https:\/\/portalmf.com.br\/"},{"@type":"ListItem","position":2,"name":"Em reuni\u00e3o com Z\u00e9 Neto, ministro confirma amplia\u00e7\u00e3o de pista do Aeroporto de Feira"}]},{"@type":"WebSite","@id":"https:\/\/portalmf.com.br\/#website","url":"https:\/\/portalmf.com.br\/","name":"Portal MF","description":"Voc\u00ea conectado com a informa\u00e7\u00e3o","potentialAction":[{"@type":"SearchAction","target":{"@type":"EntryPoint","urlTemplate":"https:\/\/portalmf.com.br\/?s={search_term_string}"},"query-input":"required name=search_term_string"}],"inLanguage":"pt-BR"},{"@type":"Person","@id":"https:\/\/portalmf.com.br\/#\/schema\/person\/9ec101baf56233e53520c26de5d6f6f0","name":"Reda\u00e7\u00e3o Portal MF","image":{"@type":"ImageObject","inLanguage":"pt-BR","@id":"https:\/\/portalmf.com.br\/#\/schema\/person\/image\/","url":"https:\/\/secure.gravatar.com\/avatar\/41b9aaeb2100835f7c64362330f74c7f?s=96&d=mm&r=g","contentUrl":"https:\/\/secure.gravatar.com\/avatar\/41b9aaeb2100835f7c64362330f74c7f?s=96&d=mm&r=g","caption":"Reda\u00e7\u00e3o Portal MF"},"description":"Sejam bem-vindos o portal de informa\u00e7\u00f5es de entretenimento de Feira de Santana, desde 2006 realiza coberturas dos principais eventos com entrevistas exclusivas com as principais personalidades mundiais. Fique conectado tamb\u00e9m nas redes sociais.","sameAs":["http:\/\/www.portalmf.com.br\/","https:\/\/www.facebook.com\/portalmfoficial","https:\/\/www.instagram.com\/portalmf\/","https:\/\/x.com\/https:\/\/x.com\/portalmfoficial","https:\/\/www.youtube.com\/@portalmfoficial"],"url":"https:\/\/portalmf.com.br\/index.php\/author\/junior\/"}]}},"_links":{"self":[{"href":"https:\/\/portalmf.com.br\/index.php\/wp-json\/wp\/v2\/posts\/22610"}],"collection":[{"href":"https:\/\/portalmf.com.br\/index.php\/wp-json\/wp\/v2\/posts"}],"about":[{"href":"https:\/\/portalmf.com.br\/index.php\/wp-json\/wp\/v2\/types\/post"}],"author":[{"embeddable":true,"href":"https:\/\/portalmf.com.br\/index.php\/wp-json\/wp\/v2\/users\/3"}],"replies":[{"embeddable":true,"href":"https:\/\/portalmf.com.br\/index.php\/wp-json\/wp\/v2\/comments?post=22610"}],"version-history":[{"count":2,"href":"https:\/\/portalmf.com.br\/index.php\/wp-json\/wp\/v2\/posts\/22610\/revisions"}],"predecessor-version":[{"id":22616,"href":"https:\/\/portalmf.com.br\/index.php\/wp-json\/wp\/v2\/posts\/22610\/revisions\/22616"}],"wp:featuredmedia":[{"embeddable":true,"href":"https:\/\/portalmf.com.br\/index.php\/wp-json\/wp\/v2\/media\/22612"}],"wp:attachment":[{"href":"https:\/\/portalmf.com.br\/index.php\/wp-json\/wp\/v2\/media?parent=22610"}],"wp:term":[{"taxonomy":"category","embeddable":true,"href":"https:\/\/portalmf.com.br\/index.php\/wp-json\/wp\/v2\/categories?post=22610"},{"taxonomy":"post_tag","embeddable":true,"href":"https:\/\/portalmf.com.br\/index.php\/wp-json\/wp\/v2\/tags?post=22610"}],"curies":[{"name":"wp","href":"https:\/\/api.w.org\/{rel}","templated":true}]}}