{"id":2260,"date":"2022-07-28T09:32:00","date_gmt":"2022-07-28T12:32:00","guid":{"rendered":"http:\/\/portalmf.com.br\/?p=2260"},"modified":"2022-07-28T15:42:35","modified_gmt":"2022-07-28T18:42:35","slug":"cantor-junior-dlucca-fara-da-lancamento-carreira-em-feira-de-santana","status":"publish","type":"post","link":"https:\/\/portalmf.com.br\/index.php\/2022\/07\/28\/cantor-junior-dlucca-fara-da-lancamento-carreira-em-feira-de-santana\/","title":{"rendered":"Cantor Junior D&#8217;Lucca far\u00e1 da lan\u00e7amento carreira em Feira de Santana"},"content":{"rendered":"\n<p>Nesta quinta-feira (28), o cantor Junior D\u2019 Lucca se apresentar\u00e1 a partir das 19h30 no Santa Farra, na Avenida Maria Quit\u00e9ria, 3148, em Feira de Santana, com projeto solo. O evento ser\u00e1 para convidados, que em primeira m\u00e3o ir\u00e3o curtir o report\u00f3rio do artista.<\/p>\n\n\n\n<p>Junior D\u2019 Lucca come\u00e7ou a carreira aos 15 anos como J\u00fanior Camargo, fazendo apresenta\u00e7\u00f5es em bares na cidade, em seguida pelo destaque qual vinha ganhando foi convidado por grandes m\u00fasicos, para ingressar em bandas renomadas, a exemplo de Novo Tom, Pique Novo do Arrocha, Cia do Xamegarte, Desejo Ardente, Banda Desejo, Su\u00edte Love entre outras.<\/p>\n\n\n\n<p>Com o novo Projeto em 2022, o cantor come\u00e7a a escrever uma nova hist\u00f3ria no cen\u00e1rio musical da Bahia.<\/p>\n\n\n\n<p>\u201cPor causa da pandemia tinha deixando um pouco ao lado, quando a normalidade dos eventos retornou, retornei a fazer eventos particulares, em um destes momentos conheci os meus atuais empres\u00e1rios e decidimos colocar o projeto solo na rua novamente, desta vez fazendo mudan\u00e7a no nome, em vez de Junior Camargo, passo a ter o nome art\u00edstico de Junior D\u2019Lucca\u201d, conta.<\/p>\n\n\n\n<p>O show de Junior D\u2019Lucca ainda ter\u00e1 apresenta\u00e7\u00e3o da banda Pau na Mulera e da cantora Leiene Show. \u201cEsse lan\u00e7amento \u00e9 um momento \u00fanico em minha vida, qual todo artista sonha, preparamos uma megaprodu\u00e7\u00e3o e um report\u00f3rio especial para o p\u00fablico curtir durante toda a noite e logo ap\u00f3s colocamos o p\u00e9 na estrada, quando vamos realizar shows na Bahia, Sergipe, Minas Gerais e claro vem muitos lan\u00e7amentos de m\u00fasicas in\u00e9ditas para meus f\u00e3s e p\u00fablico curtir\u201d, revela Junior.<\/p>\n\n\n\n<p>O evento tem a realiza\u00e7\u00e3o da D\u2019Lucca Entretenimento.<\/p>\n\n\n\n<p>Para acompanhar as novidades do artista, siga nas redes sociais atrav\u00e9s do @ojuniordlucca.<\/p>\n\n\n\n<p><\/p>\n","protected":false},"excerpt":{"rendered":"<p>Nesta quinta-feira (28), o cantor Junior D\u2019 Lucca se apresentar\u00e1 a partir das 19h30 no Santa Farra, na Avenida Maria Quit\u00e9ria, 3148, em Feira de Santana, com projeto solo. O evento ser\u00e1 para convidados, que em primeira m\u00e3o ir\u00e3o curtir o report\u00f3rio do artista. Junior D\u2019 Lucca come\u00e7ou a carreira aos 15 anos como J\u00fanior [&hellip;]<\/p>\n","protected":false},"author":2,"featured_media":2261,"comment_status":"open","ping_status":"open","sticky":false,"template":"","format":"standard","meta":{"_monsterinsights_skip_tracking":false,"_monsterinsights_sitenote_active":false,"_monsterinsights_sitenote_note":"","_monsterinsights_sitenote_category":0,"footnotes":""},"categories":[36],"tags":[],"yoast_head":"<!-- This site is optimized with the Yoast SEO plugin v22.9 - https:\/\/yoast.com\/wordpress\/plugins\/seo\/ -->\n<title>Cantor Junior D&#039;Lucca far\u00e1 da lan\u00e7amento carreira em Feira de Santana - Portal MF<\/title>\n<meta name=\"robots\" content=\"index, follow, max-snippet:-1, max-image-preview:large, max-video-preview:-1\" \/>\n<link rel=\"canonical\" href=\"https:\/\/portalmf.com.br\/index.php\/2022\/07\/28\/cantor-junior-dlucca-fara-da-lancamento-carreira-em-feira-de-santana\/\" \/>\n<meta property=\"og:locale\" content=\"pt_BR\" \/>\n<meta property=\"og:type\" content=\"article\" \/>\n<meta property=\"og:title\" content=\"Cantor Junior D&#039;Lucca far\u00e1 da lan\u00e7amento carreira em Feira de Santana - Portal MF\" \/>\n<meta property=\"og:description\" content=\"Nesta quinta-feira (28), o cantor Junior D\u2019 Lucca se apresentar\u00e1 a partir das 19h30 no Santa Farra, na Avenida Maria Quit\u00e9ria, 3148, em Feira de Santana, com projeto solo. O evento ser\u00e1 para convidados, que em primeira m\u00e3o ir\u00e3o curtir o report\u00f3rio do artista. Junior D\u2019 Lucca come\u00e7ou a carreira aos 15 anos como J\u00fanior [&hellip;]\" \/>\n<meta property=\"og:url\" content=\"https:\/\/portalmf.com.br\/index.php\/2022\/07\/28\/cantor-junior-dlucca-fara-da-lancamento-carreira-em-feira-de-santana\/\" \/>\n<meta property=\"og:site_name\" content=\"Portal MF\" \/>\n<meta property=\"article:author\" content=\"reginaldojrfsa\" \/>\n<meta property=\"article:published_time\" content=\"2022-07-28T12:32:00+00:00\" \/>\n<meta property=\"article:modified_time\" content=\"2022-07-28T18:42:35+00:00\" \/>\n<meta property=\"og:image\" content=\"https:\/\/portalmf.com.br\/wp-content\/uploads\/2022\/07\/Cantor-Junior-DLucca.jpeg\" \/>\n\t<meta property=\"og:image:width\" content=\"1055\" \/>\n\t<meta property=\"og:image:height\" content=\"630\" \/>\n\t<meta property=\"og:image:type\" content=\"image\/jpeg\" \/>\n<meta name=\"author\" content=\"Reginaldo J\u00fanior\" \/>\n<meta name=\"twitter:card\" content=\"summary_large_image\" \/>\n<meta name=\"twitter:creator\" content=\"@reginaldojrmf\" \/>\n<meta name=\"twitter:label1\" content=\"Escrito por\" \/>\n\t<meta name=\"twitter:data1\" content=\"Reginaldo J\u00fanior\" \/>\n\t<meta name=\"twitter:label2\" content=\"Est. tempo de leitura\" \/>\n\t<meta name=\"twitter:data2\" content=\"2 minutos\" \/>\n<script type=\"application\/ld+json\" class=\"yoast-schema-graph\">{\"@context\":\"https:\/\/schema.org\",\"@graph\":[{\"@type\":\"WebPage\",\"@id\":\"https:\/\/portalmf.com.br\/index.php\/2022\/07\/28\/cantor-junior-dlucca-fara-da-lancamento-carreira-em-feira-de-santana\/\",\"url\":\"https:\/\/portalmf.com.br\/index.php\/2022\/07\/28\/cantor-junior-dlucca-fara-da-lancamento-carreira-em-feira-de-santana\/\",\"name\":\"Cantor Junior D'Lucca far\u00e1 da lan\u00e7amento carreira em Feira de Santana - Portal MF\",\"isPartOf\":{\"@id\":\"https:\/\/portalmf.com.br\/#website\"},\"primaryImageOfPage\":{\"@id\":\"https:\/\/portalmf.com.br\/index.php\/2022\/07\/28\/cantor-junior-dlucca-fara-da-lancamento-carreira-em-feira-de-santana\/#primaryimage\"},\"image\":{\"@id\":\"https:\/\/portalmf.com.br\/index.php\/2022\/07\/28\/cantor-junior-dlucca-fara-da-lancamento-carreira-em-feira-de-santana\/#primaryimage\"},\"thumbnailUrl\":\"https:\/\/portalmf.com.br\/wp-content\/uploads\/2022\/07\/Cantor-Junior-DLucca.jpeg\",\"datePublished\":\"2022-07-28T12:32:00+00:00\",\"dateModified\":\"2022-07-28T18:42:35+00:00\",\"author\":{\"@id\":\"https:\/\/portalmf.com.br\/#\/schema\/person\/11c82086fe8abc05a19147e964587285\"},\"breadcrumb\":{\"@id\":\"https:\/\/portalmf.com.br\/index.php\/2022\/07\/28\/cantor-junior-dlucca-fara-da-lancamento-carreira-em-feira-de-santana\/#breadcrumb\"},\"inLanguage\":\"pt-BR\",\"potentialAction\":[{\"@type\":\"ReadAction\",\"target\":[\"https:\/\/portalmf.com.br\/index.php\/2022\/07\/28\/cantor-junior-dlucca-fara-da-lancamento-carreira-em-feira-de-santana\/\"]}]},{\"@type\":\"ImageObject\",\"inLanguage\":\"pt-BR\",\"@id\":\"https:\/\/portalmf.com.br\/index.php\/2022\/07\/28\/cantor-junior-dlucca-fara-da-lancamento-carreira-em-feira-de-santana\/#primaryimage\",\"url\":\"https:\/\/portalmf.com.br\/wp-content\/uploads\/2022\/07\/Cantor-Junior-DLucca.jpeg\",\"contentUrl\":\"https:\/\/portalmf.com.br\/wp-content\/uploads\/2022\/07\/Cantor-Junior-DLucca.jpeg\",\"width\":1055,\"height\":630},{\"@type\":\"BreadcrumbList\",\"@id\":\"https:\/\/portalmf.com.br\/index.php\/2022\/07\/28\/cantor-junior-dlucca-fara-da-lancamento-carreira-em-feira-de-santana\/#breadcrumb\",\"itemListElement\":[{\"@type\":\"ListItem\",\"position\":1,\"name\":\"In\u00edcio\",\"item\":\"https:\/\/portalmf.com.br\/\"},{\"@type\":\"ListItem\",\"position\":2,\"name\":\"Cantor Junior D&#8217;Lucca far\u00e1 da lan\u00e7amento carreira em Feira de Santana\"}]},{\"@type\":\"WebSite\",\"@id\":\"https:\/\/portalmf.com.br\/#website\",\"url\":\"https:\/\/portalmf.com.br\/\",\"name\":\"Portal MF\",\"description\":\"Voc\u00ea conectado com a informa\u00e7\u00e3o\",\"potentialAction\":[{\"@type\":\"SearchAction\",\"target\":{\"@type\":\"EntryPoint\",\"urlTemplate\":\"https:\/\/portalmf.com.br\/?s={search_term_string}\"},\"query-input\":\"required name=search_term_string\"}],\"inLanguage\":\"pt-BR\"},{\"@type\":\"Person\",\"@id\":\"https:\/\/portalmf.com.br\/#\/schema\/person\/11c82086fe8abc05a19147e964587285\",\"name\":\"Reginaldo J\u00fanior\",\"image\":{\"@type\":\"ImageObject\",\"inLanguage\":\"pt-BR\",\"@id\":\"https:\/\/portalmf.com.br\/#\/schema\/person\/image\/\",\"url\":\"https:\/\/secure.gravatar.com\/avatar\/32a3c797cd0ac47cc53b8644c62776f9?s=96&d=mm&r=g\",\"contentUrl\":\"https:\/\/secure.gravatar.com\/avatar\/32a3c797cd0ac47cc53b8644c62776f9?s=96&d=mm&r=g\",\"caption\":\"Reginaldo J\u00fanior\"},\"description\":\"Jornalista e idealizador Portal MF\",\"sameAs\":[\"https:\/\/portalmf.com.br\/index.php\/author\/reginaldojr\/\",\"reginaldojrfsa\",\"reginaldojuniormf\",\"https:\/\/x.com\/reginaldojrmf\"],\"url\":\"https:\/\/portalmf.com.br\/index.php\/author\/reginaldojr\/\"}]}<\/script>\n<!-- \/ Yoast SEO plugin. -->","yoast_head_json":{"title":"Cantor Junior D'Lucca far\u00e1 da lan\u00e7amento carreira em Feira de Santana - Portal MF","robots":{"index":"index","follow":"follow","max-snippet":"max-snippet:-1","max-image-preview":"max-image-preview:large","max-video-preview":"max-video-preview:-1"},"canonical":"https:\/\/portalmf.com.br\/index.php\/2022\/07\/28\/cantor-junior-dlucca-fara-da-lancamento-carreira-em-feira-de-santana\/","og_locale":"pt_BR","og_type":"article","og_title":"Cantor Junior D'Lucca far\u00e1 da lan\u00e7amento carreira em Feira de Santana - Portal MF","og_description":"Nesta quinta-feira (28), o cantor Junior D\u2019 Lucca se apresentar\u00e1 a partir das 19h30 no Santa Farra, na Avenida Maria Quit\u00e9ria, 3148, em Feira de Santana, com projeto solo. O evento ser\u00e1 para convidados, que em primeira m\u00e3o ir\u00e3o curtir o report\u00f3rio do artista. Junior D\u2019 Lucca come\u00e7ou a carreira aos 15 anos como J\u00fanior [&hellip;]","og_url":"https:\/\/portalmf.com.br\/index.php\/2022\/07\/28\/cantor-junior-dlucca-fara-da-lancamento-carreira-em-feira-de-santana\/","og_site_name":"Portal MF","article_author":"reginaldojrfsa","article_published_time":"2022-07-28T12:32:00+00:00","article_modified_time":"2022-07-28T18:42:35+00:00","og_image":[{"width":1055,"height":630,"url":"https:\/\/portalmf.com.br\/wp-content\/uploads\/2022\/07\/Cantor-Junior-DLucca.jpeg","type":"image\/jpeg"}],"author":"Reginaldo J\u00fanior","twitter_card":"summary_large_image","twitter_creator":"@reginaldojrmf","twitter_misc":{"Escrito por":"Reginaldo J\u00fanior","Est. tempo de leitura":"2 minutos"},"schema":{"@context":"https:\/\/schema.org","@graph":[{"@type":"WebPage","@id":"https:\/\/portalmf.com.br\/index.php\/2022\/07\/28\/cantor-junior-dlucca-fara-da-lancamento-carreira-em-feira-de-santana\/","url":"https:\/\/portalmf.com.br\/index.php\/2022\/07\/28\/cantor-junior-dlucca-fara-da-lancamento-carreira-em-feira-de-santana\/","name":"Cantor Junior D'Lucca far\u00e1 da lan\u00e7amento carreira em Feira de Santana - Portal MF","isPartOf":{"@id":"https:\/\/portalmf.com.br\/#website"},"primaryImageOfPage":{"@id":"https:\/\/portalmf.com.br\/index.php\/2022\/07\/28\/cantor-junior-dlucca-fara-da-lancamento-carreira-em-feira-de-santana\/#primaryimage"},"image":{"@id":"https:\/\/portalmf.com.br\/index.php\/2022\/07\/28\/cantor-junior-dlucca-fara-da-lancamento-carreira-em-feira-de-santana\/#primaryimage"},"thumbnailUrl":"https:\/\/portalmf.com.br\/wp-content\/uploads\/2022\/07\/Cantor-Junior-DLucca.jpeg","datePublished":"2022-07-28T12:32:00+00:00","dateModified":"2022-07-28T18:42:35+00:00","author":{"@id":"https:\/\/portalmf.com.br\/#\/schema\/person\/11c82086fe8abc05a19147e964587285"},"breadcrumb":{"@id":"https:\/\/portalmf.com.br\/index.php\/2022\/07\/28\/cantor-junior-dlucca-fara-da-lancamento-carreira-em-feira-de-santana\/#breadcrumb"},"inLanguage":"pt-BR","potentialAction":[{"@type":"ReadAction","target":["https:\/\/portalmf.com.br\/index.php\/2022\/07\/28\/cantor-junior-dlucca-fara-da-lancamento-carreira-em-feira-de-santana\/"]}]},{"@type":"ImageObject","inLanguage":"pt-BR","@id":"https:\/\/portalmf.com.br\/index.php\/2022\/07\/28\/cantor-junior-dlucca-fara-da-lancamento-carreira-em-feira-de-santana\/#primaryimage","url":"https:\/\/portalmf.com.br\/wp-content\/uploads\/2022\/07\/Cantor-Junior-DLucca.jpeg","contentUrl":"https:\/\/portalmf.com.br\/wp-content\/uploads\/2022\/07\/Cantor-Junior-DLucca.jpeg","width":1055,"height":630},{"@type":"BreadcrumbList","@id":"https:\/\/portalmf.com.br\/index.php\/2022\/07\/28\/cantor-junior-dlucca-fara-da-lancamento-carreira-em-feira-de-santana\/#breadcrumb","itemListElement":[{"@type":"ListItem","position":1,"name":"In\u00edcio","item":"https:\/\/portalmf.com.br\/"},{"@type":"ListItem","position":2,"name":"Cantor Junior D&#8217;Lucca far\u00e1 da lan\u00e7amento carreira em Feira de Santana"}]},{"@type":"WebSite","@id":"https:\/\/portalmf.com.br\/#website","url":"https:\/\/portalmf.com.br\/","name":"Portal MF","description":"Voc\u00ea conectado com a informa\u00e7\u00e3o","potentialAction":[{"@type":"SearchAction","target":{"@type":"EntryPoint","urlTemplate":"https:\/\/portalmf.com.br\/?s={search_term_string}"},"query-input":"required name=search_term_string"}],"inLanguage":"pt-BR"},{"@type":"Person","@id":"https:\/\/portalmf.com.br\/#\/schema\/person\/11c82086fe8abc05a19147e964587285","name":"Reginaldo J\u00fanior","image":{"@type":"ImageObject","inLanguage":"pt-BR","@id":"https:\/\/portalmf.com.br\/#\/schema\/person\/image\/","url":"https:\/\/secure.gravatar.com\/avatar\/32a3c797cd0ac47cc53b8644c62776f9?s=96&d=mm&r=g","contentUrl":"https:\/\/secure.gravatar.com\/avatar\/32a3c797cd0ac47cc53b8644c62776f9?s=96&d=mm&r=g","caption":"Reginaldo J\u00fanior"},"description":"Jornalista e idealizador Portal MF","sameAs":["https:\/\/portalmf.com.br\/index.php\/author\/reginaldojr\/","reginaldojrfsa","reginaldojuniormf","https:\/\/x.com\/reginaldojrmf"],"url":"https:\/\/portalmf.com.br\/index.php\/author\/reginaldojr\/"}]}},"_links":{"self":[{"href":"https:\/\/portalmf.com.br\/index.php\/wp-json\/wp\/v2\/posts\/2260"}],"collection":[{"href":"https:\/\/portalmf.com.br\/index.php\/wp-json\/wp\/v2\/posts"}],"about":[{"href":"https:\/\/portalmf.com.br\/index.php\/wp-json\/wp\/v2\/types\/post"}],"author":[{"embeddable":true,"href":"https:\/\/portalmf.com.br\/index.php\/wp-json\/wp\/v2\/users\/2"}],"replies":[{"embeddable":true,"href":"https:\/\/portalmf.com.br\/index.php\/wp-json\/wp\/v2\/comments?post=2260"}],"version-history":[{"count":1,"href":"https:\/\/portalmf.com.br\/index.php\/wp-json\/wp\/v2\/posts\/2260\/revisions"}],"predecessor-version":[{"id":2262,"href":"https:\/\/portalmf.com.br\/index.php\/wp-json\/wp\/v2\/posts\/2260\/revisions\/2262"}],"wp:featuredmedia":[{"embeddable":true,"href":"https:\/\/portalmf.com.br\/index.php\/wp-json\/wp\/v2\/media\/2261"}],"wp:attachment":[{"href":"https:\/\/portalmf.com.br\/index.php\/wp-json\/wp\/v2\/media?parent=2260"}],"wp:term":[{"taxonomy":"category","embeddable":true,"href":"https:\/\/portalmf.com.br\/index.php\/wp-json\/wp\/v2\/categories?post=2260"},{"taxonomy":"post_tag","embeddable":true,"href":"https:\/\/portalmf.com.br\/index.php\/wp-json\/wp\/v2\/tags?post=2260"}],"curies":[{"name":"wp","href":"https:\/\/api.w.org\/{rel}","templated":true}]}}