{"id":2251,"date":"2022-07-28T13:22:47","date_gmt":"2022-07-28T16:22:47","guid":{"rendered":"http:\/\/portalmf.com.br\/?p=2251"},"modified":"2022-07-28T13:22:49","modified_gmt":"2022-07-28T16:22:49","slug":"vetos-do-executivo-a-lei-orcamentaria-2023-cumprem-legislacao","status":"publish","type":"post","link":"https:\/\/portalmf.com.br\/index.php\/2022\/07\/28\/vetos-do-executivo-a-lei-orcamentaria-2023-cumprem-legislacao\/","title":{"rendered":"Vetos do Executivo \u00e0 Lei Or\u00e7ament\u00e1ria 2023 cumprem legisla\u00e7\u00e3o"},"content":{"rendered":"\n<p>As diretrizes para elabora\u00e7\u00e3o da Lei Or\u00e7ament\u00e1ria referente ao exerc\u00edcio 2023 levam em considera\u00e7\u00e3o os princ\u00edpios do equil\u00edbrio, transpar\u00eancia e gest\u00e3o das contas p\u00fablicas municipais, bem como austeridade e responsabilidade fiscal na utiliza\u00e7\u00e3o dos recursos p\u00fablicos.<\/p>\n\n\n\n<p>Com base nestes princ\u00edpios, foi necess\u00e1rio que o Governo Municipal vetasse a constru\u00e7\u00e3o de um hospital municipal em raz\u00e3o deste compromisso estar previsto no PPA para o exerc\u00edcio de 2024, al\u00e9m de contrariar o artigo 5\u00ba da Lei Complementar 101\/2000. Portanto, n\u00e3o deve ser relacionado nas prioridades de 2023.<\/p>\n\n\n\n<p>Quanto a inclus\u00e3o social e a promo\u00e7\u00e3o de pol\u00edticas p\u00fablicas das pessoas com defici\u00eancia est\u00e3o contempladas nas prioridades do Poder P\u00fablico Municipal para o exerc\u00edcio do pr\u00f3ximo ano.&nbsp;O texto da Lei de Diretrizes Or\u00e7ament\u00e1ria cita a&nbsp;<em>&#8220;oferta de servi\u00e7os p\u00fablicos com qualidade, com \u00eanfase nas \u00e1reas da sa\u00fade, educa\u00e7\u00e3o, cultura, infraestrutura, assist\u00eancia social, esporte, lazer e mobilidade urbana&#8221;<\/em>.&nbsp;<\/p>\n\n\n\n<p>Al\u00e9m disso, a administra\u00e7\u00e3o municipal contempla nas prioridades previstas a conserva\u00e7\u00e3o do meio-ambiente atrav\u00e9s do&nbsp;<em>&#8220;Desenvolvimento urbano e rural com sustentabilidade socioambiental e incentivo \u00e0 produ\u00e7\u00e3o agroecol\u00f3gica e \u00e0 agricultura familiar&#8221;.<\/em><\/p>\n\n\n\n<p>O Poder Executivo enviar\u00e1 at\u00e9 30 de setembro de 2022 \u00e0 C\u00e2mara&nbsp;o projeto de Lei Or\u00e7ament\u00e1ria com seus quadros discriminados de acordo&nbsp;a Lei.<\/p>\n\n\n\n<p>Ainda, a elabora\u00e7\u00e3o do projeto de lei, aprova\u00e7\u00e3o e execu\u00e7\u00e3o da Lei Or\u00e7ament\u00e1ria para o exerc\u00edcio de 2023 \u00e9 realizada com transpar\u00eancia e publicidade da gest\u00e3o fiscal relativas a cada uma das etapas.<\/p>\n\n\n\n<p>Em todo o processo \u00e9 garantida a participa\u00e7\u00e3o popular, observando-se os princ\u00edpios da unidade, universalidade, anualidade, exclusividade, publicidade e da busca pela redu\u00e7\u00e3o das desigualdades sociais.<\/p>\n\n\n\n<p>Com informa\u00e7\u00f5es da Secom<\/p>\n","protected":false},"excerpt":{"rendered":"<p>As diretrizes para elabora\u00e7\u00e3o da Lei Or\u00e7ament\u00e1ria referente ao exerc\u00edcio 2023 levam em considera\u00e7\u00e3o os princ\u00edpios do equil\u00edbrio, transpar\u00eancia e gest\u00e3o das contas p\u00fablicas municipais, bem como austeridade e responsabilidade fiscal na utiliza\u00e7\u00e3o dos recursos p\u00fablicos. Com base nestes princ\u00edpios, foi necess\u00e1rio que o Governo Municipal vetasse a constru\u00e7\u00e3o de um hospital municipal em raz\u00e3o [&hellip;]<\/p>\n","protected":false},"author":2,"featured_media":2252,"comment_status":"open","ping_status":"open","sticky":false,"template":"","format":"standard","meta":{"_monsterinsights_skip_tracking":false,"_monsterinsights_sitenote_active":false,"_monsterinsights_sitenote_note":"","_monsterinsights_sitenote_category":0,"footnotes":""},"categories":[34],"tags":[],"yoast_head":"<!-- This site is optimized with the Yoast SEO plugin v22.9 - https:\/\/yoast.com\/wordpress\/plugins\/seo\/ -->\n<title>Vetos do Executivo \u00e0 Lei Or\u00e7ament\u00e1ria 2023 cumprem legisla\u00e7\u00e3o - Portal MF<\/title>\n<meta name=\"robots\" content=\"index, follow, max-snippet:-1, max-image-preview:large, max-video-preview:-1\" \/>\n<link rel=\"canonical\" href=\"https:\/\/portalmf.com.br\/index.php\/2022\/07\/28\/vetos-do-executivo-a-lei-orcamentaria-2023-cumprem-legislacao\/\" \/>\n<meta property=\"og:locale\" content=\"pt_BR\" \/>\n<meta property=\"og:type\" content=\"article\" \/>\n<meta property=\"og:title\" content=\"Vetos do Executivo \u00e0 Lei Or\u00e7ament\u00e1ria 2023 cumprem legisla\u00e7\u00e3o - Portal MF\" \/>\n<meta property=\"og:description\" content=\"As diretrizes para elabora\u00e7\u00e3o da Lei Or\u00e7ament\u00e1ria referente ao exerc\u00edcio 2023 levam em considera\u00e7\u00e3o os princ\u00edpios do equil\u00edbrio, transpar\u00eancia e gest\u00e3o das contas p\u00fablicas municipais, bem como austeridade e responsabilidade fiscal na utiliza\u00e7\u00e3o dos recursos p\u00fablicos. Com base nestes princ\u00edpios, foi necess\u00e1rio que o Governo Municipal vetasse a constru\u00e7\u00e3o de um hospital municipal em raz\u00e3o [&hellip;]\" \/>\n<meta property=\"og:url\" content=\"https:\/\/portalmf.com.br\/index.php\/2022\/07\/28\/vetos-do-executivo-a-lei-orcamentaria-2023-cumprem-legislacao\/\" \/>\n<meta property=\"og:site_name\" content=\"Portal MF\" \/>\n<meta property=\"article:author\" content=\"reginaldojrfsa\" \/>\n<meta property=\"article:published_time\" content=\"2022-07-28T16:22:47+00:00\" \/>\n<meta property=\"article:modified_time\" content=\"2022-07-28T16:22:49+00:00\" \/>\n<meta property=\"og:image\" content=\"https:\/\/portalmf.com.br\/wp-content\/uploads\/2022\/07\/28072022113746.jpg\" \/>\n\t<meta property=\"og:image:width\" content=\"1306\" \/>\n\t<meta property=\"og:image:height\" content=\"660\" \/>\n\t<meta property=\"og:image:type\" content=\"image\/jpeg\" \/>\n<meta name=\"author\" content=\"Reginaldo J\u00fanior\" \/>\n<meta name=\"twitter:card\" content=\"summary_large_image\" \/>\n<meta name=\"twitter:creator\" content=\"@reginaldojrmf\" \/>\n<meta name=\"twitter:label1\" content=\"Escrito por\" \/>\n\t<meta name=\"twitter:data1\" content=\"Reginaldo J\u00fanior\" \/>\n\t<meta name=\"twitter:label2\" content=\"Est. tempo de leitura\" \/>\n\t<meta name=\"twitter:data2\" content=\"2 minutos\" \/>\n<script type=\"application\/ld+json\" class=\"yoast-schema-graph\">{\"@context\":\"https:\/\/schema.org\",\"@graph\":[{\"@type\":\"WebPage\",\"@id\":\"https:\/\/portalmf.com.br\/index.php\/2022\/07\/28\/vetos-do-executivo-a-lei-orcamentaria-2023-cumprem-legislacao\/\",\"url\":\"https:\/\/portalmf.com.br\/index.php\/2022\/07\/28\/vetos-do-executivo-a-lei-orcamentaria-2023-cumprem-legislacao\/\",\"name\":\"Vetos do Executivo \u00e0 Lei Or\u00e7ament\u00e1ria 2023 cumprem legisla\u00e7\u00e3o - Portal MF\",\"isPartOf\":{\"@id\":\"https:\/\/portalmf.com.br\/#website\"},\"primaryImageOfPage\":{\"@id\":\"https:\/\/portalmf.com.br\/index.php\/2022\/07\/28\/vetos-do-executivo-a-lei-orcamentaria-2023-cumprem-legislacao\/#primaryimage\"},\"image\":{\"@id\":\"https:\/\/portalmf.com.br\/index.php\/2022\/07\/28\/vetos-do-executivo-a-lei-orcamentaria-2023-cumprem-legislacao\/#primaryimage\"},\"thumbnailUrl\":\"https:\/\/portalmf.com.br\/wp-content\/uploads\/2022\/07\/28072022113746.jpg\",\"datePublished\":\"2022-07-28T16:22:47+00:00\",\"dateModified\":\"2022-07-28T16:22:49+00:00\",\"author\":{\"@id\":\"https:\/\/portalmf.com.br\/#\/schema\/person\/11c82086fe8abc05a19147e964587285\"},\"breadcrumb\":{\"@id\":\"https:\/\/portalmf.com.br\/index.php\/2022\/07\/28\/vetos-do-executivo-a-lei-orcamentaria-2023-cumprem-legislacao\/#breadcrumb\"},\"inLanguage\":\"pt-BR\",\"potentialAction\":[{\"@type\":\"ReadAction\",\"target\":[\"https:\/\/portalmf.com.br\/index.php\/2022\/07\/28\/vetos-do-executivo-a-lei-orcamentaria-2023-cumprem-legislacao\/\"]}]},{\"@type\":\"ImageObject\",\"inLanguage\":\"pt-BR\",\"@id\":\"https:\/\/portalmf.com.br\/index.php\/2022\/07\/28\/vetos-do-executivo-a-lei-orcamentaria-2023-cumprem-legislacao\/#primaryimage\",\"url\":\"https:\/\/portalmf.com.br\/wp-content\/uploads\/2022\/07\/28072022113746.jpg\",\"contentUrl\":\"https:\/\/portalmf.com.br\/wp-content\/uploads\/2022\/07\/28072022113746.jpg\",\"width\":1306,\"height\":660,\"caption\":\"Foto: ACM\"},{\"@type\":\"BreadcrumbList\",\"@id\":\"https:\/\/portalmf.com.br\/index.php\/2022\/07\/28\/vetos-do-executivo-a-lei-orcamentaria-2023-cumprem-legislacao\/#breadcrumb\",\"itemListElement\":[{\"@type\":\"ListItem\",\"position\":1,\"name\":\"In\u00edcio\",\"item\":\"https:\/\/portalmf.com.br\/\"},{\"@type\":\"ListItem\",\"position\":2,\"name\":\"Vetos do Executivo \u00e0 Lei Or\u00e7ament\u00e1ria 2023 cumprem legisla\u00e7\u00e3o\"}]},{\"@type\":\"WebSite\",\"@id\":\"https:\/\/portalmf.com.br\/#website\",\"url\":\"https:\/\/portalmf.com.br\/\",\"name\":\"Portal MF\",\"description\":\"Voc\u00ea conectado com a informa\u00e7\u00e3o\",\"potentialAction\":[{\"@type\":\"SearchAction\",\"target\":{\"@type\":\"EntryPoint\",\"urlTemplate\":\"https:\/\/portalmf.com.br\/?s={search_term_string}\"},\"query-input\":\"required name=search_term_string\"}],\"inLanguage\":\"pt-BR\"},{\"@type\":\"Person\",\"@id\":\"https:\/\/portalmf.com.br\/#\/schema\/person\/11c82086fe8abc05a19147e964587285\",\"name\":\"Reginaldo J\u00fanior\",\"image\":{\"@type\":\"ImageObject\",\"inLanguage\":\"pt-BR\",\"@id\":\"https:\/\/portalmf.com.br\/#\/schema\/person\/image\/\",\"url\":\"https:\/\/secure.gravatar.com\/avatar\/32a3c797cd0ac47cc53b8644c62776f9?s=96&d=mm&r=g\",\"contentUrl\":\"https:\/\/secure.gravatar.com\/avatar\/32a3c797cd0ac47cc53b8644c62776f9?s=96&d=mm&r=g\",\"caption\":\"Reginaldo J\u00fanior\"},\"description\":\"Jornalista e idealizador Portal MF\",\"sameAs\":[\"https:\/\/portalmf.com.br\/index.php\/author\/reginaldojr\/\",\"reginaldojrfsa\",\"reginaldojuniormf\",\"https:\/\/x.com\/reginaldojrmf\"],\"url\":\"https:\/\/portalmf.com.br\/index.php\/author\/reginaldojr\/\"}]}<\/script>\n<!-- \/ Yoast SEO plugin. -->","yoast_head_json":{"title":"Vetos do Executivo \u00e0 Lei Or\u00e7ament\u00e1ria 2023 cumprem legisla\u00e7\u00e3o - Portal MF","robots":{"index":"index","follow":"follow","max-snippet":"max-snippet:-1","max-image-preview":"max-image-preview:large","max-video-preview":"max-video-preview:-1"},"canonical":"https:\/\/portalmf.com.br\/index.php\/2022\/07\/28\/vetos-do-executivo-a-lei-orcamentaria-2023-cumprem-legislacao\/","og_locale":"pt_BR","og_type":"article","og_title":"Vetos do Executivo \u00e0 Lei Or\u00e7ament\u00e1ria 2023 cumprem legisla\u00e7\u00e3o - Portal MF","og_description":"As diretrizes para elabora\u00e7\u00e3o da Lei Or\u00e7ament\u00e1ria referente ao exerc\u00edcio 2023 levam em considera\u00e7\u00e3o os princ\u00edpios do equil\u00edbrio, transpar\u00eancia e gest\u00e3o das contas p\u00fablicas municipais, bem como austeridade e responsabilidade fiscal na utiliza\u00e7\u00e3o dos recursos p\u00fablicos. Com base nestes princ\u00edpios, foi necess\u00e1rio que o Governo Municipal vetasse a constru\u00e7\u00e3o de um hospital municipal em raz\u00e3o [&hellip;]","og_url":"https:\/\/portalmf.com.br\/index.php\/2022\/07\/28\/vetos-do-executivo-a-lei-orcamentaria-2023-cumprem-legislacao\/","og_site_name":"Portal MF","article_author":"reginaldojrfsa","article_published_time":"2022-07-28T16:22:47+00:00","article_modified_time":"2022-07-28T16:22:49+00:00","og_image":[{"width":1306,"height":660,"url":"https:\/\/portalmf.com.br\/wp-content\/uploads\/2022\/07\/28072022113746.jpg","type":"image\/jpeg"}],"author":"Reginaldo J\u00fanior","twitter_card":"summary_large_image","twitter_creator":"@reginaldojrmf","twitter_misc":{"Escrito por":"Reginaldo J\u00fanior","Est. tempo de leitura":"2 minutos"},"schema":{"@context":"https:\/\/schema.org","@graph":[{"@type":"WebPage","@id":"https:\/\/portalmf.com.br\/index.php\/2022\/07\/28\/vetos-do-executivo-a-lei-orcamentaria-2023-cumprem-legislacao\/","url":"https:\/\/portalmf.com.br\/index.php\/2022\/07\/28\/vetos-do-executivo-a-lei-orcamentaria-2023-cumprem-legislacao\/","name":"Vetos do Executivo \u00e0 Lei Or\u00e7ament\u00e1ria 2023 cumprem legisla\u00e7\u00e3o - Portal MF","isPartOf":{"@id":"https:\/\/portalmf.com.br\/#website"},"primaryImageOfPage":{"@id":"https:\/\/portalmf.com.br\/index.php\/2022\/07\/28\/vetos-do-executivo-a-lei-orcamentaria-2023-cumprem-legislacao\/#primaryimage"},"image":{"@id":"https:\/\/portalmf.com.br\/index.php\/2022\/07\/28\/vetos-do-executivo-a-lei-orcamentaria-2023-cumprem-legislacao\/#primaryimage"},"thumbnailUrl":"https:\/\/portalmf.com.br\/wp-content\/uploads\/2022\/07\/28072022113746.jpg","datePublished":"2022-07-28T16:22:47+00:00","dateModified":"2022-07-28T16:22:49+00:00","author":{"@id":"https:\/\/portalmf.com.br\/#\/schema\/person\/11c82086fe8abc05a19147e964587285"},"breadcrumb":{"@id":"https:\/\/portalmf.com.br\/index.php\/2022\/07\/28\/vetos-do-executivo-a-lei-orcamentaria-2023-cumprem-legislacao\/#breadcrumb"},"inLanguage":"pt-BR","potentialAction":[{"@type":"ReadAction","target":["https:\/\/portalmf.com.br\/index.php\/2022\/07\/28\/vetos-do-executivo-a-lei-orcamentaria-2023-cumprem-legislacao\/"]}]},{"@type":"ImageObject","inLanguage":"pt-BR","@id":"https:\/\/portalmf.com.br\/index.php\/2022\/07\/28\/vetos-do-executivo-a-lei-orcamentaria-2023-cumprem-legislacao\/#primaryimage","url":"https:\/\/portalmf.com.br\/wp-content\/uploads\/2022\/07\/28072022113746.jpg","contentUrl":"https:\/\/portalmf.com.br\/wp-content\/uploads\/2022\/07\/28072022113746.jpg","width":1306,"height":660,"caption":"Foto: ACM"},{"@type":"BreadcrumbList","@id":"https:\/\/portalmf.com.br\/index.php\/2022\/07\/28\/vetos-do-executivo-a-lei-orcamentaria-2023-cumprem-legislacao\/#breadcrumb","itemListElement":[{"@type":"ListItem","position":1,"name":"In\u00edcio","item":"https:\/\/portalmf.com.br\/"},{"@type":"ListItem","position":2,"name":"Vetos do Executivo \u00e0 Lei Or\u00e7ament\u00e1ria 2023 cumprem legisla\u00e7\u00e3o"}]},{"@type":"WebSite","@id":"https:\/\/portalmf.com.br\/#website","url":"https:\/\/portalmf.com.br\/","name":"Portal MF","description":"Voc\u00ea conectado com a informa\u00e7\u00e3o","potentialAction":[{"@type":"SearchAction","target":{"@type":"EntryPoint","urlTemplate":"https:\/\/portalmf.com.br\/?s={search_term_string}"},"query-input":"required name=search_term_string"}],"inLanguage":"pt-BR"},{"@type":"Person","@id":"https:\/\/portalmf.com.br\/#\/schema\/person\/11c82086fe8abc05a19147e964587285","name":"Reginaldo J\u00fanior","image":{"@type":"ImageObject","inLanguage":"pt-BR","@id":"https:\/\/portalmf.com.br\/#\/schema\/person\/image\/","url":"https:\/\/secure.gravatar.com\/avatar\/32a3c797cd0ac47cc53b8644c62776f9?s=96&d=mm&r=g","contentUrl":"https:\/\/secure.gravatar.com\/avatar\/32a3c797cd0ac47cc53b8644c62776f9?s=96&d=mm&r=g","caption":"Reginaldo J\u00fanior"},"description":"Jornalista e idealizador Portal MF","sameAs":["https:\/\/portalmf.com.br\/index.php\/author\/reginaldojr\/","reginaldojrfsa","reginaldojuniormf","https:\/\/x.com\/reginaldojrmf"],"url":"https:\/\/portalmf.com.br\/index.php\/author\/reginaldojr\/"}]}},"_links":{"self":[{"href":"https:\/\/portalmf.com.br\/index.php\/wp-json\/wp\/v2\/posts\/2251"}],"collection":[{"href":"https:\/\/portalmf.com.br\/index.php\/wp-json\/wp\/v2\/posts"}],"about":[{"href":"https:\/\/portalmf.com.br\/index.php\/wp-json\/wp\/v2\/types\/post"}],"author":[{"embeddable":true,"href":"https:\/\/portalmf.com.br\/index.php\/wp-json\/wp\/v2\/users\/2"}],"replies":[{"embeddable":true,"href":"https:\/\/portalmf.com.br\/index.php\/wp-json\/wp\/v2\/comments?post=2251"}],"version-history":[{"count":1,"href":"https:\/\/portalmf.com.br\/index.php\/wp-json\/wp\/v2\/posts\/2251\/revisions"}],"predecessor-version":[{"id":2253,"href":"https:\/\/portalmf.com.br\/index.php\/wp-json\/wp\/v2\/posts\/2251\/revisions\/2253"}],"wp:featuredmedia":[{"embeddable":true,"href":"https:\/\/portalmf.com.br\/index.php\/wp-json\/wp\/v2\/media\/2252"}],"wp:attachment":[{"href":"https:\/\/portalmf.com.br\/index.php\/wp-json\/wp\/v2\/media?parent=2251"}],"wp:term":[{"taxonomy":"category","embeddable":true,"href":"https:\/\/portalmf.com.br\/index.php\/wp-json\/wp\/v2\/categories?post=2251"},{"taxonomy":"post_tag","embeddable":true,"href":"https:\/\/portalmf.com.br\/index.php\/wp-json\/wp\/v2\/tags?post=2251"}],"curies":[{"name":"wp","href":"https:\/\/api.w.org\/{rel}","templated":true}]}}