{"id":2248,"date":"2022-07-28T13:18:20","date_gmt":"2022-07-28T16:18:20","guid":{"rendered":"http:\/\/portalmf.com.br\/?p=2248"},"modified":"2022-07-28T13:18:22","modified_gmt":"2022-07-28T16:18:22","slug":"prefeitura-de-feira-vai-abrir-486-vagas-para-contratacao-temporaria","status":"publish","type":"post","link":"https:\/\/portalmf.com.br\/index.php\/2022\/07\/28\/prefeitura-de-feira-vai-abrir-486-vagas-para-contratacao-temporaria\/","title":{"rendered":"Prefeitura de Feira vai abrir 486 vagas para contrata\u00e7\u00e3o tempor\u00e1ria"},"content":{"rendered":"\n<p>A Prefeitura de Feira publicou nesta quinta, 28, o&nbsp;<a href=\"https:\/\/diariooficial.feiradesantana.ba.gov.br\/atos\/executivo\/1PBVKX27072022.pdf\"><strong>decreto<\/strong><\/a>&nbsp;que autoriza a realiza\u00e7\u00e3o do Processo Seletivo Simplificado para contrata\u00e7\u00e3o de servidores via Regime Especial de Direito Administrativo (REDA). S\u00e3o 486 vagas, mais cadastro reserva, para a ocupa\u00e7\u00e3o das fun\u00e7\u00f5es tempor\u00e1rias em 51 \u00e1reas.<\/p>\n\n\n\n<p>O edital com informa\u00e7\u00f5es sobre inscri\u00e7\u00f5es e crit\u00e9rios ser\u00e1 publicado no Di\u00e1rio Oficial Eletr\u00f4nico.<\/p>\n\n\n\n<p><strong>Confira a rela\u00e7\u00e3o:<\/strong><\/p>\n\n\n\n<p>I. Administrador;<\/p>\n\n\n\n<p>II. Advogado;<\/p>\n\n\n\n<p>III. Analista Jur\u00eddico;<\/p>\n\n\n\n<p>IV. Agente de Servi\u00e7os Gerais;<\/p>\n\n\n\n<p>V. Agente de Zoonose;<\/p>\n\n\n\n<p>VI. Agente de Servi\u00e7os Hospitalares;<\/p>\n\n\n\n<p>VII. Agente de Vigil\u00e2ncia;<\/p>\n\n\n\n<p>VIII. Almoxarife;<\/p>\n\n\n\n<p>IX. Analista de Sistemas;<\/p>\n\n\n\n<p>X. Arquiteto;<\/p>\n\n\n\n<p>XI. Assistente Administrativo;<\/p>\n\n\n\n<p>XII. Assistente Social;<\/p>\n\n\n\n<p>XIII. Auxiliar de Enfermagem;<\/p>\n\n\n\n<p>XIV. Bi\u00f3logo;<\/p>\n\n\n\n<p>XV. Bibliotec\u00e1rio;<\/p>\n\n\n\n<p>XVI. Contador;<\/p>\n\n\n\n<p>XVII. Cuidador;<\/p>\n\n\n\n<p>XVIII. Educador F\u00edsico;<\/p>\n\n\n\n<p>XIX. Enfermeiro;<\/p>\n\n\n\n<p>XX. Enfermeiro do Trabalho;<\/p>\n\n\n\n<p>XXI. Engenheiro Civil;<\/p>\n\n\n\n<p>XXII. Engenheiro Agr\u00f4nomo;<\/p>\n\n\n\n<p>XXIII. Engenheiro de Tr\u00e2nsito;<\/p>\n\n\n\n<p>XXIV. Engenheiro Ambiental;<\/p>\n\n\n\n<p>XXV. Farmac\u00eautico;<\/p>\n\n\n\n<p>XXVI. Ge\u00f3logo;<\/p>\n\n\n\n<p>XXVII. Instrutor de Of\u00edcio;<\/p>\n\n\n\n<p>XXVIII. Int\u00e9rprete de L\u00ednguas Brasileiras de Sinais;<\/p>\n\n\n\n<p>XXIX. Mec\u00e2nico de Maquinas e Ve\u00edculos;<\/p>\n\n\n\n<p>XXX. M\u00e9dico;<\/p>\n\n\n\n<p>XXXI. Medico de Seguran\u00e7a do Trabalho;<\/p>\n\n\n\n<p>XXXII. Merendeira;<\/p>\n\n\n\n<p>XXXIII. Motorista;<\/p>\n\n\n\n<p>XXXIV. Nutricionista;<\/p>\n\n\n\n<p>XXXV. Orientador Social;<\/p>\n\n\n\n<p>XXXVI. Odont\u00f3logo;<\/p>\n\n\n\n<p>XXXVII. Programador de Computador;<\/p>\n\n\n\n<p>XXXVIII. Pedagogo;<\/p>\n\n\n\n<p>XXXIX. Psic\u00f3logo;<\/p>\n\n\n\n<p>XL. Rep\u00f3rter Fotogr\u00e1fico;<\/p>\n\n\n\n<p>XLI. Rep\u00f3rter;<\/p>\n\n\n\n<p>XLII. Secret\u00e1rio Escolar;<\/p>\n\n\n\n<p>XLIII. T\u00e9cnico em Administra\u00e7\u00e3o Hospitalar;<\/p>\n\n\n\n<p>XLIV. T\u00e9cnico em Agropecu\u00e1ria;<\/p>\n\n\n\n<p>XLV. T\u00e9cnico em Engenharia;<\/p>\n\n\n\n<p>XLVI. T\u00e9cnico em Enfermagem;<\/p>\n\n\n\n<p>XLVII. T\u00e9cnico em Laborat\u00f3rio \u00d3tico;<\/p>\n\n\n\n<p>XLVIII. T\u00e9cnico em Laborat\u00f3rio;<\/p>\n\n\n\n<p>XLIX. T\u00e9cnico em Nutri\u00e7\u00e3o;<\/p>\n\n\n\n<p>L. T\u00e9cnico em Radiologia;<\/p>\n\n\n\n<p>LI. T\u00e9cnico em Seguran\u00e7a do Trabalho.<\/p>\n\n\n\n<p>Com informa\u00e7\u00f5es da Secom<\/p>\n","protected":false},"excerpt":{"rendered":"<p>A Prefeitura de Feira publicou nesta quinta, 28, o&nbsp;decreto&nbsp;que autoriza a realiza\u00e7\u00e3o do Processo Seletivo Simplificado para contrata\u00e7\u00e3o de servidores via Regime Especial de Direito Administrativo (REDA). S\u00e3o 486 vagas, mais cadastro reserva, para a ocupa\u00e7\u00e3o das fun\u00e7\u00f5es tempor\u00e1rias em 51 \u00e1reas. O edital com informa\u00e7\u00f5es sobre inscri\u00e7\u00f5es e crit\u00e9rios ser\u00e1 publicado no Di\u00e1rio Oficial [&hellip;]<\/p>\n","protected":false},"author":2,"featured_media":2249,"comment_status":"open","ping_status":"open","sticky":false,"template":"","format":"standard","meta":{"_monsterinsights_skip_tracking":false,"_monsterinsights_sitenote_active":false,"_monsterinsights_sitenote_note":"","_monsterinsights_sitenote_category":0,"footnotes":""},"categories":[34],"tags":[],"yoast_head":"<!-- This site is optimized with the Yoast SEO plugin v22.9 - https:\/\/yoast.com\/wordpress\/plugins\/seo\/ -->\n<title>Prefeitura de Feira vai abrir 486 vagas para contrata\u00e7\u00e3o tempor\u00e1ria - Portal MF<\/title>\n<meta name=\"robots\" content=\"index, follow, max-snippet:-1, max-image-preview:large, max-video-preview:-1\" \/>\n<link rel=\"canonical\" href=\"https:\/\/portalmf.com.br\/index.php\/2022\/07\/28\/prefeitura-de-feira-vai-abrir-486-vagas-para-contratacao-temporaria\/\" \/>\n<meta property=\"og:locale\" content=\"pt_BR\" \/>\n<meta property=\"og:type\" content=\"article\" \/>\n<meta property=\"og:title\" content=\"Prefeitura de Feira vai abrir 486 vagas para contrata\u00e7\u00e3o tempor\u00e1ria - Portal MF\" \/>\n<meta property=\"og:description\" content=\"A Prefeitura de Feira publicou nesta quinta, 28, o&nbsp;decreto&nbsp;que autoriza a realiza\u00e7\u00e3o do Processo Seletivo Simplificado para contrata\u00e7\u00e3o de servidores via Regime Especial de Direito Administrativo (REDA). S\u00e3o 486 vagas, mais cadastro reserva, para a ocupa\u00e7\u00e3o das fun\u00e7\u00f5es tempor\u00e1rias em 51 \u00e1reas. O edital com informa\u00e7\u00f5es sobre inscri\u00e7\u00f5es e crit\u00e9rios ser\u00e1 publicado no Di\u00e1rio Oficial [&hellip;]\" \/>\n<meta property=\"og:url\" content=\"https:\/\/portalmf.com.br\/index.php\/2022\/07\/28\/prefeitura-de-feira-vai-abrir-486-vagas-para-contratacao-temporaria\/\" \/>\n<meta property=\"og:site_name\" content=\"Portal MF\" \/>\n<meta property=\"article:author\" content=\"reginaldojrfsa\" \/>\n<meta property=\"article:published_time\" content=\"2022-07-28T16:18:20+00:00\" \/>\n<meta property=\"article:modified_time\" content=\"2022-07-28T16:18:22+00:00\" \/>\n<meta property=\"og:image\" content=\"https:\/\/portalmf.com.br\/wp-content\/uploads\/2022\/07\/28072022080218.jpg\" \/>\n\t<meta property=\"og:image:width\" content=\"1306\" \/>\n\t<meta property=\"og:image:height\" content=\"660\" \/>\n\t<meta property=\"og:image:type\" content=\"image\/jpeg\" \/>\n<meta name=\"author\" content=\"Reginaldo J\u00fanior\" \/>\n<meta name=\"twitter:card\" content=\"summary_large_image\" \/>\n<meta name=\"twitter:creator\" content=\"@reginaldojrmf\" \/>\n<meta name=\"twitter:label1\" content=\"Escrito por\" \/>\n\t<meta name=\"twitter:data1\" content=\"Reginaldo J\u00fanior\" \/>\n\t<meta name=\"twitter:label2\" content=\"Est. tempo de leitura\" \/>\n\t<meta name=\"twitter:data2\" content=\"1 minuto\" \/>\n<script type=\"application\/ld+json\" class=\"yoast-schema-graph\">{\"@context\":\"https:\/\/schema.org\",\"@graph\":[{\"@type\":\"WebPage\",\"@id\":\"https:\/\/portalmf.com.br\/index.php\/2022\/07\/28\/prefeitura-de-feira-vai-abrir-486-vagas-para-contratacao-temporaria\/\",\"url\":\"https:\/\/portalmf.com.br\/index.php\/2022\/07\/28\/prefeitura-de-feira-vai-abrir-486-vagas-para-contratacao-temporaria\/\",\"name\":\"Prefeitura de Feira vai abrir 486 vagas para contrata\u00e7\u00e3o tempor\u00e1ria - Portal MF\",\"isPartOf\":{\"@id\":\"https:\/\/portalmf.com.br\/#website\"},\"primaryImageOfPage\":{\"@id\":\"https:\/\/portalmf.com.br\/index.php\/2022\/07\/28\/prefeitura-de-feira-vai-abrir-486-vagas-para-contratacao-temporaria\/#primaryimage\"},\"image\":{\"@id\":\"https:\/\/portalmf.com.br\/index.php\/2022\/07\/28\/prefeitura-de-feira-vai-abrir-486-vagas-para-contratacao-temporaria\/#primaryimage\"},\"thumbnailUrl\":\"https:\/\/portalmf.com.br\/wp-content\/uploads\/2022\/07\/28072022080218.jpg\",\"datePublished\":\"2022-07-28T16:18:20+00:00\",\"dateModified\":\"2022-07-28T16:18:22+00:00\",\"author\":{\"@id\":\"https:\/\/portalmf.com.br\/#\/schema\/person\/11c82086fe8abc05a19147e964587285\"},\"breadcrumb\":{\"@id\":\"https:\/\/portalmf.com.br\/index.php\/2022\/07\/28\/prefeitura-de-feira-vai-abrir-486-vagas-para-contratacao-temporaria\/#breadcrumb\"},\"inLanguage\":\"pt-BR\",\"potentialAction\":[{\"@type\":\"ReadAction\",\"target\":[\"https:\/\/portalmf.com.br\/index.php\/2022\/07\/28\/prefeitura-de-feira-vai-abrir-486-vagas-para-contratacao-temporaria\/\"]}]},{\"@type\":\"ImageObject\",\"inLanguage\":\"pt-BR\",\"@id\":\"https:\/\/portalmf.com.br\/index.php\/2022\/07\/28\/prefeitura-de-feira-vai-abrir-486-vagas-para-contratacao-temporaria\/#primaryimage\",\"url\":\"https:\/\/portalmf.com.br\/wp-content\/uploads\/2022\/07\/28072022080218.jpg\",\"contentUrl\":\"https:\/\/portalmf.com.br\/wp-content\/uploads\/2022\/07\/28072022080218.jpg\",\"width\":1306,\"height\":660},{\"@type\":\"BreadcrumbList\",\"@id\":\"https:\/\/portalmf.com.br\/index.php\/2022\/07\/28\/prefeitura-de-feira-vai-abrir-486-vagas-para-contratacao-temporaria\/#breadcrumb\",\"itemListElement\":[{\"@type\":\"ListItem\",\"position\":1,\"name\":\"In\u00edcio\",\"item\":\"https:\/\/portalmf.com.br\/\"},{\"@type\":\"ListItem\",\"position\":2,\"name\":\"Prefeitura de Feira vai abrir 486 vagas para contrata\u00e7\u00e3o tempor\u00e1ria\"}]},{\"@type\":\"WebSite\",\"@id\":\"https:\/\/portalmf.com.br\/#website\",\"url\":\"https:\/\/portalmf.com.br\/\",\"name\":\"Portal MF\",\"description\":\"Voc\u00ea conectado com a informa\u00e7\u00e3o\",\"potentialAction\":[{\"@type\":\"SearchAction\",\"target\":{\"@type\":\"EntryPoint\",\"urlTemplate\":\"https:\/\/portalmf.com.br\/?s={search_term_string}\"},\"query-input\":\"required name=search_term_string\"}],\"inLanguage\":\"pt-BR\"},{\"@type\":\"Person\",\"@id\":\"https:\/\/portalmf.com.br\/#\/schema\/person\/11c82086fe8abc05a19147e964587285\",\"name\":\"Reginaldo J\u00fanior\",\"image\":{\"@type\":\"ImageObject\",\"inLanguage\":\"pt-BR\",\"@id\":\"https:\/\/portalmf.com.br\/#\/schema\/person\/image\/\",\"url\":\"https:\/\/secure.gravatar.com\/avatar\/32a3c797cd0ac47cc53b8644c62776f9?s=96&d=mm&r=g\",\"contentUrl\":\"https:\/\/secure.gravatar.com\/avatar\/32a3c797cd0ac47cc53b8644c62776f9?s=96&d=mm&r=g\",\"caption\":\"Reginaldo J\u00fanior\"},\"description\":\"Jornalista e idealizador Portal MF\",\"sameAs\":[\"https:\/\/portalmf.com.br\/index.php\/author\/reginaldojr\/\",\"reginaldojrfsa\",\"reginaldojuniormf\",\"https:\/\/x.com\/reginaldojrmf\"],\"url\":\"https:\/\/portalmf.com.br\/index.php\/author\/reginaldojr\/\"}]}<\/script>\n<!-- \/ Yoast SEO plugin. -->","yoast_head_json":{"title":"Prefeitura de Feira vai abrir 486 vagas para contrata\u00e7\u00e3o tempor\u00e1ria - Portal MF","robots":{"index":"index","follow":"follow","max-snippet":"max-snippet:-1","max-image-preview":"max-image-preview:large","max-video-preview":"max-video-preview:-1"},"canonical":"https:\/\/portalmf.com.br\/index.php\/2022\/07\/28\/prefeitura-de-feira-vai-abrir-486-vagas-para-contratacao-temporaria\/","og_locale":"pt_BR","og_type":"article","og_title":"Prefeitura de Feira vai abrir 486 vagas para contrata\u00e7\u00e3o tempor\u00e1ria - Portal MF","og_description":"A Prefeitura de Feira publicou nesta quinta, 28, o&nbsp;decreto&nbsp;que autoriza a realiza\u00e7\u00e3o do Processo Seletivo Simplificado para contrata\u00e7\u00e3o de servidores via Regime Especial de Direito Administrativo (REDA). S\u00e3o 486 vagas, mais cadastro reserva, para a ocupa\u00e7\u00e3o das fun\u00e7\u00f5es tempor\u00e1rias em 51 \u00e1reas. O edital com informa\u00e7\u00f5es sobre inscri\u00e7\u00f5es e crit\u00e9rios ser\u00e1 publicado no Di\u00e1rio Oficial [&hellip;]","og_url":"https:\/\/portalmf.com.br\/index.php\/2022\/07\/28\/prefeitura-de-feira-vai-abrir-486-vagas-para-contratacao-temporaria\/","og_site_name":"Portal MF","article_author":"reginaldojrfsa","article_published_time":"2022-07-28T16:18:20+00:00","article_modified_time":"2022-07-28T16:18:22+00:00","og_image":[{"width":1306,"height":660,"url":"https:\/\/portalmf.com.br\/wp-content\/uploads\/2022\/07\/28072022080218.jpg","type":"image\/jpeg"}],"author":"Reginaldo J\u00fanior","twitter_card":"summary_large_image","twitter_creator":"@reginaldojrmf","twitter_misc":{"Escrito por":"Reginaldo J\u00fanior","Est. tempo de leitura":"1 minuto"},"schema":{"@context":"https:\/\/schema.org","@graph":[{"@type":"WebPage","@id":"https:\/\/portalmf.com.br\/index.php\/2022\/07\/28\/prefeitura-de-feira-vai-abrir-486-vagas-para-contratacao-temporaria\/","url":"https:\/\/portalmf.com.br\/index.php\/2022\/07\/28\/prefeitura-de-feira-vai-abrir-486-vagas-para-contratacao-temporaria\/","name":"Prefeitura de Feira vai abrir 486 vagas para contrata\u00e7\u00e3o tempor\u00e1ria - Portal MF","isPartOf":{"@id":"https:\/\/portalmf.com.br\/#website"},"primaryImageOfPage":{"@id":"https:\/\/portalmf.com.br\/index.php\/2022\/07\/28\/prefeitura-de-feira-vai-abrir-486-vagas-para-contratacao-temporaria\/#primaryimage"},"image":{"@id":"https:\/\/portalmf.com.br\/index.php\/2022\/07\/28\/prefeitura-de-feira-vai-abrir-486-vagas-para-contratacao-temporaria\/#primaryimage"},"thumbnailUrl":"https:\/\/portalmf.com.br\/wp-content\/uploads\/2022\/07\/28072022080218.jpg","datePublished":"2022-07-28T16:18:20+00:00","dateModified":"2022-07-28T16:18:22+00:00","author":{"@id":"https:\/\/portalmf.com.br\/#\/schema\/person\/11c82086fe8abc05a19147e964587285"},"breadcrumb":{"@id":"https:\/\/portalmf.com.br\/index.php\/2022\/07\/28\/prefeitura-de-feira-vai-abrir-486-vagas-para-contratacao-temporaria\/#breadcrumb"},"inLanguage":"pt-BR","potentialAction":[{"@type":"ReadAction","target":["https:\/\/portalmf.com.br\/index.php\/2022\/07\/28\/prefeitura-de-feira-vai-abrir-486-vagas-para-contratacao-temporaria\/"]}]},{"@type":"ImageObject","inLanguage":"pt-BR","@id":"https:\/\/portalmf.com.br\/index.php\/2022\/07\/28\/prefeitura-de-feira-vai-abrir-486-vagas-para-contratacao-temporaria\/#primaryimage","url":"https:\/\/portalmf.com.br\/wp-content\/uploads\/2022\/07\/28072022080218.jpg","contentUrl":"https:\/\/portalmf.com.br\/wp-content\/uploads\/2022\/07\/28072022080218.jpg","width":1306,"height":660},{"@type":"BreadcrumbList","@id":"https:\/\/portalmf.com.br\/index.php\/2022\/07\/28\/prefeitura-de-feira-vai-abrir-486-vagas-para-contratacao-temporaria\/#breadcrumb","itemListElement":[{"@type":"ListItem","position":1,"name":"In\u00edcio","item":"https:\/\/portalmf.com.br\/"},{"@type":"ListItem","position":2,"name":"Prefeitura de Feira vai abrir 486 vagas para contrata\u00e7\u00e3o tempor\u00e1ria"}]},{"@type":"WebSite","@id":"https:\/\/portalmf.com.br\/#website","url":"https:\/\/portalmf.com.br\/","name":"Portal MF","description":"Voc\u00ea conectado com a informa\u00e7\u00e3o","potentialAction":[{"@type":"SearchAction","target":{"@type":"EntryPoint","urlTemplate":"https:\/\/portalmf.com.br\/?s={search_term_string}"},"query-input":"required name=search_term_string"}],"inLanguage":"pt-BR"},{"@type":"Person","@id":"https:\/\/portalmf.com.br\/#\/schema\/person\/11c82086fe8abc05a19147e964587285","name":"Reginaldo J\u00fanior","image":{"@type":"ImageObject","inLanguage":"pt-BR","@id":"https:\/\/portalmf.com.br\/#\/schema\/person\/image\/","url":"https:\/\/secure.gravatar.com\/avatar\/32a3c797cd0ac47cc53b8644c62776f9?s=96&d=mm&r=g","contentUrl":"https:\/\/secure.gravatar.com\/avatar\/32a3c797cd0ac47cc53b8644c62776f9?s=96&d=mm&r=g","caption":"Reginaldo J\u00fanior"},"description":"Jornalista e idealizador Portal MF","sameAs":["https:\/\/portalmf.com.br\/index.php\/author\/reginaldojr\/","reginaldojrfsa","reginaldojuniormf","https:\/\/x.com\/reginaldojrmf"],"url":"https:\/\/portalmf.com.br\/index.php\/author\/reginaldojr\/"}]}},"_links":{"self":[{"href":"https:\/\/portalmf.com.br\/index.php\/wp-json\/wp\/v2\/posts\/2248"}],"collection":[{"href":"https:\/\/portalmf.com.br\/index.php\/wp-json\/wp\/v2\/posts"}],"about":[{"href":"https:\/\/portalmf.com.br\/index.php\/wp-json\/wp\/v2\/types\/post"}],"author":[{"embeddable":true,"href":"https:\/\/portalmf.com.br\/index.php\/wp-json\/wp\/v2\/users\/2"}],"replies":[{"embeddable":true,"href":"https:\/\/portalmf.com.br\/index.php\/wp-json\/wp\/v2\/comments?post=2248"}],"version-history":[{"count":1,"href":"https:\/\/portalmf.com.br\/index.php\/wp-json\/wp\/v2\/posts\/2248\/revisions"}],"predecessor-version":[{"id":2250,"href":"https:\/\/portalmf.com.br\/index.php\/wp-json\/wp\/v2\/posts\/2248\/revisions\/2250"}],"wp:featuredmedia":[{"embeddable":true,"href":"https:\/\/portalmf.com.br\/index.php\/wp-json\/wp\/v2\/media\/2249"}],"wp:attachment":[{"href":"https:\/\/portalmf.com.br\/index.php\/wp-json\/wp\/v2\/media?parent=2248"}],"wp:term":[{"taxonomy":"category","embeddable":true,"href":"https:\/\/portalmf.com.br\/index.php\/wp-json\/wp\/v2\/categories?post=2248"},{"taxonomy":"post_tag","embeddable":true,"href":"https:\/\/portalmf.com.br\/index.php\/wp-json\/wp\/v2\/tags?post=2248"}],"curies":[{"name":"wp","href":"https:\/\/api.w.org\/{rel}","templated":true}]}}