{"id":2245,"date":"2022-07-28T13:12:17","date_gmt":"2022-07-28T16:12:17","guid":{"rendered":"http:\/\/portalmf.com.br\/?p=2245"},"modified":"2022-07-28T13:12:18","modified_gmt":"2022-07-28T16:12:18","slug":"vacinacao-contra-hepatites-e-testes-rapidos-disponiveis-nas-unidades-de-saude","status":"publish","type":"post","link":"https:\/\/portalmf.com.br\/index.php\/2022\/07\/28\/vacinacao-contra-hepatites-e-testes-rapidos-disponiveis-nas-unidades-de-saude\/","title":{"rendered":"Vacina\u00e7\u00e3o contra hepatites e testes r\u00e1pidos dispon\u00edveis nas unidades de sa\u00fade"},"content":{"rendered":"\n<p>Em Feira de Santana, at\u00e9 esta quarta-feira, 27, foram realizados 307 testes r\u00e1pidos para diagn\u00f3stico das hepatites virais durante a campanha Julho Amarelo. Deste total, quatro casos foram confirmados para Hepatite C. Os dados s\u00e3o da Secretaria Municipal de Sa\u00fade.<\/p>\n\n\n\n<p>No Dia Mundial de Luta contra as Hepatites Virais, celebrado nesta quinta-feira, 28, a Secretaria de Sa\u00fade promoveu uma a\u00e7\u00e3o de impacto na Policl\u00ednica do George Am\u00e9rico.<\/p>\n\n\n\n<p>A oferta do exame para diagn\u00f3stico tem sido intensificada pela Prefeitura de Feira, juntamente com a\u00e7\u00f5es educativas e de preven\u00e7\u00e3o durante o m\u00eas nas unidades de sa\u00fade. Testes r\u00e1pidos para diagn\u00f3stico da hepatite B e C tamb\u00e9m s\u00e3o ofertados no Centro de Sa\u00fade Especializado Dr. Leone Coelho L\u00eada (CSE).<\/p>\n\n\n\n<p>J\u00e1 as vacinas contra as hepatites A e B s\u00e3o disponibilizadas nas Unidades B\u00e1sicas de Sa\u00fade (UBSs) e Unidades de Sa\u00fade da Fam\u00edlia (USFs). No entanto, ainda n\u00e3o h\u00e1 vacina contra a hepatite C.<\/p>\n\n\n\n<p>Aproximadamente 2 mil pacientes s\u00e3o acompanhados pelo Programa Municipal de Hepatites Virais, localizado no CSE. Os pacientes s\u00e3o cadastrados e acompanhados por uma equipe multidisciplinar formada por m\u00e9dico cl\u00ednico, hematologista, infectologista, enfermeiro, nutricionista, psic\u00f3logo, assistente social e farmac\u00eautico.<\/p>\n\n\n\n<p>A hepatite \u00e9 uma infec\u00e7\u00e3o que ataca principalmente o f\u00edgado e pode provocar consequ\u00eancias graves, como cirrose, c\u00e2ncer e ocasionar a morte se n\u00e3o diagnosticada e tratada.<\/p>\n\n\n\n<p>Com informa\u00e7\u00f5es da Secom<\/p>\n","protected":false},"excerpt":{"rendered":"<p>Em Feira de Santana, at\u00e9 esta quarta-feira, 27, foram realizados 307 testes r\u00e1pidos para diagn\u00f3stico das hepatites virais durante a campanha Julho Amarelo. Deste total, quatro casos foram confirmados para Hepatite C. Os dados s\u00e3o da Secretaria Municipal de Sa\u00fade. No Dia Mundial de Luta contra as Hepatites Virais, celebrado nesta quinta-feira, 28, a Secretaria [&hellip;]<\/p>\n","protected":false},"author":2,"featured_media":2246,"comment_status":"open","ping_status":"open","sticky":false,"template":"","format":"standard","meta":{"_monsterinsights_skip_tracking":false,"_monsterinsights_sitenote_active":false,"_monsterinsights_sitenote_note":"","_monsterinsights_sitenote_category":0,"footnotes":""},"categories":[34],"tags":[],"yoast_head":"<!-- This site is optimized with the Yoast SEO plugin v22.9 - https:\/\/yoast.com\/wordpress\/plugins\/seo\/ -->\n<title>Vacina\u00e7\u00e3o contra hepatites e testes r\u00e1pidos dispon\u00edveis nas unidades de sa\u00fade - Portal MF<\/title>\n<meta name=\"robots\" content=\"index, follow, max-snippet:-1, max-image-preview:large, max-video-preview:-1\" \/>\n<link rel=\"canonical\" href=\"https:\/\/portalmf.com.br\/index.php\/2022\/07\/28\/vacinacao-contra-hepatites-e-testes-rapidos-disponiveis-nas-unidades-de-saude\/\" \/>\n<meta property=\"og:locale\" content=\"pt_BR\" \/>\n<meta property=\"og:type\" content=\"article\" \/>\n<meta property=\"og:title\" content=\"Vacina\u00e7\u00e3o contra hepatites e testes r\u00e1pidos dispon\u00edveis nas unidades de sa\u00fade - Portal MF\" \/>\n<meta property=\"og:description\" content=\"Em Feira de Santana, at\u00e9 esta quarta-feira, 27, foram realizados 307 testes r\u00e1pidos para diagn\u00f3stico das hepatites virais durante a campanha Julho Amarelo. Deste total, quatro casos foram confirmados para Hepatite C. Os dados s\u00e3o da Secretaria Municipal de Sa\u00fade. No Dia Mundial de Luta contra as Hepatites Virais, celebrado nesta quinta-feira, 28, a Secretaria [&hellip;]\" \/>\n<meta property=\"og:url\" content=\"https:\/\/portalmf.com.br\/index.php\/2022\/07\/28\/vacinacao-contra-hepatites-e-testes-rapidos-disponiveis-nas-unidades-de-saude\/\" \/>\n<meta property=\"og:site_name\" content=\"Portal MF\" \/>\n<meta property=\"article:author\" content=\"reginaldojrfsa\" \/>\n<meta property=\"article:published_time\" content=\"2022-07-28T16:12:17+00:00\" \/>\n<meta property=\"article:modified_time\" content=\"2022-07-28T16:12:18+00:00\" \/>\n<meta property=\"og:image\" content=\"https:\/\/portalmf.com.br\/wp-content\/uploads\/2022\/07\/28072022111734.jpg\" \/>\n\t<meta property=\"og:image:width\" content=\"1306\" \/>\n\t<meta property=\"og:image:height\" content=\"660\" \/>\n\t<meta property=\"og:image:type\" content=\"image\/jpeg\" \/>\n<meta name=\"author\" content=\"Reginaldo J\u00fanior\" \/>\n<meta name=\"twitter:card\" content=\"summary_large_image\" \/>\n<meta name=\"twitter:creator\" content=\"@reginaldojrmf\" \/>\n<meta name=\"twitter:label1\" content=\"Escrito por\" \/>\n\t<meta name=\"twitter:data1\" content=\"Reginaldo J\u00fanior\" \/>\n\t<meta name=\"twitter:label2\" content=\"Est. tempo de leitura\" \/>\n\t<meta name=\"twitter:data2\" content=\"1 minuto\" \/>\n<script type=\"application\/ld+json\" class=\"yoast-schema-graph\">{\"@context\":\"https:\/\/schema.org\",\"@graph\":[{\"@type\":\"WebPage\",\"@id\":\"https:\/\/portalmf.com.br\/index.php\/2022\/07\/28\/vacinacao-contra-hepatites-e-testes-rapidos-disponiveis-nas-unidades-de-saude\/\",\"url\":\"https:\/\/portalmf.com.br\/index.php\/2022\/07\/28\/vacinacao-contra-hepatites-e-testes-rapidos-disponiveis-nas-unidades-de-saude\/\",\"name\":\"Vacina\u00e7\u00e3o contra hepatites e testes r\u00e1pidos dispon\u00edveis nas unidades de sa\u00fade - Portal MF\",\"isPartOf\":{\"@id\":\"https:\/\/portalmf.com.br\/#website\"},\"primaryImageOfPage\":{\"@id\":\"https:\/\/portalmf.com.br\/index.php\/2022\/07\/28\/vacinacao-contra-hepatites-e-testes-rapidos-disponiveis-nas-unidades-de-saude\/#primaryimage\"},\"image\":{\"@id\":\"https:\/\/portalmf.com.br\/index.php\/2022\/07\/28\/vacinacao-contra-hepatites-e-testes-rapidos-disponiveis-nas-unidades-de-saude\/#primaryimage\"},\"thumbnailUrl\":\"https:\/\/portalmf.com.br\/wp-content\/uploads\/2022\/07\/28072022111734.jpg\",\"datePublished\":\"2022-07-28T16:12:17+00:00\",\"dateModified\":\"2022-07-28T16:12:18+00:00\",\"author\":{\"@id\":\"https:\/\/portalmf.com.br\/#\/schema\/person\/11c82086fe8abc05a19147e964587285\"},\"breadcrumb\":{\"@id\":\"https:\/\/portalmf.com.br\/index.php\/2022\/07\/28\/vacinacao-contra-hepatites-e-testes-rapidos-disponiveis-nas-unidades-de-saude\/#breadcrumb\"},\"inLanguage\":\"pt-BR\",\"potentialAction\":[{\"@type\":\"ReadAction\",\"target\":[\"https:\/\/portalmf.com.br\/index.php\/2022\/07\/28\/vacinacao-contra-hepatites-e-testes-rapidos-disponiveis-nas-unidades-de-saude\/\"]}]},{\"@type\":\"ImageObject\",\"inLanguage\":\"pt-BR\",\"@id\":\"https:\/\/portalmf.com.br\/index.php\/2022\/07\/28\/vacinacao-contra-hepatites-e-testes-rapidos-disponiveis-nas-unidades-de-saude\/#primaryimage\",\"url\":\"https:\/\/portalmf.com.br\/wp-content\/uploads\/2022\/07\/28072022111734.jpg\",\"contentUrl\":\"https:\/\/portalmf.com.br\/wp-content\/uploads\/2022\/07\/28072022111734.jpg\",\"width\":1306,\"height\":660,\"caption\":\"Foto: Raylle Ketlly\/ Arquivo\"},{\"@type\":\"BreadcrumbList\",\"@id\":\"https:\/\/portalmf.com.br\/index.php\/2022\/07\/28\/vacinacao-contra-hepatites-e-testes-rapidos-disponiveis-nas-unidades-de-saude\/#breadcrumb\",\"itemListElement\":[{\"@type\":\"ListItem\",\"position\":1,\"name\":\"In\u00edcio\",\"item\":\"https:\/\/portalmf.com.br\/\"},{\"@type\":\"ListItem\",\"position\":2,\"name\":\"Vacina\u00e7\u00e3o contra hepatites e testes r\u00e1pidos dispon\u00edveis nas unidades de sa\u00fade\"}]},{\"@type\":\"WebSite\",\"@id\":\"https:\/\/portalmf.com.br\/#website\",\"url\":\"https:\/\/portalmf.com.br\/\",\"name\":\"Portal MF\",\"description\":\"Voc\u00ea conectado com a informa\u00e7\u00e3o\",\"potentialAction\":[{\"@type\":\"SearchAction\",\"target\":{\"@type\":\"EntryPoint\",\"urlTemplate\":\"https:\/\/portalmf.com.br\/?s={search_term_string}\"},\"query-input\":\"required name=search_term_string\"}],\"inLanguage\":\"pt-BR\"},{\"@type\":\"Person\",\"@id\":\"https:\/\/portalmf.com.br\/#\/schema\/person\/11c82086fe8abc05a19147e964587285\",\"name\":\"Reginaldo J\u00fanior\",\"image\":{\"@type\":\"ImageObject\",\"inLanguage\":\"pt-BR\",\"@id\":\"https:\/\/portalmf.com.br\/#\/schema\/person\/image\/\",\"url\":\"https:\/\/secure.gravatar.com\/avatar\/32a3c797cd0ac47cc53b8644c62776f9?s=96&d=mm&r=g\",\"contentUrl\":\"https:\/\/secure.gravatar.com\/avatar\/32a3c797cd0ac47cc53b8644c62776f9?s=96&d=mm&r=g\",\"caption\":\"Reginaldo J\u00fanior\"},\"description\":\"Jornalista e idealizador Portal MF\",\"sameAs\":[\"https:\/\/portalmf.com.br\/index.php\/author\/reginaldojr\/\",\"reginaldojrfsa\",\"reginaldojuniormf\",\"https:\/\/x.com\/reginaldojrmf\"],\"url\":\"https:\/\/portalmf.com.br\/index.php\/author\/reginaldojr\/\"}]}<\/script>\n<!-- \/ Yoast SEO plugin. -->","yoast_head_json":{"title":"Vacina\u00e7\u00e3o contra hepatites e testes r\u00e1pidos dispon\u00edveis nas unidades de sa\u00fade - Portal MF","robots":{"index":"index","follow":"follow","max-snippet":"max-snippet:-1","max-image-preview":"max-image-preview:large","max-video-preview":"max-video-preview:-1"},"canonical":"https:\/\/portalmf.com.br\/index.php\/2022\/07\/28\/vacinacao-contra-hepatites-e-testes-rapidos-disponiveis-nas-unidades-de-saude\/","og_locale":"pt_BR","og_type":"article","og_title":"Vacina\u00e7\u00e3o contra hepatites e testes r\u00e1pidos dispon\u00edveis nas unidades de sa\u00fade - Portal MF","og_description":"Em Feira de Santana, at\u00e9 esta quarta-feira, 27, foram realizados 307 testes r\u00e1pidos para diagn\u00f3stico das hepatites virais durante a campanha Julho Amarelo. Deste total, quatro casos foram confirmados para Hepatite C. Os dados s\u00e3o da Secretaria Municipal de Sa\u00fade. No Dia Mundial de Luta contra as Hepatites Virais, celebrado nesta quinta-feira, 28, a Secretaria [&hellip;]","og_url":"https:\/\/portalmf.com.br\/index.php\/2022\/07\/28\/vacinacao-contra-hepatites-e-testes-rapidos-disponiveis-nas-unidades-de-saude\/","og_site_name":"Portal MF","article_author":"reginaldojrfsa","article_published_time":"2022-07-28T16:12:17+00:00","article_modified_time":"2022-07-28T16:12:18+00:00","og_image":[{"width":1306,"height":660,"url":"https:\/\/portalmf.com.br\/wp-content\/uploads\/2022\/07\/28072022111734.jpg","type":"image\/jpeg"}],"author":"Reginaldo J\u00fanior","twitter_card":"summary_large_image","twitter_creator":"@reginaldojrmf","twitter_misc":{"Escrito por":"Reginaldo J\u00fanior","Est. tempo de leitura":"1 minuto"},"schema":{"@context":"https:\/\/schema.org","@graph":[{"@type":"WebPage","@id":"https:\/\/portalmf.com.br\/index.php\/2022\/07\/28\/vacinacao-contra-hepatites-e-testes-rapidos-disponiveis-nas-unidades-de-saude\/","url":"https:\/\/portalmf.com.br\/index.php\/2022\/07\/28\/vacinacao-contra-hepatites-e-testes-rapidos-disponiveis-nas-unidades-de-saude\/","name":"Vacina\u00e7\u00e3o contra hepatites e testes r\u00e1pidos dispon\u00edveis nas unidades de sa\u00fade - Portal MF","isPartOf":{"@id":"https:\/\/portalmf.com.br\/#website"},"primaryImageOfPage":{"@id":"https:\/\/portalmf.com.br\/index.php\/2022\/07\/28\/vacinacao-contra-hepatites-e-testes-rapidos-disponiveis-nas-unidades-de-saude\/#primaryimage"},"image":{"@id":"https:\/\/portalmf.com.br\/index.php\/2022\/07\/28\/vacinacao-contra-hepatites-e-testes-rapidos-disponiveis-nas-unidades-de-saude\/#primaryimage"},"thumbnailUrl":"https:\/\/portalmf.com.br\/wp-content\/uploads\/2022\/07\/28072022111734.jpg","datePublished":"2022-07-28T16:12:17+00:00","dateModified":"2022-07-28T16:12:18+00:00","author":{"@id":"https:\/\/portalmf.com.br\/#\/schema\/person\/11c82086fe8abc05a19147e964587285"},"breadcrumb":{"@id":"https:\/\/portalmf.com.br\/index.php\/2022\/07\/28\/vacinacao-contra-hepatites-e-testes-rapidos-disponiveis-nas-unidades-de-saude\/#breadcrumb"},"inLanguage":"pt-BR","potentialAction":[{"@type":"ReadAction","target":["https:\/\/portalmf.com.br\/index.php\/2022\/07\/28\/vacinacao-contra-hepatites-e-testes-rapidos-disponiveis-nas-unidades-de-saude\/"]}]},{"@type":"ImageObject","inLanguage":"pt-BR","@id":"https:\/\/portalmf.com.br\/index.php\/2022\/07\/28\/vacinacao-contra-hepatites-e-testes-rapidos-disponiveis-nas-unidades-de-saude\/#primaryimage","url":"https:\/\/portalmf.com.br\/wp-content\/uploads\/2022\/07\/28072022111734.jpg","contentUrl":"https:\/\/portalmf.com.br\/wp-content\/uploads\/2022\/07\/28072022111734.jpg","width":1306,"height":660,"caption":"Foto: Raylle Ketlly\/ Arquivo"},{"@type":"BreadcrumbList","@id":"https:\/\/portalmf.com.br\/index.php\/2022\/07\/28\/vacinacao-contra-hepatites-e-testes-rapidos-disponiveis-nas-unidades-de-saude\/#breadcrumb","itemListElement":[{"@type":"ListItem","position":1,"name":"In\u00edcio","item":"https:\/\/portalmf.com.br\/"},{"@type":"ListItem","position":2,"name":"Vacina\u00e7\u00e3o contra hepatites e testes r\u00e1pidos dispon\u00edveis nas unidades de sa\u00fade"}]},{"@type":"WebSite","@id":"https:\/\/portalmf.com.br\/#website","url":"https:\/\/portalmf.com.br\/","name":"Portal MF","description":"Voc\u00ea conectado com a informa\u00e7\u00e3o","potentialAction":[{"@type":"SearchAction","target":{"@type":"EntryPoint","urlTemplate":"https:\/\/portalmf.com.br\/?s={search_term_string}"},"query-input":"required name=search_term_string"}],"inLanguage":"pt-BR"},{"@type":"Person","@id":"https:\/\/portalmf.com.br\/#\/schema\/person\/11c82086fe8abc05a19147e964587285","name":"Reginaldo J\u00fanior","image":{"@type":"ImageObject","inLanguage":"pt-BR","@id":"https:\/\/portalmf.com.br\/#\/schema\/person\/image\/","url":"https:\/\/secure.gravatar.com\/avatar\/32a3c797cd0ac47cc53b8644c62776f9?s=96&d=mm&r=g","contentUrl":"https:\/\/secure.gravatar.com\/avatar\/32a3c797cd0ac47cc53b8644c62776f9?s=96&d=mm&r=g","caption":"Reginaldo J\u00fanior"},"description":"Jornalista e idealizador Portal MF","sameAs":["https:\/\/portalmf.com.br\/index.php\/author\/reginaldojr\/","reginaldojrfsa","reginaldojuniormf","https:\/\/x.com\/reginaldojrmf"],"url":"https:\/\/portalmf.com.br\/index.php\/author\/reginaldojr\/"}]}},"_links":{"self":[{"href":"https:\/\/portalmf.com.br\/index.php\/wp-json\/wp\/v2\/posts\/2245"}],"collection":[{"href":"https:\/\/portalmf.com.br\/index.php\/wp-json\/wp\/v2\/posts"}],"about":[{"href":"https:\/\/portalmf.com.br\/index.php\/wp-json\/wp\/v2\/types\/post"}],"author":[{"embeddable":true,"href":"https:\/\/portalmf.com.br\/index.php\/wp-json\/wp\/v2\/users\/2"}],"replies":[{"embeddable":true,"href":"https:\/\/portalmf.com.br\/index.php\/wp-json\/wp\/v2\/comments?post=2245"}],"version-history":[{"count":1,"href":"https:\/\/portalmf.com.br\/index.php\/wp-json\/wp\/v2\/posts\/2245\/revisions"}],"predecessor-version":[{"id":2247,"href":"https:\/\/portalmf.com.br\/index.php\/wp-json\/wp\/v2\/posts\/2245\/revisions\/2247"}],"wp:featuredmedia":[{"embeddable":true,"href":"https:\/\/portalmf.com.br\/index.php\/wp-json\/wp\/v2\/media\/2246"}],"wp:attachment":[{"href":"https:\/\/portalmf.com.br\/index.php\/wp-json\/wp\/v2\/media?parent=2245"}],"wp:term":[{"taxonomy":"category","embeddable":true,"href":"https:\/\/portalmf.com.br\/index.php\/wp-json\/wp\/v2\/categories?post=2245"},{"taxonomy":"post_tag","embeddable":true,"href":"https:\/\/portalmf.com.br\/index.php\/wp-json\/wp\/v2\/tags?post=2245"}],"curies":[{"name":"wp","href":"https:\/\/api.w.org\/{rel}","templated":true}]}}