{"id":2242,"date":"2022-07-28T13:09:07","date_gmt":"2022-07-28T16:09:07","guid":{"rendered":"http:\/\/portalmf.com.br\/?p=2242"},"modified":"2022-07-28T13:09:09","modified_gmt":"2022-07-28T16:09:09","slug":"feira-ja-vacinou-quase-200-mil-pessoas-contra-a-gripe","status":"publish","type":"post","link":"https:\/\/portalmf.com.br\/index.php\/2022\/07\/28\/feira-ja-vacinou-quase-200-mil-pessoas-contra-a-gripe\/","title":{"rendered":"Feira j\u00e1 vacinou quase 200 mil pessoas contra a gripe"},"content":{"rendered":"\n<p>A vacina\u00e7\u00e3o contra a gripe (Influenza) continua para pessoas a partir dos seis meses de idade em Feira de Santana. J\u00e1 s\u00e3o mais de 198.547 mil vacinas aplicadas no munic\u00edpio desde o in\u00edcio da campanha, em 4 de abril.<\/p>\n\n\n\n<p>Vale destacar que&nbsp;aqueles que j\u00e1 foram vacinados nos anos anteriores devem receber a dose novamente. A meta \u00e9 vacinar 95% do p\u00fablico alvo.<\/p>\n\n\n\n<p>As doses est\u00e3o dispon\u00edveis nas Unidades B\u00e1sicas de Sa\u00fade (UBSs) e Unidades de Sa\u00fade da Fam\u00edlia (USFs), localizadas nas zonas urbana e rural. Para receber a vacina \u00e9 necess\u00e1rio apresentar o documento de identidade, a caderneta de vacina\u00e7\u00e3o e o cart\u00e3o SUS.<br><br>A imuniza\u00e7\u00e3o contra a gripe previne o surgimento de complica\u00e7\u00f5es decorrentes da doen\u00e7a, \u00f3bitos, interna\u00e7\u00f5es e a sobrecarga nos servi\u00e7os de sa\u00fade, al\u00e9m de reduzir os sintomas que podem ser confundidos com os da Covid-19.<br><br>De acordo com a Vigil\u00e2ncia Epidemiol\u00f3gica da Secretaria de Sa\u00fade, em 2021, Feira de Santana confirmou 240 casos de Influenza.<\/p>\n\n\n\n<p>Com informa\u00e7\u00f5es da Secom<\/p>\n","protected":false},"excerpt":{"rendered":"<p>A vacina\u00e7\u00e3o contra a gripe (Influenza) continua para pessoas a partir dos seis meses de idade em Feira de Santana. J\u00e1 s\u00e3o mais de 198.547 mil vacinas aplicadas no munic\u00edpio desde o in\u00edcio da campanha, em 4 de abril. Vale destacar que&nbsp;aqueles que j\u00e1 foram vacinados nos anos anteriores devem receber a dose novamente. A [&hellip;]<\/p>\n","protected":false},"author":2,"featured_media":2243,"comment_status":"open","ping_status":"open","sticky":false,"template":"","format":"standard","meta":{"_monsterinsights_skip_tracking":false,"_monsterinsights_sitenote_active":false,"_monsterinsights_sitenote_note":"","_monsterinsights_sitenote_category":0,"footnotes":""},"categories":[34],"tags":[],"yoast_head":"<!-- This site is optimized with the Yoast SEO plugin v22.9 - https:\/\/yoast.com\/wordpress\/plugins\/seo\/ -->\n<title>Feira j\u00e1 vacinou quase 200 mil pessoas contra a gripe - Portal MF<\/title>\n<meta name=\"robots\" content=\"index, follow, max-snippet:-1, max-image-preview:large, max-video-preview:-1\" \/>\n<link rel=\"canonical\" href=\"https:\/\/portalmf.com.br\/index.php\/2022\/07\/28\/feira-ja-vacinou-quase-200-mil-pessoas-contra-a-gripe\/\" \/>\n<meta property=\"og:locale\" content=\"pt_BR\" \/>\n<meta property=\"og:type\" content=\"article\" \/>\n<meta property=\"og:title\" content=\"Feira j\u00e1 vacinou quase 200 mil pessoas contra a gripe - Portal MF\" \/>\n<meta property=\"og:description\" content=\"A vacina\u00e7\u00e3o contra a gripe (Influenza) continua para pessoas a partir dos seis meses de idade em Feira de Santana. J\u00e1 s\u00e3o mais de 198.547 mil vacinas aplicadas no munic\u00edpio desde o in\u00edcio da campanha, em 4 de abril. Vale destacar que&nbsp;aqueles que j\u00e1 foram vacinados nos anos anteriores devem receber a dose novamente. A [&hellip;]\" \/>\n<meta property=\"og:url\" content=\"https:\/\/portalmf.com.br\/index.php\/2022\/07\/28\/feira-ja-vacinou-quase-200-mil-pessoas-contra-a-gripe\/\" \/>\n<meta property=\"og:site_name\" content=\"Portal MF\" \/>\n<meta property=\"article:author\" content=\"reginaldojrfsa\" \/>\n<meta property=\"article:published_time\" content=\"2022-07-28T16:09:07+00:00\" \/>\n<meta property=\"article:modified_time\" content=\"2022-07-28T16:09:09+00:00\" \/>\n<meta property=\"og:image\" content=\"https:\/\/portalmf.com.br\/wp-content\/uploads\/2022\/07\/28072022082928.jpg\" \/>\n\t<meta property=\"og:image:width\" content=\"1306\" \/>\n\t<meta property=\"og:image:height\" content=\"660\" \/>\n\t<meta property=\"og:image:type\" content=\"image\/jpeg\" \/>\n<meta name=\"author\" content=\"Reginaldo J\u00fanior\" \/>\n<meta name=\"twitter:card\" content=\"summary_large_image\" \/>\n<meta name=\"twitter:creator\" content=\"@reginaldojrmf\" \/>\n<meta name=\"twitter:label1\" content=\"Escrito por\" \/>\n\t<meta name=\"twitter:data1\" content=\"Reginaldo J\u00fanior\" \/>\n\t<meta name=\"twitter:label2\" content=\"Est. tempo de leitura\" \/>\n\t<meta name=\"twitter:data2\" content=\"1 minuto\" \/>\n<script type=\"application\/ld+json\" class=\"yoast-schema-graph\">{\"@context\":\"https:\/\/schema.org\",\"@graph\":[{\"@type\":\"WebPage\",\"@id\":\"https:\/\/portalmf.com.br\/index.php\/2022\/07\/28\/feira-ja-vacinou-quase-200-mil-pessoas-contra-a-gripe\/\",\"url\":\"https:\/\/portalmf.com.br\/index.php\/2022\/07\/28\/feira-ja-vacinou-quase-200-mil-pessoas-contra-a-gripe\/\",\"name\":\"Feira j\u00e1 vacinou quase 200 mil pessoas contra a gripe - Portal MF\",\"isPartOf\":{\"@id\":\"https:\/\/portalmf.com.br\/#website\"},\"primaryImageOfPage\":{\"@id\":\"https:\/\/portalmf.com.br\/index.php\/2022\/07\/28\/feira-ja-vacinou-quase-200-mil-pessoas-contra-a-gripe\/#primaryimage\"},\"image\":{\"@id\":\"https:\/\/portalmf.com.br\/index.php\/2022\/07\/28\/feira-ja-vacinou-quase-200-mil-pessoas-contra-a-gripe\/#primaryimage\"},\"thumbnailUrl\":\"https:\/\/portalmf.com.br\/wp-content\/uploads\/2022\/07\/28072022082928.jpg\",\"datePublished\":\"2022-07-28T16:09:07+00:00\",\"dateModified\":\"2022-07-28T16:09:09+00:00\",\"author\":{\"@id\":\"https:\/\/portalmf.com.br\/#\/schema\/person\/11c82086fe8abc05a19147e964587285\"},\"breadcrumb\":{\"@id\":\"https:\/\/portalmf.com.br\/index.php\/2022\/07\/28\/feira-ja-vacinou-quase-200-mil-pessoas-contra-a-gripe\/#breadcrumb\"},\"inLanguage\":\"pt-BR\",\"potentialAction\":[{\"@type\":\"ReadAction\",\"target\":[\"https:\/\/portalmf.com.br\/index.php\/2022\/07\/28\/feira-ja-vacinou-quase-200-mil-pessoas-contra-a-gripe\/\"]}]},{\"@type\":\"ImageObject\",\"inLanguage\":\"pt-BR\",\"@id\":\"https:\/\/portalmf.com.br\/index.php\/2022\/07\/28\/feira-ja-vacinou-quase-200-mil-pessoas-contra-a-gripe\/#primaryimage\",\"url\":\"https:\/\/portalmf.com.br\/wp-content\/uploads\/2022\/07\/28072022082928.jpg\",\"contentUrl\":\"https:\/\/portalmf.com.br\/wp-content\/uploads\/2022\/07\/28072022082928.jpg\",\"width\":1306,\"height\":660,\"caption\":\"Foto: Thiago Paix\u00e3o\"},{\"@type\":\"BreadcrumbList\",\"@id\":\"https:\/\/portalmf.com.br\/index.php\/2022\/07\/28\/feira-ja-vacinou-quase-200-mil-pessoas-contra-a-gripe\/#breadcrumb\",\"itemListElement\":[{\"@type\":\"ListItem\",\"position\":1,\"name\":\"In\u00edcio\",\"item\":\"https:\/\/portalmf.com.br\/\"},{\"@type\":\"ListItem\",\"position\":2,\"name\":\"Feira j\u00e1 vacinou quase 200 mil pessoas contra a gripe\"}]},{\"@type\":\"WebSite\",\"@id\":\"https:\/\/portalmf.com.br\/#website\",\"url\":\"https:\/\/portalmf.com.br\/\",\"name\":\"Portal MF\",\"description\":\"Voc\u00ea conectado com a informa\u00e7\u00e3o\",\"potentialAction\":[{\"@type\":\"SearchAction\",\"target\":{\"@type\":\"EntryPoint\",\"urlTemplate\":\"https:\/\/portalmf.com.br\/?s={search_term_string}\"},\"query-input\":\"required name=search_term_string\"}],\"inLanguage\":\"pt-BR\"},{\"@type\":\"Person\",\"@id\":\"https:\/\/portalmf.com.br\/#\/schema\/person\/11c82086fe8abc05a19147e964587285\",\"name\":\"Reginaldo J\u00fanior\",\"image\":{\"@type\":\"ImageObject\",\"inLanguage\":\"pt-BR\",\"@id\":\"https:\/\/portalmf.com.br\/#\/schema\/person\/image\/\",\"url\":\"https:\/\/secure.gravatar.com\/avatar\/32a3c797cd0ac47cc53b8644c62776f9?s=96&d=mm&r=g\",\"contentUrl\":\"https:\/\/secure.gravatar.com\/avatar\/32a3c797cd0ac47cc53b8644c62776f9?s=96&d=mm&r=g\",\"caption\":\"Reginaldo J\u00fanior\"},\"description\":\"Jornalista e idealizador Portal MF\",\"sameAs\":[\"https:\/\/portalmf.com.br\/index.php\/author\/reginaldojr\/\",\"reginaldojrfsa\",\"reginaldojuniormf\",\"https:\/\/x.com\/reginaldojrmf\"],\"url\":\"https:\/\/portalmf.com.br\/index.php\/author\/reginaldojr\/\"}]}<\/script>\n<!-- \/ Yoast SEO plugin. -->","yoast_head_json":{"title":"Feira j\u00e1 vacinou quase 200 mil pessoas contra a gripe - Portal MF","robots":{"index":"index","follow":"follow","max-snippet":"max-snippet:-1","max-image-preview":"max-image-preview:large","max-video-preview":"max-video-preview:-1"},"canonical":"https:\/\/portalmf.com.br\/index.php\/2022\/07\/28\/feira-ja-vacinou-quase-200-mil-pessoas-contra-a-gripe\/","og_locale":"pt_BR","og_type":"article","og_title":"Feira j\u00e1 vacinou quase 200 mil pessoas contra a gripe - Portal MF","og_description":"A vacina\u00e7\u00e3o contra a gripe (Influenza) continua para pessoas a partir dos seis meses de idade em Feira de Santana. J\u00e1 s\u00e3o mais de 198.547 mil vacinas aplicadas no munic\u00edpio desde o in\u00edcio da campanha, em 4 de abril. Vale destacar que&nbsp;aqueles que j\u00e1 foram vacinados nos anos anteriores devem receber a dose novamente. A [&hellip;]","og_url":"https:\/\/portalmf.com.br\/index.php\/2022\/07\/28\/feira-ja-vacinou-quase-200-mil-pessoas-contra-a-gripe\/","og_site_name":"Portal MF","article_author":"reginaldojrfsa","article_published_time":"2022-07-28T16:09:07+00:00","article_modified_time":"2022-07-28T16:09:09+00:00","og_image":[{"width":1306,"height":660,"url":"https:\/\/portalmf.com.br\/wp-content\/uploads\/2022\/07\/28072022082928.jpg","type":"image\/jpeg"}],"author":"Reginaldo J\u00fanior","twitter_card":"summary_large_image","twitter_creator":"@reginaldojrmf","twitter_misc":{"Escrito por":"Reginaldo J\u00fanior","Est. tempo de leitura":"1 minuto"},"schema":{"@context":"https:\/\/schema.org","@graph":[{"@type":"WebPage","@id":"https:\/\/portalmf.com.br\/index.php\/2022\/07\/28\/feira-ja-vacinou-quase-200-mil-pessoas-contra-a-gripe\/","url":"https:\/\/portalmf.com.br\/index.php\/2022\/07\/28\/feira-ja-vacinou-quase-200-mil-pessoas-contra-a-gripe\/","name":"Feira j\u00e1 vacinou quase 200 mil pessoas contra a gripe - Portal MF","isPartOf":{"@id":"https:\/\/portalmf.com.br\/#website"},"primaryImageOfPage":{"@id":"https:\/\/portalmf.com.br\/index.php\/2022\/07\/28\/feira-ja-vacinou-quase-200-mil-pessoas-contra-a-gripe\/#primaryimage"},"image":{"@id":"https:\/\/portalmf.com.br\/index.php\/2022\/07\/28\/feira-ja-vacinou-quase-200-mil-pessoas-contra-a-gripe\/#primaryimage"},"thumbnailUrl":"https:\/\/portalmf.com.br\/wp-content\/uploads\/2022\/07\/28072022082928.jpg","datePublished":"2022-07-28T16:09:07+00:00","dateModified":"2022-07-28T16:09:09+00:00","author":{"@id":"https:\/\/portalmf.com.br\/#\/schema\/person\/11c82086fe8abc05a19147e964587285"},"breadcrumb":{"@id":"https:\/\/portalmf.com.br\/index.php\/2022\/07\/28\/feira-ja-vacinou-quase-200-mil-pessoas-contra-a-gripe\/#breadcrumb"},"inLanguage":"pt-BR","potentialAction":[{"@type":"ReadAction","target":["https:\/\/portalmf.com.br\/index.php\/2022\/07\/28\/feira-ja-vacinou-quase-200-mil-pessoas-contra-a-gripe\/"]}]},{"@type":"ImageObject","inLanguage":"pt-BR","@id":"https:\/\/portalmf.com.br\/index.php\/2022\/07\/28\/feira-ja-vacinou-quase-200-mil-pessoas-contra-a-gripe\/#primaryimage","url":"https:\/\/portalmf.com.br\/wp-content\/uploads\/2022\/07\/28072022082928.jpg","contentUrl":"https:\/\/portalmf.com.br\/wp-content\/uploads\/2022\/07\/28072022082928.jpg","width":1306,"height":660,"caption":"Foto: Thiago Paix\u00e3o"},{"@type":"BreadcrumbList","@id":"https:\/\/portalmf.com.br\/index.php\/2022\/07\/28\/feira-ja-vacinou-quase-200-mil-pessoas-contra-a-gripe\/#breadcrumb","itemListElement":[{"@type":"ListItem","position":1,"name":"In\u00edcio","item":"https:\/\/portalmf.com.br\/"},{"@type":"ListItem","position":2,"name":"Feira j\u00e1 vacinou quase 200 mil pessoas contra a gripe"}]},{"@type":"WebSite","@id":"https:\/\/portalmf.com.br\/#website","url":"https:\/\/portalmf.com.br\/","name":"Portal MF","description":"Voc\u00ea conectado com a informa\u00e7\u00e3o","potentialAction":[{"@type":"SearchAction","target":{"@type":"EntryPoint","urlTemplate":"https:\/\/portalmf.com.br\/?s={search_term_string}"},"query-input":"required name=search_term_string"}],"inLanguage":"pt-BR"},{"@type":"Person","@id":"https:\/\/portalmf.com.br\/#\/schema\/person\/11c82086fe8abc05a19147e964587285","name":"Reginaldo J\u00fanior","image":{"@type":"ImageObject","inLanguage":"pt-BR","@id":"https:\/\/portalmf.com.br\/#\/schema\/person\/image\/","url":"https:\/\/secure.gravatar.com\/avatar\/32a3c797cd0ac47cc53b8644c62776f9?s=96&d=mm&r=g","contentUrl":"https:\/\/secure.gravatar.com\/avatar\/32a3c797cd0ac47cc53b8644c62776f9?s=96&d=mm&r=g","caption":"Reginaldo J\u00fanior"},"description":"Jornalista e idealizador Portal MF","sameAs":["https:\/\/portalmf.com.br\/index.php\/author\/reginaldojr\/","reginaldojrfsa","reginaldojuniormf","https:\/\/x.com\/reginaldojrmf"],"url":"https:\/\/portalmf.com.br\/index.php\/author\/reginaldojr\/"}]}},"_links":{"self":[{"href":"https:\/\/portalmf.com.br\/index.php\/wp-json\/wp\/v2\/posts\/2242"}],"collection":[{"href":"https:\/\/portalmf.com.br\/index.php\/wp-json\/wp\/v2\/posts"}],"about":[{"href":"https:\/\/portalmf.com.br\/index.php\/wp-json\/wp\/v2\/types\/post"}],"author":[{"embeddable":true,"href":"https:\/\/portalmf.com.br\/index.php\/wp-json\/wp\/v2\/users\/2"}],"replies":[{"embeddable":true,"href":"https:\/\/portalmf.com.br\/index.php\/wp-json\/wp\/v2\/comments?post=2242"}],"version-history":[{"count":1,"href":"https:\/\/portalmf.com.br\/index.php\/wp-json\/wp\/v2\/posts\/2242\/revisions"}],"predecessor-version":[{"id":2244,"href":"https:\/\/portalmf.com.br\/index.php\/wp-json\/wp\/v2\/posts\/2242\/revisions\/2244"}],"wp:featuredmedia":[{"embeddable":true,"href":"https:\/\/portalmf.com.br\/index.php\/wp-json\/wp\/v2\/media\/2243"}],"wp:attachment":[{"href":"https:\/\/portalmf.com.br\/index.php\/wp-json\/wp\/v2\/media?parent=2242"}],"wp:term":[{"taxonomy":"category","embeddable":true,"href":"https:\/\/portalmf.com.br\/index.php\/wp-json\/wp\/v2\/categories?post=2242"},{"taxonomy":"post_tag","embeddable":true,"href":"https:\/\/portalmf.com.br\/index.php\/wp-json\/wp\/v2\/tags?post=2242"}],"curies":[{"name":"wp","href":"https:\/\/api.w.org\/{rel}","templated":true}]}}