{"id":22391,"date":"2024-01-23T17:39:38","date_gmt":"2024-01-23T20:39:38","guid":{"rendered":"https:\/\/portalmf.com.br\/?p=22391"},"modified":"2024-01-23T17:39:43","modified_gmt":"2024-01-23T20:39:43","slug":"prefeitura-de-santo-amaro-afasta-funcionarias-da-santa-casa-apos-episodio-envolvendo-recem-nascido","status":"publish","type":"post","link":"https:\/\/portalmf.com.br\/index.php\/2024\/01\/23\/prefeitura-de-santo-amaro-afasta-funcionarias-da-santa-casa-apos-episodio-envolvendo-recem-nascido\/","title":{"rendered":"Prefeitura de Santo Amaro afasta funcion\u00e1rias da Santa Casa ap\u00f3s epis\u00f3dio envolvendo rec\u00e9m-nascido"},"content":{"rendered":"\n<p>Quatro funcion\u00e1rias do Hospital Municipal de Santo Amaro j\u00e1 foram afastadas temporariamente das atividades, ap\u00f3s o epis\u00f3dio envolvendo o descarte do corpo de um rec\u00e9m-nascido. O caso ocorreu no final de semana.<\/p>\n\n\n\n<p>O beb\u00ea prematuro nasceu na unidade hospitalar da cidade, mas n\u00e3o resistiu ap\u00f3s o parto. O corpo do rec\u00e9m-nascido foi encontrado no aterro sanit\u00e1rio do munic\u00edpio de S\u00e3o Francisco do Conde, regi\u00e3o Metropolitana de Salvador.<\/p>\n\n\n\n<p>A Prefeitura de Santo Amaro tamb\u00e9m j\u00e1 instaurou uma sindic\u00e2ncia para apurar o caso. Todos os envolvidos no epis\u00f3dio dever\u00e3o ser ouvidos nos pr\u00f3ximos dias. A Pol\u00edcia Civil de Santo Amaro tamb\u00e9m vai investigar o fato.<\/p>\n\n\n\n<h2 class=\"wp-block-heading\">ASSIST\u00caNCIA \u00c0 FAM\u00cdLIA<\/h2>\n\n\n\n<p>A Prefeitura de Santo Amaro garante que a fam\u00edlia do rec\u00e9m-nascido vai receber assist\u00eancia do munic\u00edpio. Uma equipe do Cras (Centro de Refer\u00eancia da Assist\u00eancia Social) j\u00e1 foi designada para oferecer todo suporte psicol\u00f3gico, especialmente, aos pais do rec\u00e9m-nascido.<\/p>\n\n\n\n<p><em>\u201cA unidade do Cras do distrito de Acupe vai acompanhar e dar total assist\u00eancia \u00e0 fam\u00edlia. Tivemos uma reuni\u00e3o de alinhamento e definimos as a\u00e7\u00f5es que dever\u00e3o ser desenvolvidas por nossos profissionais\u201d<\/em>, revelou Janice Brand\u00e3o, secret\u00e1ria de Sa\u00fade.<\/p>\n\n\n\n<p>O Hospital Municipal Nossa Senhora da Natividade \u00e9 refer\u00eancia em partos em Santo Amaro. Nos \u00faltimos tr\u00eas anos, 294 crian\u00e7as nasceram nessa unidade de sa\u00fade. Esse ano, dos sete partos realizados na cidade, cinco foram feitos no hospital.<\/p>\n","protected":false},"excerpt":{"rendered":"<p>Quatro funcion\u00e1rias do Hospital Municipal de Santo Amaro j\u00e1 foram afastadas temporariamente das atividades, ap\u00f3s o epis\u00f3dio envolvendo o descarte do corpo de um rec\u00e9m-nascido. O caso ocorreu no final de semana. O beb\u00ea prematuro nasceu na unidade hospitalar da cidade, mas n\u00e3o resistiu ap\u00f3s o parto. O corpo do rec\u00e9m-nascido foi encontrado no aterro [&hellip;]<\/p>\n","protected":false},"author":3,"featured_media":22393,"comment_status":"open","ping_status":"open","sticky":false,"template":"","format":"standard","meta":{"_monsterinsights_skip_tracking":false,"_monsterinsights_sitenote_active":false,"_monsterinsights_sitenote_note":"","_monsterinsights_sitenote_category":0,"footnotes":""},"categories":[34],"tags":[],"yoast_head":"<!-- This site is optimized with the Yoast SEO plugin v22.9 - https:\/\/yoast.com\/wordpress\/plugins\/seo\/ -->\n<title>Prefeitura de Santo Amaro afasta funcion\u00e1rias da Santa Casa ap\u00f3s epis\u00f3dio envolvendo rec\u00e9m-nascido - Portal MF<\/title>\n<meta name=\"robots\" content=\"index, follow, max-snippet:-1, max-image-preview:large, max-video-preview:-1\" \/>\n<link rel=\"canonical\" href=\"https:\/\/portalmf.com.br\/index.php\/2024\/01\/23\/prefeitura-de-santo-amaro-afasta-funcionarias-da-santa-casa-apos-episodio-envolvendo-recem-nascido\/\" \/>\n<meta property=\"og:locale\" content=\"pt_BR\" \/>\n<meta property=\"og:type\" content=\"article\" \/>\n<meta property=\"og:title\" content=\"Prefeitura de Santo Amaro afasta funcion\u00e1rias da Santa Casa ap\u00f3s epis\u00f3dio envolvendo rec\u00e9m-nascido - Portal MF\" \/>\n<meta property=\"og:description\" content=\"Quatro funcion\u00e1rias do Hospital Municipal de Santo Amaro j\u00e1 foram afastadas temporariamente das atividades, ap\u00f3s o epis\u00f3dio envolvendo o descarte do corpo de um rec\u00e9m-nascido. O caso ocorreu no final de semana. O beb\u00ea prematuro nasceu na unidade hospitalar da cidade, mas n\u00e3o resistiu ap\u00f3s o parto. O corpo do rec\u00e9m-nascido foi encontrado no aterro [&hellip;]\" \/>\n<meta property=\"og:url\" content=\"https:\/\/portalmf.com.br\/index.php\/2024\/01\/23\/prefeitura-de-santo-amaro-afasta-funcionarias-da-santa-casa-apos-episodio-envolvendo-recem-nascido\/\" \/>\n<meta property=\"og:site_name\" content=\"Portal MF\" \/>\n<meta property=\"article:author\" content=\"https:\/\/www.facebook.com\/portalmfoficial\" \/>\n<meta property=\"article:published_time\" content=\"2024-01-23T20:39:38+00:00\" \/>\n<meta property=\"article:modified_time\" content=\"2024-01-23T20:39:43+00:00\" \/>\n<meta property=\"og:image\" content=\"https:\/\/portalmf.com.br\/wp-content\/uploads\/2024\/01\/Prefeitura-de-Santo-Amaro-afasta-funcionarias-da-Santa-Casa-apos-episodio-envolvendo-recem-nascido.jpeg\" \/>\n\t<meta property=\"og:image:width\" content=\"1024\" \/>\n\t<meta property=\"og:image:height\" content=\"768\" \/>\n\t<meta property=\"og:image:type\" content=\"image\/jpeg\" \/>\n<meta name=\"author\" content=\"Reda\u00e7\u00e3o Portal MF\" \/>\n<meta name=\"twitter:card\" content=\"summary_large_image\" \/>\n<meta name=\"twitter:creator\" content=\"@https:\/\/x.com\/portalmfoficial\" \/>\n<meta name=\"twitter:label1\" content=\"Escrito por\" \/>\n\t<meta name=\"twitter:data1\" content=\"Reda\u00e7\u00e3o Portal MF\" \/>\n\t<meta name=\"twitter:label2\" content=\"Est. tempo de leitura\" \/>\n\t<meta name=\"twitter:data2\" content=\"2 minutos\" \/>\n<script type=\"application\/ld+json\" class=\"yoast-schema-graph\">{\"@context\":\"https:\/\/schema.org\",\"@graph\":[{\"@type\":\"WebPage\",\"@id\":\"https:\/\/portalmf.com.br\/index.php\/2024\/01\/23\/prefeitura-de-santo-amaro-afasta-funcionarias-da-santa-casa-apos-episodio-envolvendo-recem-nascido\/\",\"url\":\"https:\/\/portalmf.com.br\/index.php\/2024\/01\/23\/prefeitura-de-santo-amaro-afasta-funcionarias-da-santa-casa-apos-episodio-envolvendo-recem-nascido\/\",\"name\":\"Prefeitura de Santo Amaro afasta funcion\u00e1rias da Santa Casa ap\u00f3s epis\u00f3dio envolvendo rec\u00e9m-nascido - Portal MF\",\"isPartOf\":{\"@id\":\"https:\/\/portalmf.com.br\/#website\"},\"primaryImageOfPage\":{\"@id\":\"https:\/\/portalmf.com.br\/index.php\/2024\/01\/23\/prefeitura-de-santo-amaro-afasta-funcionarias-da-santa-casa-apos-episodio-envolvendo-recem-nascido\/#primaryimage\"},\"image\":{\"@id\":\"https:\/\/portalmf.com.br\/index.php\/2024\/01\/23\/prefeitura-de-santo-amaro-afasta-funcionarias-da-santa-casa-apos-episodio-envolvendo-recem-nascido\/#primaryimage\"},\"thumbnailUrl\":\"https:\/\/portalmf.com.br\/wp-content\/uploads\/2024\/01\/Prefeitura-de-Santo-Amaro-afasta-funcionarias-da-Santa-Casa-apos-episodio-envolvendo-recem-nascido.jpeg\",\"datePublished\":\"2024-01-23T20:39:38+00:00\",\"dateModified\":\"2024-01-23T20:39:43+00:00\",\"author\":{\"@id\":\"https:\/\/portalmf.com.br\/#\/schema\/person\/9ec101baf56233e53520c26de5d6f6f0\"},\"breadcrumb\":{\"@id\":\"https:\/\/portalmf.com.br\/index.php\/2024\/01\/23\/prefeitura-de-santo-amaro-afasta-funcionarias-da-santa-casa-apos-episodio-envolvendo-recem-nascido\/#breadcrumb\"},\"inLanguage\":\"pt-BR\",\"potentialAction\":[{\"@type\":\"ReadAction\",\"target\":[\"https:\/\/portalmf.com.br\/index.php\/2024\/01\/23\/prefeitura-de-santo-amaro-afasta-funcionarias-da-santa-casa-apos-episodio-envolvendo-recem-nascido\/\"]}]},{\"@type\":\"ImageObject\",\"inLanguage\":\"pt-BR\",\"@id\":\"https:\/\/portalmf.com.br\/index.php\/2024\/01\/23\/prefeitura-de-santo-amaro-afasta-funcionarias-da-santa-casa-apos-episodio-envolvendo-recem-nascido\/#primaryimage\",\"url\":\"https:\/\/portalmf.com.br\/wp-content\/uploads\/2024\/01\/Prefeitura-de-Santo-Amaro-afasta-funcionarias-da-Santa-Casa-apos-episodio-envolvendo-recem-nascido.jpeg\",\"contentUrl\":\"https:\/\/portalmf.com.br\/wp-content\/uploads\/2024\/01\/Prefeitura-de-Santo-Amaro-afasta-funcionarias-da-Santa-Casa-apos-episodio-envolvendo-recem-nascido.jpeg\",\"width\":1024,\"height\":768},{\"@type\":\"BreadcrumbList\",\"@id\":\"https:\/\/portalmf.com.br\/index.php\/2024\/01\/23\/prefeitura-de-santo-amaro-afasta-funcionarias-da-santa-casa-apos-episodio-envolvendo-recem-nascido\/#breadcrumb\",\"itemListElement\":[{\"@type\":\"ListItem\",\"position\":1,\"name\":\"In\u00edcio\",\"item\":\"https:\/\/portalmf.com.br\/\"},{\"@type\":\"ListItem\",\"position\":2,\"name\":\"Prefeitura de Santo Amaro afasta funcion\u00e1rias da Santa Casa ap\u00f3s epis\u00f3dio envolvendo rec\u00e9m-nascido\"}]},{\"@type\":\"WebSite\",\"@id\":\"https:\/\/portalmf.com.br\/#website\",\"url\":\"https:\/\/portalmf.com.br\/\",\"name\":\"Portal MF\",\"description\":\"Voc\u00ea conectado com a informa\u00e7\u00e3o\",\"potentialAction\":[{\"@type\":\"SearchAction\",\"target\":{\"@type\":\"EntryPoint\",\"urlTemplate\":\"https:\/\/portalmf.com.br\/?s={search_term_string}\"},\"query-input\":\"required name=search_term_string\"}],\"inLanguage\":\"pt-BR\"},{\"@type\":\"Person\",\"@id\":\"https:\/\/portalmf.com.br\/#\/schema\/person\/9ec101baf56233e53520c26de5d6f6f0\",\"name\":\"Reda\u00e7\u00e3o Portal MF\",\"image\":{\"@type\":\"ImageObject\",\"inLanguage\":\"pt-BR\",\"@id\":\"https:\/\/portalmf.com.br\/#\/schema\/person\/image\/\",\"url\":\"https:\/\/secure.gravatar.com\/avatar\/41b9aaeb2100835f7c64362330f74c7f?s=96&d=mm&r=g\",\"contentUrl\":\"https:\/\/secure.gravatar.com\/avatar\/41b9aaeb2100835f7c64362330f74c7f?s=96&d=mm&r=g\",\"caption\":\"Reda\u00e7\u00e3o Portal MF\"},\"description\":\"Sejam bem-vindos o portal de informa\u00e7\u00f5es de entretenimento de Feira de Santana, desde 2006 realiza coberturas dos principais eventos com entrevistas exclusivas com as principais personalidades mundiais. Fique conectado tamb\u00e9m nas redes sociais.\",\"sameAs\":[\"http:\/\/www.portalmf.com.br\/\",\"https:\/\/www.facebook.com\/portalmfoficial\",\"https:\/\/www.instagram.com\/portalmf\/\",\"https:\/\/x.com\/https:\/\/x.com\/portalmfoficial\",\"https:\/\/www.youtube.com\/@portalmfoficial\"],\"url\":\"https:\/\/portalmf.com.br\/index.php\/author\/junior\/\"}]}<\/script>\n<!-- \/ Yoast SEO plugin. -->","yoast_head_json":{"title":"Prefeitura de Santo Amaro afasta funcion\u00e1rias da Santa Casa ap\u00f3s epis\u00f3dio envolvendo rec\u00e9m-nascido - Portal MF","robots":{"index":"index","follow":"follow","max-snippet":"max-snippet:-1","max-image-preview":"max-image-preview:large","max-video-preview":"max-video-preview:-1"},"canonical":"https:\/\/portalmf.com.br\/index.php\/2024\/01\/23\/prefeitura-de-santo-amaro-afasta-funcionarias-da-santa-casa-apos-episodio-envolvendo-recem-nascido\/","og_locale":"pt_BR","og_type":"article","og_title":"Prefeitura de Santo Amaro afasta funcion\u00e1rias da Santa Casa ap\u00f3s epis\u00f3dio envolvendo rec\u00e9m-nascido - Portal MF","og_description":"Quatro funcion\u00e1rias do Hospital Municipal de Santo Amaro j\u00e1 foram afastadas temporariamente das atividades, ap\u00f3s o epis\u00f3dio envolvendo o descarte do corpo de um rec\u00e9m-nascido. O caso ocorreu no final de semana. O beb\u00ea prematuro nasceu na unidade hospitalar da cidade, mas n\u00e3o resistiu ap\u00f3s o parto. O corpo do rec\u00e9m-nascido foi encontrado no aterro [&hellip;]","og_url":"https:\/\/portalmf.com.br\/index.php\/2024\/01\/23\/prefeitura-de-santo-amaro-afasta-funcionarias-da-santa-casa-apos-episodio-envolvendo-recem-nascido\/","og_site_name":"Portal MF","article_author":"https:\/\/www.facebook.com\/portalmfoficial","article_published_time":"2024-01-23T20:39:38+00:00","article_modified_time":"2024-01-23T20:39:43+00:00","og_image":[{"width":1024,"height":768,"url":"https:\/\/portalmf.com.br\/wp-content\/uploads\/2024\/01\/Prefeitura-de-Santo-Amaro-afasta-funcionarias-da-Santa-Casa-apos-episodio-envolvendo-recem-nascido.jpeg","type":"image\/jpeg"}],"author":"Reda\u00e7\u00e3o Portal MF","twitter_card":"summary_large_image","twitter_creator":"@https:\/\/x.com\/portalmfoficial","twitter_misc":{"Escrito por":"Reda\u00e7\u00e3o Portal MF","Est. tempo de leitura":"2 minutos"},"schema":{"@context":"https:\/\/schema.org","@graph":[{"@type":"WebPage","@id":"https:\/\/portalmf.com.br\/index.php\/2024\/01\/23\/prefeitura-de-santo-amaro-afasta-funcionarias-da-santa-casa-apos-episodio-envolvendo-recem-nascido\/","url":"https:\/\/portalmf.com.br\/index.php\/2024\/01\/23\/prefeitura-de-santo-amaro-afasta-funcionarias-da-santa-casa-apos-episodio-envolvendo-recem-nascido\/","name":"Prefeitura de Santo Amaro afasta funcion\u00e1rias da Santa Casa ap\u00f3s epis\u00f3dio envolvendo rec\u00e9m-nascido - Portal MF","isPartOf":{"@id":"https:\/\/portalmf.com.br\/#website"},"primaryImageOfPage":{"@id":"https:\/\/portalmf.com.br\/index.php\/2024\/01\/23\/prefeitura-de-santo-amaro-afasta-funcionarias-da-santa-casa-apos-episodio-envolvendo-recem-nascido\/#primaryimage"},"image":{"@id":"https:\/\/portalmf.com.br\/index.php\/2024\/01\/23\/prefeitura-de-santo-amaro-afasta-funcionarias-da-santa-casa-apos-episodio-envolvendo-recem-nascido\/#primaryimage"},"thumbnailUrl":"https:\/\/portalmf.com.br\/wp-content\/uploads\/2024\/01\/Prefeitura-de-Santo-Amaro-afasta-funcionarias-da-Santa-Casa-apos-episodio-envolvendo-recem-nascido.jpeg","datePublished":"2024-01-23T20:39:38+00:00","dateModified":"2024-01-23T20:39:43+00:00","author":{"@id":"https:\/\/portalmf.com.br\/#\/schema\/person\/9ec101baf56233e53520c26de5d6f6f0"},"breadcrumb":{"@id":"https:\/\/portalmf.com.br\/index.php\/2024\/01\/23\/prefeitura-de-santo-amaro-afasta-funcionarias-da-santa-casa-apos-episodio-envolvendo-recem-nascido\/#breadcrumb"},"inLanguage":"pt-BR","potentialAction":[{"@type":"ReadAction","target":["https:\/\/portalmf.com.br\/index.php\/2024\/01\/23\/prefeitura-de-santo-amaro-afasta-funcionarias-da-santa-casa-apos-episodio-envolvendo-recem-nascido\/"]}]},{"@type":"ImageObject","inLanguage":"pt-BR","@id":"https:\/\/portalmf.com.br\/index.php\/2024\/01\/23\/prefeitura-de-santo-amaro-afasta-funcionarias-da-santa-casa-apos-episodio-envolvendo-recem-nascido\/#primaryimage","url":"https:\/\/portalmf.com.br\/wp-content\/uploads\/2024\/01\/Prefeitura-de-Santo-Amaro-afasta-funcionarias-da-Santa-Casa-apos-episodio-envolvendo-recem-nascido.jpeg","contentUrl":"https:\/\/portalmf.com.br\/wp-content\/uploads\/2024\/01\/Prefeitura-de-Santo-Amaro-afasta-funcionarias-da-Santa-Casa-apos-episodio-envolvendo-recem-nascido.jpeg","width":1024,"height":768},{"@type":"BreadcrumbList","@id":"https:\/\/portalmf.com.br\/index.php\/2024\/01\/23\/prefeitura-de-santo-amaro-afasta-funcionarias-da-santa-casa-apos-episodio-envolvendo-recem-nascido\/#breadcrumb","itemListElement":[{"@type":"ListItem","position":1,"name":"In\u00edcio","item":"https:\/\/portalmf.com.br\/"},{"@type":"ListItem","position":2,"name":"Prefeitura de Santo Amaro afasta funcion\u00e1rias da Santa Casa ap\u00f3s epis\u00f3dio envolvendo rec\u00e9m-nascido"}]},{"@type":"WebSite","@id":"https:\/\/portalmf.com.br\/#website","url":"https:\/\/portalmf.com.br\/","name":"Portal MF","description":"Voc\u00ea conectado com a informa\u00e7\u00e3o","potentialAction":[{"@type":"SearchAction","target":{"@type":"EntryPoint","urlTemplate":"https:\/\/portalmf.com.br\/?s={search_term_string}"},"query-input":"required name=search_term_string"}],"inLanguage":"pt-BR"},{"@type":"Person","@id":"https:\/\/portalmf.com.br\/#\/schema\/person\/9ec101baf56233e53520c26de5d6f6f0","name":"Reda\u00e7\u00e3o Portal MF","image":{"@type":"ImageObject","inLanguage":"pt-BR","@id":"https:\/\/portalmf.com.br\/#\/schema\/person\/image\/","url":"https:\/\/secure.gravatar.com\/avatar\/41b9aaeb2100835f7c64362330f74c7f?s=96&d=mm&r=g","contentUrl":"https:\/\/secure.gravatar.com\/avatar\/41b9aaeb2100835f7c64362330f74c7f?s=96&d=mm&r=g","caption":"Reda\u00e7\u00e3o Portal MF"},"description":"Sejam bem-vindos o portal de informa\u00e7\u00f5es de entretenimento de Feira de Santana, desde 2006 realiza coberturas dos principais eventos com entrevistas exclusivas com as principais personalidades mundiais. Fique conectado tamb\u00e9m nas redes sociais.","sameAs":["http:\/\/www.portalmf.com.br\/","https:\/\/www.facebook.com\/portalmfoficial","https:\/\/www.instagram.com\/portalmf\/","https:\/\/x.com\/https:\/\/x.com\/portalmfoficial","https:\/\/www.youtube.com\/@portalmfoficial"],"url":"https:\/\/portalmf.com.br\/index.php\/author\/junior\/"}]}},"_links":{"self":[{"href":"https:\/\/portalmf.com.br\/index.php\/wp-json\/wp\/v2\/posts\/22391"}],"collection":[{"href":"https:\/\/portalmf.com.br\/index.php\/wp-json\/wp\/v2\/posts"}],"about":[{"href":"https:\/\/portalmf.com.br\/index.php\/wp-json\/wp\/v2\/types\/post"}],"author":[{"embeddable":true,"href":"https:\/\/portalmf.com.br\/index.php\/wp-json\/wp\/v2\/users\/3"}],"replies":[{"embeddable":true,"href":"https:\/\/portalmf.com.br\/index.php\/wp-json\/wp\/v2\/comments?post=22391"}],"version-history":[{"count":1,"href":"https:\/\/portalmf.com.br\/index.php\/wp-json\/wp\/v2\/posts\/22391\/revisions"}],"predecessor-version":[{"id":22394,"href":"https:\/\/portalmf.com.br\/index.php\/wp-json\/wp\/v2\/posts\/22391\/revisions\/22394"}],"wp:featuredmedia":[{"embeddable":true,"href":"https:\/\/portalmf.com.br\/index.php\/wp-json\/wp\/v2\/media\/22393"}],"wp:attachment":[{"href":"https:\/\/portalmf.com.br\/index.php\/wp-json\/wp\/v2\/media?parent=22391"}],"wp:term":[{"taxonomy":"category","embeddable":true,"href":"https:\/\/portalmf.com.br\/index.php\/wp-json\/wp\/v2\/categories?post=22391"},{"taxonomy":"post_tag","embeddable":true,"href":"https:\/\/portalmf.com.br\/index.php\/wp-json\/wp\/v2\/tags?post=22391"}],"curies":[{"name":"wp","href":"https:\/\/api.w.org\/{rel}","templated":true}]}}