{"id":22336,"date":"2024-01-22T17:55:55","date_gmt":"2024-01-22T20:55:55","guid":{"rendered":"https:\/\/portalmf.com.br\/?p=22336"},"modified":"2024-01-22T17:55:58","modified_gmt":"2024-01-22T20:55:58","slug":"governo-do-estado-entrega-obras-de-saude-e-autoriza-acoes-de-infraestrutura-em-feira-de-santana","status":"publish","type":"post","link":"https:\/\/portalmf.com.br\/index.php\/2024\/01\/22\/governo-do-estado-entrega-obras-de-saude-e-autoriza-acoes-de-infraestrutura-em-feira-de-santana\/","title":{"rendered":"Governo do Estado entrega obras de sa\u00fade e autoriza a\u00e7\u00f5es de infraestrutura em Feira de Santana"},"content":{"rendered":"\n<p>Nesta segunda-feira (22), em Feira de Santana, o governador Jer\u00f4nimo Rodrigues fez entregas e anunciou investimentos que v\u00e3o refor\u00e7ar a sa\u00fade da regi\u00e3o. Na ocasi\u00e3o, foi inaugurada a Casa da Gestante, Beb\u00ea e Pu\u00e9rpera (CGBP) do Hospital Estadual da Crian\u00e7a, e autorizado o in\u00edcio das obras do Servi\u00e7o de Verifica\u00e7\u00e3o de \u00d3bito (SVO), totalizando R$ 6,1 milh\u00f5es em investimentos na \u00e1rea de sa\u00fade.<\/p>\n\n\n\n<figure class=\"wp-block-image size-large\"><img fetchpriority=\"high\" decoding=\"async\" width=\"1024\" height=\"461\" src=\"https:\/\/portalmf.com.br\/wp-content\/uploads\/2024\/01\/Casa-da-Gestante-Bebe-e-Puerpera-CGBP-1024x461.jpg\" alt=\"\" class=\"wp-image-22337\" srcset=\"https:\/\/portalmf.com.br\/wp-content\/uploads\/2024\/01\/Casa-da-Gestante-Bebe-e-Puerpera-CGBP-1024x461.jpg 1024w, https:\/\/portalmf.com.br\/wp-content\/uploads\/2024\/01\/Casa-da-Gestante-Bebe-e-Puerpera-CGBP-300x135.jpg 300w, https:\/\/portalmf.com.br\/wp-content\/uploads\/2024\/01\/Casa-da-Gestante-Bebe-e-Puerpera-CGBP-768x346.jpg 768w, https:\/\/portalmf.com.br\/wp-content\/uploads\/2024\/01\/Casa-da-Gestante-Bebe-e-Puerpera-CGBP-1536x691.jpg 1536w, https:\/\/portalmf.com.br\/wp-content\/uploads\/2024\/01\/Casa-da-Gestante-Bebe-e-Puerpera-CGBP-2048x922.jpg 2048w, https:\/\/portalmf.com.br\/wp-content\/uploads\/2024\/01\/Casa-da-Gestante-Bebe-e-Puerpera-CGBP-1920x864.jpg 1920w, https:\/\/portalmf.com.br\/wp-content\/uploads\/2024\/01\/Casa-da-Gestante-Bebe-e-Puerpera-CGBP-1170x527.jpg 1170w, https:\/\/portalmf.com.br\/wp-content\/uploads\/2024\/01\/Casa-da-Gestante-Bebe-e-Puerpera-CGBP-585x263.jpg 585w\" sizes=\"(max-width: 1024px) 100vw, 1024px\" \/><figcaption class=\"wp-element-caption\"><strong>Foto: Reginaldo Junior \/  Portal MF<\/strong><\/figcaption><\/figure>\n\n\n\n<p>O governador ainda autorizou a licita\u00e7\u00e3o para pavimenta\u00e7\u00e3o no entroncamento da BA-052, no trecho de 1,2 km entre o povoado de Jaguara, em Feira de Santana, e o acesso a Morrinhos. Jer\u00f4nimo tamb\u00e9m aproveitou a visita para verificar o andamento das obras de duplica\u00e7\u00e3o e restaura\u00e7\u00e3o do pavimento nas rodovias BA-502 e BA-513, no trecho entre Feira de Santana (Tomba) e S\u00e3o Gon\u00e7alo dos Campos, e a conclus\u00e3o e requalifica\u00e7\u00e3o do Centro de Conven\u00e7\u00f5es e Teatro de Feira de Santana.<\/p>\n\n\n\n<p><strong>Seguran\u00e7a<\/strong><\/p>\n\n\n\n<p>A Pol\u00edcia Militar da Bahia (PMBA) ampliar\u00e1 sua atua\u00e7\u00e3o na capital e no interior do estado com a cria\u00e7\u00e3o de tr\u00eas novas unidades. A san\u00e7\u00e3o da Lei de Reestrutura\u00e7\u00e3o Organizacional, que determina a cria\u00e7\u00e3o de novos comandos da corpora\u00e7\u00e3o, que foi assinada na manh\u00e3 desta segunda-feira (22), pelo governador Jer\u00f4nimo Rodrigues.<\/p>\n\n\n\n<p>A Companhia de Media\u00e7\u00e3o de Conflitos Agr\u00e1rios e Urbanos ser\u00e1 respons\u00e1vel por coordenar e executar a\u00e7\u00f5es de seguran\u00e7a p\u00fablica durante o cumprimento de mandados judiciais de manuten\u00e7\u00e3o ou reintegra\u00e7\u00e3o de posse.<\/p>\n\n\n\n<figure class=\"wp-block-image size-large\"><img decoding=\"async\" width=\"1024\" height=\"461\" src=\"https:\/\/portalmf.com.br\/wp-content\/uploads\/2024\/01\/Governo-do-Estado-entrega-obras-de-saude-e-autoriza-acoes-de-infraestrutura-em-Feira-de-Santana_2-1024x461.jpg\" alt=\"\" class=\"wp-image-22338\" srcset=\"https:\/\/portalmf.com.br\/wp-content\/uploads\/2024\/01\/Governo-do-Estado-entrega-obras-de-saude-e-autoriza-acoes-de-infraestrutura-em-Feira-de-Santana_2-1024x461.jpg 1024w, https:\/\/portalmf.com.br\/wp-content\/uploads\/2024\/01\/Governo-do-Estado-entrega-obras-de-saude-e-autoriza-acoes-de-infraestrutura-em-Feira-de-Santana_2-300x135.jpg 300w, https:\/\/portalmf.com.br\/wp-content\/uploads\/2024\/01\/Governo-do-Estado-entrega-obras-de-saude-e-autoriza-acoes-de-infraestrutura-em-Feira-de-Santana_2-768x346.jpg 768w, https:\/\/portalmf.com.br\/wp-content\/uploads\/2024\/01\/Governo-do-Estado-entrega-obras-de-saude-e-autoriza-acoes-de-infraestrutura-em-Feira-de-Santana_2-1536x691.jpg 1536w, https:\/\/portalmf.com.br\/wp-content\/uploads\/2024\/01\/Governo-do-Estado-entrega-obras-de-saude-e-autoriza-acoes-de-infraestrutura-em-Feira-de-Santana_2-2048x922.jpg 2048w, https:\/\/portalmf.com.br\/wp-content\/uploads\/2024\/01\/Governo-do-Estado-entrega-obras-de-saude-e-autoriza-acoes-de-infraestrutura-em-Feira-de-Santana_2-1920x864.jpg 1920w, https:\/\/portalmf.com.br\/wp-content\/uploads\/2024\/01\/Governo-do-Estado-entrega-obras-de-saude-e-autoriza-acoes-de-infraestrutura-em-Feira-de-Santana_2-1170x527.jpg 1170w, https:\/\/portalmf.com.br\/wp-content\/uploads\/2024\/01\/Governo-do-Estado-entrega-obras-de-saude-e-autoriza-acoes-de-infraestrutura-em-Feira-de-Santana_2-585x263.jpg 585w\" sizes=\"(max-width: 1024px) 100vw, 1024px\" \/><figcaption class=\"wp-element-caption\"><strong>Foto: Reginaldo Junior \/  Portal MF<\/strong><\/figcaption><\/figure>\n\n\n\n<p>A Cipe Leste atuar\u00e1 no policiamento ostensivo especializado, prestando apoio \u00e0 sede de Feira de Santana e mais 35 munic\u00edpios. J\u00e1 o Esquadr\u00e3o de Motociclistas, em Cama\u00e7ari, ser\u00e1 respons\u00e1vel pela execu\u00e7\u00e3o das atividades de policiamento de tr\u00e2nsito, escolta e apoio \u00e0s demais Unidades Operacionais em toda a Regi\u00e3o Metropolitana de Salvador.<\/p>\n\n\n\n<p>A partir do dia 1\u00ba de fevereiro, a Companhia Independente de Policiamento Especializado (Cipe Leste) passar\u00e1 a atuar em Feira de Santana.<\/p>\n\n\n\n<p>Conforme Jer\u00f4nimo Rodrigues, as readequa\u00e7\u00f5es na Seguran\u00e7a P\u00fablica integram uma a\u00e7\u00e3o de fortalecimento cont\u00ednuo na \u00e1rea.<\/p>\n\n\n\n<p><em>\u201cAinda na transi\u00e7\u00e3o ap\u00f3s elei\u00e7\u00e3o, n\u00f3s constru\u00edmos um grupo de trabalho e com dialogo com Assembleia Legislativa da Bahia, fizemos uma restrutura\u00e7\u00e3o das policias Civil e Militar e dos Bombeiros, entre elas a cria\u00e7\u00e3o da Companhia Especializada, qual vamos publicar amanh\u00e3 (23), do di\u00e1rio Oficial, como o nome de quem ir\u00e1 comandar\u201d,<\/em> disse o govenador em entrevista ao Portal MF.<\/p>\n","protected":false},"excerpt":{"rendered":"<p>Nesta segunda-feira (22), em Feira de Santana, o governador Jer\u00f4nimo Rodrigues fez entregas e anunciou investimentos que v\u00e3o refor\u00e7ar a sa\u00fade da regi\u00e3o. Na ocasi\u00e3o, foi inaugurada a Casa da Gestante, Beb\u00ea e Pu\u00e9rpera (CGBP) do Hospital Estadual da Crian\u00e7a, e autorizado o in\u00edcio das obras do Servi\u00e7o de Verifica\u00e7\u00e3o de \u00d3bito (SVO), totalizando R$ [&hellip;]<\/p>\n","protected":false},"author":3,"featured_media":22339,"comment_status":"open","ping_status":"open","sticky":false,"template":"","format":"standard","meta":{"_monsterinsights_skip_tracking":false,"_monsterinsights_sitenote_active":false,"_monsterinsights_sitenote_note":"","_monsterinsights_sitenote_category":0,"footnotes":""},"categories":[34],"tags":[],"yoast_head":"<!-- This site is optimized with the Yoast SEO plugin v22.9 - https:\/\/yoast.com\/wordpress\/plugins\/seo\/ -->\n<title>Governo do Estado entrega obras de sa\u00fade e autoriza a\u00e7\u00f5es de infraestrutura em Feira de Santana - Portal MF<\/title>\n<meta name=\"robots\" content=\"index, follow, max-snippet:-1, max-image-preview:large, max-video-preview:-1\" \/>\n<link rel=\"canonical\" href=\"https:\/\/portalmf.com.br\/index.php\/2024\/01\/22\/governo-do-estado-entrega-obras-de-saude-e-autoriza-acoes-de-infraestrutura-em-feira-de-santana\/\" \/>\n<meta property=\"og:locale\" content=\"pt_BR\" \/>\n<meta property=\"og:type\" content=\"article\" \/>\n<meta property=\"og:title\" content=\"Governo do Estado entrega obras de sa\u00fade e autoriza a\u00e7\u00f5es de infraestrutura em Feira de Santana - Portal MF\" \/>\n<meta property=\"og:description\" content=\"Nesta segunda-feira (22), em Feira de Santana, o governador Jer\u00f4nimo Rodrigues fez entregas e anunciou investimentos que v\u00e3o refor\u00e7ar a sa\u00fade da regi\u00e3o. Na ocasi\u00e3o, foi inaugurada a Casa da Gestante, Beb\u00ea e Pu\u00e9rpera (CGBP) do Hospital Estadual da Crian\u00e7a, e autorizado o in\u00edcio das obras do Servi\u00e7o de Verifica\u00e7\u00e3o de \u00d3bito (SVO), totalizando R$ [&hellip;]\" \/>\n<meta property=\"og:url\" content=\"https:\/\/portalmf.com.br\/index.php\/2024\/01\/22\/governo-do-estado-entrega-obras-de-saude-e-autoriza-acoes-de-infraestrutura-em-feira-de-santana\/\" \/>\n<meta property=\"og:site_name\" content=\"Portal MF\" \/>\n<meta property=\"article:author\" content=\"https:\/\/www.facebook.com\/portalmfoficial\" \/>\n<meta property=\"article:published_time\" content=\"2024-01-22T20:55:55+00:00\" \/>\n<meta property=\"article:modified_time\" content=\"2024-01-22T20:55:58+00:00\" \/>\n<meta property=\"og:image\" content=\"https:\/\/portalmf.com.br\/wp-content\/uploads\/2024\/01\/Governo-do-Estado-entrega-obras-de-saude-e-autoriza-acoes-de-infraestrutura-em-Feira-de-Santana-scaled.jpg\" \/>\n\t<meta property=\"og:image:width\" content=\"2560\" \/>\n\t<meta property=\"og:image:height\" content=\"1688\" \/>\n\t<meta property=\"og:image:type\" content=\"image\/jpeg\" \/>\n<meta name=\"author\" content=\"Reda\u00e7\u00e3o Portal MF\" \/>\n<meta name=\"twitter:card\" content=\"summary_large_image\" \/>\n<meta name=\"twitter:creator\" content=\"@https:\/\/x.com\/portalmfoficial\" \/>\n<meta name=\"twitter:label1\" content=\"Escrito por\" \/>\n\t<meta name=\"twitter:data1\" content=\"Reda\u00e7\u00e3o Portal MF\" \/>\n\t<meta name=\"twitter:label2\" content=\"Est. tempo de leitura\" \/>\n\t<meta name=\"twitter:data2\" content=\"3 minutos\" \/>\n<script type=\"application\/ld+json\" class=\"yoast-schema-graph\">{\"@context\":\"https:\/\/schema.org\",\"@graph\":[{\"@type\":\"WebPage\",\"@id\":\"https:\/\/portalmf.com.br\/index.php\/2024\/01\/22\/governo-do-estado-entrega-obras-de-saude-e-autoriza-acoes-de-infraestrutura-em-feira-de-santana\/\",\"url\":\"https:\/\/portalmf.com.br\/index.php\/2024\/01\/22\/governo-do-estado-entrega-obras-de-saude-e-autoriza-acoes-de-infraestrutura-em-feira-de-santana\/\",\"name\":\"Governo do Estado entrega obras de sa\u00fade e autoriza a\u00e7\u00f5es de infraestrutura em Feira de Santana - Portal MF\",\"isPartOf\":{\"@id\":\"https:\/\/portalmf.com.br\/#website\"},\"primaryImageOfPage\":{\"@id\":\"https:\/\/portalmf.com.br\/index.php\/2024\/01\/22\/governo-do-estado-entrega-obras-de-saude-e-autoriza-acoes-de-infraestrutura-em-feira-de-santana\/#primaryimage\"},\"image\":{\"@id\":\"https:\/\/portalmf.com.br\/index.php\/2024\/01\/22\/governo-do-estado-entrega-obras-de-saude-e-autoriza-acoes-de-infraestrutura-em-feira-de-santana\/#primaryimage\"},\"thumbnailUrl\":\"https:\/\/portalmf.com.br\/wp-content\/uploads\/2024\/01\/Governo-do-Estado-entrega-obras-de-saude-e-autoriza-acoes-de-infraestrutura-em-Feira-de-Santana-scaled.jpg\",\"datePublished\":\"2024-01-22T20:55:55+00:00\",\"dateModified\":\"2024-01-22T20:55:58+00:00\",\"author\":{\"@id\":\"https:\/\/portalmf.com.br\/#\/schema\/person\/9ec101baf56233e53520c26de5d6f6f0\"},\"breadcrumb\":{\"@id\":\"https:\/\/portalmf.com.br\/index.php\/2024\/01\/22\/governo-do-estado-entrega-obras-de-saude-e-autoriza-acoes-de-infraestrutura-em-feira-de-santana\/#breadcrumb\"},\"inLanguage\":\"pt-BR\",\"potentialAction\":[{\"@type\":\"ReadAction\",\"target\":[\"https:\/\/portalmf.com.br\/index.php\/2024\/01\/22\/governo-do-estado-entrega-obras-de-saude-e-autoriza-acoes-de-infraestrutura-em-feira-de-santana\/\"]}]},{\"@type\":\"ImageObject\",\"inLanguage\":\"pt-BR\",\"@id\":\"https:\/\/portalmf.com.br\/index.php\/2024\/01\/22\/governo-do-estado-entrega-obras-de-saude-e-autoriza-acoes-de-infraestrutura-em-feira-de-santana\/#primaryimage\",\"url\":\"https:\/\/portalmf.com.br\/wp-content\/uploads\/2024\/01\/Governo-do-Estado-entrega-obras-de-saude-e-autoriza-acoes-de-infraestrutura-em-Feira-de-Santana-scaled.jpg\",\"contentUrl\":\"https:\/\/portalmf.com.br\/wp-content\/uploads\/2024\/01\/Governo-do-Estado-entrega-obras-de-saude-e-autoriza-acoes-de-infraestrutura-em-Feira-de-Santana-scaled.jpg\",\"width\":2560,\"height\":1688},{\"@type\":\"BreadcrumbList\",\"@id\":\"https:\/\/portalmf.com.br\/index.php\/2024\/01\/22\/governo-do-estado-entrega-obras-de-saude-e-autoriza-acoes-de-infraestrutura-em-feira-de-santana\/#breadcrumb\",\"itemListElement\":[{\"@type\":\"ListItem\",\"position\":1,\"name\":\"In\u00edcio\",\"item\":\"https:\/\/portalmf.com.br\/\"},{\"@type\":\"ListItem\",\"position\":2,\"name\":\"Governo do Estado entrega obras de sa\u00fade e autoriza a\u00e7\u00f5es de infraestrutura em Feira de Santana\"}]},{\"@type\":\"WebSite\",\"@id\":\"https:\/\/portalmf.com.br\/#website\",\"url\":\"https:\/\/portalmf.com.br\/\",\"name\":\"Portal MF\",\"description\":\"Voc\u00ea conectado com a informa\u00e7\u00e3o\",\"potentialAction\":[{\"@type\":\"SearchAction\",\"target\":{\"@type\":\"EntryPoint\",\"urlTemplate\":\"https:\/\/portalmf.com.br\/?s={search_term_string}\"},\"query-input\":\"required name=search_term_string\"}],\"inLanguage\":\"pt-BR\"},{\"@type\":\"Person\",\"@id\":\"https:\/\/portalmf.com.br\/#\/schema\/person\/9ec101baf56233e53520c26de5d6f6f0\",\"name\":\"Reda\u00e7\u00e3o Portal MF\",\"image\":{\"@type\":\"ImageObject\",\"inLanguage\":\"pt-BR\",\"@id\":\"https:\/\/portalmf.com.br\/#\/schema\/person\/image\/\",\"url\":\"https:\/\/secure.gravatar.com\/avatar\/41b9aaeb2100835f7c64362330f74c7f?s=96&d=mm&r=g\",\"contentUrl\":\"https:\/\/secure.gravatar.com\/avatar\/41b9aaeb2100835f7c64362330f74c7f?s=96&d=mm&r=g\",\"caption\":\"Reda\u00e7\u00e3o Portal MF\"},\"description\":\"Sejam bem-vindos o portal de informa\u00e7\u00f5es de entretenimento de Feira de Santana, desde 2006 realiza coberturas dos principais eventos com entrevistas exclusivas com as principais personalidades mundiais. Fique conectado tamb\u00e9m nas redes sociais.\",\"sameAs\":[\"http:\/\/www.portalmf.com.br\/\",\"https:\/\/www.facebook.com\/portalmfoficial\",\"https:\/\/www.instagram.com\/portalmf\/\",\"https:\/\/x.com\/https:\/\/x.com\/portalmfoficial\",\"https:\/\/www.youtube.com\/@portalmfoficial\"],\"url\":\"https:\/\/portalmf.com.br\/index.php\/author\/junior\/\"}]}<\/script>\n<!-- \/ Yoast SEO plugin. -->","yoast_head_json":{"title":"Governo do Estado entrega obras de sa\u00fade e autoriza a\u00e7\u00f5es de infraestrutura em Feira de Santana - Portal MF","robots":{"index":"index","follow":"follow","max-snippet":"max-snippet:-1","max-image-preview":"max-image-preview:large","max-video-preview":"max-video-preview:-1"},"canonical":"https:\/\/portalmf.com.br\/index.php\/2024\/01\/22\/governo-do-estado-entrega-obras-de-saude-e-autoriza-acoes-de-infraestrutura-em-feira-de-santana\/","og_locale":"pt_BR","og_type":"article","og_title":"Governo do Estado entrega obras de sa\u00fade e autoriza a\u00e7\u00f5es de infraestrutura em Feira de Santana - Portal MF","og_description":"Nesta segunda-feira (22), em Feira de Santana, o governador Jer\u00f4nimo Rodrigues fez entregas e anunciou investimentos que v\u00e3o refor\u00e7ar a sa\u00fade da regi\u00e3o. Na ocasi\u00e3o, foi inaugurada a Casa da Gestante, Beb\u00ea e Pu\u00e9rpera (CGBP) do Hospital Estadual da Crian\u00e7a, e autorizado o in\u00edcio das obras do Servi\u00e7o de Verifica\u00e7\u00e3o de \u00d3bito (SVO), totalizando R$ [&hellip;]","og_url":"https:\/\/portalmf.com.br\/index.php\/2024\/01\/22\/governo-do-estado-entrega-obras-de-saude-e-autoriza-acoes-de-infraestrutura-em-feira-de-santana\/","og_site_name":"Portal MF","article_author":"https:\/\/www.facebook.com\/portalmfoficial","article_published_time":"2024-01-22T20:55:55+00:00","article_modified_time":"2024-01-22T20:55:58+00:00","og_image":[{"width":2560,"height":1688,"url":"https:\/\/portalmf.com.br\/wp-content\/uploads\/2024\/01\/Governo-do-Estado-entrega-obras-de-saude-e-autoriza-acoes-de-infraestrutura-em-Feira-de-Santana-scaled.jpg","type":"image\/jpeg"}],"author":"Reda\u00e7\u00e3o Portal MF","twitter_card":"summary_large_image","twitter_creator":"@https:\/\/x.com\/portalmfoficial","twitter_misc":{"Escrito por":"Reda\u00e7\u00e3o Portal MF","Est. tempo de leitura":"3 minutos"},"schema":{"@context":"https:\/\/schema.org","@graph":[{"@type":"WebPage","@id":"https:\/\/portalmf.com.br\/index.php\/2024\/01\/22\/governo-do-estado-entrega-obras-de-saude-e-autoriza-acoes-de-infraestrutura-em-feira-de-santana\/","url":"https:\/\/portalmf.com.br\/index.php\/2024\/01\/22\/governo-do-estado-entrega-obras-de-saude-e-autoriza-acoes-de-infraestrutura-em-feira-de-santana\/","name":"Governo do Estado entrega obras de sa\u00fade e autoriza a\u00e7\u00f5es de infraestrutura em Feira de Santana - Portal MF","isPartOf":{"@id":"https:\/\/portalmf.com.br\/#website"},"primaryImageOfPage":{"@id":"https:\/\/portalmf.com.br\/index.php\/2024\/01\/22\/governo-do-estado-entrega-obras-de-saude-e-autoriza-acoes-de-infraestrutura-em-feira-de-santana\/#primaryimage"},"image":{"@id":"https:\/\/portalmf.com.br\/index.php\/2024\/01\/22\/governo-do-estado-entrega-obras-de-saude-e-autoriza-acoes-de-infraestrutura-em-feira-de-santana\/#primaryimage"},"thumbnailUrl":"https:\/\/portalmf.com.br\/wp-content\/uploads\/2024\/01\/Governo-do-Estado-entrega-obras-de-saude-e-autoriza-acoes-de-infraestrutura-em-Feira-de-Santana-scaled.jpg","datePublished":"2024-01-22T20:55:55+00:00","dateModified":"2024-01-22T20:55:58+00:00","author":{"@id":"https:\/\/portalmf.com.br\/#\/schema\/person\/9ec101baf56233e53520c26de5d6f6f0"},"breadcrumb":{"@id":"https:\/\/portalmf.com.br\/index.php\/2024\/01\/22\/governo-do-estado-entrega-obras-de-saude-e-autoriza-acoes-de-infraestrutura-em-feira-de-santana\/#breadcrumb"},"inLanguage":"pt-BR","potentialAction":[{"@type":"ReadAction","target":["https:\/\/portalmf.com.br\/index.php\/2024\/01\/22\/governo-do-estado-entrega-obras-de-saude-e-autoriza-acoes-de-infraestrutura-em-feira-de-santana\/"]}]},{"@type":"ImageObject","inLanguage":"pt-BR","@id":"https:\/\/portalmf.com.br\/index.php\/2024\/01\/22\/governo-do-estado-entrega-obras-de-saude-e-autoriza-acoes-de-infraestrutura-em-feira-de-santana\/#primaryimage","url":"https:\/\/portalmf.com.br\/wp-content\/uploads\/2024\/01\/Governo-do-Estado-entrega-obras-de-saude-e-autoriza-acoes-de-infraestrutura-em-Feira-de-Santana-scaled.jpg","contentUrl":"https:\/\/portalmf.com.br\/wp-content\/uploads\/2024\/01\/Governo-do-Estado-entrega-obras-de-saude-e-autoriza-acoes-de-infraestrutura-em-Feira-de-Santana-scaled.jpg","width":2560,"height":1688},{"@type":"BreadcrumbList","@id":"https:\/\/portalmf.com.br\/index.php\/2024\/01\/22\/governo-do-estado-entrega-obras-de-saude-e-autoriza-acoes-de-infraestrutura-em-feira-de-santana\/#breadcrumb","itemListElement":[{"@type":"ListItem","position":1,"name":"In\u00edcio","item":"https:\/\/portalmf.com.br\/"},{"@type":"ListItem","position":2,"name":"Governo do Estado entrega obras de sa\u00fade e autoriza a\u00e7\u00f5es de infraestrutura em Feira de Santana"}]},{"@type":"WebSite","@id":"https:\/\/portalmf.com.br\/#website","url":"https:\/\/portalmf.com.br\/","name":"Portal MF","description":"Voc\u00ea conectado com a informa\u00e7\u00e3o","potentialAction":[{"@type":"SearchAction","target":{"@type":"EntryPoint","urlTemplate":"https:\/\/portalmf.com.br\/?s={search_term_string}"},"query-input":"required name=search_term_string"}],"inLanguage":"pt-BR"},{"@type":"Person","@id":"https:\/\/portalmf.com.br\/#\/schema\/person\/9ec101baf56233e53520c26de5d6f6f0","name":"Reda\u00e7\u00e3o Portal MF","image":{"@type":"ImageObject","inLanguage":"pt-BR","@id":"https:\/\/portalmf.com.br\/#\/schema\/person\/image\/","url":"https:\/\/secure.gravatar.com\/avatar\/41b9aaeb2100835f7c64362330f74c7f?s=96&d=mm&r=g","contentUrl":"https:\/\/secure.gravatar.com\/avatar\/41b9aaeb2100835f7c64362330f74c7f?s=96&d=mm&r=g","caption":"Reda\u00e7\u00e3o Portal MF"},"description":"Sejam bem-vindos o portal de informa\u00e7\u00f5es de entretenimento de Feira de Santana, desde 2006 realiza coberturas dos principais eventos com entrevistas exclusivas com as principais personalidades mundiais. Fique conectado tamb\u00e9m nas redes sociais.","sameAs":["http:\/\/www.portalmf.com.br\/","https:\/\/www.facebook.com\/portalmfoficial","https:\/\/www.instagram.com\/portalmf\/","https:\/\/x.com\/https:\/\/x.com\/portalmfoficial","https:\/\/www.youtube.com\/@portalmfoficial"],"url":"https:\/\/portalmf.com.br\/index.php\/author\/junior\/"}]}},"_links":{"self":[{"href":"https:\/\/portalmf.com.br\/index.php\/wp-json\/wp\/v2\/posts\/22336"}],"collection":[{"href":"https:\/\/portalmf.com.br\/index.php\/wp-json\/wp\/v2\/posts"}],"about":[{"href":"https:\/\/portalmf.com.br\/index.php\/wp-json\/wp\/v2\/types\/post"}],"author":[{"embeddable":true,"href":"https:\/\/portalmf.com.br\/index.php\/wp-json\/wp\/v2\/users\/3"}],"replies":[{"embeddable":true,"href":"https:\/\/portalmf.com.br\/index.php\/wp-json\/wp\/v2\/comments?post=22336"}],"version-history":[{"count":1,"href":"https:\/\/portalmf.com.br\/index.php\/wp-json\/wp\/v2\/posts\/22336\/revisions"}],"predecessor-version":[{"id":22340,"href":"https:\/\/portalmf.com.br\/index.php\/wp-json\/wp\/v2\/posts\/22336\/revisions\/22340"}],"wp:featuredmedia":[{"embeddable":true,"href":"https:\/\/portalmf.com.br\/index.php\/wp-json\/wp\/v2\/media\/22339"}],"wp:attachment":[{"href":"https:\/\/portalmf.com.br\/index.php\/wp-json\/wp\/v2\/media?parent=22336"}],"wp:term":[{"taxonomy":"category","embeddable":true,"href":"https:\/\/portalmf.com.br\/index.php\/wp-json\/wp\/v2\/categories?post=22336"},{"taxonomy":"post_tag","embeddable":true,"href":"https:\/\/portalmf.com.br\/index.php\/wp-json\/wp\/v2\/tags?post=22336"}],"curies":[{"name":"wp","href":"https:\/\/api.w.org\/{rel}","templated":true}]}}