{"id":22333,"date":"2024-01-22T17:43:48","date_gmt":"2024-01-22T20:43:48","guid":{"rendered":"https:\/\/portalmf.com.br\/?p=22333"},"modified":"2024-01-22T17:43:52","modified_gmt":"2024-01-22T20:43:52","slug":"embasa-investe-r-7-milhoes-na-ampliacao-do-esgotamento-sanitario-em-feira-de-santana","status":"publish","type":"post","link":"https:\/\/portalmf.com.br\/index.php\/2024\/01\/22\/embasa-investe-r-7-milhoes-na-ampliacao-do-esgotamento-sanitario-em-feira-de-santana\/","title":{"rendered":"Embasa investe R$ 7 milh\u00f5es na amplia\u00e7\u00e3o do esgotamento sanit\u00e1rio em Feira de Santana"},"content":{"rendered":"\n<p>A Embasa est\u00e1 ampliando a cobertura de esgotamento sanit\u00e1rio na segunda maior cidade da Bahia.&nbsp;Ao todo, a Embasa est\u00e1 injetando mais de R$ 7&nbsp;milh\u00f5es na realiza\u00e7\u00e3o das interven\u00e7\u00f5es, que v\u00e3o beneficiar&nbsp;3.340&nbsp;fam\u00edlias de Feira de Santana com a coleta, o tratamento&nbsp;e a correta destina\u00e7\u00e3o&nbsp;dos&nbsp;esgotos dom\u00e9sticos.&nbsp;As obras para implanta\u00e7\u00e3o de novas redes coletoras e liga\u00e7\u00f5es de esgoto est\u00e3o sendo executadas desde agosto&nbsp;do ano passado em v\u00e1rios bairros da cidade. J\u00e1 foram interligadas em campo mais de 700&nbsp;novas&nbsp;liga\u00e7\u00f5es e implantados&nbsp;quase 7 km de redes coletoras.&nbsp;&nbsp;<\/p>\n\n\n\n<p>As equipes executaram 24% dos investimentos previstos para extens\u00e3o de rede e ramais prediais\u00a0no escopo\u00a0inicial das obras. Neste m\u00eas de janeiro, as frentes de trabalho est\u00e3o atuando\u00a0nos bairros Rua Nova, Pedra do Descanso, Gabriela e Ponto Central.<\/p>\n\n\n\n<p><em>\u201cInvestir em esgotamento sanit\u00e1rio \u00e9 investir em sa\u00fade e qualidade de vida para popula\u00e7\u00e3o. Um ambiente saneado, sem esgotos lan\u00e7ados indevidamente a\u00a0c\u00e9u\u00a0aberto nas vias p\u00fablicas, reduz sensivelmente os casos de doen\u00e7as, com a redu\u00e7\u00e3o da prolifera\u00e7\u00e3o de insetos\u00a0e outros vetores transmissores\u201d, <\/em>explica\u00a0\u00a0o gerente de esgotamento sanit\u00e1rio da Embasa em Feira de Santana,\u00a0Alex Cruz. \u00a0<\/p>\n\n\n\n<p>Como as interven\u00e7\u00f5es envolvem escava\u00e7\u00f5es para a implanta\u00e7\u00e3o da\u00a0tubula\u00e7\u00e3o, a Embasa tem refor\u00e7ado a fiscaliza\u00e7\u00e3o junto \u00e0 empresa contratada para minimizar os transtornos para a popula\u00e7\u00e3o. <\/p>\n\n\n\n<p><em>&#8220;Nossas equipes est\u00e3o cobrando maior celeridade na execu\u00e7\u00e3o das interven\u00e7\u00f5es para a r\u00e1pida libera\u00e7\u00e3o das vias, na sinaliza\u00e7\u00e3o para evitar o tr\u00e2nsito de pedestres e ve\u00edculos pelo canteiro e na redu\u00e7\u00e3o do tempo entre a conclus\u00e3o da obra e a da recomposi\u00e7\u00e3o do pavimento&#8221;, <\/em>refor\u00e7a o gerente Alex Cruz. A Embasa beneficia com o servi\u00e7o de coleta e tratamento dos esgotos dom\u00e9sticos cerca de158,4 mil im\u00f3veis com a cobertura de 65% da sede de Feira de Santana.<\/p>\n","protected":false},"excerpt":{"rendered":"<p>A Embasa est\u00e1 ampliando a cobertura de esgotamento sanit\u00e1rio na segunda maior cidade da Bahia.&nbsp;Ao todo, a Embasa est\u00e1 injetando mais de R$ 7&nbsp;milh\u00f5es na realiza\u00e7\u00e3o das interven\u00e7\u00f5es, que v\u00e3o beneficiar&nbsp;3.340&nbsp;fam\u00edlias de Feira de Santana com a coleta, o tratamento&nbsp;e a correta destina\u00e7\u00e3o&nbsp;dos&nbsp;esgotos dom\u00e9sticos.&nbsp;As obras para implanta\u00e7\u00e3o de novas redes coletoras e liga\u00e7\u00f5es de esgoto [&hellip;]<\/p>\n","protected":false},"author":3,"featured_media":22334,"comment_status":"open","ping_status":"open","sticky":false,"template":"","format":"standard","meta":{"_monsterinsights_skip_tracking":false,"_monsterinsights_sitenote_active":false,"_monsterinsights_sitenote_note":"","_monsterinsights_sitenote_category":0,"footnotes":""},"categories":[34],"tags":[],"yoast_head":"<!-- This site is optimized with the Yoast SEO plugin v22.9 - https:\/\/yoast.com\/wordpress\/plugins\/seo\/ -->\n<title>Embasa investe R$ 7 milh\u00f5es na amplia\u00e7\u00e3o do esgotamento sanit\u00e1rio em Feira de Santana - Portal MF<\/title>\n<meta name=\"robots\" content=\"index, follow, max-snippet:-1, max-image-preview:large, max-video-preview:-1\" \/>\n<link rel=\"canonical\" href=\"https:\/\/portalmf.com.br\/index.php\/2024\/01\/22\/embasa-investe-r-7-milhoes-na-ampliacao-do-esgotamento-sanitario-em-feira-de-santana\/\" \/>\n<meta property=\"og:locale\" content=\"pt_BR\" \/>\n<meta property=\"og:type\" content=\"article\" \/>\n<meta property=\"og:title\" content=\"Embasa investe R$ 7 milh\u00f5es na amplia\u00e7\u00e3o do esgotamento sanit\u00e1rio em Feira de Santana - Portal MF\" \/>\n<meta property=\"og:description\" content=\"A Embasa est\u00e1 ampliando a cobertura de esgotamento sanit\u00e1rio na segunda maior cidade da Bahia.&nbsp;Ao todo, a Embasa est\u00e1 injetando mais de R$ 7&nbsp;milh\u00f5es na realiza\u00e7\u00e3o das interven\u00e7\u00f5es, que v\u00e3o beneficiar&nbsp;3.340&nbsp;fam\u00edlias de Feira de Santana com a coleta, o tratamento&nbsp;e a correta destina\u00e7\u00e3o&nbsp;dos&nbsp;esgotos dom\u00e9sticos.&nbsp;As obras para implanta\u00e7\u00e3o de novas redes coletoras e liga\u00e7\u00f5es de esgoto [&hellip;]\" \/>\n<meta property=\"og:url\" content=\"https:\/\/portalmf.com.br\/index.php\/2024\/01\/22\/embasa-investe-r-7-milhoes-na-ampliacao-do-esgotamento-sanitario-em-feira-de-santana\/\" \/>\n<meta property=\"og:site_name\" content=\"Portal MF\" \/>\n<meta property=\"article:author\" content=\"https:\/\/www.facebook.com\/portalmfoficial\" \/>\n<meta property=\"article:published_time\" content=\"2024-01-22T20:43:48+00:00\" \/>\n<meta property=\"article:modified_time\" content=\"2024-01-22T20:43:52+00:00\" \/>\n<meta property=\"og:image\" content=\"https:\/\/portalmf.com.br\/wp-content\/uploads\/2024\/01\/Ampliacao_-Esgotamento-Sanitario_Feira-de-Santana_Embasa.jpeg\" \/>\n\t<meta property=\"og:image:width\" content=\"960\" \/>\n\t<meta property=\"og:image:height\" content=\"824\" \/>\n\t<meta property=\"og:image:type\" content=\"image\/jpeg\" \/>\n<meta name=\"author\" content=\"Reda\u00e7\u00e3o Portal MF\" \/>\n<meta name=\"twitter:card\" content=\"summary_large_image\" \/>\n<meta name=\"twitter:creator\" content=\"@https:\/\/x.com\/portalmfoficial\" \/>\n<meta name=\"twitter:label1\" content=\"Escrito por\" \/>\n\t<meta name=\"twitter:data1\" content=\"Reda\u00e7\u00e3o Portal MF\" \/>\n\t<meta name=\"twitter:label2\" content=\"Est. tempo de leitura\" \/>\n\t<meta name=\"twitter:data2\" content=\"2 minutos\" \/>\n<script type=\"application\/ld+json\" class=\"yoast-schema-graph\">{\"@context\":\"https:\/\/schema.org\",\"@graph\":[{\"@type\":\"WebPage\",\"@id\":\"https:\/\/portalmf.com.br\/index.php\/2024\/01\/22\/embasa-investe-r-7-milhoes-na-ampliacao-do-esgotamento-sanitario-em-feira-de-santana\/\",\"url\":\"https:\/\/portalmf.com.br\/index.php\/2024\/01\/22\/embasa-investe-r-7-milhoes-na-ampliacao-do-esgotamento-sanitario-em-feira-de-santana\/\",\"name\":\"Embasa investe R$ 7 milh\u00f5es na amplia\u00e7\u00e3o do esgotamento sanit\u00e1rio em Feira de Santana - Portal MF\",\"isPartOf\":{\"@id\":\"https:\/\/portalmf.com.br\/#website\"},\"primaryImageOfPage\":{\"@id\":\"https:\/\/portalmf.com.br\/index.php\/2024\/01\/22\/embasa-investe-r-7-milhoes-na-ampliacao-do-esgotamento-sanitario-em-feira-de-santana\/#primaryimage\"},\"image\":{\"@id\":\"https:\/\/portalmf.com.br\/index.php\/2024\/01\/22\/embasa-investe-r-7-milhoes-na-ampliacao-do-esgotamento-sanitario-em-feira-de-santana\/#primaryimage\"},\"thumbnailUrl\":\"https:\/\/portalmf.com.br\/wp-content\/uploads\/2024\/01\/Ampliacao_-Esgotamento-Sanitario_Feira-de-Santana_Embasa.jpeg\",\"datePublished\":\"2024-01-22T20:43:48+00:00\",\"dateModified\":\"2024-01-22T20:43:52+00:00\",\"author\":{\"@id\":\"https:\/\/portalmf.com.br\/#\/schema\/person\/9ec101baf56233e53520c26de5d6f6f0\"},\"breadcrumb\":{\"@id\":\"https:\/\/portalmf.com.br\/index.php\/2024\/01\/22\/embasa-investe-r-7-milhoes-na-ampliacao-do-esgotamento-sanitario-em-feira-de-santana\/#breadcrumb\"},\"inLanguage\":\"pt-BR\",\"potentialAction\":[{\"@type\":\"ReadAction\",\"target\":[\"https:\/\/portalmf.com.br\/index.php\/2024\/01\/22\/embasa-investe-r-7-milhoes-na-ampliacao-do-esgotamento-sanitario-em-feira-de-santana\/\"]}]},{\"@type\":\"ImageObject\",\"inLanguage\":\"pt-BR\",\"@id\":\"https:\/\/portalmf.com.br\/index.php\/2024\/01\/22\/embasa-investe-r-7-milhoes-na-ampliacao-do-esgotamento-sanitario-em-feira-de-santana\/#primaryimage\",\"url\":\"https:\/\/portalmf.com.br\/wp-content\/uploads\/2024\/01\/Ampliacao_-Esgotamento-Sanitario_Feira-de-Santana_Embasa.jpeg\",\"contentUrl\":\"https:\/\/portalmf.com.br\/wp-content\/uploads\/2024\/01\/Ampliacao_-Esgotamento-Sanitario_Feira-de-Santana_Embasa.jpeg\",\"width\":960,\"height\":824},{\"@type\":\"BreadcrumbList\",\"@id\":\"https:\/\/portalmf.com.br\/index.php\/2024\/01\/22\/embasa-investe-r-7-milhoes-na-ampliacao-do-esgotamento-sanitario-em-feira-de-santana\/#breadcrumb\",\"itemListElement\":[{\"@type\":\"ListItem\",\"position\":1,\"name\":\"In\u00edcio\",\"item\":\"https:\/\/portalmf.com.br\/\"},{\"@type\":\"ListItem\",\"position\":2,\"name\":\"Embasa investe R$ 7 milh\u00f5es na amplia\u00e7\u00e3o do esgotamento sanit\u00e1rio em Feira de Santana\"}]},{\"@type\":\"WebSite\",\"@id\":\"https:\/\/portalmf.com.br\/#website\",\"url\":\"https:\/\/portalmf.com.br\/\",\"name\":\"Portal MF\",\"description\":\"Voc\u00ea conectado com a informa\u00e7\u00e3o\",\"potentialAction\":[{\"@type\":\"SearchAction\",\"target\":{\"@type\":\"EntryPoint\",\"urlTemplate\":\"https:\/\/portalmf.com.br\/?s={search_term_string}\"},\"query-input\":\"required name=search_term_string\"}],\"inLanguage\":\"pt-BR\"},{\"@type\":\"Person\",\"@id\":\"https:\/\/portalmf.com.br\/#\/schema\/person\/9ec101baf56233e53520c26de5d6f6f0\",\"name\":\"Reda\u00e7\u00e3o Portal MF\",\"image\":{\"@type\":\"ImageObject\",\"inLanguage\":\"pt-BR\",\"@id\":\"https:\/\/portalmf.com.br\/#\/schema\/person\/image\/\",\"url\":\"https:\/\/secure.gravatar.com\/avatar\/41b9aaeb2100835f7c64362330f74c7f?s=96&d=mm&r=g\",\"contentUrl\":\"https:\/\/secure.gravatar.com\/avatar\/41b9aaeb2100835f7c64362330f74c7f?s=96&d=mm&r=g\",\"caption\":\"Reda\u00e7\u00e3o Portal MF\"},\"description\":\"Sejam bem-vindos o portal de informa\u00e7\u00f5es de entretenimento de Feira de Santana, desde 2006 realiza coberturas dos principais eventos com entrevistas exclusivas com as principais personalidades mundiais. Fique conectado tamb\u00e9m nas redes sociais.\",\"sameAs\":[\"http:\/\/www.portalmf.com.br\/\",\"https:\/\/www.facebook.com\/portalmfoficial\",\"https:\/\/www.instagram.com\/portalmf\/\",\"https:\/\/x.com\/https:\/\/x.com\/portalmfoficial\",\"https:\/\/www.youtube.com\/@portalmfoficial\"],\"url\":\"https:\/\/portalmf.com.br\/index.php\/author\/junior\/\"}]}<\/script>\n<!-- \/ Yoast SEO plugin. -->","yoast_head_json":{"title":"Embasa investe R$ 7 milh\u00f5es na amplia\u00e7\u00e3o do esgotamento sanit\u00e1rio em Feira de Santana - Portal MF","robots":{"index":"index","follow":"follow","max-snippet":"max-snippet:-1","max-image-preview":"max-image-preview:large","max-video-preview":"max-video-preview:-1"},"canonical":"https:\/\/portalmf.com.br\/index.php\/2024\/01\/22\/embasa-investe-r-7-milhoes-na-ampliacao-do-esgotamento-sanitario-em-feira-de-santana\/","og_locale":"pt_BR","og_type":"article","og_title":"Embasa investe R$ 7 milh\u00f5es na amplia\u00e7\u00e3o do esgotamento sanit\u00e1rio em Feira de Santana - Portal MF","og_description":"A Embasa est\u00e1 ampliando a cobertura de esgotamento sanit\u00e1rio na segunda maior cidade da Bahia.&nbsp;Ao todo, a Embasa est\u00e1 injetando mais de R$ 7&nbsp;milh\u00f5es na realiza\u00e7\u00e3o das interven\u00e7\u00f5es, que v\u00e3o beneficiar&nbsp;3.340&nbsp;fam\u00edlias de Feira de Santana com a coleta, o tratamento&nbsp;e a correta destina\u00e7\u00e3o&nbsp;dos&nbsp;esgotos dom\u00e9sticos.&nbsp;As obras para implanta\u00e7\u00e3o de novas redes coletoras e liga\u00e7\u00f5es de esgoto [&hellip;]","og_url":"https:\/\/portalmf.com.br\/index.php\/2024\/01\/22\/embasa-investe-r-7-milhoes-na-ampliacao-do-esgotamento-sanitario-em-feira-de-santana\/","og_site_name":"Portal MF","article_author":"https:\/\/www.facebook.com\/portalmfoficial","article_published_time":"2024-01-22T20:43:48+00:00","article_modified_time":"2024-01-22T20:43:52+00:00","og_image":[{"width":960,"height":824,"url":"https:\/\/portalmf.com.br\/wp-content\/uploads\/2024\/01\/Ampliacao_-Esgotamento-Sanitario_Feira-de-Santana_Embasa.jpeg","type":"image\/jpeg"}],"author":"Reda\u00e7\u00e3o Portal MF","twitter_card":"summary_large_image","twitter_creator":"@https:\/\/x.com\/portalmfoficial","twitter_misc":{"Escrito por":"Reda\u00e7\u00e3o Portal MF","Est. tempo de leitura":"2 minutos"},"schema":{"@context":"https:\/\/schema.org","@graph":[{"@type":"WebPage","@id":"https:\/\/portalmf.com.br\/index.php\/2024\/01\/22\/embasa-investe-r-7-milhoes-na-ampliacao-do-esgotamento-sanitario-em-feira-de-santana\/","url":"https:\/\/portalmf.com.br\/index.php\/2024\/01\/22\/embasa-investe-r-7-milhoes-na-ampliacao-do-esgotamento-sanitario-em-feira-de-santana\/","name":"Embasa investe R$ 7 milh\u00f5es na amplia\u00e7\u00e3o do esgotamento sanit\u00e1rio em Feira de Santana - Portal MF","isPartOf":{"@id":"https:\/\/portalmf.com.br\/#website"},"primaryImageOfPage":{"@id":"https:\/\/portalmf.com.br\/index.php\/2024\/01\/22\/embasa-investe-r-7-milhoes-na-ampliacao-do-esgotamento-sanitario-em-feira-de-santana\/#primaryimage"},"image":{"@id":"https:\/\/portalmf.com.br\/index.php\/2024\/01\/22\/embasa-investe-r-7-milhoes-na-ampliacao-do-esgotamento-sanitario-em-feira-de-santana\/#primaryimage"},"thumbnailUrl":"https:\/\/portalmf.com.br\/wp-content\/uploads\/2024\/01\/Ampliacao_-Esgotamento-Sanitario_Feira-de-Santana_Embasa.jpeg","datePublished":"2024-01-22T20:43:48+00:00","dateModified":"2024-01-22T20:43:52+00:00","author":{"@id":"https:\/\/portalmf.com.br\/#\/schema\/person\/9ec101baf56233e53520c26de5d6f6f0"},"breadcrumb":{"@id":"https:\/\/portalmf.com.br\/index.php\/2024\/01\/22\/embasa-investe-r-7-milhoes-na-ampliacao-do-esgotamento-sanitario-em-feira-de-santana\/#breadcrumb"},"inLanguage":"pt-BR","potentialAction":[{"@type":"ReadAction","target":["https:\/\/portalmf.com.br\/index.php\/2024\/01\/22\/embasa-investe-r-7-milhoes-na-ampliacao-do-esgotamento-sanitario-em-feira-de-santana\/"]}]},{"@type":"ImageObject","inLanguage":"pt-BR","@id":"https:\/\/portalmf.com.br\/index.php\/2024\/01\/22\/embasa-investe-r-7-milhoes-na-ampliacao-do-esgotamento-sanitario-em-feira-de-santana\/#primaryimage","url":"https:\/\/portalmf.com.br\/wp-content\/uploads\/2024\/01\/Ampliacao_-Esgotamento-Sanitario_Feira-de-Santana_Embasa.jpeg","contentUrl":"https:\/\/portalmf.com.br\/wp-content\/uploads\/2024\/01\/Ampliacao_-Esgotamento-Sanitario_Feira-de-Santana_Embasa.jpeg","width":960,"height":824},{"@type":"BreadcrumbList","@id":"https:\/\/portalmf.com.br\/index.php\/2024\/01\/22\/embasa-investe-r-7-milhoes-na-ampliacao-do-esgotamento-sanitario-em-feira-de-santana\/#breadcrumb","itemListElement":[{"@type":"ListItem","position":1,"name":"In\u00edcio","item":"https:\/\/portalmf.com.br\/"},{"@type":"ListItem","position":2,"name":"Embasa investe R$ 7 milh\u00f5es na amplia\u00e7\u00e3o do esgotamento sanit\u00e1rio em Feira de Santana"}]},{"@type":"WebSite","@id":"https:\/\/portalmf.com.br\/#website","url":"https:\/\/portalmf.com.br\/","name":"Portal MF","description":"Voc\u00ea conectado com a informa\u00e7\u00e3o","potentialAction":[{"@type":"SearchAction","target":{"@type":"EntryPoint","urlTemplate":"https:\/\/portalmf.com.br\/?s={search_term_string}"},"query-input":"required name=search_term_string"}],"inLanguage":"pt-BR"},{"@type":"Person","@id":"https:\/\/portalmf.com.br\/#\/schema\/person\/9ec101baf56233e53520c26de5d6f6f0","name":"Reda\u00e7\u00e3o Portal MF","image":{"@type":"ImageObject","inLanguage":"pt-BR","@id":"https:\/\/portalmf.com.br\/#\/schema\/person\/image\/","url":"https:\/\/secure.gravatar.com\/avatar\/41b9aaeb2100835f7c64362330f74c7f?s=96&d=mm&r=g","contentUrl":"https:\/\/secure.gravatar.com\/avatar\/41b9aaeb2100835f7c64362330f74c7f?s=96&d=mm&r=g","caption":"Reda\u00e7\u00e3o Portal MF"},"description":"Sejam bem-vindos o portal de informa\u00e7\u00f5es de entretenimento de Feira de Santana, desde 2006 realiza coberturas dos principais eventos com entrevistas exclusivas com as principais personalidades mundiais. Fique conectado tamb\u00e9m nas redes sociais.","sameAs":["http:\/\/www.portalmf.com.br\/","https:\/\/www.facebook.com\/portalmfoficial","https:\/\/www.instagram.com\/portalmf\/","https:\/\/x.com\/https:\/\/x.com\/portalmfoficial","https:\/\/www.youtube.com\/@portalmfoficial"],"url":"https:\/\/portalmf.com.br\/index.php\/author\/junior\/"}]}},"_links":{"self":[{"href":"https:\/\/portalmf.com.br\/index.php\/wp-json\/wp\/v2\/posts\/22333"}],"collection":[{"href":"https:\/\/portalmf.com.br\/index.php\/wp-json\/wp\/v2\/posts"}],"about":[{"href":"https:\/\/portalmf.com.br\/index.php\/wp-json\/wp\/v2\/types\/post"}],"author":[{"embeddable":true,"href":"https:\/\/portalmf.com.br\/index.php\/wp-json\/wp\/v2\/users\/3"}],"replies":[{"embeddable":true,"href":"https:\/\/portalmf.com.br\/index.php\/wp-json\/wp\/v2\/comments?post=22333"}],"version-history":[{"count":1,"href":"https:\/\/portalmf.com.br\/index.php\/wp-json\/wp\/v2\/posts\/22333\/revisions"}],"predecessor-version":[{"id":22335,"href":"https:\/\/portalmf.com.br\/index.php\/wp-json\/wp\/v2\/posts\/22333\/revisions\/22335"}],"wp:featuredmedia":[{"embeddable":true,"href":"https:\/\/portalmf.com.br\/index.php\/wp-json\/wp\/v2\/media\/22334"}],"wp:attachment":[{"href":"https:\/\/portalmf.com.br\/index.php\/wp-json\/wp\/v2\/media?parent=22333"}],"wp:term":[{"taxonomy":"category","embeddable":true,"href":"https:\/\/portalmf.com.br\/index.php\/wp-json\/wp\/v2\/categories?post=22333"},{"taxonomy":"post_tag","embeddable":true,"href":"https:\/\/portalmf.com.br\/index.php\/wp-json\/wp\/v2\/tags?post=22333"}],"curies":[{"name":"wp","href":"https:\/\/api.w.org\/{rel}","templated":true}]}}