{"id":22285,"date":"2024-01-19T23:45:06","date_gmt":"2024-01-20T02:45:06","guid":{"rendered":"https:\/\/portalmf.com.br\/?p=22285"},"modified":"2024-01-19T23:49:34","modified_gmt":"2024-01-20T02:49:34","slug":"ivete-sangalo-fala-sobre-expectativa-para-a-estreia-de-the-masked-singer","status":"publish","type":"post","link":"https:\/\/portalmf.com.br\/index.php\/2024\/01\/19\/ivete-sangalo-fala-sobre-expectativa-para-a-estreia-de-the-masked-singer\/","title":{"rendered":"Ivete Sangalo fala sobre expectativa para a estreia de \u2018The Masked Singer\u2019"},"content":{"rendered":"\n<p>A partir deste domingo, dia 21, as tardes de domingo da TV Globo estar\u00e3o repletas de bom humor, m\u00fasica e divers\u00e3o com a estreia da quarta temporada de \u2018The Masked Singer Brasil\u2019, logo ap\u00f3s \u2018Temperatura M\u00e1xima\u2019. Com apresenta\u00e7\u00e3o de Ivete Sangalo, o p\u00fablico de casa se juntar\u00e1 a Jos\u00e9 Loreto, Paulo Vieira \u2013 ambos novos jurados da edi\u00e7\u00e3o -, Sabrina Sato e Ta\u00eds Ara\u00fajo para descobrir quem s\u00e3o as personalidades por tr\u00e1s das fantasias a partir das apresenta\u00e7\u00f5es musicais cheias de performance. Kenya Sade, por sua vez, \u00e9 a nova parceira de Ivete na apresenta\u00e7\u00e3o e colaborar\u00e1 na investiga\u00e7\u00e3o com informa\u00e7\u00f5es exclusivas dos bastidores e da plateia.\u00a0<\/p>\n\n\n\n<figure class=\"wp-block-image size-large\"><img fetchpriority=\"high\" decoding=\"async\" width=\"1024\" height=\"683\" src=\"https:\/\/portalmf.com.br\/wp-content\/uploads\/2024\/01\/assets_fotos_985_ivete-sangalo-fala-sobre-expectativa-para-a-estreia-de-the-masked-singer-neste-domingo-21-aa457977d0b7-1024x683.jpg\" alt=\"\" class=\"wp-image-22287\" srcset=\"https:\/\/portalmf.com.br\/wp-content\/uploads\/2024\/01\/assets_fotos_985_ivete-sangalo-fala-sobre-expectativa-para-a-estreia-de-the-masked-singer-neste-domingo-21-aa457977d0b7-1024x683.jpg 1024w, https:\/\/portalmf.com.br\/wp-content\/uploads\/2024\/01\/assets_fotos_985_ivete-sangalo-fala-sobre-expectativa-para-a-estreia-de-the-masked-singer-neste-domingo-21-aa457977d0b7-300x200.jpg 300w, https:\/\/portalmf.com.br\/wp-content\/uploads\/2024\/01\/assets_fotos_985_ivete-sangalo-fala-sobre-expectativa-para-a-estreia-de-the-masked-singer-neste-domingo-21-aa457977d0b7-768x512.jpg 768w, https:\/\/portalmf.com.br\/wp-content\/uploads\/2024\/01\/assets_fotos_985_ivete-sangalo-fala-sobre-expectativa-para-a-estreia-de-the-masked-singer-neste-domingo-21-aa457977d0b7-1536x1024.jpg 1536w, https:\/\/portalmf.com.br\/wp-content\/uploads\/2024\/01\/assets_fotos_985_ivete-sangalo-fala-sobre-expectativa-para-a-estreia-de-the-masked-singer-neste-domingo-21-aa457977d0b7-2048x1366.jpg 2048w, https:\/\/portalmf.com.br\/wp-content\/uploads\/2024\/01\/assets_fotos_985_ivete-sangalo-fala-sobre-expectativa-para-a-estreia-de-the-masked-singer-neste-domingo-21-aa457977d0b7-1920x1280.jpg 1920w, https:\/\/portalmf.com.br\/wp-content\/uploads\/2024\/01\/assets_fotos_985_ivete-sangalo-fala-sobre-expectativa-para-a-estreia-de-the-masked-singer-neste-domingo-21-aa457977d0b7-1170x780.jpg 1170w, https:\/\/portalmf.com.br\/wp-content\/uploads\/2024\/01\/assets_fotos_985_ivete-sangalo-fala-sobre-expectativa-para-a-estreia-de-the-masked-singer-neste-domingo-21-aa457977d0b7-585x390.jpg 585w, https:\/\/portalmf.com.br\/wp-content\/uploads\/2024\/01\/assets_fotos_985_ivete-sangalo-fala-sobre-expectativa-para-a-estreia-de-the-masked-singer-neste-domingo-21-aa457977d0b7-263x175.jpg 263w\" sizes=\"(max-width: 1024px) 100vw, 1024px\" \/><figcaption class=\"wp-element-caption\"><strong>Jos\u00e9 Loreto, Ivete Sangalo, Kenya Sade, Paulo Viera e Sabrina Sato. Foto: Globo\/ Maur\u00edcio Fidalgo<\/strong><\/figcaption><\/figure>\n\n\n\n<p>A temporada, que chega com novidades no cen\u00e1rio, no elenco, nas fantasias, na din\u00e2mica e na interatividade com o p\u00fablico, tem os tr\u00eas primeiros epis\u00f3dios dedicados a apresentar as doze novas fantasias, com apresenta\u00e7\u00f5es de quatro mascarados diferentes por epis\u00f3dio. Na estreia, competir\u00e3o Alface, Etzinho, Mam\u00e3e Abacate e Sereia Iara.&nbsp;<\/p>\n\n\n\n<p>Ap\u00f3s as apresenta\u00e7\u00f5es, a plateia vota para salvar duas fantasias da elimina\u00e7\u00e3o, e as duas menos votadas batalham novamente, mostrando um segundo musical. O j\u00fari, ent\u00e3o, se re\u00fane para deliberar quem dos dois fantasiados ser\u00e1 salvo e quem ser\u00e1 desmascarado. Em cada um dos tr\u00eas programas, haver\u00e1 uma elimina\u00e7\u00e3o.\u00a0<\/p>\n\n\n\n<figure class=\"wp-block-image size-large\"><img decoding=\"async\" width=\"1024\" height=\"683\" src=\"https:\/\/portalmf.com.br\/wp-content\/uploads\/2024\/01\/assets_fotos_985_the-masked-singer-show-de-novidades-nas-tardes-de-domingo-da-tv-globo-8e149b7e8725-1024x683.jpg\" alt=\"\" class=\"wp-image-22086\" srcset=\"https:\/\/portalmf.com.br\/wp-content\/uploads\/2024\/01\/assets_fotos_985_the-masked-singer-show-de-novidades-nas-tardes-de-domingo-da-tv-globo-8e149b7e8725-1024x683.jpg 1024w, https:\/\/portalmf.com.br\/wp-content\/uploads\/2024\/01\/assets_fotos_985_the-masked-singer-show-de-novidades-nas-tardes-de-domingo-da-tv-globo-8e149b7e8725-300x200.jpg 300w, https:\/\/portalmf.com.br\/wp-content\/uploads\/2024\/01\/assets_fotos_985_the-masked-singer-show-de-novidades-nas-tardes-de-domingo-da-tv-globo-8e149b7e8725-768x512.jpg 768w, https:\/\/portalmf.com.br\/wp-content\/uploads\/2024\/01\/assets_fotos_985_the-masked-singer-show-de-novidades-nas-tardes-de-domingo-da-tv-globo-8e149b7e8725-1170x780.jpg 1170w, https:\/\/portalmf.com.br\/wp-content\/uploads\/2024\/01\/assets_fotos_985_the-masked-singer-show-de-novidades-nas-tardes-de-domingo-da-tv-globo-8e149b7e8725-585x390.jpg 585w, https:\/\/portalmf.com.br\/wp-content\/uploads\/2024\/01\/assets_fotos_985_the-masked-singer-show-de-novidades-nas-tardes-de-domingo-da-tv-globo-8e149b7e8725-263x175.jpg 263w, https:\/\/portalmf.com.br\/wp-content\/uploads\/2024\/01\/assets_fotos_985_the-masked-singer-show-de-novidades-nas-tardes-de-domingo-da-tv-globo-8e149b7e8725.jpg 1200w\" sizes=\"(max-width: 1024px) 100vw, 1024px\" \/><figcaption class=\"wp-element-caption\">The Masked Singer T4 &#8211; Jos\u00e9 Loreto, Paulo Vieira, Tais Araujo, Sabrina Sato, Kenya Sade e Ivete Sangalo<\/figcaption><\/figure>\n\n\n\n<p>A partir do quarto epis\u00f3dio, os nove mascarados que continuarem na competi\u00e7\u00e3o poder\u00e3o se apresentar todos num mesmo programa, como no caso de edi\u00e7\u00f5es tem\u00e1ticas, que podem contar com mais de uma elimina\u00e7\u00e3o, ou serem novamente divididos em programas diferentes. Contudo, reviravoltas poder\u00e3o acontecer com o Masked Sino. Localizado ao lado dos jurados, pode ser acionado a qualquer momento, e a consequ\u00eancia \u00e9 a anula\u00e7\u00e3o de uma revela\u00e7\u00e3o. Durante a temporada, o sino s\u00f3 pode ser tocado uma \u00fanica vez por jurado, salvando um personagem que teria sua identidade revelada por decis\u00e3o do grupo.<\/p>\n\n\n\n<p>O p\u00fablico de casa tamb\u00e9m pode participar com palpites sobre a identidade dos mascarados por meio do Masked Game, um jogo on-line hospedado no site do programa dento do Gshow, com perguntas sobre o conte\u00fado do programa. Os participantes concorrem a brinde e pr\u00eamios.<\/p>\n\n\n\n<p>As fantasias da quarta temporada do \u2018The Masked Singer Brasil\u2019 foram idealizadas pelos figurinistas Gabriel Haddad, Leonardo Bora \u2013 carnavalescos da escola de samba Acad\u00eamicos do Grande Rio \u2013 e executadas e esculpidas por F\u00e1bio de Amorim Leme, mais conhecido como Bolinha, \u00e0 frente do Bolinha Studios, de S\u00e3o Paulo. Com uma equipe de mais de 20 colaboradores, ele coordenou desenvolvimento 3D, planejamento, constru\u00e7\u00e3o da parte estrutural e acabamento, al\u00e9m de efeitos como movimenta\u00e7\u00e3o dos olhos e outros diferenciais que ser\u00e3o vistos nesta edi\u00e7\u00e3o.<\/p>\n\n\n\n<figure class=\"wp-block-image size-large\"><img decoding=\"async\" width=\"1024\" height=\"683\" src=\"https:\/\/portalmf.com.br\/wp-content\/uploads\/2024\/01\/assets_fotos_985_ivete-sangalo-fala-sobre-expectativa-para-a-estreia-de-the-masked-singer-neste-domingo-21-4bb6c9e64068-1024x683.jpg\" alt=\"\" class=\"wp-image-22286\" srcset=\"https:\/\/portalmf.com.br\/wp-content\/uploads\/2024\/01\/assets_fotos_985_ivete-sangalo-fala-sobre-expectativa-para-a-estreia-de-the-masked-singer-neste-domingo-21-4bb6c9e64068-1024x683.jpg 1024w, https:\/\/portalmf.com.br\/wp-content\/uploads\/2024\/01\/assets_fotos_985_ivete-sangalo-fala-sobre-expectativa-para-a-estreia-de-the-masked-singer-neste-domingo-21-4bb6c9e64068-300x200.jpg 300w, https:\/\/portalmf.com.br\/wp-content\/uploads\/2024\/01\/assets_fotos_985_ivete-sangalo-fala-sobre-expectativa-para-a-estreia-de-the-masked-singer-neste-domingo-21-4bb6c9e64068-768x512.jpg 768w, https:\/\/portalmf.com.br\/wp-content\/uploads\/2024\/01\/assets_fotos_985_ivete-sangalo-fala-sobre-expectativa-para-a-estreia-de-the-masked-singer-neste-domingo-21-4bb6c9e64068-1536x1024.jpg 1536w, https:\/\/portalmf.com.br\/wp-content\/uploads\/2024\/01\/assets_fotos_985_ivete-sangalo-fala-sobre-expectativa-para-a-estreia-de-the-masked-singer-neste-domingo-21-4bb6c9e64068-2048x1366.jpg 2048w, https:\/\/portalmf.com.br\/wp-content\/uploads\/2024\/01\/assets_fotos_985_ivete-sangalo-fala-sobre-expectativa-para-a-estreia-de-the-masked-singer-neste-domingo-21-4bb6c9e64068-1920x1280.jpg 1920w, https:\/\/portalmf.com.br\/wp-content\/uploads\/2024\/01\/assets_fotos_985_ivete-sangalo-fala-sobre-expectativa-para-a-estreia-de-the-masked-singer-neste-domingo-21-4bb6c9e64068-1170x780.jpg 1170w, https:\/\/portalmf.com.br\/wp-content\/uploads\/2024\/01\/assets_fotos_985_ivete-sangalo-fala-sobre-expectativa-para-a-estreia-de-the-masked-singer-neste-domingo-21-4bb6c9e64068-585x390.jpg 585w, https:\/\/portalmf.com.br\/wp-content\/uploads\/2024\/01\/assets_fotos_985_ivete-sangalo-fala-sobre-expectativa-para-a-estreia-de-the-masked-singer-neste-domingo-21-4bb6c9e64068-263x175.jpg 263w\" sizes=\"(max-width: 1024px) 100vw, 1024px\" \/><figcaption class=\"wp-element-caption\">Ibete Sangalo e Sereia Iara. Foto: Globo\/ Maur\u00edcio Fidalgo<\/figcaption><\/figure>\n\n\n\n<p>Ansiosa para mostrar todas essas novidades aos f\u00e3s da atra\u00e7\u00e3o, a apresentadora Ivete Sangalo fala sobre a expectativa para a estreia na entrevista abaixo.<\/p>\n\n\n\n<p><strong>Quais ser\u00e3o os diferenciais desta temporada na sua opini\u00e3o?<\/strong><\/p>\n\n\n\n<p>Nesta quarta temporada do \u2018The Masked Singer Brasil\u2019 me deparei com um palco completamente diferente e ainda mais sensacional do que a gente j\u00e1 est\u00e1 habituado a ver. Novos jurados, novos detetives, que s\u00e3o Jos\u00e9 Loreto e Paulo Vieira, e as divas maravilhosas, Sabrina Sato e Thais Ara\u00fajo. Kenya Sade \u00e9 a minha companheira de bate-papo com plateia e com os personagens. H\u00e1 novidades nas fantasias tamb\u00e9m. Ou seja, embora seja a minha quarta temporada, esse programa me surpreende da hora que eu chego at\u00e9 quando vou embora. Ent\u00e3o, \u00e9 uma del\u00edcia e estou muito feliz, muito ansiosa! <\/p>\n\n\n\n<p><strong>Voc\u00ea est\u00e1 se preparando de alguma forma para as grava\u00e7\u00f5es?<\/strong><\/p>\n\n\n\n<p>Minha carreira \u00e9 uma coisa s\u00f3. Eu fa\u00e7o um preparo f\u00edsico o ano todo, mas no final do ano eu dou uma intensificada maior por conta das festas do final de ano, como o Maracan\u00e3 que eu fiz agora, e a\u00ed vem o Carnaval. Minha vida gira um pouco em torno desse preparo f\u00edsico e emocional. Ent\u00e3o eu cuido da voz, mas cuido das minhas emo\u00e7\u00f5es tamb\u00e9m, preparo que me coloca ali um equil\u00edbrio para poder encarar o Carnaval. E tudo isso acaba desaguando no projeto do \u2018Masked\u2019, porque eu preciso ter bastante energia e a leveza que o programa merece. Emocionalmente, esse programa me d\u00e1 tantos argumentos e tantos subs\u00eddios para chegar ao Carnaval com a energia na melhor qualidade, mas o preparo \u00e9 todo dia.<\/p>\n\n\n\n<p><strong>Como acredita que a chegada de Paulo Vieira e Jos\u00e9 Loreto no grupo de jurados impactar\u00e1 a edi\u00e7\u00e3o?<\/strong><\/p>\n\n\n\n<p>Paulo e Jos\u00e9 s\u00e3o pessoas que admiro muito, ambos muito competentes, excelentes em suas carreiras. Eles t\u00eam um timming muito bom de humor, tenho certeza de que essa temporada ser\u00e1 ainda mais especial com eles.<\/p>\n\n\n\n<p><strong>E como Kenya Sade chega para somar ao time do programa?<\/strong><\/p>\n\n\n\n<p>Kenya j\u00e1 escreveu bastante hist\u00f3ria a\u00ed, a gente conhece e reconhece o talento dela. Ela vem capitaneando, vem trazendo o conte\u00fado de festivais important\u00edssimos do pa\u00eds. Uma menina completamente preparada, e o que \u00e9 mais bacana ainda, com conhecimento de causa. Ela vai entrar no programa ciente de que vai tratar de m\u00fasica, de arte, e ela sabe fazer isso lindamente. Ent\u00e3o, domingo \u00e0 tarde, essa mulher linda compartilhar\u00e1 com a gente os conhecimentos e a energia dela.<\/p>\n\n\n\n<p><strong>O que o \u2018Masked\u2019 representa para voc\u00ea?<\/strong><\/p>\n\n\n\n<p>Representa a alegria, a nossa vida mais leve, a fam\u00edlia curtindo o momento, a uni\u00e3o em tentar desvendar quem est\u00e1 naquelas fantasias. O que o p\u00fablico pode esperar desta temporada?\u00c9 a quarta temporada, e a ideia \u00e9 levar emo\u00e7\u00e3o, leveza, arte e alegria para vida das pessoas. Todas as pessoas que passaram aqui colaboraram com isso, ent\u00e3o somos uma fam\u00edlia que s\u00f3 aumenta &#8211; desde os primeiros que fizeram parte da bancada at\u00e9 os que est\u00e3o entrando agora. Eu acho que o universo conspira para que a gente fa\u00e7a desse prop\u00f3sito algo comum, e \u00e9 isso que est\u00e1 acontecendo. Tenho certeza de que essa temporada ser\u00e1 m\u00e1gica e que vai deixar muita gente feliz, vai deixar muita gente envolvida nessa energia de alegria e de satisfa\u00e7\u00e3o.<\/p>\n","protected":false},"excerpt":{"rendered":"<p>A partir deste domingo, dia 21, as tardes de domingo da TV Globo estar\u00e3o repletas de bom humor, m\u00fasica e divers\u00e3o com a estreia da quarta temporada de \u2018The Masked Singer Brasil\u2019, logo ap\u00f3s \u2018Temperatura M\u00e1xima\u2019. Com apresenta\u00e7\u00e3o de Ivete Sangalo, o p\u00fablico de casa se juntar\u00e1 a Jos\u00e9 Loreto, Paulo Vieira \u2013 ambos novos [&hellip;]<\/p>\n","protected":false},"author":3,"featured_media":22291,"comment_status":"open","ping_status":"open","sticky":false,"template":"","format":"standard","meta":{"_monsterinsights_skip_tracking":false,"_monsterinsights_sitenote_active":false,"_monsterinsights_sitenote_note":"","_monsterinsights_sitenote_category":0,"footnotes":""},"categories":[48,43],"tags":[169,326],"yoast_head":"<!-- This site is optimized with the Yoast SEO plugin v22.9 - https:\/\/yoast.com\/wordpress\/plugins\/seo\/ -->\n<title>Ivete Sangalo fala sobre expectativa para a estreia de \u2018The Masked Singer\u2019 - Portal MF<\/title>\n<meta name=\"robots\" content=\"index, follow, max-snippet:-1, max-image-preview:large, max-video-preview:-1\" \/>\n<link rel=\"canonical\" href=\"https:\/\/portalmf.com.br\/index.php\/2024\/01\/19\/ivete-sangalo-fala-sobre-expectativa-para-a-estreia-de-the-masked-singer\/\" \/>\n<meta property=\"og:locale\" content=\"pt_BR\" \/>\n<meta property=\"og:type\" content=\"article\" \/>\n<meta property=\"og:title\" content=\"Ivete Sangalo fala sobre expectativa para a estreia de \u2018The Masked Singer\u2019 - Portal MF\" \/>\n<meta property=\"og:description\" content=\"A partir deste domingo, dia 21, as tardes de domingo da TV Globo estar\u00e3o repletas de bom humor, m\u00fasica e divers\u00e3o com a estreia da quarta temporada de \u2018The Masked Singer Brasil\u2019, logo ap\u00f3s \u2018Temperatura M\u00e1xima\u2019. Com apresenta\u00e7\u00e3o de Ivete Sangalo, o p\u00fablico de casa se juntar\u00e1 a Jos\u00e9 Loreto, Paulo Vieira \u2013 ambos novos [&hellip;]\" \/>\n<meta property=\"og:url\" content=\"https:\/\/portalmf.com.br\/index.php\/2024\/01\/19\/ivete-sangalo-fala-sobre-expectativa-para-a-estreia-de-the-masked-singer\/\" \/>\n<meta property=\"og:site_name\" content=\"Portal MF\" \/>\n<meta property=\"article:author\" content=\"https:\/\/www.facebook.com\/portalmfoficial\" \/>\n<meta property=\"article:published_time\" content=\"2024-01-20T02:45:06+00:00\" \/>\n<meta property=\"article:modified_time\" content=\"2024-01-20T02:49:34+00:00\" \/>\n<meta property=\"og:image\" content=\"https:\/\/portalmf.com.br\/wp-content\/uploads\/2024\/01\/ivetesangalo_The-Masked-Singer2-scaled.jpg\" \/>\n\t<meta property=\"og:image:width\" content=\"2560\" \/>\n\t<meta property=\"og:image:height\" content=\"1629\" \/>\n\t<meta property=\"og:image:type\" content=\"image\/jpeg\" \/>\n<meta name=\"author\" content=\"Reda\u00e7\u00e3o Portal MF\" \/>\n<meta name=\"twitter:card\" content=\"summary_large_image\" \/>\n<meta name=\"twitter:creator\" content=\"@https:\/\/x.com\/portalmfoficial\" \/>\n<meta name=\"twitter:label1\" content=\"Escrito por\" \/>\n\t<meta name=\"twitter:data1\" content=\"Reda\u00e7\u00e3o Portal MF\" \/>\n\t<meta name=\"twitter:label2\" content=\"Est. tempo de leitura\" \/>\n\t<meta name=\"twitter:data2\" content=\"7 minutos\" \/>\n<script type=\"application\/ld+json\" class=\"yoast-schema-graph\">{\"@context\":\"https:\/\/schema.org\",\"@graph\":[{\"@type\":\"WebPage\",\"@id\":\"https:\/\/portalmf.com.br\/index.php\/2024\/01\/19\/ivete-sangalo-fala-sobre-expectativa-para-a-estreia-de-the-masked-singer\/\",\"url\":\"https:\/\/portalmf.com.br\/index.php\/2024\/01\/19\/ivete-sangalo-fala-sobre-expectativa-para-a-estreia-de-the-masked-singer\/\",\"name\":\"Ivete Sangalo fala sobre expectativa para a estreia de \u2018The Masked Singer\u2019 - Portal MF\",\"isPartOf\":{\"@id\":\"https:\/\/portalmf.com.br\/#website\"},\"primaryImageOfPage\":{\"@id\":\"https:\/\/portalmf.com.br\/index.php\/2024\/01\/19\/ivete-sangalo-fala-sobre-expectativa-para-a-estreia-de-the-masked-singer\/#primaryimage\"},\"image\":{\"@id\":\"https:\/\/portalmf.com.br\/index.php\/2024\/01\/19\/ivete-sangalo-fala-sobre-expectativa-para-a-estreia-de-the-masked-singer\/#primaryimage\"},\"thumbnailUrl\":\"https:\/\/portalmf.com.br\/wp-content\/uploads\/2024\/01\/ivetesangalo_The-Masked-Singer2-scaled.jpg\",\"datePublished\":\"2024-01-20T02:45:06+00:00\",\"dateModified\":\"2024-01-20T02:49:34+00:00\",\"author\":{\"@id\":\"https:\/\/portalmf.com.br\/#\/schema\/person\/9ec101baf56233e53520c26de5d6f6f0\"},\"breadcrumb\":{\"@id\":\"https:\/\/portalmf.com.br\/index.php\/2024\/01\/19\/ivete-sangalo-fala-sobre-expectativa-para-a-estreia-de-the-masked-singer\/#breadcrumb\"},\"inLanguage\":\"pt-BR\",\"potentialAction\":[{\"@type\":\"ReadAction\",\"target\":[\"https:\/\/portalmf.com.br\/index.php\/2024\/01\/19\/ivete-sangalo-fala-sobre-expectativa-para-a-estreia-de-the-masked-singer\/\"]}]},{\"@type\":\"ImageObject\",\"inLanguage\":\"pt-BR\",\"@id\":\"https:\/\/portalmf.com.br\/index.php\/2024\/01\/19\/ivete-sangalo-fala-sobre-expectativa-para-a-estreia-de-the-masked-singer\/#primaryimage\",\"url\":\"https:\/\/portalmf.com.br\/wp-content\/uploads\/2024\/01\/ivetesangalo_The-Masked-Singer2-scaled.jpg\",\"contentUrl\":\"https:\/\/portalmf.com.br\/wp-content\/uploads\/2024\/01\/ivetesangalo_The-Masked-Singer2-scaled.jpg\",\"width\":2560,\"height\":1629},{\"@type\":\"BreadcrumbList\",\"@id\":\"https:\/\/portalmf.com.br\/index.php\/2024\/01\/19\/ivete-sangalo-fala-sobre-expectativa-para-a-estreia-de-the-masked-singer\/#breadcrumb\",\"itemListElement\":[{\"@type\":\"ListItem\",\"position\":1,\"name\":\"In\u00edcio\",\"item\":\"https:\/\/portalmf.com.br\/\"},{\"@type\":\"ListItem\",\"position\":2,\"name\":\"Ivete Sangalo fala sobre expectativa para a estreia de \u2018The Masked Singer\u2019\"}]},{\"@type\":\"WebSite\",\"@id\":\"https:\/\/portalmf.com.br\/#website\",\"url\":\"https:\/\/portalmf.com.br\/\",\"name\":\"Portal MF\",\"description\":\"Voc\u00ea conectado com a informa\u00e7\u00e3o\",\"potentialAction\":[{\"@type\":\"SearchAction\",\"target\":{\"@type\":\"EntryPoint\",\"urlTemplate\":\"https:\/\/portalmf.com.br\/?s={search_term_string}\"},\"query-input\":\"required name=search_term_string\"}],\"inLanguage\":\"pt-BR\"},{\"@type\":\"Person\",\"@id\":\"https:\/\/portalmf.com.br\/#\/schema\/person\/9ec101baf56233e53520c26de5d6f6f0\",\"name\":\"Reda\u00e7\u00e3o Portal MF\",\"image\":{\"@type\":\"ImageObject\",\"inLanguage\":\"pt-BR\",\"@id\":\"https:\/\/portalmf.com.br\/#\/schema\/person\/image\/\",\"url\":\"https:\/\/secure.gravatar.com\/avatar\/41b9aaeb2100835f7c64362330f74c7f?s=96&d=mm&r=g\",\"contentUrl\":\"https:\/\/secure.gravatar.com\/avatar\/41b9aaeb2100835f7c64362330f74c7f?s=96&d=mm&r=g\",\"caption\":\"Reda\u00e7\u00e3o Portal MF\"},\"description\":\"Sejam bem-vindos o portal de informa\u00e7\u00f5es de entretenimento de Feira de Santana, desde 2006 realiza coberturas dos principais eventos com entrevistas exclusivas com as principais personalidades mundiais. Fique conectado tamb\u00e9m nas redes sociais.\",\"sameAs\":[\"http:\/\/www.portalmf.com.br\/\",\"https:\/\/www.facebook.com\/portalmfoficial\",\"https:\/\/www.instagram.com\/portalmf\/\",\"https:\/\/x.com\/https:\/\/x.com\/portalmfoficial\",\"https:\/\/www.youtube.com\/@portalmfoficial\"],\"url\":\"https:\/\/portalmf.com.br\/index.php\/author\/junior\/\"}]}<\/script>\n<!-- \/ Yoast SEO plugin. -->","yoast_head_json":{"title":"Ivete Sangalo fala sobre expectativa para a estreia de \u2018The Masked Singer\u2019 - Portal MF","robots":{"index":"index","follow":"follow","max-snippet":"max-snippet:-1","max-image-preview":"max-image-preview:large","max-video-preview":"max-video-preview:-1"},"canonical":"https:\/\/portalmf.com.br\/index.php\/2024\/01\/19\/ivete-sangalo-fala-sobre-expectativa-para-a-estreia-de-the-masked-singer\/","og_locale":"pt_BR","og_type":"article","og_title":"Ivete Sangalo fala sobre expectativa para a estreia de \u2018The Masked Singer\u2019 - Portal MF","og_description":"A partir deste domingo, dia 21, as tardes de domingo da TV Globo estar\u00e3o repletas de bom humor, m\u00fasica e divers\u00e3o com a estreia da quarta temporada de \u2018The Masked Singer Brasil\u2019, logo ap\u00f3s \u2018Temperatura M\u00e1xima\u2019. Com apresenta\u00e7\u00e3o de Ivete Sangalo, o p\u00fablico de casa se juntar\u00e1 a Jos\u00e9 Loreto, Paulo Vieira \u2013 ambos novos [&hellip;]","og_url":"https:\/\/portalmf.com.br\/index.php\/2024\/01\/19\/ivete-sangalo-fala-sobre-expectativa-para-a-estreia-de-the-masked-singer\/","og_site_name":"Portal MF","article_author":"https:\/\/www.facebook.com\/portalmfoficial","article_published_time":"2024-01-20T02:45:06+00:00","article_modified_time":"2024-01-20T02:49:34+00:00","og_image":[{"width":2560,"height":1629,"url":"https:\/\/portalmf.com.br\/wp-content\/uploads\/2024\/01\/ivetesangalo_The-Masked-Singer2-scaled.jpg","type":"image\/jpeg"}],"author":"Reda\u00e7\u00e3o Portal MF","twitter_card":"summary_large_image","twitter_creator":"@https:\/\/x.com\/portalmfoficial","twitter_misc":{"Escrito por":"Reda\u00e7\u00e3o Portal MF","Est. tempo de leitura":"7 minutos"},"schema":{"@context":"https:\/\/schema.org","@graph":[{"@type":"WebPage","@id":"https:\/\/portalmf.com.br\/index.php\/2024\/01\/19\/ivete-sangalo-fala-sobre-expectativa-para-a-estreia-de-the-masked-singer\/","url":"https:\/\/portalmf.com.br\/index.php\/2024\/01\/19\/ivete-sangalo-fala-sobre-expectativa-para-a-estreia-de-the-masked-singer\/","name":"Ivete Sangalo fala sobre expectativa para a estreia de \u2018The Masked Singer\u2019 - Portal MF","isPartOf":{"@id":"https:\/\/portalmf.com.br\/#website"},"primaryImageOfPage":{"@id":"https:\/\/portalmf.com.br\/index.php\/2024\/01\/19\/ivete-sangalo-fala-sobre-expectativa-para-a-estreia-de-the-masked-singer\/#primaryimage"},"image":{"@id":"https:\/\/portalmf.com.br\/index.php\/2024\/01\/19\/ivete-sangalo-fala-sobre-expectativa-para-a-estreia-de-the-masked-singer\/#primaryimage"},"thumbnailUrl":"https:\/\/portalmf.com.br\/wp-content\/uploads\/2024\/01\/ivetesangalo_The-Masked-Singer2-scaled.jpg","datePublished":"2024-01-20T02:45:06+00:00","dateModified":"2024-01-20T02:49:34+00:00","author":{"@id":"https:\/\/portalmf.com.br\/#\/schema\/person\/9ec101baf56233e53520c26de5d6f6f0"},"breadcrumb":{"@id":"https:\/\/portalmf.com.br\/index.php\/2024\/01\/19\/ivete-sangalo-fala-sobre-expectativa-para-a-estreia-de-the-masked-singer\/#breadcrumb"},"inLanguage":"pt-BR","potentialAction":[{"@type":"ReadAction","target":["https:\/\/portalmf.com.br\/index.php\/2024\/01\/19\/ivete-sangalo-fala-sobre-expectativa-para-a-estreia-de-the-masked-singer\/"]}]},{"@type":"ImageObject","inLanguage":"pt-BR","@id":"https:\/\/portalmf.com.br\/index.php\/2024\/01\/19\/ivete-sangalo-fala-sobre-expectativa-para-a-estreia-de-the-masked-singer\/#primaryimage","url":"https:\/\/portalmf.com.br\/wp-content\/uploads\/2024\/01\/ivetesangalo_The-Masked-Singer2-scaled.jpg","contentUrl":"https:\/\/portalmf.com.br\/wp-content\/uploads\/2024\/01\/ivetesangalo_The-Masked-Singer2-scaled.jpg","width":2560,"height":1629},{"@type":"BreadcrumbList","@id":"https:\/\/portalmf.com.br\/index.php\/2024\/01\/19\/ivete-sangalo-fala-sobre-expectativa-para-a-estreia-de-the-masked-singer\/#breadcrumb","itemListElement":[{"@type":"ListItem","position":1,"name":"In\u00edcio","item":"https:\/\/portalmf.com.br\/"},{"@type":"ListItem","position":2,"name":"Ivete Sangalo fala sobre expectativa para a estreia de \u2018The Masked Singer\u2019"}]},{"@type":"WebSite","@id":"https:\/\/portalmf.com.br\/#website","url":"https:\/\/portalmf.com.br\/","name":"Portal MF","description":"Voc\u00ea conectado com a informa\u00e7\u00e3o","potentialAction":[{"@type":"SearchAction","target":{"@type":"EntryPoint","urlTemplate":"https:\/\/portalmf.com.br\/?s={search_term_string}"},"query-input":"required name=search_term_string"}],"inLanguage":"pt-BR"},{"@type":"Person","@id":"https:\/\/portalmf.com.br\/#\/schema\/person\/9ec101baf56233e53520c26de5d6f6f0","name":"Reda\u00e7\u00e3o Portal MF","image":{"@type":"ImageObject","inLanguage":"pt-BR","@id":"https:\/\/portalmf.com.br\/#\/schema\/person\/image\/","url":"https:\/\/secure.gravatar.com\/avatar\/41b9aaeb2100835f7c64362330f74c7f?s=96&d=mm&r=g","contentUrl":"https:\/\/secure.gravatar.com\/avatar\/41b9aaeb2100835f7c64362330f74c7f?s=96&d=mm&r=g","caption":"Reda\u00e7\u00e3o Portal MF"},"description":"Sejam bem-vindos o portal de informa\u00e7\u00f5es de entretenimento de Feira de Santana, desde 2006 realiza coberturas dos principais eventos com entrevistas exclusivas com as principais personalidades mundiais. Fique conectado tamb\u00e9m nas redes sociais.","sameAs":["http:\/\/www.portalmf.com.br\/","https:\/\/www.facebook.com\/portalmfoficial","https:\/\/www.instagram.com\/portalmf\/","https:\/\/x.com\/https:\/\/x.com\/portalmfoficial","https:\/\/www.youtube.com\/@portalmfoficial"],"url":"https:\/\/portalmf.com.br\/index.php\/author\/junior\/"}]}},"_links":{"self":[{"href":"https:\/\/portalmf.com.br\/index.php\/wp-json\/wp\/v2\/posts\/22285"}],"collection":[{"href":"https:\/\/portalmf.com.br\/index.php\/wp-json\/wp\/v2\/posts"}],"about":[{"href":"https:\/\/portalmf.com.br\/index.php\/wp-json\/wp\/v2\/types\/post"}],"author":[{"embeddable":true,"href":"https:\/\/portalmf.com.br\/index.php\/wp-json\/wp\/v2\/users\/3"}],"replies":[{"embeddable":true,"href":"https:\/\/portalmf.com.br\/index.php\/wp-json\/wp\/v2\/comments?post=22285"}],"version-history":[{"count":1,"href":"https:\/\/portalmf.com.br\/index.php\/wp-json\/wp\/v2\/posts\/22285\/revisions"}],"predecessor-version":[{"id":22289,"href":"https:\/\/portalmf.com.br\/index.php\/wp-json\/wp\/v2\/posts\/22285\/revisions\/22289"}],"wp:featuredmedia":[{"embeddable":true,"href":"https:\/\/portalmf.com.br\/index.php\/wp-json\/wp\/v2\/media\/22291"}],"wp:attachment":[{"href":"https:\/\/portalmf.com.br\/index.php\/wp-json\/wp\/v2\/media?parent=22285"}],"wp:term":[{"taxonomy":"category","embeddable":true,"href":"https:\/\/portalmf.com.br\/index.php\/wp-json\/wp\/v2\/categories?post=22285"},{"taxonomy":"post_tag","embeddable":true,"href":"https:\/\/portalmf.com.br\/index.php\/wp-json\/wp\/v2\/tags?post=22285"}],"curies":[{"name":"wp","href":"https:\/\/api.w.org\/{rel}","templated":true}]}}