{"id":22270,"date":"2024-01-19T18:46:03","date_gmt":"2024-01-19T21:46:03","guid":{"rendered":"https:\/\/portalmf.com.br\/?p=22270"},"modified":"2024-01-19T18:46:06","modified_gmt":"2024-01-19T21:46:06","slug":"conheca-os-seus-direitos-em-viagens-aereas","status":"publish","type":"post","link":"https:\/\/portalmf.com.br\/index.php\/2024\/01\/19\/conheca-os-seus-direitos-em-viagens-aereas\/","title":{"rendered":"Conhe\u00e7a os seus direitos em viagens a\u00e9reas"},"content":{"rendered":"\n<p>Gramado (RS), Mairipor\u00e3 (SP), Fortaleza (CE), Punta del Este (Uruguai), Buenos Aires (Argentina) e Jos\u00e9 Ign\u00e1cio (Uruguai) foram os locais mais procurados pelos brasileiros para check-ins em dezembro de 2023, segundo levantamento da plataforma de hospedagem Airbnb. Com as f\u00e9rias escolares e o aumento do volume de voos e de passageiros nesse per\u00edodo, consumidores devem ficar atentos aos seus direitos para garantir uma experi\u00eancia memor\u00e1vel e sem intercorr\u00eancias.<\/p>\n\n\n\n<p>O professor Lucas Zandona, especialista em direito do consumidor, separou dicas que v\u00e3o ajudar em caso de problemas com o voo:\u00a0<\/p>\n\n\n\n<p>Cancelamento\/altera\u00e7\u00e3o de voo realizado pelo consumidor&nbsp;<\/p>\n\n\n\n<p>\u201cAplicam-se as penalidades previstas em contrato, tais como aplica\u00e7\u00e3o de multa e diferencial de tarifa\u201d, explica.&nbsp;<br>&nbsp;<br><strong>Cancelamento\/altera\u00e7\u00e3o realizada pela companhia a\u00e9rea&nbsp;<\/strong><\/p>\n\n\n\n<p><em>\u201cO consumidor tem o direito de escolher pela reacomoda\u00e7\u00e3o gratuita em outro voo de sua escolha, conforme a disponibilidade de assentos, inclusive de outra empresa; pelo cancelamento e reembolso integral do valor das passagens, sem desconto de multa; ou por viajar por outros tipos de transporte, como \u00f4nibus\u201d, i<\/em>nforma Lucas Zandona. O especialista acrescenta que a companhia a\u00e9rea n\u00e3o pode impor \u00fanica data e hor\u00e1rio para realoca\u00e7\u00e3o, visto que o passageiro pode escolher o dia e hor\u00e1rio da altera\u00e7\u00e3o de voo, sem limite de prazos, dentro das op\u00e7\u00f5es comercializadas e desde que haja disponibilidade de assento. \u00a0<br>\u00a0<br>Se o consumidor comprar o trecho de ida e volta juntos e um dos voos for cancelado, a companhia a\u00e9rea deve cumprir o contrato de transporte e adequar os voos para realoc\u00e1-lo dentro das datas contratadas.<em> \u201cDeve-se ressaltar que a Ag\u00eancia Nacional de Avia\u00e7\u00e3o Civil (ANAC) s\u00f3 regulamenta o transporte a\u00e9reo, pois em eventual indeniza\u00e7\u00e3o por outros gastos como hospedagem e aluguel de carro, dever\u00e3o ser pleiteados judicialmente\u201d,<\/em> afirma.\u00a0<br>\u00a0<br>Lucas Zandona ressalta que na impossibilidade de assento dispon\u00edvel (overbooking), as companhias a\u00e9reas devem fornecer os seguintes aux\u00edlios aos passageiros em caso de atraso, cancelamento ou negativa de embarque nos voos, conforme resolu\u00e7\u00e3o da ANAC:<\/p>\n\n\n\n<p>\u2022 &nbsp; &nbsp;Per\u00edodo superior a 1 (uma) hora: facilidades de comunica\u00e7\u00e3o;&nbsp;<\/p>\n\n\n\n<p>\u2022 &nbsp; &nbsp;Per\u00edodo superior a 2 (duas) horas: alimenta\u00e7\u00e3o, de acordo com o hor\u00e1rio, por meio do fornecimento de refei\u00e7\u00e3o ou de voucher individual; &nbsp;<\/p>\n\n\n\n<p>\u2022 &nbsp; &nbsp;Per\u00edodo superior a 4 (quatro) horas: servi\u00e7o de hospedagem, em caso de pernoite, e traslado de ida e volta.&nbsp;<br>&nbsp;<br>\u201cA companhia a\u00e9rea poder\u00e1 deixar de oferecer servi\u00e7o de hospedagem para o passageiro que residir na localidade do aeroporto de origem, garantido o traslado de ida e volta para casa\u201d, observa o advogado.&nbsp;<br>&nbsp;<br><strong>Extravio e viola\u00e7\u00e3o de bagagem<\/strong><\/p>\n\n\n\n<p>O professor lembra que a ANAC permite a cobran\u00e7a pela bagagem despachada, e caso seja extraviada, o prazo m\u00e1ximo para a sua restitui\u00e7\u00e3o, no endere\u00e7o indicado pelo consumidor, \u00e9 em at\u00e9 7 (sete) dias para voo dom\u00e9stico; e em at\u00e9 21 (vinte e um) dias para embarque internacional.\u00a0<br>\u00a0<br>Se a bagagem apresentar alguma avaria ou se constatar furto de algum item contido nela, Lucas Zandona orienta a formalizar uma reclama\u00e7\u00e3o junto \u00e0 companhia a\u00e9rea em at\u00e9 7 (sete) dias do seu recebimento, lembrando de exigir o n\u00famero do protocolo da reclama\u00e7\u00e3o.\u00a0<br>\u00a0<br><em>\u201cAo julgar o Recurso Extraordin\u00e1rio n\u00ba 636.331\/RJ, o Supremo Tribunal Federal fixou o tema 210 de repercuss\u00e3o geral, e confirmou a validade da Conven\u00e7\u00e3o de Vars\u00f3via, que determina que o prazo para reclama\u00e7\u00e3o em ju\u00edzo dos danos materiais decorrentes de avarias na bagagem ou furto de pertences despachados em companhia a\u00e9rea em voo internacional \u00e9 de apenas dois anos. Al\u00e9m disso, reconheceu a validade da Conven\u00e7\u00e3o de Montreal, que limitou a indeniza\u00e7\u00e3o por danos materiais por problemas na bagagem a at\u00e9 1.000 Direitos Especiais de Saque, ou seja, aproximadamente R$ 6.600,00 (refer\u00eancia novembro\/23). Em rela\u00e7\u00e3o aos danos morais, n\u00e3o h\u00e1 qualquer limita\u00e7\u00e3o em conven\u00e7\u00f5es internacionais e podem ser pleiteados judicialmente no prazo m\u00e1ximo de tr\u00eas anos, tal como estabelece o C\u00f3digo Civil\u201d<\/em>, finaliza.\u00a0\u00a0<\/p>\n","protected":false},"excerpt":{"rendered":"<p>Gramado (RS), Mairipor\u00e3 (SP), Fortaleza (CE), Punta del Este (Uruguai), Buenos Aires (Argentina) e Jos\u00e9 Ign\u00e1cio (Uruguai) foram os locais mais procurados pelos brasileiros para check-ins em dezembro de 2023, segundo levantamento da plataforma de hospedagem Airbnb. Com as f\u00e9rias escolares e o aumento do volume de voos e de passageiros nesse per\u00edodo, consumidores devem [&hellip;]<\/p>\n","protected":false},"author":3,"featured_media":22271,"comment_status":"open","ping_status":"open","sticky":false,"template":"","format":"standard","meta":{"_monsterinsights_skip_tracking":false,"_monsterinsights_sitenote_active":false,"_monsterinsights_sitenote_note":"","_monsterinsights_sitenote_category":0,"footnotes":""},"categories":[34],"tags":[],"yoast_head":"<!-- This site is optimized with the Yoast SEO plugin v22.9 - https:\/\/yoast.com\/wordpress\/plugins\/seo\/ -->\n<title>Conhe\u00e7a os seus direitos em viagens a\u00e9reas - Portal MF<\/title>\n<meta name=\"robots\" content=\"index, follow, max-snippet:-1, max-image-preview:large, max-video-preview:-1\" \/>\n<link rel=\"canonical\" href=\"https:\/\/portalmf.com.br\/index.php\/2024\/01\/19\/conheca-os-seus-direitos-em-viagens-aereas\/\" \/>\n<meta property=\"og:locale\" content=\"pt_BR\" \/>\n<meta property=\"og:type\" content=\"article\" \/>\n<meta property=\"og:title\" content=\"Conhe\u00e7a os seus direitos em viagens a\u00e9reas - Portal MF\" \/>\n<meta property=\"og:description\" content=\"Gramado (RS), Mairipor\u00e3 (SP), Fortaleza (CE), Punta del Este (Uruguai), Buenos Aires (Argentina) e Jos\u00e9 Ign\u00e1cio (Uruguai) foram os locais mais procurados pelos brasileiros para check-ins em dezembro de 2023, segundo levantamento da plataforma de hospedagem Airbnb. Com as f\u00e9rias escolares e o aumento do volume de voos e de passageiros nesse per\u00edodo, consumidores devem [&hellip;]\" \/>\n<meta property=\"og:url\" content=\"https:\/\/portalmf.com.br\/index.php\/2024\/01\/19\/conheca-os-seus-direitos-em-viagens-aereas\/\" \/>\n<meta property=\"og:site_name\" content=\"Portal MF\" \/>\n<meta property=\"article:author\" content=\"https:\/\/www.facebook.com\/portalmfoficial\" \/>\n<meta property=\"article:published_time\" content=\"2024-01-19T21:46:03+00:00\" \/>\n<meta property=\"article:modified_time\" content=\"2024-01-19T21:46:06+00:00\" \/>\n<meta property=\"og:image\" content=\"https:\/\/portalmf.com.br\/wp-content\/uploads\/2024\/01\/aviao-comercial-voando-decolando-ao-por-do-sol-com-ceu-dramatico-gerado-por-ia.jpg\" \/>\n\t<meta property=\"og:image:width\" content=\"1200\" \/>\n\t<meta property=\"og:image:height\" content=\"686\" \/>\n\t<meta property=\"og:image:type\" content=\"image\/jpeg\" \/>\n<meta name=\"author\" content=\"Reda\u00e7\u00e3o Portal MF\" \/>\n<meta name=\"twitter:card\" content=\"summary_large_image\" \/>\n<meta name=\"twitter:creator\" content=\"@https:\/\/x.com\/portalmfoficial\" \/>\n<meta name=\"twitter:label1\" content=\"Escrito por\" \/>\n\t<meta name=\"twitter:data1\" content=\"Reda\u00e7\u00e3o Portal MF\" \/>\n\t<meta name=\"twitter:label2\" content=\"Est. tempo de leitura\" \/>\n\t<meta name=\"twitter:data2\" content=\"4 minutos\" \/>\n<script type=\"application\/ld+json\" class=\"yoast-schema-graph\">{\"@context\":\"https:\/\/schema.org\",\"@graph\":[{\"@type\":\"WebPage\",\"@id\":\"https:\/\/portalmf.com.br\/index.php\/2024\/01\/19\/conheca-os-seus-direitos-em-viagens-aereas\/\",\"url\":\"https:\/\/portalmf.com.br\/index.php\/2024\/01\/19\/conheca-os-seus-direitos-em-viagens-aereas\/\",\"name\":\"Conhe\u00e7a os seus direitos em viagens a\u00e9reas - Portal MF\",\"isPartOf\":{\"@id\":\"https:\/\/portalmf.com.br\/#website\"},\"primaryImageOfPage\":{\"@id\":\"https:\/\/portalmf.com.br\/index.php\/2024\/01\/19\/conheca-os-seus-direitos-em-viagens-aereas\/#primaryimage\"},\"image\":{\"@id\":\"https:\/\/portalmf.com.br\/index.php\/2024\/01\/19\/conheca-os-seus-direitos-em-viagens-aereas\/#primaryimage\"},\"thumbnailUrl\":\"https:\/\/portalmf.com.br\/wp-content\/uploads\/2024\/01\/aviao-comercial-voando-decolando-ao-por-do-sol-com-ceu-dramatico-gerado-por-ia.jpg\",\"datePublished\":\"2024-01-19T21:46:03+00:00\",\"dateModified\":\"2024-01-19T21:46:06+00:00\",\"author\":{\"@id\":\"https:\/\/portalmf.com.br\/#\/schema\/person\/9ec101baf56233e53520c26de5d6f6f0\"},\"breadcrumb\":{\"@id\":\"https:\/\/portalmf.com.br\/index.php\/2024\/01\/19\/conheca-os-seus-direitos-em-viagens-aereas\/#breadcrumb\"},\"inLanguage\":\"pt-BR\",\"potentialAction\":[{\"@type\":\"ReadAction\",\"target\":[\"https:\/\/portalmf.com.br\/index.php\/2024\/01\/19\/conheca-os-seus-direitos-em-viagens-aereas\/\"]}]},{\"@type\":\"ImageObject\",\"inLanguage\":\"pt-BR\",\"@id\":\"https:\/\/portalmf.com.br\/index.php\/2024\/01\/19\/conheca-os-seus-direitos-em-viagens-aereas\/#primaryimage\",\"url\":\"https:\/\/portalmf.com.br\/wp-content\/uploads\/2024\/01\/aviao-comercial-voando-decolando-ao-por-do-sol-com-ceu-dramatico-gerado-por-ia.jpg\",\"contentUrl\":\"https:\/\/portalmf.com.br\/wp-content\/uploads\/2024\/01\/aviao-comercial-voando-decolando-ao-por-do-sol-com-ceu-dramatico-gerado-por-ia.jpg\",\"width\":1200,\"height\":686,\"caption\":\"Flying commercial airplane taking off at sunset with dramatic sky generated by artificial intelligence\"},{\"@type\":\"BreadcrumbList\",\"@id\":\"https:\/\/portalmf.com.br\/index.php\/2024\/01\/19\/conheca-os-seus-direitos-em-viagens-aereas\/#breadcrumb\",\"itemListElement\":[{\"@type\":\"ListItem\",\"position\":1,\"name\":\"In\u00edcio\",\"item\":\"https:\/\/portalmf.com.br\/\"},{\"@type\":\"ListItem\",\"position\":2,\"name\":\"Conhe\u00e7a os seus direitos em viagens a\u00e9reas\"}]},{\"@type\":\"WebSite\",\"@id\":\"https:\/\/portalmf.com.br\/#website\",\"url\":\"https:\/\/portalmf.com.br\/\",\"name\":\"Portal MF\",\"description\":\"Voc\u00ea conectado com a informa\u00e7\u00e3o\",\"potentialAction\":[{\"@type\":\"SearchAction\",\"target\":{\"@type\":\"EntryPoint\",\"urlTemplate\":\"https:\/\/portalmf.com.br\/?s={search_term_string}\"},\"query-input\":\"required name=search_term_string\"}],\"inLanguage\":\"pt-BR\"},{\"@type\":\"Person\",\"@id\":\"https:\/\/portalmf.com.br\/#\/schema\/person\/9ec101baf56233e53520c26de5d6f6f0\",\"name\":\"Reda\u00e7\u00e3o Portal MF\",\"image\":{\"@type\":\"ImageObject\",\"inLanguage\":\"pt-BR\",\"@id\":\"https:\/\/portalmf.com.br\/#\/schema\/person\/image\/\",\"url\":\"https:\/\/secure.gravatar.com\/avatar\/41b9aaeb2100835f7c64362330f74c7f?s=96&d=mm&r=g\",\"contentUrl\":\"https:\/\/secure.gravatar.com\/avatar\/41b9aaeb2100835f7c64362330f74c7f?s=96&d=mm&r=g\",\"caption\":\"Reda\u00e7\u00e3o Portal MF\"},\"description\":\"Sejam bem-vindos o portal de informa\u00e7\u00f5es de entretenimento de Feira de Santana, desde 2006 realiza coberturas dos principais eventos com entrevistas exclusivas com as principais personalidades mundiais. Fique conectado tamb\u00e9m nas redes sociais.\",\"sameAs\":[\"http:\/\/www.portalmf.com.br\/\",\"https:\/\/www.facebook.com\/portalmfoficial\",\"https:\/\/www.instagram.com\/portalmf\/\",\"https:\/\/x.com\/https:\/\/x.com\/portalmfoficial\",\"https:\/\/www.youtube.com\/@portalmfoficial\"],\"url\":\"https:\/\/portalmf.com.br\/index.php\/author\/junior\/\"}]}<\/script>\n<!-- \/ Yoast SEO plugin. -->","yoast_head_json":{"title":"Conhe\u00e7a os seus direitos em viagens a\u00e9reas - Portal MF","robots":{"index":"index","follow":"follow","max-snippet":"max-snippet:-1","max-image-preview":"max-image-preview:large","max-video-preview":"max-video-preview:-1"},"canonical":"https:\/\/portalmf.com.br\/index.php\/2024\/01\/19\/conheca-os-seus-direitos-em-viagens-aereas\/","og_locale":"pt_BR","og_type":"article","og_title":"Conhe\u00e7a os seus direitos em viagens a\u00e9reas - Portal MF","og_description":"Gramado (RS), Mairipor\u00e3 (SP), Fortaleza (CE), Punta del Este (Uruguai), Buenos Aires (Argentina) e Jos\u00e9 Ign\u00e1cio (Uruguai) foram os locais mais procurados pelos brasileiros para check-ins em dezembro de 2023, segundo levantamento da plataforma de hospedagem Airbnb. Com as f\u00e9rias escolares e o aumento do volume de voos e de passageiros nesse per\u00edodo, consumidores devem [&hellip;]","og_url":"https:\/\/portalmf.com.br\/index.php\/2024\/01\/19\/conheca-os-seus-direitos-em-viagens-aereas\/","og_site_name":"Portal MF","article_author":"https:\/\/www.facebook.com\/portalmfoficial","article_published_time":"2024-01-19T21:46:03+00:00","article_modified_time":"2024-01-19T21:46:06+00:00","og_image":[{"width":1200,"height":686,"url":"https:\/\/portalmf.com.br\/wp-content\/uploads\/2024\/01\/aviao-comercial-voando-decolando-ao-por-do-sol-com-ceu-dramatico-gerado-por-ia.jpg","type":"image\/jpeg"}],"author":"Reda\u00e7\u00e3o Portal MF","twitter_card":"summary_large_image","twitter_creator":"@https:\/\/x.com\/portalmfoficial","twitter_misc":{"Escrito por":"Reda\u00e7\u00e3o Portal MF","Est. tempo de leitura":"4 minutos"},"schema":{"@context":"https:\/\/schema.org","@graph":[{"@type":"WebPage","@id":"https:\/\/portalmf.com.br\/index.php\/2024\/01\/19\/conheca-os-seus-direitos-em-viagens-aereas\/","url":"https:\/\/portalmf.com.br\/index.php\/2024\/01\/19\/conheca-os-seus-direitos-em-viagens-aereas\/","name":"Conhe\u00e7a os seus direitos em viagens a\u00e9reas - Portal MF","isPartOf":{"@id":"https:\/\/portalmf.com.br\/#website"},"primaryImageOfPage":{"@id":"https:\/\/portalmf.com.br\/index.php\/2024\/01\/19\/conheca-os-seus-direitos-em-viagens-aereas\/#primaryimage"},"image":{"@id":"https:\/\/portalmf.com.br\/index.php\/2024\/01\/19\/conheca-os-seus-direitos-em-viagens-aereas\/#primaryimage"},"thumbnailUrl":"https:\/\/portalmf.com.br\/wp-content\/uploads\/2024\/01\/aviao-comercial-voando-decolando-ao-por-do-sol-com-ceu-dramatico-gerado-por-ia.jpg","datePublished":"2024-01-19T21:46:03+00:00","dateModified":"2024-01-19T21:46:06+00:00","author":{"@id":"https:\/\/portalmf.com.br\/#\/schema\/person\/9ec101baf56233e53520c26de5d6f6f0"},"breadcrumb":{"@id":"https:\/\/portalmf.com.br\/index.php\/2024\/01\/19\/conheca-os-seus-direitos-em-viagens-aereas\/#breadcrumb"},"inLanguage":"pt-BR","potentialAction":[{"@type":"ReadAction","target":["https:\/\/portalmf.com.br\/index.php\/2024\/01\/19\/conheca-os-seus-direitos-em-viagens-aereas\/"]}]},{"@type":"ImageObject","inLanguage":"pt-BR","@id":"https:\/\/portalmf.com.br\/index.php\/2024\/01\/19\/conheca-os-seus-direitos-em-viagens-aereas\/#primaryimage","url":"https:\/\/portalmf.com.br\/wp-content\/uploads\/2024\/01\/aviao-comercial-voando-decolando-ao-por-do-sol-com-ceu-dramatico-gerado-por-ia.jpg","contentUrl":"https:\/\/portalmf.com.br\/wp-content\/uploads\/2024\/01\/aviao-comercial-voando-decolando-ao-por-do-sol-com-ceu-dramatico-gerado-por-ia.jpg","width":1200,"height":686,"caption":"Flying commercial airplane taking off at sunset with dramatic sky generated by artificial intelligence"},{"@type":"BreadcrumbList","@id":"https:\/\/portalmf.com.br\/index.php\/2024\/01\/19\/conheca-os-seus-direitos-em-viagens-aereas\/#breadcrumb","itemListElement":[{"@type":"ListItem","position":1,"name":"In\u00edcio","item":"https:\/\/portalmf.com.br\/"},{"@type":"ListItem","position":2,"name":"Conhe\u00e7a os seus direitos em viagens a\u00e9reas"}]},{"@type":"WebSite","@id":"https:\/\/portalmf.com.br\/#website","url":"https:\/\/portalmf.com.br\/","name":"Portal MF","description":"Voc\u00ea conectado com a informa\u00e7\u00e3o","potentialAction":[{"@type":"SearchAction","target":{"@type":"EntryPoint","urlTemplate":"https:\/\/portalmf.com.br\/?s={search_term_string}"},"query-input":"required name=search_term_string"}],"inLanguage":"pt-BR"},{"@type":"Person","@id":"https:\/\/portalmf.com.br\/#\/schema\/person\/9ec101baf56233e53520c26de5d6f6f0","name":"Reda\u00e7\u00e3o Portal MF","image":{"@type":"ImageObject","inLanguage":"pt-BR","@id":"https:\/\/portalmf.com.br\/#\/schema\/person\/image\/","url":"https:\/\/secure.gravatar.com\/avatar\/41b9aaeb2100835f7c64362330f74c7f?s=96&d=mm&r=g","contentUrl":"https:\/\/secure.gravatar.com\/avatar\/41b9aaeb2100835f7c64362330f74c7f?s=96&d=mm&r=g","caption":"Reda\u00e7\u00e3o Portal MF"},"description":"Sejam bem-vindos o portal de informa\u00e7\u00f5es de entretenimento de Feira de Santana, desde 2006 realiza coberturas dos principais eventos com entrevistas exclusivas com as principais personalidades mundiais. Fique conectado tamb\u00e9m nas redes sociais.","sameAs":["http:\/\/www.portalmf.com.br\/","https:\/\/www.facebook.com\/portalmfoficial","https:\/\/www.instagram.com\/portalmf\/","https:\/\/x.com\/https:\/\/x.com\/portalmfoficial","https:\/\/www.youtube.com\/@portalmfoficial"],"url":"https:\/\/portalmf.com.br\/index.php\/author\/junior\/"}]}},"_links":{"self":[{"href":"https:\/\/portalmf.com.br\/index.php\/wp-json\/wp\/v2\/posts\/22270"}],"collection":[{"href":"https:\/\/portalmf.com.br\/index.php\/wp-json\/wp\/v2\/posts"}],"about":[{"href":"https:\/\/portalmf.com.br\/index.php\/wp-json\/wp\/v2\/types\/post"}],"author":[{"embeddable":true,"href":"https:\/\/portalmf.com.br\/index.php\/wp-json\/wp\/v2\/users\/3"}],"replies":[{"embeddable":true,"href":"https:\/\/portalmf.com.br\/index.php\/wp-json\/wp\/v2\/comments?post=22270"}],"version-history":[{"count":1,"href":"https:\/\/portalmf.com.br\/index.php\/wp-json\/wp\/v2\/posts\/22270\/revisions"}],"predecessor-version":[{"id":22272,"href":"https:\/\/portalmf.com.br\/index.php\/wp-json\/wp\/v2\/posts\/22270\/revisions\/22272"}],"wp:featuredmedia":[{"embeddable":true,"href":"https:\/\/portalmf.com.br\/index.php\/wp-json\/wp\/v2\/media\/22271"}],"wp:attachment":[{"href":"https:\/\/portalmf.com.br\/index.php\/wp-json\/wp\/v2\/media?parent=22270"}],"wp:term":[{"taxonomy":"category","embeddable":true,"href":"https:\/\/portalmf.com.br\/index.php\/wp-json\/wp\/v2\/categories?post=22270"},{"taxonomy":"post_tag","embeddable":true,"href":"https:\/\/portalmf.com.br\/index.php\/wp-json\/wp\/v2\/tags?post=22270"}],"curies":[{"name":"wp","href":"https:\/\/api.w.org\/{rel}","templated":true}]}}