{"id":22265,"date":"2024-01-19T18:39:44","date_gmt":"2024-01-19T21:39:44","guid":{"rendered":"https:\/\/portalmf.com.br\/?p=22265"},"modified":"2024-01-19T18:39:45","modified_gmt":"2024-01-19T21:39:45","slug":"matriculas-para-os-novos-estudantes-da-rede-municipal-comecam-na-proxima-segunda","status":"publish","type":"post","link":"https:\/\/portalmf.com.br\/index.php\/2024\/01\/19\/matriculas-para-os-novos-estudantes-da-rede-municipal-comecam-na-proxima-segunda\/","title":{"rendered":"Matr\u00edculas para os novos estudantes da rede municipal come\u00e7am na pr\u00f3xima segunda"},"content":{"rendered":"\n<p>Come\u00e7a na pr\u00f3xima segunda-feira (22) e segue at\u00e9 o dia 26, o per\u00edodo de matr\u00edculas para novos estudantes da rede municipal de Feira de Santana. Pais ou respons\u00e1veis pelos estudantes devem se dirigir \u00e0s escolas com a documenta\u00e7\u00e3o necess\u00e1ria &#8211; confira abaixo.&nbsp;As aulas come\u00e7am em 19 de fevereiro.<\/p>\n\n\n\n<p>A Secretaria Municipal de Educa\u00e7\u00e3o orienta que, para efetivar a matr\u00edcula, \u00e9 necess\u00e1rio apresentar os seguintes documentos: hist\u00f3rico escolar (original) para os estudantes do Ensino Fundamental; c\u00f3pia da certid\u00e3o de nascimento ou carteira de identidade, com o respectivo original, para fins de confer\u00eancia; CPF do estudante a partir de 2 anos de idade; 01 foto 3&#215;4 recente do estudante.<\/p>\n\n\n\n<p>Para os alunos benefici\u00e1rios do programa Bolsa Fam\u00edlia, c\u00f3pia do cart\u00e3o em nome do pai, m\u00e3e ou respons\u00e1vel legal, com o respectivo original, para fins de confer\u00eancia; c\u00f3pia do comprovante de resid\u00eancia atualizado, com o original, para fins de confer\u00eancia e c\u00f3pia do cart\u00e3o de vacina\u00e7\u00e3o atualizado, com o original, para fins de confer\u00eancia.<\/p>\n\n\n\n<p><strong>Amplia\u00e7\u00e3o de matr\u00edculas em 2024<\/strong><\/p>\n\n\n\n<p>O n\u00famero de vagas na Educa\u00e7\u00e3o Municipal de Feira de Santana foi ampliado em 6 mil para o ano letivo de 2024. A expectativa, este ano, \u00e9 que o total de estudantes matriculados possa chegar a 60 mil.&nbsp;<\/p>\n\n\n\n<p>O aumento foi poss\u00edvel em decorr\u00eancia das reformas, amplia\u00e7\u00f5es e novas constru\u00e7\u00f5es de unidades escolares. O investimento arrojado na infraestrutura das unidades escolares permitiu que a Secretaria Municipal de Educa\u00e7\u00e3o pudesse aumentar, exponencialmente, a capacidade de atendimento a novos estudantes.&nbsp;<\/p>\n\n\n\n<p>As unidades escolares do munic\u00edpio oferecem Educa\u00e7\u00e3o Infantil (2 a 5 anos), Ensino Fundamental I e II (1\u00ba ao 9\u00ba ano) e Educa\u00e7\u00e3o de Jovens e Adultos (EJA &#8211; nos turnos vespertino e noturno).<\/p>\n\n\n\n<p>Com informa\u00e7\u00f5es da Secom<\/p>\n","protected":false},"excerpt":{"rendered":"<p>Come\u00e7a na pr\u00f3xima segunda-feira (22) e segue at\u00e9 o dia 26, o per\u00edodo de matr\u00edculas para novos estudantes da rede municipal de Feira de Santana. Pais ou respons\u00e1veis pelos estudantes devem se dirigir \u00e0s escolas com a documenta\u00e7\u00e3o necess\u00e1ria &#8211; confira abaixo.&nbsp;As aulas come\u00e7am em 19 de fevereiro. A Secretaria Municipal de Educa\u00e7\u00e3o orienta que, [&hellip;]<\/p>\n","protected":false},"author":3,"featured_media":22266,"comment_status":"open","ping_status":"open","sticky":false,"template":"","format":"standard","meta":{"_monsterinsights_skip_tracking":false,"_monsterinsights_sitenote_active":false,"_monsterinsights_sitenote_note":"","_monsterinsights_sitenote_category":0,"footnotes":""},"categories":[34],"tags":[],"yoast_head":"<!-- This site is optimized with the Yoast SEO plugin v22.9 - https:\/\/yoast.com\/wordpress\/plugins\/seo\/ -->\n<title>Matr\u00edculas para os novos estudantes da rede municipal come\u00e7am na pr\u00f3xima segunda - Portal MF<\/title>\n<meta name=\"robots\" content=\"index, follow, max-snippet:-1, max-image-preview:large, max-video-preview:-1\" \/>\n<link rel=\"canonical\" href=\"https:\/\/portalmf.com.br\/index.php\/2024\/01\/19\/matriculas-para-os-novos-estudantes-da-rede-municipal-comecam-na-proxima-segunda\/\" \/>\n<meta property=\"og:locale\" content=\"pt_BR\" \/>\n<meta property=\"og:type\" content=\"article\" \/>\n<meta property=\"og:title\" content=\"Matr\u00edculas para os novos estudantes da rede municipal come\u00e7am na pr\u00f3xima segunda - Portal MF\" \/>\n<meta property=\"og:description\" content=\"Come\u00e7a na pr\u00f3xima segunda-feira (22) e segue at\u00e9 o dia 26, o per\u00edodo de matr\u00edculas para novos estudantes da rede municipal de Feira de Santana. Pais ou respons\u00e1veis pelos estudantes devem se dirigir \u00e0s escolas com a documenta\u00e7\u00e3o necess\u00e1ria &#8211; confira abaixo.&nbsp;As aulas come\u00e7am em 19 de fevereiro. A Secretaria Municipal de Educa\u00e7\u00e3o orienta que, [&hellip;]\" \/>\n<meta property=\"og:url\" content=\"https:\/\/portalmf.com.br\/index.php\/2024\/01\/19\/matriculas-para-os-novos-estudantes-da-rede-municipal-comecam-na-proxima-segunda\/\" \/>\n<meta property=\"og:site_name\" content=\"Portal MF\" \/>\n<meta property=\"article:author\" content=\"https:\/\/www.facebook.com\/portalmfoficial\" \/>\n<meta property=\"article:published_time\" content=\"2024-01-19T21:39:44+00:00\" \/>\n<meta property=\"article:modified_time\" content=\"2024-01-19T21:39:45+00:00\" \/>\n<meta property=\"og:image\" content=\"https:\/\/portalmf.com.br\/wp-content\/uploads\/2024\/01\/Matriculas-para-os-novos-estudantes-da-rede-municipal-comecam-na-proxima-segunda.jpg\" \/>\n\t<meta property=\"og:image:width\" content=\"1306\" \/>\n\t<meta property=\"og:image:height\" content=\"752\" \/>\n\t<meta property=\"og:image:type\" content=\"image\/jpeg\" \/>\n<meta name=\"author\" content=\"Reda\u00e7\u00e3o Portal MF\" \/>\n<meta name=\"twitter:card\" content=\"summary_large_image\" \/>\n<meta name=\"twitter:creator\" content=\"@https:\/\/x.com\/portalmfoficial\" \/>\n<meta name=\"twitter:label1\" content=\"Escrito por\" \/>\n\t<meta name=\"twitter:data1\" content=\"Reda\u00e7\u00e3o Portal MF\" \/>\n\t<meta name=\"twitter:label2\" content=\"Est. tempo de leitura\" \/>\n\t<meta name=\"twitter:data2\" content=\"2 minutos\" \/>\n<script type=\"application\/ld+json\" class=\"yoast-schema-graph\">{\"@context\":\"https:\/\/schema.org\",\"@graph\":[{\"@type\":\"WebPage\",\"@id\":\"https:\/\/portalmf.com.br\/index.php\/2024\/01\/19\/matriculas-para-os-novos-estudantes-da-rede-municipal-comecam-na-proxima-segunda\/\",\"url\":\"https:\/\/portalmf.com.br\/index.php\/2024\/01\/19\/matriculas-para-os-novos-estudantes-da-rede-municipal-comecam-na-proxima-segunda\/\",\"name\":\"Matr\u00edculas para os novos estudantes da rede municipal come\u00e7am na pr\u00f3xima segunda - Portal MF\",\"isPartOf\":{\"@id\":\"https:\/\/portalmf.com.br\/#website\"},\"primaryImageOfPage\":{\"@id\":\"https:\/\/portalmf.com.br\/index.php\/2024\/01\/19\/matriculas-para-os-novos-estudantes-da-rede-municipal-comecam-na-proxima-segunda\/#primaryimage\"},\"image\":{\"@id\":\"https:\/\/portalmf.com.br\/index.php\/2024\/01\/19\/matriculas-para-os-novos-estudantes-da-rede-municipal-comecam-na-proxima-segunda\/#primaryimage\"},\"thumbnailUrl\":\"https:\/\/portalmf.com.br\/wp-content\/uploads\/2024\/01\/Matriculas-para-os-novos-estudantes-da-rede-municipal-comecam-na-proxima-segunda.jpg\",\"datePublished\":\"2024-01-19T21:39:44+00:00\",\"dateModified\":\"2024-01-19T21:39:45+00:00\",\"author\":{\"@id\":\"https:\/\/portalmf.com.br\/#\/schema\/person\/9ec101baf56233e53520c26de5d6f6f0\"},\"breadcrumb\":{\"@id\":\"https:\/\/portalmf.com.br\/index.php\/2024\/01\/19\/matriculas-para-os-novos-estudantes-da-rede-municipal-comecam-na-proxima-segunda\/#breadcrumb\"},\"inLanguage\":\"pt-BR\",\"potentialAction\":[{\"@type\":\"ReadAction\",\"target\":[\"https:\/\/portalmf.com.br\/index.php\/2024\/01\/19\/matriculas-para-os-novos-estudantes-da-rede-municipal-comecam-na-proxima-segunda\/\"]}]},{\"@type\":\"ImageObject\",\"inLanguage\":\"pt-BR\",\"@id\":\"https:\/\/portalmf.com.br\/index.php\/2024\/01\/19\/matriculas-para-os-novos-estudantes-da-rede-municipal-comecam-na-proxima-segunda\/#primaryimage\",\"url\":\"https:\/\/portalmf.com.br\/wp-content\/uploads\/2024\/01\/Matriculas-para-os-novos-estudantes-da-rede-municipal-comecam-na-proxima-segunda.jpg\",\"contentUrl\":\"https:\/\/portalmf.com.br\/wp-content\/uploads\/2024\/01\/Matriculas-para-os-novos-estudantes-da-rede-municipal-comecam-na-proxima-segunda.jpg\",\"width\":1306,\"height\":752},{\"@type\":\"BreadcrumbList\",\"@id\":\"https:\/\/portalmf.com.br\/index.php\/2024\/01\/19\/matriculas-para-os-novos-estudantes-da-rede-municipal-comecam-na-proxima-segunda\/#breadcrumb\",\"itemListElement\":[{\"@type\":\"ListItem\",\"position\":1,\"name\":\"In\u00edcio\",\"item\":\"https:\/\/portalmf.com.br\/\"},{\"@type\":\"ListItem\",\"position\":2,\"name\":\"Matr\u00edculas para os novos estudantes da rede municipal come\u00e7am na pr\u00f3xima segunda\"}]},{\"@type\":\"WebSite\",\"@id\":\"https:\/\/portalmf.com.br\/#website\",\"url\":\"https:\/\/portalmf.com.br\/\",\"name\":\"Portal MF\",\"description\":\"Voc\u00ea conectado com a informa\u00e7\u00e3o\",\"potentialAction\":[{\"@type\":\"SearchAction\",\"target\":{\"@type\":\"EntryPoint\",\"urlTemplate\":\"https:\/\/portalmf.com.br\/?s={search_term_string}\"},\"query-input\":\"required name=search_term_string\"}],\"inLanguage\":\"pt-BR\"},{\"@type\":\"Person\",\"@id\":\"https:\/\/portalmf.com.br\/#\/schema\/person\/9ec101baf56233e53520c26de5d6f6f0\",\"name\":\"Reda\u00e7\u00e3o Portal MF\",\"image\":{\"@type\":\"ImageObject\",\"inLanguage\":\"pt-BR\",\"@id\":\"https:\/\/portalmf.com.br\/#\/schema\/person\/image\/\",\"url\":\"https:\/\/secure.gravatar.com\/avatar\/41b9aaeb2100835f7c64362330f74c7f?s=96&d=mm&r=g\",\"contentUrl\":\"https:\/\/secure.gravatar.com\/avatar\/41b9aaeb2100835f7c64362330f74c7f?s=96&d=mm&r=g\",\"caption\":\"Reda\u00e7\u00e3o Portal MF\"},\"description\":\"Sejam bem-vindos o portal de informa\u00e7\u00f5es de entretenimento de Feira de Santana, desde 2006 realiza coberturas dos principais eventos com entrevistas exclusivas com as principais personalidades mundiais. Fique conectado tamb\u00e9m nas redes sociais.\",\"sameAs\":[\"http:\/\/www.portalmf.com.br\/\",\"https:\/\/www.facebook.com\/portalmfoficial\",\"https:\/\/www.instagram.com\/portalmf\/\",\"https:\/\/x.com\/https:\/\/x.com\/portalmfoficial\",\"https:\/\/www.youtube.com\/@portalmfoficial\"],\"url\":\"https:\/\/portalmf.com.br\/index.php\/author\/junior\/\"}]}<\/script>\n<!-- \/ Yoast SEO plugin. -->","yoast_head_json":{"title":"Matr\u00edculas para os novos estudantes da rede municipal come\u00e7am na pr\u00f3xima segunda - Portal MF","robots":{"index":"index","follow":"follow","max-snippet":"max-snippet:-1","max-image-preview":"max-image-preview:large","max-video-preview":"max-video-preview:-1"},"canonical":"https:\/\/portalmf.com.br\/index.php\/2024\/01\/19\/matriculas-para-os-novos-estudantes-da-rede-municipal-comecam-na-proxima-segunda\/","og_locale":"pt_BR","og_type":"article","og_title":"Matr\u00edculas para os novos estudantes da rede municipal come\u00e7am na pr\u00f3xima segunda - Portal MF","og_description":"Come\u00e7a na pr\u00f3xima segunda-feira (22) e segue at\u00e9 o dia 26, o per\u00edodo de matr\u00edculas para novos estudantes da rede municipal de Feira de Santana. Pais ou respons\u00e1veis pelos estudantes devem se dirigir \u00e0s escolas com a documenta\u00e7\u00e3o necess\u00e1ria &#8211; confira abaixo.&nbsp;As aulas come\u00e7am em 19 de fevereiro. A Secretaria Municipal de Educa\u00e7\u00e3o orienta que, [&hellip;]","og_url":"https:\/\/portalmf.com.br\/index.php\/2024\/01\/19\/matriculas-para-os-novos-estudantes-da-rede-municipal-comecam-na-proxima-segunda\/","og_site_name":"Portal MF","article_author":"https:\/\/www.facebook.com\/portalmfoficial","article_published_time":"2024-01-19T21:39:44+00:00","article_modified_time":"2024-01-19T21:39:45+00:00","og_image":[{"width":1306,"height":752,"url":"https:\/\/portalmf.com.br\/wp-content\/uploads\/2024\/01\/Matriculas-para-os-novos-estudantes-da-rede-municipal-comecam-na-proxima-segunda.jpg","type":"image\/jpeg"}],"author":"Reda\u00e7\u00e3o Portal MF","twitter_card":"summary_large_image","twitter_creator":"@https:\/\/x.com\/portalmfoficial","twitter_misc":{"Escrito por":"Reda\u00e7\u00e3o Portal MF","Est. tempo de leitura":"2 minutos"},"schema":{"@context":"https:\/\/schema.org","@graph":[{"@type":"WebPage","@id":"https:\/\/portalmf.com.br\/index.php\/2024\/01\/19\/matriculas-para-os-novos-estudantes-da-rede-municipal-comecam-na-proxima-segunda\/","url":"https:\/\/portalmf.com.br\/index.php\/2024\/01\/19\/matriculas-para-os-novos-estudantes-da-rede-municipal-comecam-na-proxima-segunda\/","name":"Matr\u00edculas para os novos estudantes da rede municipal come\u00e7am na pr\u00f3xima segunda - Portal MF","isPartOf":{"@id":"https:\/\/portalmf.com.br\/#website"},"primaryImageOfPage":{"@id":"https:\/\/portalmf.com.br\/index.php\/2024\/01\/19\/matriculas-para-os-novos-estudantes-da-rede-municipal-comecam-na-proxima-segunda\/#primaryimage"},"image":{"@id":"https:\/\/portalmf.com.br\/index.php\/2024\/01\/19\/matriculas-para-os-novos-estudantes-da-rede-municipal-comecam-na-proxima-segunda\/#primaryimage"},"thumbnailUrl":"https:\/\/portalmf.com.br\/wp-content\/uploads\/2024\/01\/Matriculas-para-os-novos-estudantes-da-rede-municipal-comecam-na-proxima-segunda.jpg","datePublished":"2024-01-19T21:39:44+00:00","dateModified":"2024-01-19T21:39:45+00:00","author":{"@id":"https:\/\/portalmf.com.br\/#\/schema\/person\/9ec101baf56233e53520c26de5d6f6f0"},"breadcrumb":{"@id":"https:\/\/portalmf.com.br\/index.php\/2024\/01\/19\/matriculas-para-os-novos-estudantes-da-rede-municipal-comecam-na-proxima-segunda\/#breadcrumb"},"inLanguage":"pt-BR","potentialAction":[{"@type":"ReadAction","target":["https:\/\/portalmf.com.br\/index.php\/2024\/01\/19\/matriculas-para-os-novos-estudantes-da-rede-municipal-comecam-na-proxima-segunda\/"]}]},{"@type":"ImageObject","inLanguage":"pt-BR","@id":"https:\/\/portalmf.com.br\/index.php\/2024\/01\/19\/matriculas-para-os-novos-estudantes-da-rede-municipal-comecam-na-proxima-segunda\/#primaryimage","url":"https:\/\/portalmf.com.br\/wp-content\/uploads\/2024\/01\/Matriculas-para-os-novos-estudantes-da-rede-municipal-comecam-na-proxima-segunda.jpg","contentUrl":"https:\/\/portalmf.com.br\/wp-content\/uploads\/2024\/01\/Matriculas-para-os-novos-estudantes-da-rede-municipal-comecam-na-proxima-segunda.jpg","width":1306,"height":752},{"@type":"BreadcrumbList","@id":"https:\/\/portalmf.com.br\/index.php\/2024\/01\/19\/matriculas-para-os-novos-estudantes-da-rede-municipal-comecam-na-proxima-segunda\/#breadcrumb","itemListElement":[{"@type":"ListItem","position":1,"name":"In\u00edcio","item":"https:\/\/portalmf.com.br\/"},{"@type":"ListItem","position":2,"name":"Matr\u00edculas para os novos estudantes da rede municipal come\u00e7am na pr\u00f3xima segunda"}]},{"@type":"WebSite","@id":"https:\/\/portalmf.com.br\/#website","url":"https:\/\/portalmf.com.br\/","name":"Portal MF","description":"Voc\u00ea conectado com a informa\u00e7\u00e3o","potentialAction":[{"@type":"SearchAction","target":{"@type":"EntryPoint","urlTemplate":"https:\/\/portalmf.com.br\/?s={search_term_string}"},"query-input":"required name=search_term_string"}],"inLanguage":"pt-BR"},{"@type":"Person","@id":"https:\/\/portalmf.com.br\/#\/schema\/person\/9ec101baf56233e53520c26de5d6f6f0","name":"Reda\u00e7\u00e3o Portal MF","image":{"@type":"ImageObject","inLanguage":"pt-BR","@id":"https:\/\/portalmf.com.br\/#\/schema\/person\/image\/","url":"https:\/\/secure.gravatar.com\/avatar\/41b9aaeb2100835f7c64362330f74c7f?s=96&d=mm&r=g","contentUrl":"https:\/\/secure.gravatar.com\/avatar\/41b9aaeb2100835f7c64362330f74c7f?s=96&d=mm&r=g","caption":"Reda\u00e7\u00e3o Portal MF"},"description":"Sejam bem-vindos o portal de informa\u00e7\u00f5es de entretenimento de Feira de Santana, desde 2006 realiza coberturas dos principais eventos com entrevistas exclusivas com as principais personalidades mundiais. Fique conectado tamb\u00e9m nas redes sociais.","sameAs":["http:\/\/www.portalmf.com.br\/","https:\/\/www.facebook.com\/portalmfoficial","https:\/\/www.instagram.com\/portalmf\/","https:\/\/x.com\/https:\/\/x.com\/portalmfoficial","https:\/\/www.youtube.com\/@portalmfoficial"],"url":"https:\/\/portalmf.com.br\/index.php\/author\/junior\/"}]}},"_links":{"self":[{"href":"https:\/\/portalmf.com.br\/index.php\/wp-json\/wp\/v2\/posts\/22265"}],"collection":[{"href":"https:\/\/portalmf.com.br\/index.php\/wp-json\/wp\/v2\/posts"}],"about":[{"href":"https:\/\/portalmf.com.br\/index.php\/wp-json\/wp\/v2\/types\/post"}],"author":[{"embeddable":true,"href":"https:\/\/portalmf.com.br\/index.php\/wp-json\/wp\/v2\/users\/3"}],"replies":[{"embeddable":true,"href":"https:\/\/portalmf.com.br\/index.php\/wp-json\/wp\/v2\/comments?post=22265"}],"version-history":[{"count":1,"href":"https:\/\/portalmf.com.br\/index.php\/wp-json\/wp\/v2\/posts\/22265\/revisions"}],"predecessor-version":[{"id":22267,"href":"https:\/\/portalmf.com.br\/index.php\/wp-json\/wp\/v2\/posts\/22265\/revisions\/22267"}],"wp:featuredmedia":[{"embeddable":true,"href":"https:\/\/portalmf.com.br\/index.php\/wp-json\/wp\/v2\/media\/22266"}],"wp:attachment":[{"href":"https:\/\/portalmf.com.br\/index.php\/wp-json\/wp\/v2\/media?parent=22265"}],"wp:term":[{"taxonomy":"category","embeddable":true,"href":"https:\/\/portalmf.com.br\/index.php\/wp-json\/wp\/v2\/categories?post=22265"},{"taxonomy":"post_tag","embeddable":true,"href":"https:\/\/portalmf.com.br\/index.php\/wp-json\/wp\/v2\/tags?post=22265"}],"curies":[{"name":"wp","href":"https:\/\/api.w.org\/{rel}","templated":true}]}}