{"id":22262,"date":"2024-01-19T15:35:00","date_gmt":"2024-01-19T18:35:00","guid":{"rendered":"https:\/\/portalmf.com.br\/?p=22262"},"modified":"2024-01-19T18:37:58","modified_gmt":"2024-01-19T21:37:58","slug":"sonho-dos-feirenses-que-agora-sera-realizado-diz-ze-neto-sobre-anuncio-da-duplicacao-do-anel-de-contorno","status":"publish","type":"post","link":"https:\/\/portalmf.com.br\/index.php\/2024\/01\/19\/sonho-dos-feirenses-que-agora-sera-realizado-diz-ze-neto-sobre-anuncio-da-duplicacao-do-anel-de-contorno\/","title":{"rendered":"\u201dSonho dos feirenses que agora ser\u00e1 realizado\u201d, diz Z\u00e9 Neto sobre an\u00fancio da duplica\u00e7\u00e3o do Anel de Contorno"},"content":{"rendered":"\n<p>O deputado federal Z\u00e9 Neto (PT) recebeu, com entusiasmo, o an\u00fancio do in\u00edcio da duplica\u00e7\u00e3o do \u00faltimo trecho do Anel de Contorno \u2013 Avenida Eduardo Fr\u00f3es da Mota, entre o viaduto Portal do Sert\u00e3o\/Cajueiro (BR-324) e o bairro Cidade Nova, em Feira de Santana.<\/p>\n\n\n\n<p>A obra, que dever\u00e1 ser iniciada ainda este ano atrav\u00e9s do novo Programa de Acelera\u00e7\u00e3o do Crescimento (PAC), foi anunciada nesta quinta-feira (18) pelo Ministro-Chefe da Casa Civil, Rui Costa, na presen\u00e7a do Presidente Lula (PT) e do Governador Jer\u00f4nimo Rodrigues (PT), durante a assinatura de um acordo para cria\u00e7\u00e3o do Parque Tecnol\u00f3gico Aeroespacial da Bahia, no Senai Cimatec, em Salvador.<\/p>\n\n\n\n<p><em>\u201cO Governo Federal vai investir mais de R$ 10,6 bilh\u00f5es em rodovias e Feira ser\u00e1 novamente beneficiada pelo PAC na Bahia. Um sonho dos feirenses, que teve luta do nosso Mandato, do deputado estadual Robinson Almeida e de todo nosso time na cidade, e que agora ser\u00e1 realizado. N\u00e3o se trata apenas de uma obra, mas sim de uma duplica\u00e7\u00e3o rodovi\u00e1ria com caracter\u00edsticas de avenida, integra\u00e7\u00e3o social e econ\u00f4mica, abrangendo todos os bairros, empresas e resid\u00eancias no seu entorno, com vistas a uma das mais importantes vias de acesso de Feira e regi\u00e3o. Inclusive, essa interven\u00e7\u00e3o foi debatida em duas audi\u00eancias p\u00fablicas junto \u00e0 comunidade, especialmente da regi\u00e3o Norte\/Leste, j\u00e1 que disp\u00f5e de um projeto executivo praticamente pronto e, logo logo, veremos o resultado final\u201d<\/em>, escreveu o petista em suas redes sociais.<\/p>\n\n\n\n<p>Na condi\u00e7\u00e3o de feirense e parlamentar, Z\u00e9 Neto ressaltou que \u201cs\u00f3 tem a agradecer ao Presidente Lula, ao Ministro Rui e ao Governador Jer\u00f4nimo pelo cuidado que eles t\u00eam dado ao nosso pa\u00eds, nosso estado, nossa Princesa do Sert\u00e3o e regi\u00e3o\u201d.<\/p>\n\n\n\n<p>Al\u00e9m do Contorno, o ministro tamb\u00e9m confirmou a conclus\u00e3o da duplica\u00e7\u00e3o da BR-101, que liga Feira \u00e0 Sergipe, e da BR-116 Norte, entre Feira e Serrinha.<\/p>\n","protected":false},"excerpt":{"rendered":"<p>O deputado federal Z\u00e9 Neto (PT) recebeu, com entusiasmo, o an\u00fancio do in\u00edcio da duplica\u00e7\u00e3o do \u00faltimo trecho do Anel de Contorno \u2013 Avenida Eduardo Fr\u00f3es da Mota, entre o viaduto Portal do Sert\u00e3o\/Cajueiro (BR-324) e o bairro Cidade Nova, em Feira de Santana. A obra, que dever\u00e1 ser iniciada ainda este ano atrav\u00e9s do [&hellip;]<\/p>\n","protected":false},"author":3,"featured_media":22263,"comment_status":"open","ping_status":"open","sticky":false,"template":"","format":"standard","meta":{"_monsterinsights_skip_tracking":false,"_monsterinsights_sitenote_active":false,"_monsterinsights_sitenote_note":"","_monsterinsights_sitenote_category":0,"footnotes":""},"categories":[34],"tags":[],"yoast_head":"<!-- This site is optimized with the Yoast SEO plugin v22.9 - https:\/\/yoast.com\/wordpress\/plugins\/seo\/ -->\n<title>\u201dSonho dos feirenses que agora ser\u00e1 realizado\u201d, diz Z\u00e9 Neto sobre an\u00fancio da duplica\u00e7\u00e3o do Anel de Contorno - Portal MF<\/title>\n<meta name=\"robots\" content=\"index, follow, max-snippet:-1, max-image-preview:large, max-video-preview:-1\" \/>\n<link rel=\"canonical\" href=\"https:\/\/portalmf.com.br\/index.php\/2024\/01\/19\/sonho-dos-feirenses-que-agora-sera-realizado-diz-ze-neto-sobre-anuncio-da-duplicacao-do-anel-de-contorno\/\" \/>\n<meta property=\"og:locale\" content=\"pt_BR\" \/>\n<meta property=\"og:type\" content=\"article\" \/>\n<meta property=\"og:title\" content=\"\u201dSonho dos feirenses que agora ser\u00e1 realizado\u201d, diz Z\u00e9 Neto sobre an\u00fancio da duplica\u00e7\u00e3o do Anel de Contorno - Portal MF\" \/>\n<meta property=\"og:description\" content=\"O deputado federal Z\u00e9 Neto (PT) recebeu, com entusiasmo, o an\u00fancio do in\u00edcio da duplica\u00e7\u00e3o do \u00faltimo trecho do Anel de Contorno \u2013 Avenida Eduardo Fr\u00f3es da Mota, entre o viaduto Portal do Sert\u00e3o\/Cajueiro (BR-324) e o bairro Cidade Nova, em Feira de Santana. A obra, que dever\u00e1 ser iniciada ainda este ano atrav\u00e9s do [&hellip;]\" \/>\n<meta property=\"og:url\" content=\"https:\/\/portalmf.com.br\/index.php\/2024\/01\/19\/sonho-dos-feirenses-que-agora-sera-realizado-diz-ze-neto-sobre-anuncio-da-duplicacao-do-anel-de-contorno\/\" \/>\n<meta property=\"og:site_name\" content=\"Portal MF\" \/>\n<meta property=\"article:author\" content=\"https:\/\/www.facebook.com\/portalmfoficial\" \/>\n<meta property=\"article:published_time\" content=\"2024-01-19T18:35:00+00:00\" \/>\n<meta property=\"article:modified_time\" content=\"2024-01-19T21:37:58+00:00\" \/>\n<meta property=\"og:image\" content=\"https:\/\/portalmf.com.br\/wp-content\/uploads\/2024\/01\/Sonho-dos-feirenses-que-agora-sera-realizado-diz-Ze-Neto-sobre-anuncio-do-ministro-Rui-referente-a-duplicacao-do-Anel-de-Contorno.jpeg\" \/>\n\t<meta property=\"og:image:width\" content=\"1074\" \/>\n\t<meta property=\"og:image:height\" content=\"989\" \/>\n\t<meta property=\"og:image:type\" content=\"image\/jpeg\" \/>\n<meta name=\"author\" content=\"Reda\u00e7\u00e3o Portal MF\" \/>\n<meta name=\"twitter:card\" content=\"summary_large_image\" \/>\n<meta name=\"twitter:creator\" content=\"@https:\/\/x.com\/portalmfoficial\" \/>\n<meta name=\"twitter:label1\" content=\"Escrito por\" \/>\n\t<meta name=\"twitter:data1\" content=\"Reda\u00e7\u00e3o Portal MF\" \/>\n\t<meta name=\"twitter:label2\" content=\"Est. tempo de leitura\" \/>\n\t<meta name=\"twitter:data2\" content=\"2 minutos\" \/>\n<script type=\"application\/ld+json\" class=\"yoast-schema-graph\">{\"@context\":\"https:\/\/schema.org\",\"@graph\":[{\"@type\":\"WebPage\",\"@id\":\"https:\/\/portalmf.com.br\/index.php\/2024\/01\/19\/sonho-dos-feirenses-que-agora-sera-realizado-diz-ze-neto-sobre-anuncio-da-duplicacao-do-anel-de-contorno\/\",\"url\":\"https:\/\/portalmf.com.br\/index.php\/2024\/01\/19\/sonho-dos-feirenses-que-agora-sera-realizado-diz-ze-neto-sobre-anuncio-da-duplicacao-do-anel-de-contorno\/\",\"name\":\"\u201dSonho dos feirenses que agora ser\u00e1 realizado\u201d, diz Z\u00e9 Neto sobre an\u00fancio da duplica\u00e7\u00e3o do Anel de Contorno - Portal MF\",\"isPartOf\":{\"@id\":\"https:\/\/portalmf.com.br\/#website\"},\"primaryImageOfPage\":{\"@id\":\"https:\/\/portalmf.com.br\/index.php\/2024\/01\/19\/sonho-dos-feirenses-que-agora-sera-realizado-diz-ze-neto-sobre-anuncio-da-duplicacao-do-anel-de-contorno\/#primaryimage\"},\"image\":{\"@id\":\"https:\/\/portalmf.com.br\/index.php\/2024\/01\/19\/sonho-dos-feirenses-que-agora-sera-realizado-diz-ze-neto-sobre-anuncio-da-duplicacao-do-anel-de-contorno\/#primaryimage\"},\"thumbnailUrl\":\"https:\/\/portalmf.com.br\/wp-content\/uploads\/2024\/01\/Sonho-dos-feirenses-que-agora-sera-realizado-diz-Ze-Neto-sobre-anuncio-do-ministro-Rui-referente-a-duplicacao-do-Anel-de-Contorno.jpeg\",\"datePublished\":\"2024-01-19T18:35:00+00:00\",\"dateModified\":\"2024-01-19T21:37:58+00:00\",\"author\":{\"@id\":\"https:\/\/portalmf.com.br\/#\/schema\/person\/9ec101baf56233e53520c26de5d6f6f0\"},\"breadcrumb\":{\"@id\":\"https:\/\/portalmf.com.br\/index.php\/2024\/01\/19\/sonho-dos-feirenses-que-agora-sera-realizado-diz-ze-neto-sobre-anuncio-da-duplicacao-do-anel-de-contorno\/#breadcrumb\"},\"inLanguage\":\"pt-BR\",\"potentialAction\":[{\"@type\":\"ReadAction\",\"target\":[\"https:\/\/portalmf.com.br\/index.php\/2024\/01\/19\/sonho-dos-feirenses-que-agora-sera-realizado-diz-ze-neto-sobre-anuncio-da-duplicacao-do-anel-de-contorno\/\"]}]},{\"@type\":\"ImageObject\",\"inLanguage\":\"pt-BR\",\"@id\":\"https:\/\/portalmf.com.br\/index.php\/2024\/01\/19\/sonho-dos-feirenses-que-agora-sera-realizado-diz-ze-neto-sobre-anuncio-da-duplicacao-do-anel-de-contorno\/#primaryimage\",\"url\":\"https:\/\/portalmf.com.br\/wp-content\/uploads\/2024\/01\/Sonho-dos-feirenses-que-agora-sera-realizado-diz-Ze-Neto-sobre-anuncio-do-ministro-Rui-referente-a-duplicacao-do-Anel-de-Contorno.jpeg\",\"contentUrl\":\"https:\/\/portalmf.com.br\/wp-content\/uploads\/2024\/01\/Sonho-dos-feirenses-que-agora-sera-realizado-diz-Ze-Neto-sobre-anuncio-do-ministro-Rui-referente-a-duplicacao-do-Anel-de-Contorno.jpeg\",\"width\":1074,\"height\":989},{\"@type\":\"BreadcrumbList\",\"@id\":\"https:\/\/portalmf.com.br\/index.php\/2024\/01\/19\/sonho-dos-feirenses-que-agora-sera-realizado-diz-ze-neto-sobre-anuncio-da-duplicacao-do-anel-de-contorno\/#breadcrumb\",\"itemListElement\":[{\"@type\":\"ListItem\",\"position\":1,\"name\":\"In\u00edcio\",\"item\":\"https:\/\/portalmf.com.br\/\"},{\"@type\":\"ListItem\",\"position\":2,\"name\":\"\u201dSonho dos feirenses que agora ser\u00e1 realizado\u201d, diz Z\u00e9 Neto sobre an\u00fancio da duplica\u00e7\u00e3o do Anel de Contorno\"}]},{\"@type\":\"WebSite\",\"@id\":\"https:\/\/portalmf.com.br\/#website\",\"url\":\"https:\/\/portalmf.com.br\/\",\"name\":\"Portal MF\",\"description\":\"Voc\u00ea conectado com a informa\u00e7\u00e3o\",\"potentialAction\":[{\"@type\":\"SearchAction\",\"target\":{\"@type\":\"EntryPoint\",\"urlTemplate\":\"https:\/\/portalmf.com.br\/?s={search_term_string}\"},\"query-input\":\"required name=search_term_string\"}],\"inLanguage\":\"pt-BR\"},{\"@type\":\"Person\",\"@id\":\"https:\/\/portalmf.com.br\/#\/schema\/person\/9ec101baf56233e53520c26de5d6f6f0\",\"name\":\"Reda\u00e7\u00e3o Portal MF\",\"image\":{\"@type\":\"ImageObject\",\"inLanguage\":\"pt-BR\",\"@id\":\"https:\/\/portalmf.com.br\/#\/schema\/person\/image\/\",\"url\":\"https:\/\/secure.gravatar.com\/avatar\/41b9aaeb2100835f7c64362330f74c7f?s=96&d=mm&r=g\",\"contentUrl\":\"https:\/\/secure.gravatar.com\/avatar\/41b9aaeb2100835f7c64362330f74c7f?s=96&d=mm&r=g\",\"caption\":\"Reda\u00e7\u00e3o Portal MF\"},\"description\":\"Sejam bem-vindos o portal de informa\u00e7\u00f5es de entretenimento de Feira de Santana, desde 2006 realiza coberturas dos principais eventos com entrevistas exclusivas com as principais personalidades mundiais. Fique conectado tamb\u00e9m nas redes sociais.\",\"sameAs\":[\"http:\/\/www.portalmf.com.br\/\",\"https:\/\/www.facebook.com\/portalmfoficial\",\"https:\/\/www.instagram.com\/portalmf\/\",\"https:\/\/x.com\/https:\/\/x.com\/portalmfoficial\",\"https:\/\/www.youtube.com\/@portalmfoficial\"],\"url\":\"https:\/\/portalmf.com.br\/index.php\/author\/junior\/\"}]}<\/script>\n<!-- \/ Yoast SEO plugin. -->","yoast_head_json":{"title":"\u201dSonho dos feirenses que agora ser\u00e1 realizado\u201d, diz Z\u00e9 Neto sobre an\u00fancio da duplica\u00e7\u00e3o do Anel de Contorno - Portal MF","robots":{"index":"index","follow":"follow","max-snippet":"max-snippet:-1","max-image-preview":"max-image-preview:large","max-video-preview":"max-video-preview:-1"},"canonical":"https:\/\/portalmf.com.br\/index.php\/2024\/01\/19\/sonho-dos-feirenses-que-agora-sera-realizado-diz-ze-neto-sobre-anuncio-da-duplicacao-do-anel-de-contorno\/","og_locale":"pt_BR","og_type":"article","og_title":"\u201dSonho dos feirenses que agora ser\u00e1 realizado\u201d, diz Z\u00e9 Neto sobre an\u00fancio da duplica\u00e7\u00e3o do Anel de Contorno - Portal MF","og_description":"O deputado federal Z\u00e9 Neto (PT) recebeu, com entusiasmo, o an\u00fancio do in\u00edcio da duplica\u00e7\u00e3o do \u00faltimo trecho do Anel de Contorno \u2013 Avenida Eduardo Fr\u00f3es da Mota, entre o viaduto Portal do Sert\u00e3o\/Cajueiro (BR-324) e o bairro Cidade Nova, em Feira de Santana. A obra, que dever\u00e1 ser iniciada ainda este ano atrav\u00e9s do [&hellip;]","og_url":"https:\/\/portalmf.com.br\/index.php\/2024\/01\/19\/sonho-dos-feirenses-que-agora-sera-realizado-diz-ze-neto-sobre-anuncio-da-duplicacao-do-anel-de-contorno\/","og_site_name":"Portal MF","article_author":"https:\/\/www.facebook.com\/portalmfoficial","article_published_time":"2024-01-19T18:35:00+00:00","article_modified_time":"2024-01-19T21:37:58+00:00","og_image":[{"width":1074,"height":989,"url":"https:\/\/portalmf.com.br\/wp-content\/uploads\/2024\/01\/Sonho-dos-feirenses-que-agora-sera-realizado-diz-Ze-Neto-sobre-anuncio-do-ministro-Rui-referente-a-duplicacao-do-Anel-de-Contorno.jpeg","type":"image\/jpeg"}],"author":"Reda\u00e7\u00e3o Portal MF","twitter_card":"summary_large_image","twitter_creator":"@https:\/\/x.com\/portalmfoficial","twitter_misc":{"Escrito por":"Reda\u00e7\u00e3o Portal MF","Est. tempo de leitura":"2 minutos"},"schema":{"@context":"https:\/\/schema.org","@graph":[{"@type":"WebPage","@id":"https:\/\/portalmf.com.br\/index.php\/2024\/01\/19\/sonho-dos-feirenses-que-agora-sera-realizado-diz-ze-neto-sobre-anuncio-da-duplicacao-do-anel-de-contorno\/","url":"https:\/\/portalmf.com.br\/index.php\/2024\/01\/19\/sonho-dos-feirenses-que-agora-sera-realizado-diz-ze-neto-sobre-anuncio-da-duplicacao-do-anel-de-contorno\/","name":"\u201dSonho dos feirenses que agora ser\u00e1 realizado\u201d, diz Z\u00e9 Neto sobre an\u00fancio da duplica\u00e7\u00e3o do Anel de Contorno - Portal MF","isPartOf":{"@id":"https:\/\/portalmf.com.br\/#website"},"primaryImageOfPage":{"@id":"https:\/\/portalmf.com.br\/index.php\/2024\/01\/19\/sonho-dos-feirenses-que-agora-sera-realizado-diz-ze-neto-sobre-anuncio-da-duplicacao-do-anel-de-contorno\/#primaryimage"},"image":{"@id":"https:\/\/portalmf.com.br\/index.php\/2024\/01\/19\/sonho-dos-feirenses-que-agora-sera-realizado-diz-ze-neto-sobre-anuncio-da-duplicacao-do-anel-de-contorno\/#primaryimage"},"thumbnailUrl":"https:\/\/portalmf.com.br\/wp-content\/uploads\/2024\/01\/Sonho-dos-feirenses-que-agora-sera-realizado-diz-Ze-Neto-sobre-anuncio-do-ministro-Rui-referente-a-duplicacao-do-Anel-de-Contorno.jpeg","datePublished":"2024-01-19T18:35:00+00:00","dateModified":"2024-01-19T21:37:58+00:00","author":{"@id":"https:\/\/portalmf.com.br\/#\/schema\/person\/9ec101baf56233e53520c26de5d6f6f0"},"breadcrumb":{"@id":"https:\/\/portalmf.com.br\/index.php\/2024\/01\/19\/sonho-dos-feirenses-que-agora-sera-realizado-diz-ze-neto-sobre-anuncio-da-duplicacao-do-anel-de-contorno\/#breadcrumb"},"inLanguage":"pt-BR","potentialAction":[{"@type":"ReadAction","target":["https:\/\/portalmf.com.br\/index.php\/2024\/01\/19\/sonho-dos-feirenses-que-agora-sera-realizado-diz-ze-neto-sobre-anuncio-da-duplicacao-do-anel-de-contorno\/"]}]},{"@type":"ImageObject","inLanguage":"pt-BR","@id":"https:\/\/portalmf.com.br\/index.php\/2024\/01\/19\/sonho-dos-feirenses-que-agora-sera-realizado-diz-ze-neto-sobre-anuncio-da-duplicacao-do-anel-de-contorno\/#primaryimage","url":"https:\/\/portalmf.com.br\/wp-content\/uploads\/2024\/01\/Sonho-dos-feirenses-que-agora-sera-realizado-diz-Ze-Neto-sobre-anuncio-do-ministro-Rui-referente-a-duplicacao-do-Anel-de-Contorno.jpeg","contentUrl":"https:\/\/portalmf.com.br\/wp-content\/uploads\/2024\/01\/Sonho-dos-feirenses-que-agora-sera-realizado-diz-Ze-Neto-sobre-anuncio-do-ministro-Rui-referente-a-duplicacao-do-Anel-de-Contorno.jpeg","width":1074,"height":989},{"@type":"BreadcrumbList","@id":"https:\/\/portalmf.com.br\/index.php\/2024\/01\/19\/sonho-dos-feirenses-que-agora-sera-realizado-diz-ze-neto-sobre-anuncio-da-duplicacao-do-anel-de-contorno\/#breadcrumb","itemListElement":[{"@type":"ListItem","position":1,"name":"In\u00edcio","item":"https:\/\/portalmf.com.br\/"},{"@type":"ListItem","position":2,"name":"\u201dSonho dos feirenses que agora ser\u00e1 realizado\u201d, diz Z\u00e9 Neto sobre an\u00fancio da duplica\u00e7\u00e3o do Anel de Contorno"}]},{"@type":"WebSite","@id":"https:\/\/portalmf.com.br\/#website","url":"https:\/\/portalmf.com.br\/","name":"Portal MF","description":"Voc\u00ea conectado com a informa\u00e7\u00e3o","potentialAction":[{"@type":"SearchAction","target":{"@type":"EntryPoint","urlTemplate":"https:\/\/portalmf.com.br\/?s={search_term_string}"},"query-input":"required name=search_term_string"}],"inLanguage":"pt-BR"},{"@type":"Person","@id":"https:\/\/portalmf.com.br\/#\/schema\/person\/9ec101baf56233e53520c26de5d6f6f0","name":"Reda\u00e7\u00e3o Portal MF","image":{"@type":"ImageObject","inLanguage":"pt-BR","@id":"https:\/\/portalmf.com.br\/#\/schema\/person\/image\/","url":"https:\/\/secure.gravatar.com\/avatar\/41b9aaeb2100835f7c64362330f74c7f?s=96&d=mm&r=g","contentUrl":"https:\/\/secure.gravatar.com\/avatar\/41b9aaeb2100835f7c64362330f74c7f?s=96&d=mm&r=g","caption":"Reda\u00e7\u00e3o Portal MF"},"description":"Sejam bem-vindos o portal de informa\u00e7\u00f5es de entretenimento de Feira de Santana, desde 2006 realiza coberturas dos principais eventos com entrevistas exclusivas com as principais personalidades mundiais. Fique conectado tamb\u00e9m nas redes sociais.","sameAs":["http:\/\/www.portalmf.com.br\/","https:\/\/www.facebook.com\/portalmfoficial","https:\/\/www.instagram.com\/portalmf\/","https:\/\/x.com\/https:\/\/x.com\/portalmfoficial","https:\/\/www.youtube.com\/@portalmfoficial"],"url":"https:\/\/portalmf.com.br\/index.php\/author\/junior\/"}]}},"_links":{"self":[{"href":"https:\/\/portalmf.com.br\/index.php\/wp-json\/wp\/v2\/posts\/22262"}],"collection":[{"href":"https:\/\/portalmf.com.br\/index.php\/wp-json\/wp\/v2\/posts"}],"about":[{"href":"https:\/\/portalmf.com.br\/index.php\/wp-json\/wp\/v2\/types\/post"}],"author":[{"embeddable":true,"href":"https:\/\/portalmf.com.br\/index.php\/wp-json\/wp\/v2\/users\/3"}],"replies":[{"embeddable":true,"href":"https:\/\/portalmf.com.br\/index.php\/wp-json\/wp\/v2\/comments?post=22262"}],"version-history":[{"count":1,"href":"https:\/\/portalmf.com.br\/index.php\/wp-json\/wp\/v2\/posts\/22262\/revisions"}],"predecessor-version":[{"id":22264,"href":"https:\/\/portalmf.com.br\/index.php\/wp-json\/wp\/v2\/posts\/22262\/revisions\/22264"}],"wp:featuredmedia":[{"embeddable":true,"href":"https:\/\/portalmf.com.br\/index.php\/wp-json\/wp\/v2\/media\/22263"}],"wp:attachment":[{"href":"https:\/\/portalmf.com.br\/index.php\/wp-json\/wp\/v2\/media?parent=22262"}],"wp:term":[{"taxonomy":"category","embeddable":true,"href":"https:\/\/portalmf.com.br\/index.php\/wp-json\/wp\/v2\/categories?post=22262"},{"taxonomy":"post_tag","embeddable":true,"href":"https:\/\/portalmf.com.br\/index.php\/wp-json\/wp\/v2\/tags?post=22262"}],"curies":[{"name":"wp","href":"https:\/\/api.w.org\/{rel}","templated":true}]}}