{"id":22251,"date":"2024-01-19T14:21:00","date_gmt":"2024-01-19T17:21:00","guid":{"rendered":"https:\/\/portalmf.com.br\/?p=22251"},"modified":"2024-01-19T18:23:35","modified_gmt":"2024-01-19T21:23:35","slug":"policlinicas-regionais-de-saude-ja-realizaram-cerca-de-6-milhoes-de-atendimento","status":"publish","type":"post","link":"https:\/\/portalmf.com.br\/index.php\/2024\/01\/19\/policlinicas-regionais-de-saude-ja-realizaram-cerca-de-6-milhoes-de-atendimento\/","title":{"rendered":"Policl\u00ednicas Regionais de Sa\u00fade j\u00e1 realizaram cerca de 6 milh\u00f5es de atendimento"},"content":{"rendered":"\n<p>Desde que a primeira Policl\u00ednica Regional de Sa\u00fade entrou em opera\u00e7\u00e3o, em novembro de 2017, cerca de 6 milh\u00f5es de atendimentos entre consultas especializadas e exames j\u00e1 foram realizados, assegurando assist\u00eancia de qualidade para milhares de baianos e baianas. O n\u00famero foi comemorado pela Secret\u00e1ria da Sa\u00fade da Bahia, Roberta Santana, durante reuni\u00e3o com os presidentes dos Cons\u00f3rcios de Sa\u00fade e prefeitos respons\u00e1veis pela gest\u00e3o das policl\u00ednicas, realizada nesta sexta-feira (19), na sede da Secretaria da Sa\u00fade, em Salvador.<\/p>\n\n\n\n<p>Acompanhada de Adolpho Loyola, chefe de gabinete do governador Jer\u00f4nimo Rodrigues, Santana destacou a resolutividade do servi\u00e7o prestado pelas Policl\u00ednicas Regionais de Sa\u00fade e reafirmou os compromissos para seguir otimizando o atendimento prestado em 2024.<\/p>\n\n\n\n<p><em>&#8220;As policl\u00ednicas realizam um trabalho fant\u00e1stico. Eu j\u00e1 visitei in\u00fameras e o que tenho visto \u00e9 uma assist\u00eancia de qualidade. Converso com pacientes e as pessoas agradecem, parabenizam, s\u00f3 o que eu ou\u00e7o s\u00e3o elogios. Isso \u00e9 gratificante, \u00e9 a certeza de que estamos trabalhando de forma correta. N\u00e3o fechamos os olhos para os problemas pontuais, e nosso planejamento \u00e9 para isso: sanar as lacunas e fazer com que a gente possa garantir 100% da assist\u00eancia&#8221;,<\/em> pontuou.<\/p>\n\n\n\n<p>Atualmente, 26 Policl\u00ednicas Regionais est\u00e3o em funcionamento na Bahia, contemplando 28 regi\u00f5es de sa\u00fade do estado e assistindo a um total de 80,9% da popula\u00e7\u00e3o baiana, conforme dados populacionais do IBGE para 2022.<\/p>\n\n\n\n<p>Para Adolpho Loyola, o projeto das policl\u00ednicas, iniciado na gest\u00e3o do ex-governador Rui Costa, representa um avan\u00e7o para a sa\u00fade na Bahia. <em>&#8220;Levar as policl\u00ednicas para todas as regi\u00f5es do estado \u00e9 um compromisso do nosso governador. Hoje, o nosso desafio \u00e9 melhorar cada vez mais o custeio e o atendimento das policl\u00ednicas. \u00c9 um equipamento que deu certo, e n\u00f3s temos que seguir melhorando-o&#8221;, <\/em>afirmou.<\/p>\n\n\n\n<p><strong>Atendimento<\/strong><\/p>\n\n\n\n<p>As Policl\u00ednicas oferecem consultas especializadas em angiologia, cardiologia, neurologia, endocrinologia, gastroenterologia, otorrinolaringologia, oftalmologia, urologia, ginecologia, pneumologia, dermatologia, reumatologia, anestesia e ortopedia.<\/p>\n\n\n\n<p>As unidades tamb\u00e9m contam com atendimento em especialidades n\u00e3o m\u00e9dicas: farm\u00e1cia cl\u00ednica, enfermagem, psicologia e nutri\u00e7\u00e3o, e exames de mapa, holter, ecocardiograma, ergometria, eletrocardiograma, eletroencefalograma, endoscopia digestiva, mamografia, ultrassonografia, doppler, raio-x, resson\u00e2ncia magn\u00e9tica e tomografia. Todas as consultas e exames s\u00e3o feitos mediante um agendamento pr\u00e9vio, que deve ser realizado pela Secretaria de Sa\u00fade dos munic\u00edpios consorciados.<\/p>\n\n\n\n<p>As 26 policl\u00ednicas j\u00e1 em funcionamento est\u00e3o instaladas nas cidades de Ilh\u00e9us, Alagoinhas, Barreiras, Brumado, Eun\u00e1polis, Feira de Santana, Guanambi, Irec\u00ea, Itaberaba, Itabuna, Jacobina, Jequi\u00e9, Juazeiro, Paulo Afonso, Ribeira do Pombal, Santo Ant\u00f4nio de Jesus, Senhor do Bonfim, Serrinha, Sim\u00f5es Filho, Teixeira de Freitas, Valen\u00e7a, Vit\u00f3ria da Conquista, Santa Maria da Vit\u00f3ria, S\u00e3o Francisco do Conde, al\u00e9m de Salvador, que possui duas policl\u00ednicas funcionando, nos bairros de Narandiba e Escada.<\/p>\n","protected":false},"excerpt":{"rendered":"<p>Desde que a primeira Policl\u00ednica Regional de Sa\u00fade entrou em opera\u00e7\u00e3o, em novembro de 2017, cerca de 6 milh\u00f5es de atendimentos entre consultas especializadas e exames j\u00e1 foram realizados, assegurando assist\u00eancia de qualidade para milhares de baianos e baianas. O n\u00famero foi comemorado pela Secret\u00e1ria da Sa\u00fade da Bahia, Roberta Santana, durante reuni\u00e3o com os [&hellip;]<\/p>\n","protected":false},"author":3,"featured_media":22252,"comment_status":"open","ping_status":"open","sticky":false,"template":"","format":"standard","meta":{"_monsterinsights_skip_tracking":false,"_monsterinsights_sitenote_active":false,"_monsterinsights_sitenote_note":"","_monsterinsights_sitenote_category":0,"footnotes":""},"categories":[34],"tags":[],"yoast_head":"<!-- This site is optimized with the Yoast SEO plugin v22.9 - https:\/\/yoast.com\/wordpress\/plugins\/seo\/ -->\n<title>Policl\u00ednicas Regionais de Sa\u00fade j\u00e1 realizaram cerca de 6 milh\u00f5es de atendimento - Portal MF<\/title>\n<meta name=\"robots\" content=\"index, follow, max-snippet:-1, max-image-preview:large, max-video-preview:-1\" \/>\n<link rel=\"canonical\" href=\"https:\/\/portalmf.com.br\/index.php\/2024\/01\/19\/policlinicas-regionais-de-saude-ja-realizaram-cerca-de-6-milhoes-de-atendimento\/\" \/>\n<meta property=\"og:locale\" content=\"pt_BR\" \/>\n<meta property=\"og:type\" content=\"article\" \/>\n<meta property=\"og:title\" content=\"Policl\u00ednicas Regionais de Sa\u00fade j\u00e1 realizaram cerca de 6 milh\u00f5es de atendimento - Portal MF\" \/>\n<meta property=\"og:description\" content=\"Desde que a primeira Policl\u00ednica Regional de Sa\u00fade entrou em opera\u00e7\u00e3o, em novembro de 2017, cerca de 6 milh\u00f5es de atendimentos entre consultas especializadas e exames j\u00e1 foram realizados, assegurando assist\u00eancia de qualidade para milhares de baianos e baianas. O n\u00famero foi comemorado pela Secret\u00e1ria da Sa\u00fade da Bahia, Roberta Santana, durante reuni\u00e3o com os [&hellip;]\" \/>\n<meta property=\"og:url\" content=\"https:\/\/portalmf.com.br\/index.php\/2024\/01\/19\/policlinicas-regionais-de-saude-ja-realizaram-cerca-de-6-milhoes-de-atendimento\/\" \/>\n<meta property=\"og:site_name\" content=\"Portal MF\" \/>\n<meta property=\"article:author\" content=\"https:\/\/www.facebook.com\/portalmfoficial\" \/>\n<meta property=\"article:published_time\" content=\"2024-01-19T17:21:00+00:00\" \/>\n<meta property=\"article:modified_time\" content=\"2024-01-19T21:23:35+00:00\" \/>\n<meta property=\"og:image\" content=\"https:\/\/portalmf.com.br\/wp-content\/uploads\/2024\/01\/Policlinica-Ilheus-scaled.jpeg\" \/>\n\t<meta property=\"og:image:width\" content=\"2560\" \/>\n\t<meta property=\"og:image:height\" content=\"1706\" \/>\n\t<meta property=\"og:image:type\" content=\"image\/jpeg\" \/>\n<meta name=\"author\" content=\"Reda\u00e7\u00e3o Portal MF\" \/>\n<meta name=\"twitter:card\" content=\"summary_large_image\" \/>\n<meta name=\"twitter:creator\" content=\"@https:\/\/x.com\/portalmfoficial\" \/>\n<meta name=\"twitter:label1\" content=\"Escrito por\" \/>\n\t<meta name=\"twitter:data1\" content=\"Reda\u00e7\u00e3o Portal MF\" \/>\n\t<meta name=\"twitter:label2\" content=\"Est. tempo de leitura\" \/>\n\t<meta name=\"twitter:data2\" content=\"3 minutos\" \/>\n<script type=\"application\/ld+json\" class=\"yoast-schema-graph\">{\"@context\":\"https:\/\/schema.org\",\"@graph\":[{\"@type\":\"WebPage\",\"@id\":\"https:\/\/portalmf.com.br\/index.php\/2024\/01\/19\/policlinicas-regionais-de-saude-ja-realizaram-cerca-de-6-milhoes-de-atendimento\/\",\"url\":\"https:\/\/portalmf.com.br\/index.php\/2024\/01\/19\/policlinicas-regionais-de-saude-ja-realizaram-cerca-de-6-milhoes-de-atendimento\/\",\"name\":\"Policl\u00ednicas Regionais de Sa\u00fade j\u00e1 realizaram cerca de 6 milh\u00f5es de atendimento - Portal MF\",\"isPartOf\":{\"@id\":\"https:\/\/portalmf.com.br\/#website\"},\"primaryImageOfPage\":{\"@id\":\"https:\/\/portalmf.com.br\/index.php\/2024\/01\/19\/policlinicas-regionais-de-saude-ja-realizaram-cerca-de-6-milhoes-de-atendimento\/#primaryimage\"},\"image\":{\"@id\":\"https:\/\/portalmf.com.br\/index.php\/2024\/01\/19\/policlinicas-regionais-de-saude-ja-realizaram-cerca-de-6-milhoes-de-atendimento\/#primaryimage\"},\"thumbnailUrl\":\"https:\/\/portalmf.com.br\/wp-content\/uploads\/2024\/01\/Policlinica-Ilheus-scaled.jpeg\",\"datePublished\":\"2024-01-19T17:21:00+00:00\",\"dateModified\":\"2024-01-19T21:23:35+00:00\",\"author\":{\"@id\":\"https:\/\/portalmf.com.br\/#\/schema\/person\/9ec101baf56233e53520c26de5d6f6f0\"},\"breadcrumb\":{\"@id\":\"https:\/\/portalmf.com.br\/index.php\/2024\/01\/19\/policlinicas-regionais-de-saude-ja-realizaram-cerca-de-6-milhoes-de-atendimento\/#breadcrumb\"},\"inLanguage\":\"pt-BR\",\"potentialAction\":[{\"@type\":\"ReadAction\",\"target\":[\"https:\/\/portalmf.com.br\/index.php\/2024\/01\/19\/policlinicas-regionais-de-saude-ja-realizaram-cerca-de-6-milhoes-de-atendimento\/\"]}]},{\"@type\":\"ImageObject\",\"inLanguage\":\"pt-BR\",\"@id\":\"https:\/\/portalmf.com.br\/index.php\/2024\/01\/19\/policlinicas-regionais-de-saude-ja-realizaram-cerca-de-6-milhoes-de-atendimento\/#primaryimage\",\"url\":\"https:\/\/portalmf.com.br\/wp-content\/uploads\/2024\/01\/Policlinica-Ilheus-scaled.jpeg\",\"contentUrl\":\"https:\/\/portalmf.com.br\/wp-content\/uploads\/2024\/01\/Policlinica-Ilheus-scaled.jpeg\",\"width\":2560,\"height\":1706},{\"@type\":\"BreadcrumbList\",\"@id\":\"https:\/\/portalmf.com.br\/index.php\/2024\/01\/19\/policlinicas-regionais-de-saude-ja-realizaram-cerca-de-6-milhoes-de-atendimento\/#breadcrumb\",\"itemListElement\":[{\"@type\":\"ListItem\",\"position\":1,\"name\":\"In\u00edcio\",\"item\":\"https:\/\/portalmf.com.br\/\"},{\"@type\":\"ListItem\",\"position\":2,\"name\":\"Policl\u00ednicas Regionais de Sa\u00fade j\u00e1 realizaram cerca de 6 milh\u00f5es de atendimento\"}]},{\"@type\":\"WebSite\",\"@id\":\"https:\/\/portalmf.com.br\/#website\",\"url\":\"https:\/\/portalmf.com.br\/\",\"name\":\"Portal MF\",\"description\":\"Voc\u00ea conectado com a informa\u00e7\u00e3o\",\"potentialAction\":[{\"@type\":\"SearchAction\",\"target\":{\"@type\":\"EntryPoint\",\"urlTemplate\":\"https:\/\/portalmf.com.br\/?s={search_term_string}\"},\"query-input\":\"required name=search_term_string\"}],\"inLanguage\":\"pt-BR\"},{\"@type\":\"Person\",\"@id\":\"https:\/\/portalmf.com.br\/#\/schema\/person\/9ec101baf56233e53520c26de5d6f6f0\",\"name\":\"Reda\u00e7\u00e3o Portal MF\",\"image\":{\"@type\":\"ImageObject\",\"inLanguage\":\"pt-BR\",\"@id\":\"https:\/\/portalmf.com.br\/#\/schema\/person\/image\/\",\"url\":\"https:\/\/secure.gravatar.com\/avatar\/41b9aaeb2100835f7c64362330f74c7f?s=96&d=mm&r=g\",\"contentUrl\":\"https:\/\/secure.gravatar.com\/avatar\/41b9aaeb2100835f7c64362330f74c7f?s=96&d=mm&r=g\",\"caption\":\"Reda\u00e7\u00e3o Portal MF\"},\"description\":\"Sejam bem-vindos o portal de informa\u00e7\u00f5es de entretenimento de Feira de Santana, desde 2006 realiza coberturas dos principais eventos com entrevistas exclusivas com as principais personalidades mundiais. Fique conectado tamb\u00e9m nas redes sociais.\",\"sameAs\":[\"http:\/\/www.portalmf.com.br\/\",\"https:\/\/www.facebook.com\/portalmfoficial\",\"https:\/\/www.instagram.com\/portalmf\/\",\"https:\/\/x.com\/https:\/\/x.com\/portalmfoficial\",\"https:\/\/www.youtube.com\/@portalmfoficial\"],\"url\":\"https:\/\/portalmf.com.br\/index.php\/author\/junior\/\"}]}<\/script>\n<!-- \/ Yoast SEO plugin. -->","yoast_head_json":{"title":"Policl\u00ednicas Regionais de Sa\u00fade j\u00e1 realizaram cerca de 6 milh\u00f5es de atendimento - Portal MF","robots":{"index":"index","follow":"follow","max-snippet":"max-snippet:-1","max-image-preview":"max-image-preview:large","max-video-preview":"max-video-preview:-1"},"canonical":"https:\/\/portalmf.com.br\/index.php\/2024\/01\/19\/policlinicas-regionais-de-saude-ja-realizaram-cerca-de-6-milhoes-de-atendimento\/","og_locale":"pt_BR","og_type":"article","og_title":"Policl\u00ednicas Regionais de Sa\u00fade j\u00e1 realizaram cerca de 6 milh\u00f5es de atendimento - Portal MF","og_description":"Desde que a primeira Policl\u00ednica Regional de Sa\u00fade entrou em opera\u00e7\u00e3o, em novembro de 2017, cerca de 6 milh\u00f5es de atendimentos entre consultas especializadas e exames j\u00e1 foram realizados, assegurando assist\u00eancia de qualidade para milhares de baianos e baianas. O n\u00famero foi comemorado pela Secret\u00e1ria da Sa\u00fade da Bahia, Roberta Santana, durante reuni\u00e3o com os [&hellip;]","og_url":"https:\/\/portalmf.com.br\/index.php\/2024\/01\/19\/policlinicas-regionais-de-saude-ja-realizaram-cerca-de-6-milhoes-de-atendimento\/","og_site_name":"Portal MF","article_author":"https:\/\/www.facebook.com\/portalmfoficial","article_published_time":"2024-01-19T17:21:00+00:00","article_modified_time":"2024-01-19T21:23:35+00:00","og_image":[{"width":2560,"height":1706,"url":"https:\/\/portalmf.com.br\/wp-content\/uploads\/2024\/01\/Policlinica-Ilheus-scaled.jpeg","type":"image\/jpeg"}],"author":"Reda\u00e7\u00e3o Portal MF","twitter_card":"summary_large_image","twitter_creator":"@https:\/\/x.com\/portalmfoficial","twitter_misc":{"Escrito por":"Reda\u00e7\u00e3o Portal MF","Est. tempo de leitura":"3 minutos"},"schema":{"@context":"https:\/\/schema.org","@graph":[{"@type":"WebPage","@id":"https:\/\/portalmf.com.br\/index.php\/2024\/01\/19\/policlinicas-regionais-de-saude-ja-realizaram-cerca-de-6-milhoes-de-atendimento\/","url":"https:\/\/portalmf.com.br\/index.php\/2024\/01\/19\/policlinicas-regionais-de-saude-ja-realizaram-cerca-de-6-milhoes-de-atendimento\/","name":"Policl\u00ednicas Regionais de Sa\u00fade j\u00e1 realizaram cerca de 6 milh\u00f5es de atendimento - Portal MF","isPartOf":{"@id":"https:\/\/portalmf.com.br\/#website"},"primaryImageOfPage":{"@id":"https:\/\/portalmf.com.br\/index.php\/2024\/01\/19\/policlinicas-regionais-de-saude-ja-realizaram-cerca-de-6-milhoes-de-atendimento\/#primaryimage"},"image":{"@id":"https:\/\/portalmf.com.br\/index.php\/2024\/01\/19\/policlinicas-regionais-de-saude-ja-realizaram-cerca-de-6-milhoes-de-atendimento\/#primaryimage"},"thumbnailUrl":"https:\/\/portalmf.com.br\/wp-content\/uploads\/2024\/01\/Policlinica-Ilheus-scaled.jpeg","datePublished":"2024-01-19T17:21:00+00:00","dateModified":"2024-01-19T21:23:35+00:00","author":{"@id":"https:\/\/portalmf.com.br\/#\/schema\/person\/9ec101baf56233e53520c26de5d6f6f0"},"breadcrumb":{"@id":"https:\/\/portalmf.com.br\/index.php\/2024\/01\/19\/policlinicas-regionais-de-saude-ja-realizaram-cerca-de-6-milhoes-de-atendimento\/#breadcrumb"},"inLanguage":"pt-BR","potentialAction":[{"@type":"ReadAction","target":["https:\/\/portalmf.com.br\/index.php\/2024\/01\/19\/policlinicas-regionais-de-saude-ja-realizaram-cerca-de-6-milhoes-de-atendimento\/"]}]},{"@type":"ImageObject","inLanguage":"pt-BR","@id":"https:\/\/portalmf.com.br\/index.php\/2024\/01\/19\/policlinicas-regionais-de-saude-ja-realizaram-cerca-de-6-milhoes-de-atendimento\/#primaryimage","url":"https:\/\/portalmf.com.br\/wp-content\/uploads\/2024\/01\/Policlinica-Ilheus-scaled.jpeg","contentUrl":"https:\/\/portalmf.com.br\/wp-content\/uploads\/2024\/01\/Policlinica-Ilheus-scaled.jpeg","width":2560,"height":1706},{"@type":"BreadcrumbList","@id":"https:\/\/portalmf.com.br\/index.php\/2024\/01\/19\/policlinicas-regionais-de-saude-ja-realizaram-cerca-de-6-milhoes-de-atendimento\/#breadcrumb","itemListElement":[{"@type":"ListItem","position":1,"name":"In\u00edcio","item":"https:\/\/portalmf.com.br\/"},{"@type":"ListItem","position":2,"name":"Policl\u00ednicas Regionais de Sa\u00fade j\u00e1 realizaram cerca de 6 milh\u00f5es de atendimento"}]},{"@type":"WebSite","@id":"https:\/\/portalmf.com.br\/#website","url":"https:\/\/portalmf.com.br\/","name":"Portal MF","description":"Voc\u00ea conectado com a informa\u00e7\u00e3o","potentialAction":[{"@type":"SearchAction","target":{"@type":"EntryPoint","urlTemplate":"https:\/\/portalmf.com.br\/?s={search_term_string}"},"query-input":"required name=search_term_string"}],"inLanguage":"pt-BR"},{"@type":"Person","@id":"https:\/\/portalmf.com.br\/#\/schema\/person\/9ec101baf56233e53520c26de5d6f6f0","name":"Reda\u00e7\u00e3o Portal MF","image":{"@type":"ImageObject","inLanguage":"pt-BR","@id":"https:\/\/portalmf.com.br\/#\/schema\/person\/image\/","url":"https:\/\/secure.gravatar.com\/avatar\/41b9aaeb2100835f7c64362330f74c7f?s=96&d=mm&r=g","contentUrl":"https:\/\/secure.gravatar.com\/avatar\/41b9aaeb2100835f7c64362330f74c7f?s=96&d=mm&r=g","caption":"Reda\u00e7\u00e3o Portal MF"},"description":"Sejam bem-vindos o portal de informa\u00e7\u00f5es de entretenimento de Feira de Santana, desde 2006 realiza coberturas dos principais eventos com entrevistas exclusivas com as principais personalidades mundiais. Fique conectado tamb\u00e9m nas redes sociais.","sameAs":["http:\/\/www.portalmf.com.br\/","https:\/\/www.facebook.com\/portalmfoficial","https:\/\/www.instagram.com\/portalmf\/","https:\/\/x.com\/https:\/\/x.com\/portalmfoficial","https:\/\/www.youtube.com\/@portalmfoficial"],"url":"https:\/\/portalmf.com.br\/index.php\/author\/junior\/"}]}},"_links":{"self":[{"href":"https:\/\/portalmf.com.br\/index.php\/wp-json\/wp\/v2\/posts\/22251"}],"collection":[{"href":"https:\/\/portalmf.com.br\/index.php\/wp-json\/wp\/v2\/posts"}],"about":[{"href":"https:\/\/portalmf.com.br\/index.php\/wp-json\/wp\/v2\/types\/post"}],"author":[{"embeddable":true,"href":"https:\/\/portalmf.com.br\/index.php\/wp-json\/wp\/v2\/users\/3"}],"replies":[{"embeddable":true,"href":"https:\/\/portalmf.com.br\/index.php\/wp-json\/wp\/v2\/comments?post=22251"}],"version-history":[{"count":1,"href":"https:\/\/portalmf.com.br\/index.php\/wp-json\/wp\/v2\/posts\/22251\/revisions"}],"predecessor-version":[{"id":22253,"href":"https:\/\/portalmf.com.br\/index.php\/wp-json\/wp\/v2\/posts\/22251\/revisions\/22253"}],"wp:featuredmedia":[{"embeddable":true,"href":"https:\/\/portalmf.com.br\/index.php\/wp-json\/wp\/v2\/media\/22252"}],"wp:attachment":[{"href":"https:\/\/portalmf.com.br\/index.php\/wp-json\/wp\/v2\/media?parent=22251"}],"wp:term":[{"taxonomy":"category","embeddable":true,"href":"https:\/\/portalmf.com.br\/index.php\/wp-json\/wp\/v2\/categories?post=22251"},{"taxonomy":"post_tag","embeddable":true,"href":"https:\/\/portalmf.com.br\/index.php\/wp-json\/wp\/v2\/tags?post=22251"}],"curies":[{"name":"wp","href":"https:\/\/api.w.org\/{rel}","templated":true}]}}