{"id":22196,"date":"2024-01-18T19:26:10","date_gmt":"2024-01-18T22:26:10","guid":{"rendered":"https:\/\/portalmf.com.br\/?p=22196"},"modified":"2024-01-18T19:26:11","modified_gmt":"2024-01-18T22:26:11","slug":"com-jeronimo-rui-e-wagner-reuniao-do-diretorio-do-pt-bahia-vai-organizar-o-partido-para-as-eleicoes-2024","status":"publish","type":"post","link":"https:\/\/portalmf.com.br\/index.php\/2024\/01\/18\/com-jeronimo-rui-e-wagner-reuniao-do-diretorio-do-pt-bahia-vai-organizar-o-partido-para-as-eleicoes-2024\/","title":{"rendered":"Com Jer\u00f4nimo, Rui e Wagner, reuni\u00e3o do Diret\u00f3rio do PT Bahia vai organizar o partido para as elei\u00e7\u00f5es 2024"},"content":{"rendered":"\n<p>A reuni\u00e3o do Diret\u00f3rio do Partido dos Trabalhadores da Bahia ser\u00e1 realizada no dia 20 de janeiro na cidade de Vit\u00f3ria da Conquista, no Spa\u00e7o Roma Eventos, Avenida B, n\u00famero 6, Ch\u00e1cara Tereza, Boa Vista, \u00e0s 09 horas, para alinhar as estrat\u00e9gias das elei\u00e7\u00f5es de 2024 nos munic\u00edpios baianos. Com a presen\u00e7a do governador Jer\u00f4nimo, do ministro da Casa Civil, Rui Costa e do senador Jaques Wagner, o PT vai reunir prefeitos, prefeitas, vice-prefeitos, candidatos a prefeitos e prefeitas, parlamentares para organizar o PT para as elei\u00e7\u00f5es municipais de 2024.<\/p>\n\n\n\n<p>\u00c9den contou ainda que ser\u00e1 o momento de oficializar a filia\u00e7\u00e3o de novos prefeitos ao PT, para fortalecer o modo petista de governar nos munic\u00edpios. <em>&#8220;Nossa inten\u00e7\u00e3o \u00e9 aumentar o n\u00famero de gestores e tamb\u00e9m de vereadores e vereadoras em toda a Bahia, levando o projeto de desenvolvimento e inclus\u00e3o social do governador Jer\u00f4nimo e do presidente Lula para o maior n\u00famero de cidades, para que a Bahia siga no caminho do desenvolvimento, cuidando do nosso povo e das nossas cidades\u201d, <\/em>afirmou.\u00a0\u00a0<\/p>\n\n\n\n<p>O PT tem se empenhando na mobiliza\u00e7\u00e3o para a reuni\u00e3o do Diret\u00f3rio, convidando lideran\u00e7as pol\u00edticas, parlamentares, prefeitos, vice-prefeitos, vereadores e a milit\u00e2ncia. &#8220;Vamos fazer dessa primeira reuni\u00e3o do Diret\u00f3rio de 2924 um momento de di\u00e1logo, de discuss\u00e3o de estrat\u00e9gia, mas tamb\u00e9m uma ocasi\u00e3o festiva para come\u00e7ar 2024 com toda for\u00e7a e muita empolga\u00e7\u00e3o para sairmos vitoriosos no maior n\u00famero de munic\u00edpios no pleito deste ano&#8221;, ressaltou o secret\u00e1rio-geral do PT Bahia, Marcelo Aguiar.<\/p>\n\n\n\n<p><strong>Pr\u00e9-candidatura \u2013<\/strong>&nbsp;Na reuni\u00e3o em Conquista, tamb\u00e9m ser\u00e1 refor\u00e7ado o nome do deputado federal Waldenor Pereira \u00e0 Prefeitura de Vit\u00f3ria da Conquista. Pontuando bem em pesquisas internas, Waldenor \u00e9 a aposta do PT para transformar a cidade que vem sofrendo com o descaso da administra\u00e7\u00e3o da prefeita Sheila Lemos (Uni\u00e3o Brasil).<\/p>\n\n\n\n<p><em>\u00a0&#8220;Visto todos esses problemas que penalizam o povo conquistense, apresentamos o nome de Waldenor, uma lideran\u00e7a mais do que preparada para esta tarefa e que possui todas as credenciais para colocar a terceira maior cidade da Bahia na rota do desenvolvimento social e econ\u00f4mico. E, claro, tudo isso vai se refletir na qualidade de vida da popula\u00e7\u00e3o, em alinhamento com os projetos de Jer\u00f4nimo e Lula&#8221;,<\/em> destacou o presidente do PT Bahia, \u00c9den Valadares.<\/p>\n","protected":false},"excerpt":{"rendered":"<p>A reuni\u00e3o do Diret\u00f3rio do Partido dos Trabalhadores da Bahia ser\u00e1 realizada no dia 20 de janeiro na cidade de Vit\u00f3ria da Conquista, no Spa\u00e7o Roma Eventos, Avenida B, n\u00famero 6, Ch\u00e1cara Tereza, Boa Vista, \u00e0s 09 horas, para alinhar as estrat\u00e9gias das elei\u00e7\u00f5es de 2024 nos munic\u00edpios baianos. Com a presen\u00e7a do governador Jer\u00f4nimo, [&hellip;]<\/p>\n","protected":false},"author":3,"featured_media":22197,"comment_status":"open","ping_status":"open","sticky":false,"template":"","format":"standard","meta":{"_monsterinsights_skip_tracking":false,"_monsterinsights_sitenote_active":false,"_monsterinsights_sitenote_note":"","_monsterinsights_sitenote_category":0,"footnotes":""},"categories":[34],"tags":[],"yoast_head":"<!-- This site is optimized with the Yoast SEO plugin v22.9 - https:\/\/yoast.com\/wordpress\/plugins\/seo\/ -->\n<title>Com Jer\u00f4nimo, Rui e Wagner, reuni\u00e3o do Diret\u00f3rio do PT Bahia vai organizar o partido para as elei\u00e7\u00f5es 2024 - Portal MF<\/title>\n<meta name=\"robots\" content=\"index, follow, max-snippet:-1, max-image-preview:large, max-video-preview:-1\" \/>\n<link rel=\"canonical\" href=\"https:\/\/portalmf.com.br\/index.php\/2024\/01\/18\/com-jeronimo-rui-e-wagner-reuniao-do-diretorio-do-pt-bahia-vai-organizar-o-partido-para-as-eleicoes-2024\/\" \/>\n<meta property=\"og:locale\" content=\"pt_BR\" \/>\n<meta property=\"og:type\" content=\"article\" \/>\n<meta property=\"og:title\" content=\"Com Jer\u00f4nimo, Rui e Wagner, reuni\u00e3o do Diret\u00f3rio do PT Bahia vai organizar o partido para as elei\u00e7\u00f5es 2024 - Portal MF\" \/>\n<meta property=\"og:description\" content=\"A reuni\u00e3o do Diret\u00f3rio do Partido dos Trabalhadores da Bahia ser\u00e1 realizada no dia 20 de janeiro na cidade de Vit\u00f3ria da Conquista, no Spa\u00e7o Roma Eventos, Avenida B, n\u00famero 6, Ch\u00e1cara Tereza, Boa Vista, \u00e0s 09 horas, para alinhar as estrat\u00e9gias das elei\u00e7\u00f5es de 2024 nos munic\u00edpios baianos. Com a presen\u00e7a do governador Jer\u00f4nimo, [&hellip;]\" \/>\n<meta property=\"og:url\" content=\"https:\/\/portalmf.com.br\/index.php\/2024\/01\/18\/com-jeronimo-rui-e-wagner-reuniao-do-diretorio-do-pt-bahia-vai-organizar-o-partido-para-as-eleicoes-2024\/\" \/>\n<meta property=\"og:site_name\" content=\"Portal MF\" \/>\n<meta property=\"article:author\" content=\"https:\/\/www.facebook.com\/portalmfoficial\" \/>\n<meta property=\"article:published_time\" content=\"2024-01-18T22:26:10+00:00\" \/>\n<meta property=\"article:modified_time\" content=\"2024-01-18T22:26:11+00:00\" \/>\n<meta property=\"og:image\" content=\"https:\/\/portalmf.com.br\/wp-content\/uploads\/2024\/01\/Wagner-Jeronimo-e-Rui.jpg\" \/>\n\t<meta property=\"og:image:width\" content=\"600\" \/>\n\t<meta property=\"og:image:height\" content=\"400\" \/>\n\t<meta property=\"og:image:type\" content=\"image\/jpeg\" \/>\n<meta name=\"author\" content=\"Reda\u00e7\u00e3o Portal MF\" \/>\n<meta name=\"twitter:card\" content=\"summary_large_image\" \/>\n<meta name=\"twitter:creator\" content=\"@https:\/\/x.com\/portalmfoficial\" \/>\n<meta name=\"twitter:label1\" content=\"Escrito por\" \/>\n\t<meta name=\"twitter:data1\" content=\"Reda\u00e7\u00e3o Portal MF\" \/>\n\t<meta name=\"twitter:label2\" content=\"Est. tempo de leitura\" \/>\n\t<meta name=\"twitter:data2\" content=\"3 minutos\" \/>\n<script type=\"application\/ld+json\" class=\"yoast-schema-graph\">{\"@context\":\"https:\/\/schema.org\",\"@graph\":[{\"@type\":\"WebPage\",\"@id\":\"https:\/\/portalmf.com.br\/index.php\/2024\/01\/18\/com-jeronimo-rui-e-wagner-reuniao-do-diretorio-do-pt-bahia-vai-organizar-o-partido-para-as-eleicoes-2024\/\",\"url\":\"https:\/\/portalmf.com.br\/index.php\/2024\/01\/18\/com-jeronimo-rui-e-wagner-reuniao-do-diretorio-do-pt-bahia-vai-organizar-o-partido-para-as-eleicoes-2024\/\",\"name\":\"Com Jer\u00f4nimo, Rui e Wagner, reuni\u00e3o do Diret\u00f3rio do PT Bahia vai organizar o partido para as elei\u00e7\u00f5es 2024 - Portal MF\",\"isPartOf\":{\"@id\":\"https:\/\/portalmf.com.br\/#website\"},\"primaryImageOfPage\":{\"@id\":\"https:\/\/portalmf.com.br\/index.php\/2024\/01\/18\/com-jeronimo-rui-e-wagner-reuniao-do-diretorio-do-pt-bahia-vai-organizar-o-partido-para-as-eleicoes-2024\/#primaryimage\"},\"image\":{\"@id\":\"https:\/\/portalmf.com.br\/index.php\/2024\/01\/18\/com-jeronimo-rui-e-wagner-reuniao-do-diretorio-do-pt-bahia-vai-organizar-o-partido-para-as-eleicoes-2024\/#primaryimage\"},\"thumbnailUrl\":\"https:\/\/portalmf.com.br\/wp-content\/uploads\/2024\/01\/Wagner-Jeronimo-e-Rui.jpg\",\"datePublished\":\"2024-01-18T22:26:10+00:00\",\"dateModified\":\"2024-01-18T22:26:11+00:00\",\"author\":{\"@id\":\"https:\/\/portalmf.com.br\/#\/schema\/person\/9ec101baf56233e53520c26de5d6f6f0\"},\"breadcrumb\":{\"@id\":\"https:\/\/portalmf.com.br\/index.php\/2024\/01\/18\/com-jeronimo-rui-e-wagner-reuniao-do-diretorio-do-pt-bahia-vai-organizar-o-partido-para-as-eleicoes-2024\/#breadcrumb\"},\"inLanguage\":\"pt-BR\",\"potentialAction\":[{\"@type\":\"ReadAction\",\"target\":[\"https:\/\/portalmf.com.br\/index.php\/2024\/01\/18\/com-jeronimo-rui-e-wagner-reuniao-do-diretorio-do-pt-bahia-vai-organizar-o-partido-para-as-eleicoes-2024\/\"]}]},{\"@type\":\"ImageObject\",\"inLanguage\":\"pt-BR\",\"@id\":\"https:\/\/portalmf.com.br\/index.php\/2024\/01\/18\/com-jeronimo-rui-e-wagner-reuniao-do-diretorio-do-pt-bahia-vai-organizar-o-partido-para-as-eleicoes-2024\/#primaryimage\",\"url\":\"https:\/\/portalmf.com.br\/wp-content\/uploads\/2024\/01\/Wagner-Jeronimo-e-Rui.jpg\",\"contentUrl\":\"https:\/\/portalmf.com.br\/wp-content\/uploads\/2024\/01\/Wagner-Jeronimo-e-Rui.jpg\",\"width\":600,\"height\":400},{\"@type\":\"BreadcrumbList\",\"@id\":\"https:\/\/portalmf.com.br\/index.php\/2024\/01\/18\/com-jeronimo-rui-e-wagner-reuniao-do-diretorio-do-pt-bahia-vai-organizar-o-partido-para-as-eleicoes-2024\/#breadcrumb\",\"itemListElement\":[{\"@type\":\"ListItem\",\"position\":1,\"name\":\"In\u00edcio\",\"item\":\"https:\/\/portalmf.com.br\/\"},{\"@type\":\"ListItem\",\"position\":2,\"name\":\"Com Jer\u00f4nimo, Rui e Wagner, reuni\u00e3o do Diret\u00f3rio do PT Bahia vai organizar o partido para as elei\u00e7\u00f5es 2024\"}]},{\"@type\":\"WebSite\",\"@id\":\"https:\/\/portalmf.com.br\/#website\",\"url\":\"https:\/\/portalmf.com.br\/\",\"name\":\"Portal MF\",\"description\":\"Voc\u00ea conectado com a informa\u00e7\u00e3o\",\"potentialAction\":[{\"@type\":\"SearchAction\",\"target\":{\"@type\":\"EntryPoint\",\"urlTemplate\":\"https:\/\/portalmf.com.br\/?s={search_term_string}\"},\"query-input\":\"required name=search_term_string\"}],\"inLanguage\":\"pt-BR\"},{\"@type\":\"Person\",\"@id\":\"https:\/\/portalmf.com.br\/#\/schema\/person\/9ec101baf56233e53520c26de5d6f6f0\",\"name\":\"Reda\u00e7\u00e3o Portal MF\",\"image\":{\"@type\":\"ImageObject\",\"inLanguage\":\"pt-BR\",\"@id\":\"https:\/\/portalmf.com.br\/#\/schema\/person\/image\/\",\"url\":\"https:\/\/secure.gravatar.com\/avatar\/41b9aaeb2100835f7c64362330f74c7f?s=96&d=mm&r=g\",\"contentUrl\":\"https:\/\/secure.gravatar.com\/avatar\/41b9aaeb2100835f7c64362330f74c7f?s=96&d=mm&r=g\",\"caption\":\"Reda\u00e7\u00e3o Portal MF\"},\"description\":\"Sejam bem-vindos o portal de informa\u00e7\u00f5es de entretenimento de Feira de Santana, desde 2006 realiza coberturas dos principais eventos com entrevistas exclusivas com as principais personalidades mundiais. Fique conectado tamb\u00e9m nas redes sociais.\",\"sameAs\":[\"http:\/\/www.portalmf.com.br\/\",\"https:\/\/www.facebook.com\/portalmfoficial\",\"https:\/\/www.instagram.com\/portalmf\/\",\"https:\/\/x.com\/https:\/\/x.com\/portalmfoficial\",\"https:\/\/www.youtube.com\/@portalmfoficial\"],\"url\":\"https:\/\/portalmf.com.br\/index.php\/author\/junior\/\"}]}<\/script>\n<!-- \/ Yoast SEO plugin. -->","yoast_head_json":{"title":"Com Jer\u00f4nimo, Rui e Wagner, reuni\u00e3o do Diret\u00f3rio do PT Bahia vai organizar o partido para as elei\u00e7\u00f5es 2024 - Portal MF","robots":{"index":"index","follow":"follow","max-snippet":"max-snippet:-1","max-image-preview":"max-image-preview:large","max-video-preview":"max-video-preview:-1"},"canonical":"https:\/\/portalmf.com.br\/index.php\/2024\/01\/18\/com-jeronimo-rui-e-wagner-reuniao-do-diretorio-do-pt-bahia-vai-organizar-o-partido-para-as-eleicoes-2024\/","og_locale":"pt_BR","og_type":"article","og_title":"Com Jer\u00f4nimo, Rui e Wagner, reuni\u00e3o do Diret\u00f3rio do PT Bahia vai organizar o partido para as elei\u00e7\u00f5es 2024 - Portal MF","og_description":"A reuni\u00e3o do Diret\u00f3rio do Partido dos Trabalhadores da Bahia ser\u00e1 realizada no dia 20 de janeiro na cidade de Vit\u00f3ria da Conquista, no Spa\u00e7o Roma Eventos, Avenida B, n\u00famero 6, Ch\u00e1cara Tereza, Boa Vista, \u00e0s 09 horas, para alinhar as estrat\u00e9gias das elei\u00e7\u00f5es de 2024 nos munic\u00edpios baianos. Com a presen\u00e7a do governador Jer\u00f4nimo, [&hellip;]","og_url":"https:\/\/portalmf.com.br\/index.php\/2024\/01\/18\/com-jeronimo-rui-e-wagner-reuniao-do-diretorio-do-pt-bahia-vai-organizar-o-partido-para-as-eleicoes-2024\/","og_site_name":"Portal MF","article_author":"https:\/\/www.facebook.com\/portalmfoficial","article_published_time":"2024-01-18T22:26:10+00:00","article_modified_time":"2024-01-18T22:26:11+00:00","og_image":[{"width":600,"height":400,"url":"https:\/\/portalmf.com.br\/wp-content\/uploads\/2024\/01\/Wagner-Jeronimo-e-Rui.jpg","type":"image\/jpeg"}],"author":"Reda\u00e7\u00e3o Portal MF","twitter_card":"summary_large_image","twitter_creator":"@https:\/\/x.com\/portalmfoficial","twitter_misc":{"Escrito por":"Reda\u00e7\u00e3o Portal MF","Est. tempo de leitura":"3 minutos"},"schema":{"@context":"https:\/\/schema.org","@graph":[{"@type":"WebPage","@id":"https:\/\/portalmf.com.br\/index.php\/2024\/01\/18\/com-jeronimo-rui-e-wagner-reuniao-do-diretorio-do-pt-bahia-vai-organizar-o-partido-para-as-eleicoes-2024\/","url":"https:\/\/portalmf.com.br\/index.php\/2024\/01\/18\/com-jeronimo-rui-e-wagner-reuniao-do-diretorio-do-pt-bahia-vai-organizar-o-partido-para-as-eleicoes-2024\/","name":"Com Jer\u00f4nimo, Rui e Wagner, reuni\u00e3o do Diret\u00f3rio do PT Bahia vai organizar o partido para as elei\u00e7\u00f5es 2024 - Portal MF","isPartOf":{"@id":"https:\/\/portalmf.com.br\/#website"},"primaryImageOfPage":{"@id":"https:\/\/portalmf.com.br\/index.php\/2024\/01\/18\/com-jeronimo-rui-e-wagner-reuniao-do-diretorio-do-pt-bahia-vai-organizar-o-partido-para-as-eleicoes-2024\/#primaryimage"},"image":{"@id":"https:\/\/portalmf.com.br\/index.php\/2024\/01\/18\/com-jeronimo-rui-e-wagner-reuniao-do-diretorio-do-pt-bahia-vai-organizar-o-partido-para-as-eleicoes-2024\/#primaryimage"},"thumbnailUrl":"https:\/\/portalmf.com.br\/wp-content\/uploads\/2024\/01\/Wagner-Jeronimo-e-Rui.jpg","datePublished":"2024-01-18T22:26:10+00:00","dateModified":"2024-01-18T22:26:11+00:00","author":{"@id":"https:\/\/portalmf.com.br\/#\/schema\/person\/9ec101baf56233e53520c26de5d6f6f0"},"breadcrumb":{"@id":"https:\/\/portalmf.com.br\/index.php\/2024\/01\/18\/com-jeronimo-rui-e-wagner-reuniao-do-diretorio-do-pt-bahia-vai-organizar-o-partido-para-as-eleicoes-2024\/#breadcrumb"},"inLanguage":"pt-BR","potentialAction":[{"@type":"ReadAction","target":["https:\/\/portalmf.com.br\/index.php\/2024\/01\/18\/com-jeronimo-rui-e-wagner-reuniao-do-diretorio-do-pt-bahia-vai-organizar-o-partido-para-as-eleicoes-2024\/"]}]},{"@type":"ImageObject","inLanguage":"pt-BR","@id":"https:\/\/portalmf.com.br\/index.php\/2024\/01\/18\/com-jeronimo-rui-e-wagner-reuniao-do-diretorio-do-pt-bahia-vai-organizar-o-partido-para-as-eleicoes-2024\/#primaryimage","url":"https:\/\/portalmf.com.br\/wp-content\/uploads\/2024\/01\/Wagner-Jeronimo-e-Rui.jpg","contentUrl":"https:\/\/portalmf.com.br\/wp-content\/uploads\/2024\/01\/Wagner-Jeronimo-e-Rui.jpg","width":600,"height":400},{"@type":"BreadcrumbList","@id":"https:\/\/portalmf.com.br\/index.php\/2024\/01\/18\/com-jeronimo-rui-e-wagner-reuniao-do-diretorio-do-pt-bahia-vai-organizar-o-partido-para-as-eleicoes-2024\/#breadcrumb","itemListElement":[{"@type":"ListItem","position":1,"name":"In\u00edcio","item":"https:\/\/portalmf.com.br\/"},{"@type":"ListItem","position":2,"name":"Com Jer\u00f4nimo, Rui e Wagner, reuni\u00e3o do Diret\u00f3rio do PT Bahia vai organizar o partido para as elei\u00e7\u00f5es 2024"}]},{"@type":"WebSite","@id":"https:\/\/portalmf.com.br\/#website","url":"https:\/\/portalmf.com.br\/","name":"Portal MF","description":"Voc\u00ea conectado com a informa\u00e7\u00e3o","potentialAction":[{"@type":"SearchAction","target":{"@type":"EntryPoint","urlTemplate":"https:\/\/portalmf.com.br\/?s={search_term_string}"},"query-input":"required name=search_term_string"}],"inLanguage":"pt-BR"},{"@type":"Person","@id":"https:\/\/portalmf.com.br\/#\/schema\/person\/9ec101baf56233e53520c26de5d6f6f0","name":"Reda\u00e7\u00e3o Portal MF","image":{"@type":"ImageObject","inLanguage":"pt-BR","@id":"https:\/\/portalmf.com.br\/#\/schema\/person\/image\/","url":"https:\/\/secure.gravatar.com\/avatar\/41b9aaeb2100835f7c64362330f74c7f?s=96&d=mm&r=g","contentUrl":"https:\/\/secure.gravatar.com\/avatar\/41b9aaeb2100835f7c64362330f74c7f?s=96&d=mm&r=g","caption":"Reda\u00e7\u00e3o Portal MF"},"description":"Sejam bem-vindos o portal de informa\u00e7\u00f5es de entretenimento de Feira de Santana, desde 2006 realiza coberturas dos principais eventos com entrevistas exclusivas com as principais personalidades mundiais. Fique conectado tamb\u00e9m nas redes sociais.","sameAs":["http:\/\/www.portalmf.com.br\/","https:\/\/www.facebook.com\/portalmfoficial","https:\/\/www.instagram.com\/portalmf\/","https:\/\/x.com\/https:\/\/x.com\/portalmfoficial","https:\/\/www.youtube.com\/@portalmfoficial"],"url":"https:\/\/portalmf.com.br\/index.php\/author\/junior\/"}]}},"_links":{"self":[{"href":"https:\/\/portalmf.com.br\/index.php\/wp-json\/wp\/v2\/posts\/22196"}],"collection":[{"href":"https:\/\/portalmf.com.br\/index.php\/wp-json\/wp\/v2\/posts"}],"about":[{"href":"https:\/\/portalmf.com.br\/index.php\/wp-json\/wp\/v2\/types\/post"}],"author":[{"embeddable":true,"href":"https:\/\/portalmf.com.br\/index.php\/wp-json\/wp\/v2\/users\/3"}],"replies":[{"embeddable":true,"href":"https:\/\/portalmf.com.br\/index.php\/wp-json\/wp\/v2\/comments?post=22196"}],"version-history":[{"count":1,"href":"https:\/\/portalmf.com.br\/index.php\/wp-json\/wp\/v2\/posts\/22196\/revisions"}],"predecessor-version":[{"id":22198,"href":"https:\/\/portalmf.com.br\/index.php\/wp-json\/wp\/v2\/posts\/22196\/revisions\/22198"}],"wp:featuredmedia":[{"embeddable":true,"href":"https:\/\/portalmf.com.br\/index.php\/wp-json\/wp\/v2\/media\/22197"}],"wp:attachment":[{"href":"https:\/\/portalmf.com.br\/index.php\/wp-json\/wp\/v2\/media?parent=22196"}],"wp:term":[{"taxonomy":"category","embeddable":true,"href":"https:\/\/portalmf.com.br\/index.php\/wp-json\/wp\/v2\/categories?post=22196"},{"taxonomy":"post_tag","embeddable":true,"href":"https:\/\/portalmf.com.br\/index.php\/wp-json\/wp\/v2\/tags?post=22196"}],"curies":[{"name":"wp","href":"https:\/\/api.w.org\/{rel}","templated":true}]}}