{"id":22160,"date":"2024-01-18T18:10:41","date_gmt":"2024-01-18T21:10:41","guid":{"rendered":"https:\/\/portalmf.com.br\/?p=22160"},"modified":"2024-01-18T18:12:06","modified_gmt":"2024-01-18T21:12:06","slug":"thiago-aquino-confirma-apresentacoes-no-carnaval-de-salvador-2024","status":"publish","type":"post","link":"https:\/\/portalmf.com.br\/index.php\/2024\/01\/18\/thiago-aquino-confirma-apresentacoes-no-carnaval-de-salvador-2024\/","title":{"rendered":"Thiago Aquino confirma apresenta\u00e7\u00f5es no Carnaval de Salvador 2024"},"content":{"rendered":"\n<p>O cantor Thiago Aquino, dono do &#8220;repert\u00f3rio mais gostoso do Brasil&#8221;, puxar\u00e1 trios todos os dias no Carnaval de Salvador, com exce\u00e7\u00e3o da abertura (08), se dividindo entre os circuitos Barra\/Ondina e Campo Grande, em aproximadamente 25 horas de show, al\u00e9m de se apresentar em um camarote. Este ser\u00e1 o 2\u00ba ano do artista na folia da capital baiana.<\/p>\n\n\n\n<p><em>\u201cGra\u00e7as \u00e0 Deus, o arrocha est\u00e1 sendo bem aceito na avenida. Eu tive a oportunidade de puxar o p\u00fablico em 2023 nos dois circuitos da festa. Este ano, estamos preparando muita coisa boa. Procuro sempre inovar, escutar o que t\u00e1 rolando, colocar do nosso jeitinho e levar para a galera. Eu misturo muito, todos os estilos e \u00e9 o que vamos continuar fazendo&#8221;<\/em>, promete.<\/p>\n\n\n\n<p>Com o tema &#8220;Overdose de Arrocha&#8221;, ele desfilar\u00e1 de sexta (9) \u00e0 ter\u00e7a (13\/02):<\/p>\n\n\n\n<h2 class=\"wp-block-heading\">Confira agenda<\/h2>\n\n\n\n<p>Sexta-feira (09\/02): circuito Barra\/Ondina<br>S\u00e1bado (10\/02): circuito Barra\/Ondina<br>Domingo (11\/02): circuito Campo Grande<br>Segunda-feira (12\/02): circuito Campo Grande<br>Ter\u00e7a-feira (13\/02): circuito Barra\/Ondina e camarote Club<\/p>\n\n\n\n<p>A novidade, revela o artista, \u00e9 que na ter\u00e7a-feira (13), Silvanno Salles e Kart Love ser\u00e3o seus convidados no &#8220;Trio do Arrocha&#8221;.<\/p>\n\n\n\n<p><strong>Aquino |: <\/strong>Em 2023, o cantor esteve entre os mais ouvidos do arrocha. No Spotify, ele contabilizou mais de um milh\u00e3o de execu\u00e7\u00f5es mensais. No Sua M\u00fasica, seus lan\u00e7amentos se mantiveram entre os mais acessados do ano. No YouTube, se tornou o baiano mais visto do estado com 100 mi de plays.<\/p>\n","protected":false},"excerpt":{"rendered":"<p>O cantor Thiago Aquino, dono do &#8220;repert\u00f3rio mais gostoso do Brasil&#8221;, puxar\u00e1 trios todos os dias no Carnaval de Salvador, com exce\u00e7\u00e3o da abertura (08), se dividindo entre os circuitos Barra\/Ondina e Campo Grande, em aproximadamente 25 horas de show, al\u00e9m de se apresentar em um camarote. Este ser\u00e1 o 2\u00ba ano do artista na [&hellip;]<\/p>\n","protected":false},"author":3,"featured_media":22161,"comment_status":"open","ping_status":"open","sticky":false,"template":"","format":"standard","meta":{"_monsterinsights_skip_tracking":false,"_monsterinsights_sitenote_active":false,"_monsterinsights_sitenote_note":"","_monsterinsights_sitenote_category":0,"footnotes":""},"categories":[44,47],"tags":[319,321,320,302,220],"yoast_head":"<!-- This site is optimized with the Yoast SEO plugin v22.9 - https:\/\/yoast.com\/wordpress\/plugins\/seo\/ -->\n<title>Thiago Aquino confirma apresenta\u00e7\u00f5es no Carnaval de Salvador 2024 - Portal MF<\/title>\n<meta name=\"robots\" content=\"index, follow, max-snippet:-1, max-image-preview:large, max-video-preview:-1\" \/>\n<link rel=\"canonical\" href=\"https:\/\/portalmf.com.br\/index.php\/2024\/01\/18\/thiago-aquino-confirma-apresentacoes-no-carnaval-de-salvador-2024\/\" \/>\n<meta property=\"og:locale\" content=\"pt_BR\" \/>\n<meta property=\"og:type\" content=\"article\" \/>\n<meta property=\"og:title\" content=\"Thiago Aquino confirma apresenta\u00e7\u00f5es no Carnaval de Salvador 2024 - Portal MF\" \/>\n<meta property=\"og:description\" content=\"O cantor Thiago Aquino, dono do &#8220;repert\u00f3rio mais gostoso do Brasil&#8221;, puxar\u00e1 trios todos os dias no Carnaval de Salvador, com exce\u00e7\u00e3o da abertura (08), se dividindo entre os circuitos Barra\/Ondina e Campo Grande, em aproximadamente 25 horas de show, al\u00e9m de se apresentar em um camarote. Este ser\u00e1 o 2\u00ba ano do artista na [&hellip;]\" \/>\n<meta property=\"og:url\" content=\"https:\/\/portalmf.com.br\/index.php\/2024\/01\/18\/thiago-aquino-confirma-apresentacoes-no-carnaval-de-salvador-2024\/\" \/>\n<meta property=\"og:site_name\" content=\"Portal MF\" \/>\n<meta property=\"article:author\" content=\"https:\/\/www.facebook.com\/portalmfoficial\" \/>\n<meta property=\"article:published_time\" content=\"2024-01-18T21:10:41+00:00\" \/>\n<meta property=\"article:modified_time\" content=\"2024-01-18T21:12:06+00:00\" \/>\n<meta property=\"og:image\" content=\"https:\/\/portalmf.com.br\/wp-content\/uploads\/2024\/01\/thiago_aquino_carnaval2023_arquivoMF.jpg\" \/>\n\t<meta property=\"og:image:width\" content=\"2072\" \/>\n\t<meta property=\"og:image:height\" content=\"1420\" \/>\n\t<meta property=\"og:image:type\" content=\"image\/jpeg\" \/>\n<meta name=\"author\" content=\"Reda\u00e7\u00e3o Portal MF\" \/>\n<meta name=\"twitter:card\" content=\"summary_large_image\" \/>\n<meta name=\"twitter:creator\" content=\"@https:\/\/x.com\/portalmfoficial\" \/>\n<meta name=\"twitter:label1\" content=\"Escrito por\" \/>\n\t<meta name=\"twitter:data1\" content=\"Reda\u00e7\u00e3o Portal MF\" \/>\n\t<meta name=\"twitter:label2\" content=\"Est. tempo de leitura\" \/>\n\t<meta name=\"twitter:data2\" content=\"2 minutos\" \/>\n<script type=\"application\/ld+json\" class=\"yoast-schema-graph\">{\"@context\":\"https:\/\/schema.org\",\"@graph\":[{\"@type\":\"WebPage\",\"@id\":\"https:\/\/portalmf.com.br\/index.php\/2024\/01\/18\/thiago-aquino-confirma-apresentacoes-no-carnaval-de-salvador-2024\/\",\"url\":\"https:\/\/portalmf.com.br\/index.php\/2024\/01\/18\/thiago-aquino-confirma-apresentacoes-no-carnaval-de-salvador-2024\/\",\"name\":\"Thiago Aquino confirma apresenta\u00e7\u00f5es no Carnaval de Salvador 2024 - Portal MF\",\"isPartOf\":{\"@id\":\"https:\/\/portalmf.com.br\/#website\"},\"primaryImageOfPage\":{\"@id\":\"https:\/\/portalmf.com.br\/index.php\/2024\/01\/18\/thiago-aquino-confirma-apresentacoes-no-carnaval-de-salvador-2024\/#primaryimage\"},\"image\":{\"@id\":\"https:\/\/portalmf.com.br\/index.php\/2024\/01\/18\/thiago-aquino-confirma-apresentacoes-no-carnaval-de-salvador-2024\/#primaryimage\"},\"thumbnailUrl\":\"https:\/\/portalmf.com.br\/wp-content\/uploads\/2024\/01\/thiago_aquino_carnaval2023_arquivoMF.jpg\",\"datePublished\":\"2024-01-18T21:10:41+00:00\",\"dateModified\":\"2024-01-18T21:12:06+00:00\",\"author\":{\"@id\":\"https:\/\/portalmf.com.br\/#\/schema\/person\/9ec101baf56233e53520c26de5d6f6f0\"},\"breadcrumb\":{\"@id\":\"https:\/\/portalmf.com.br\/index.php\/2024\/01\/18\/thiago-aquino-confirma-apresentacoes-no-carnaval-de-salvador-2024\/#breadcrumb\"},\"inLanguage\":\"pt-BR\",\"potentialAction\":[{\"@type\":\"ReadAction\",\"target\":[\"https:\/\/portalmf.com.br\/index.php\/2024\/01\/18\/thiago-aquino-confirma-apresentacoes-no-carnaval-de-salvador-2024\/\"]}]},{\"@type\":\"ImageObject\",\"inLanguage\":\"pt-BR\",\"@id\":\"https:\/\/portalmf.com.br\/index.php\/2024\/01\/18\/thiago-aquino-confirma-apresentacoes-no-carnaval-de-salvador-2024\/#primaryimage\",\"url\":\"https:\/\/portalmf.com.br\/wp-content\/uploads\/2024\/01\/thiago_aquino_carnaval2023_arquivoMF.jpg\",\"contentUrl\":\"https:\/\/portalmf.com.br\/wp-content\/uploads\/2024\/01\/thiago_aquino_carnaval2023_arquivoMF.jpg\",\"width\":2072,\"height\":1420},{\"@type\":\"BreadcrumbList\",\"@id\":\"https:\/\/portalmf.com.br\/index.php\/2024\/01\/18\/thiago-aquino-confirma-apresentacoes-no-carnaval-de-salvador-2024\/#breadcrumb\",\"itemListElement\":[{\"@type\":\"ListItem\",\"position\":1,\"name\":\"In\u00edcio\",\"item\":\"https:\/\/portalmf.com.br\/\"},{\"@type\":\"ListItem\",\"position\":2,\"name\":\"Thiago Aquino confirma apresenta\u00e7\u00f5es no Carnaval de Salvador 2024\"}]},{\"@type\":\"WebSite\",\"@id\":\"https:\/\/portalmf.com.br\/#website\",\"url\":\"https:\/\/portalmf.com.br\/\",\"name\":\"Portal MF\",\"description\":\"Voc\u00ea conectado com a informa\u00e7\u00e3o\",\"potentialAction\":[{\"@type\":\"SearchAction\",\"target\":{\"@type\":\"EntryPoint\",\"urlTemplate\":\"https:\/\/portalmf.com.br\/?s={search_term_string}\"},\"query-input\":\"required name=search_term_string\"}],\"inLanguage\":\"pt-BR\"},{\"@type\":\"Person\",\"@id\":\"https:\/\/portalmf.com.br\/#\/schema\/person\/9ec101baf56233e53520c26de5d6f6f0\",\"name\":\"Reda\u00e7\u00e3o Portal MF\",\"image\":{\"@type\":\"ImageObject\",\"inLanguage\":\"pt-BR\",\"@id\":\"https:\/\/portalmf.com.br\/#\/schema\/person\/image\/\",\"url\":\"https:\/\/secure.gravatar.com\/avatar\/41b9aaeb2100835f7c64362330f74c7f?s=96&d=mm&r=g\",\"contentUrl\":\"https:\/\/secure.gravatar.com\/avatar\/41b9aaeb2100835f7c64362330f74c7f?s=96&d=mm&r=g\",\"caption\":\"Reda\u00e7\u00e3o Portal MF\"},\"description\":\"Sejam bem-vindos o portal de informa\u00e7\u00f5es de entretenimento de Feira de Santana, desde 2006 realiza coberturas dos principais eventos com entrevistas exclusivas com as principais personalidades mundiais. Fique conectado tamb\u00e9m nas redes sociais.\",\"sameAs\":[\"http:\/\/www.portalmf.com.br\/\",\"https:\/\/www.facebook.com\/portalmfoficial\",\"https:\/\/www.instagram.com\/portalmf\/\",\"https:\/\/x.com\/https:\/\/x.com\/portalmfoficial\",\"https:\/\/www.youtube.com\/@portalmfoficial\"],\"url\":\"https:\/\/portalmf.com.br\/index.php\/author\/junior\/\"}]}<\/script>\n<!-- \/ Yoast SEO plugin. -->","yoast_head_json":{"title":"Thiago Aquino confirma apresenta\u00e7\u00f5es no Carnaval de Salvador 2024 - Portal MF","robots":{"index":"index","follow":"follow","max-snippet":"max-snippet:-1","max-image-preview":"max-image-preview:large","max-video-preview":"max-video-preview:-1"},"canonical":"https:\/\/portalmf.com.br\/index.php\/2024\/01\/18\/thiago-aquino-confirma-apresentacoes-no-carnaval-de-salvador-2024\/","og_locale":"pt_BR","og_type":"article","og_title":"Thiago Aquino confirma apresenta\u00e7\u00f5es no Carnaval de Salvador 2024 - Portal MF","og_description":"O cantor Thiago Aquino, dono do &#8220;repert\u00f3rio mais gostoso do Brasil&#8221;, puxar\u00e1 trios todos os dias no Carnaval de Salvador, com exce\u00e7\u00e3o da abertura (08), se dividindo entre os circuitos Barra\/Ondina e Campo Grande, em aproximadamente 25 horas de show, al\u00e9m de se apresentar em um camarote. Este ser\u00e1 o 2\u00ba ano do artista na [&hellip;]","og_url":"https:\/\/portalmf.com.br\/index.php\/2024\/01\/18\/thiago-aquino-confirma-apresentacoes-no-carnaval-de-salvador-2024\/","og_site_name":"Portal MF","article_author":"https:\/\/www.facebook.com\/portalmfoficial","article_published_time":"2024-01-18T21:10:41+00:00","article_modified_time":"2024-01-18T21:12:06+00:00","og_image":[{"width":2072,"height":1420,"url":"https:\/\/portalmf.com.br\/wp-content\/uploads\/2024\/01\/thiago_aquino_carnaval2023_arquivoMF.jpg","type":"image\/jpeg"}],"author":"Reda\u00e7\u00e3o Portal MF","twitter_card":"summary_large_image","twitter_creator":"@https:\/\/x.com\/portalmfoficial","twitter_misc":{"Escrito por":"Reda\u00e7\u00e3o Portal MF","Est. tempo de leitura":"2 minutos"},"schema":{"@context":"https:\/\/schema.org","@graph":[{"@type":"WebPage","@id":"https:\/\/portalmf.com.br\/index.php\/2024\/01\/18\/thiago-aquino-confirma-apresentacoes-no-carnaval-de-salvador-2024\/","url":"https:\/\/portalmf.com.br\/index.php\/2024\/01\/18\/thiago-aquino-confirma-apresentacoes-no-carnaval-de-salvador-2024\/","name":"Thiago Aquino confirma apresenta\u00e7\u00f5es no Carnaval de Salvador 2024 - Portal MF","isPartOf":{"@id":"https:\/\/portalmf.com.br\/#website"},"primaryImageOfPage":{"@id":"https:\/\/portalmf.com.br\/index.php\/2024\/01\/18\/thiago-aquino-confirma-apresentacoes-no-carnaval-de-salvador-2024\/#primaryimage"},"image":{"@id":"https:\/\/portalmf.com.br\/index.php\/2024\/01\/18\/thiago-aquino-confirma-apresentacoes-no-carnaval-de-salvador-2024\/#primaryimage"},"thumbnailUrl":"https:\/\/portalmf.com.br\/wp-content\/uploads\/2024\/01\/thiago_aquino_carnaval2023_arquivoMF.jpg","datePublished":"2024-01-18T21:10:41+00:00","dateModified":"2024-01-18T21:12:06+00:00","author":{"@id":"https:\/\/portalmf.com.br\/#\/schema\/person\/9ec101baf56233e53520c26de5d6f6f0"},"breadcrumb":{"@id":"https:\/\/portalmf.com.br\/index.php\/2024\/01\/18\/thiago-aquino-confirma-apresentacoes-no-carnaval-de-salvador-2024\/#breadcrumb"},"inLanguage":"pt-BR","potentialAction":[{"@type":"ReadAction","target":["https:\/\/portalmf.com.br\/index.php\/2024\/01\/18\/thiago-aquino-confirma-apresentacoes-no-carnaval-de-salvador-2024\/"]}]},{"@type":"ImageObject","inLanguage":"pt-BR","@id":"https:\/\/portalmf.com.br\/index.php\/2024\/01\/18\/thiago-aquino-confirma-apresentacoes-no-carnaval-de-salvador-2024\/#primaryimage","url":"https:\/\/portalmf.com.br\/wp-content\/uploads\/2024\/01\/thiago_aquino_carnaval2023_arquivoMF.jpg","contentUrl":"https:\/\/portalmf.com.br\/wp-content\/uploads\/2024\/01\/thiago_aquino_carnaval2023_arquivoMF.jpg","width":2072,"height":1420},{"@type":"BreadcrumbList","@id":"https:\/\/portalmf.com.br\/index.php\/2024\/01\/18\/thiago-aquino-confirma-apresentacoes-no-carnaval-de-salvador-2024\/#breadcrumb","itemListElement":[{"@type":"ListItem","position":1,"name":"In\u00edcio","item":"https:\/\/portalmf.com.br\/"},{"@type":"ListItem","position":2,"name":"Thiago Aquino confirma apresenta\u00e7\u00f5es no Carnaval de Salvador 2024"}]},{"@type":"WebSite","@id":"https:\/\/portalmf.com.br\/#website","url":"https:\/\/portalmf.com.br\/","name":"Portal MF","description":"Voc\u00ea conectado com a informa\u00e7\u00e3o","potentialAction":[{"@type":"SearchAction","target":{"@type":"EntryPoint","urlTemplate":"https:\/\/portalmf.com.br\/?s={search_term_string}"},"query-input":"required name=search_term_string"}],"inLanguage":"pt-BR"},{"@type":"Person","@id":"https:\/\/portalmf.com.br\/#\/schema\/person\/9ec101baf56233e53520c26de5d6f6f0","name":"Reda\u00e7\u00e3o Portal MF","image":{"@type":"ImageObject","inLanguage":"pt-BR","@id":"https:\/\/portalmf.com.br\/#\/schema\/person\/image\/","url":"https:\/\/secure.gravatar.com\/avatar\/41b9aaeb2100835f7c64362330f74c7f?s=96&d=mm&r=g","contentUrl":"https:\/\/secure.gravatar.com\/avatar\/41b9aaeb2100835f7c64362330f74c7f?s=96&d=mm&r=g","caption":"Reda\u00e7\u00e3o Portal MF"},"description":"Sejam bem-vindos o portal de informa\u00e7\u00f5es de entretenimento de Feira de Santana, desde 2006 realiza coberturas dos principais eventos com entrevistas exclusivas com as principais personalidades mundiais. Fique conectado tamb\u00e9m nas redes sociais.","sameAs":["http:\/\/www.portalmf.com.br\/","https:\/\/www.facebook.com\/portalmfoficial","https:\/\/www.instagram.com\/portalmf\/","https:\/\/x.com\/https:\/\/x.com\/portalmfoficial","https:\/\/www.youtube.com\/@portalmfoficial"],"url":"https:\/\/portalmf.com.br\/index.php\/author\/junior\/"}]}},"_links":{"self":[{"href":"https:\/\/portalmf.com.br\/index.php\/wp-json\/wp\/v2\/posts\/22160"}],"collection":[{"href":"https:\/\/portalmf.com.br\/index.php\/wp-json\/wp\/v2\/posts"}],"about":[{"href":"https:\/\/portalmf.com.br\/index.php\/wp-json\/wp\/v2\/types\/post"}],"author":[{"embeddable":true,"href":"https:\/\/portalmf.com.br\/index.php\/wp-json\/wp\/v2\/users\/3"}],"replies":[{"embeddable":true,"href":"https:\/\/portalmf.com.br\/index.php\/wp-json\/wp\/v2\/comments?post=22160"}],"version-history":[{"count":2,"href":"https:\/\/portalmf.com.br\/index.php\/wp-json\/wp\/v2\/posts\/22160\/revisions"}],"predecessor-version":[{"id":22163,"href":"https:\/\/portalmf.com.br\/index.php\/wp-json\/wp\/v2\/posts\/22160\/revisions\/22163"}],"wp:featuredmedia":[{"embeddable":true,"href":"https:\/\/portalmf.com.br\/index.php\/wp-json\/wp\/v2\/media\/22161"}],"wp:attachment":[{"href":"https:\/\/portalmf.com.br\/index.php\/wp-json\/wp\/v2\/media?parent=22160"}],"wp:term":[{"taxonomy":"category","embeddable":true,"href":"https:\/\/portalmf.com.br\/index.php\/wp-json\/wp\/v2\/categories?post=22160"},{"taxonomy":"post_tag","embeddable":true,"href":"https:\/\/portalmf.com.br\/index.php\/wp-json\/wp\/v2\/tags?post=22160"}],"curies":[{"name":"wp","href":"https:\/\/api.w.org\/{rel}","templated":true}]}}