{"id":22134,"date":"2024-01-17T17:15:09","date_gmt":"2024-01-17T20:15:09","guid":{"rendered":"https:\/\/portalmf.com.br\/?p=22134"},"modified":"2024-01-17T17:15:09","modified_gmt":"2024-01-17T20:15:09","slug":"moradores-da-rua-joao-mendes-em-humildes-vivem-expectativa-de-conclusao-da-pavimentacao","status":"publish","type":"post","link":"https:\/\/portalmf.com.br\/index.php\/2024\/01\/17\/moradores-da-rua-joao-mendes-em-humildes-vivem-expectativa-de-conclusao-da-pavimentacao\/","title":{"rendered":"Moradores da rua Jo\u00e3o Mendes, em Humildes, vivem expectativa de conclus\u00e3o da pavimenta\u00e7\u00e3o"},"content":{"rendered":"\n<p>Os moradores da Rua Jo\u00e3o Mendes, no distrito de Humildes, em Feira de Santana, vivem a expectativa de contar em breve com uma via totalmente pavimentada. A Superintend\u00eancia de Opera\u00e7\u00f5es e Manuten\u00e7\u00e3o (SOMA) est\u00e1 trabalhando para concluir a instala\u00e7\u00e3o de paralelep\u00edpedos em toda a extens\u00e3o da rua, que antes era de terra batida.<\/p>\n\n\n\n<p>A obra, que est\u00e1 em fase final, deve ser conclu\u00edda em breve. Segundo os moradores, a nova pavimenta\u00e7\u00e3o vai melhorar a mobilidade e a seguran\u00e7a da rua.<\/p>\n\n\n\n<p>&#8220;A rua era muito dif\u00edcil de andar, principalmente em dias de chuva&#8221;, disse Ana Maria Nere Moreira, moradora da rua h\u00e1 mais de 20 anos. &#8220;Agora, com os paralelep\u00edpedos, vai ficar muito melhor&#8221;.<\/p>\n\n\n\n<p>O paralelep\u00edpedo \u00e9 considerado mais ecol\u00f3gico do que o asfalto, pois permite a infiltra\u00e7\u00e3o da \u00e1gua da chuva, possibilitando a recarga do len\u00e7ol fre\u00e1tico e a redu\u00e7\u00e3o da vaz\u00e3o escoada na superf\u00edcie do terreno.<\/p>\n\n\n\n<p>Com informa\u00e7\u00f5es da Secom<\/p>\n","protected":false},"excerpt":{"rendered":"<p>Os moradores da Rua Jo\u00e3o Mendes, no distrito de Humildes, em Feira de Santana, vivem a expectativa de contar em breve com uma via totalmente pavimentada. A Superintend\u00eancia de Opera\u00e7\u00f5es e Manuten\u00e7\u00e3o (SOMA) est\u00e1 trabalhando para concluir a instala\u00e7\u00e3o de paralelep\u00edpedos em toda a extens\u00e3o da rua, que antes era de terra batida. A obra, [&hellip;]<\/p>\n","protected":false},"author":3,"featured_media":22135,"comment_status":"open","ping_status":"open","sticky":false,"template":"","format":"standard","meta":{"_monsterinsights_skip_tracking":false,"_monsterinsights_sitenote_active":false,"_monsterinsights_sitenote_note":"","_monsterinsights_sitenote_category":0,"footnotes":""},"categories":[34],"tags":[],"yoast_head":"<!-- This site is optimized with the Yoast SEO plugin v22.9 - https:\/\/yoast.com\/wordpress\/plugins\/seo\/ -->\n<title>Moradores da rua Jo\u00e3o Mendes, em Humildes, vivem expectativa de conclus\u00e3o da pavimenta\u00e7\u00e3o - Portal MF<\/title>\n<meta name=\"robots\" content=\"index, follow, max-snippet:-1, max-image-preview:large, max-video-preview:-1\" \/>\n<link rel=\"canonical\" href=\"https:\/\/portalmf.com.br\/index.php\/2024\/01\/17\/moradores-da-rua-joao-mendes-em-humildes-vivem-expectativa-de-conclusao-da-pavimentacao\/\" \/>\n<meta property=\"og:locale\" content=\"pt_BR\" \/>\n<meta property=\"og:type\" content=\"article\" \/>\n<meta property=\"og:title\" content=\"Moradores da rua Jo\u00e3o Mendes, em Humildes, vivem expectativa de conclus\u00e3o da pavimenta\u00e7\u00e3o - Portal MF\" \/>\n<meta property=\"og:description\" content=\"Os moradores da Rua Jo\u00e3o Mendes, no distrito de Humildes, em Feira de Santana, vivem a expectativa de contar em breve com uma via totalmente pavimentada. A Superintend\u00eancia de Opera\u00e7\u00f5es e Manuten\u00e7\u00e3o (SOMA) est\u00e1 trabalhando para concluir a instala\u00e7\u00e3o de paralelep\u00edpedos em toda a extens\u00e3o da rua, que antes era de terra batida. A obra, [&hellip;]\" \/>\n<meta property=\"og:url\" content=\"https:\/\/portalmf.com.br\/index.php\/2024\/01\/17\/moradores-da-rua-joao-mendes-em-humildes-vivem-expectativa-de-conclusao-da-pavimentacao\/\" \/>\n<meta property=\"og:site_name\" content=\"Portal MF\" \/>\n<meta property=\"article:author\" content=\"https:\/\/www.facebook.com\/portalmfoficial\" \/>\n<meta property=\"article:published_time\" content=\"2024-01-17T20:15:09+00:00\" \/>\n<meta property=\"og:image\" content=\"https:\/\/portalmf.com.br\/wp-content\/uploads\/2024\/01\/calcamento-da-rua-joao-mendes-no-distrito-de-humildes-Izinaldo-Barreto-15-01-2024-1.jpeg\" \/>\n\t<meta property=\"og:image:width\" content=\"1169\" \/>\n\t<meta property=\"og:image:height\" content=\"780\" \/>\n\t<meta property=\"og:image:type\" content=\"image\/jpeg\" \/>\n<meta name=\"author\" content=\"Reda\u00e7\u00e3o Portal MF\" \/>\n<meta name=\"twitter:card\" content=\"summary_large_image\" \/>\n<meta name=\"twitter:creator\" content=\"@https:\/\/x.com\/portalmfoficial\" \/>\n<meta name=\"twitter:label1\" content=\"Escrito por\" \/>\n\t<meta name=\"twitter:data1\" content=\"Reda\u00e7\u00e3o Portal MF\" \/>\n\t<meta name=\"twitter:label2\" content=\"Est. tempo de leitura\" \/>\n\t<meta name=\"twitter:data2\" content=\"2 minutos\" \/>\n<script type=\"application\/ld+json\" class=\"yoast-schema-graph\">{\"@context\":\"https:\/\/schema.org\",\"@graph\":[{\"@type\":\"WebPage\",\"@id\":\"https:\/\/portalmf.com.br\/index.php\/2024\/01\/17\/moradores-da-rua-joao-mendes-em-humildes-vivem-expectativa-de-conclusao-da-pavimentacao\/\",\"url\":\"https:\/\/portalmf.com.br\/index.php\/2024\/01\/17\/moradores-da-rua-joao-mendes-em-humildes-vivem-expectativa-de-conclusao-da-pavimentacao\/\",\"name\":\"Moradores da rua Jo\u00e3o Mendes, em Humildes, vivem expectativa de conclus\u00e3o da pavimenta\u00e7\u00e3o - Portal MF\",\"isPartOf\":{\"@id\":\"https:\/\/portalmf.com.br\/#website\"},\"primaryImageOfPage\":{\"@id\":\"https:\/\/portalmf.com.br\/index.php\/2024\/01\/17\/moradores-da-rua-joao-mendes-em-humildes-vivem-expectativa-de-conclusao-da-pavimentacao\/#primaryimage\"},\"image\":{\"@id\":\"https:\/\/portalmf.com.br\/index.php\/2024\/01\/17\/moradores-da-rua-joao-mendes-em-humildes-vivem-expectativa-de-conclusao-da-pavimentacao\/#primaryimage\"},\"thumbnailUrl\":\"https:\/\/portalmf.com.br\/wp-content\/uploads\/2024\/01\/calcamento-da-rua-joao-mendes-no-distrito-de-humildes-Izinaldo-Barreto-15-01-2024-1.jpeg\",\"datePublished\":\"2024-01-17T20:15:09+00:00\",\"dateModified\":\"2024-01-17T20:15:09+00:00\",\"author\":{\"@id\":\"https:\/\/portalmf.com.br\/#\/schema\/person\/9ec101baf56233e53520c26de5d6f6f0\"},\"breadcrumb\":{\"@id\":\"https:\/\/portalmf.com.br\/index.php\/2024\/01\/17\/moradores-da-rua-joao-mendes-em-humildes-vivem-expectativa-de-conclusao-da-pavimentacao\/#breadcrumb\"},\"inLanguage\":\"pt-BR\",\"potentialAction\":[{\"@type\":\"ReadAction\",\"target\":[\"https:\/\/portalmf.com.br\/index.php\/2024\/01\/17\/moradores-da-rua-joao-mendes-em-humildes-vivem-expectativa-de-conclusao-da-pavimentacao\/\"]}]},{\"@type\":\"ImageObject\",\"inLanguage\":\"pt-BR\",\"@id\":\"https:\/\/portalmf.com.br\/index.php\/2024\/01\/17\/moradores-da-rua-joao-mendes-em-humildes-vivem-expectativa-de-conclusao-da-pavimentacao\/#primaryimage\",\"url\":\"https:\/\/portalmf.com.br\/wp-content\/uploads\/2024\/01\/calcamento-da-rua-joao-mendes-no-distrito-de-humildes-Izinaldo-Barreto-15-01-2024-1.jpeg\",\"contentUrl\":\"https:\/\/portalmf.com.br\/wp-content\/uploads\/2024\/01\/calcamento-da-rua-joao-mendes-no-distrito-de-humildes-Izinaldo-Barreto-15-01-2024-1.jpeg\",\"width\":1169,\"height\":780},{\"@type\":\"BreadcrumbList\",\"@id\":\"https:\/\/portalmf.com.br\/index.php\/2024\/01\/17\/moradores-da-rua-joao-mendes-em-humildes-vivem-expectativa-de-conclusao-da-pavimentacao\/#breadcrumb\",\"itemListElement\":[{\"@type\":\"ListItem\",\"position\":1,\"name\":\"In\u00edcio\",\"item\":\"https:\/\/portalmf.com.br\/\"},{\"@type\":\"ListItem\",\"position\":2,\"name\":\"Moradores da rua Jo\u00e3o Mendes, em Humildes, vivem expectativa de conclus\u00e3o da pavimenta\u00e7\u00e3o\"}]},{\"@type\":\"WebSite\",\"@id\":\"https:\/\/portalmf.com.br\/#website\",\"url\":\"https:\/\/portalmf.com.br\/\",\"name\":\"Portal MF\",\"description\":\"Voc\u00ea conectado com a informa\u00e7\u00e3o\",\"potentialAction\":[{\"@type\":\"SearchAction\",\"target\":{\"@type\":\"EntryPoint\",\"urlTemplate\":\"https:\/\/portalmf.com.br\/?s={search_term_string}\"},\"query-input\":\"required name=search_term_string\"}],\"inLanguage\":\"pt-BR\"},{\"@type\":\"Person\",\"@id\":\"https:\/\/portalmf.com.br\/#\/schema\/person\/9ec101baf56233e53520c26de5d6f6f0\",\"name\":\"Reda\u00e7\u00e3o Portal MF\",\"image\":{\"@type\":\"ImageObject\",\"inLanguage\":\"pt-BR\",\"@id\":\"https:\/\/portalmf.com.br\/#\/schema\/person\/image\/\",\"url\":\"https:\/\/secure.gravatar.com\/avatar\/41b9aaeb2100835f7c64362330f74c7f?s=96&d=mm&r=g\",\"contentUrl\":\"https:\/\/secure.gravatar.com\/avatar\/41b9aaeb2100835f7c64362330f74c7f?s=96&d=mm&r=g\",\"caption\":\"Reda\u00e7\u00e3o Portal MF\"},\"description\":\"Sejam bem-vindos o portal de informa\u00e7\u00f5es de entretenimento de Feira de Santana, desde 2006 realiza coberturas dos principais eventos com entrevistas exclusivas com as principais personalidades mundiais. Fique conectado tamb\u00e9m nas redes sociais.\",\"sameAs\":[\"http:\/\/www.portalmf.com.br\/\",\"https:\/\/www.facebook.com\/portalmfoficial\",\"https:\/\/www.instagram.com\/portalmf\/\",\"https:\/\/x.com\/https:\/\/x.com\/portalmfoficial\",\"https:\/\/www.youtube.com\/@portalmfoficial\"],\"url\":\"https:\/\/portalmf.com.br\/index.php\/author\/junior\/\"}]}<\/script>\n<!-- \/ Yoast SEO plugin. -->","yoast_head_json":{"title":"Moradores da rua Jo\u00e3o Mendes, em Humildes, vivem expectativa de conclus\u00e3o da pavimenta\u00e7\u00e3o - Portal MF","robots":{"index":"index","follow":"follow","max-snippet":"max-snippet:-1","max-image-preview":"max-image-preview:large","max-video-preview":"max-video-preview:-1"},"canonical":"https:\/\/portalmf.com.br\/index.php\/2024\/01\/17\/moradores-da-rua-joao-mendes-em-humildes-vivem-expectativa-de-conclusao-da-pavimentacao\/","og_locale":"pt_BR","og_type":"article","og_title":"Moradores da rua Jo\u00e3o Mendes, em Humildes, vivem expectativa de conclus\u00e3o da pavimenta\u00e7\u00e3o - Portal MF","og_description":"Os moradores da Rua Jo\u00e3o Mendes, no distrito de Humildes, em Feira de Santana, vivem a expectativa de contar em breve com uma via totalmente pavimentada. A Superintend\u00eancia de Opera\u00e7\u00f5es e Manuten\u00e7\u00e3o (SOMA) est\u00e1 trabalhando para concluir a instala\u00e7\u00e3o de paralelep\u00edpedos em toda a extens\u00e3o da rua, que antes era de terra batida. A obra, [&hellip;]","og_url":"https:\/\/portalmf.com.br\/index.php\/2024\/01\/17\/moradores-da-rua-joao-mendes-em-humildes-vivem-expectativa-de-conclusao-da-pavimentacao\/","og_site_name":"Portal MF","article_author":"https:\/\/www.facebook.com\/portalmfoficial","article_published_time":"2024-01-17T20:15:09+00:00","og_image":[{"width":1169,"height":780,"url":"https:\/\/portalmf.com.br\/wp-content\/uploads\/2024\/01\/calcamento-da-rua-joao-mendes-no-distrito-de-humildes-Izinaldo-Barreto-15-01-2024-1.jpeg","type":"image\/jpeg"}],"author":"Reda\u00e7\u00e3o Portal MF","twitter_card":"summary_large_image","twitter_creator":"@https:\/\/x.com\/portalmfoficial","twitter_misc":{"Escrito por":"Reda\u00e7\u00e3o Portal MF","Est. tempo de leitura":"2 minutos"},"schema":{"@context":"https:\/\/schema.org","@graph":[{"@type":"WebPage","@id":"https:\/\/portalmf.com.br\/index.php\/2024\/01\/17\/moradores-da-rua-joao-mendes-em-humildes-vivem-expectativa-de-conclusao-da-pavimentacao\/","url":"https:\/\/portalmf.com.br\/index.php\/2024\/01\/17\/moradores-da-rua-joao-mendes-em-humildes-vivem-expectativa-de-conclusao-da-pavimentacao\/","name":"Moradores da rua Jo\u00e3o Mendes, em Humildes, vivem expectativa de conclus\u00e3o da pavimenta\u00e7\u00e3o - Portal MF","isPartOf":{"@id":"https:\/\/portalmf.com.br\/#website"},"primaryImageOfPage":{"@id":"https:\/\/portalmf.com.br\/index.php\/2024\/01\/17\/moradores-da-rua-joao-mendes-em-humildes-vivem-expectativa-de-conclusao-da-pavimentacao\/#primaryimage"},"image":{"@id":"https:\/\/portalmf.com.br\/index.php\/2024\/01\/17\/moradores-da-rua-joao-mendes-em-humildes-vivem-expectativa-de-conclusao-da-pavimentacao\/#primaryimage"},"thumbnailUrl":"https:\/\/portalmf.com.br\/wp-content\/uploads\/2024\/01\/calcamento-da-rua-joao-mendes-no-distrito-de-humildes-Izinaldo-Barreto-15-01-2024-1.jpeg","datePublished":"2024-01-17T20:15:09+00:00","dateModified":"2024-01-17T20:15:09+00:00","author":{"@id":"https:\/\/portalmf.com.br\/#\/schema\/person\/9ec101baf56233e53520c26de5d6f6f0"},"breadcrumb":{"@id":"https:\/\/portalmf.com.br\/index.php\/2024\/01\/17\/moradores-da-rua-joao-mendes-em-humildes-vivem-expectativa-de-conclusao-da-pavimentacao\/#breadcrumb"},"inLanguage":"pt-BR","potentialAction":[{"@type":"ReadAction","target":["https:\/\/portalmf.com.br\/index.php\/2024\/01\/17\/moradores-da-rua-joao-mendes-em-humildes-vivem-expectativa-de-conclusao-da-pavimentacao\/"]}]},{"@type":"ImageObject","inLanguage":"pt-BR","@id":"https:\/\/portalmf.com.br\/index.php\/2024\/01\/17\/moradores-da-rua-joao-mendes-em-humildes-vivem-expectativa-de-conclusao-da-pavimentacao\/#primaryimage","url":"https:\/\/portalmf.com.br\/wp-content\/uploads\/2024\/01\/calcamento-da-rua-joao-mendes-no-distrito-de-humildes-Izinaldo-Barreto-15-01-2024-1.jpeg","contentUrl":"https:\/\/portalmf.com.br\/wp-content\/uploads\/2024\/01\/calcamento-da-rua-joao-mendes-no-distrito-de-humildes-Izinaldo-Barreto-15-01-2024-1.jpeg","width":1169,"height":780},{"@type":"BreadcrumbList","@id":"https:\/\/portalmf.com.br\/index.php\/2024\/01\/17\/moradores-da-rua-joao-mendes-em-humildes-vivem-expectativa-de-conclusao-da-pavimentacao\/#breadcrumb","itemListElement":[{"@type":"ListItem","position":1,"name":"In\u00edcio","item":"https:\/\/portalmf.com.br\/"},{"@type":"ListItem","position":2,"name":"Moradores da rua Jo\u00e3o Mendes, em Humildes, vivem expectativa de conclus\u00e3o da pavimenta\u00e7\u00e3o"}]},{"@type":"WebSite","@id":"https:\/\/portalmf.com.br\/#website","url":"https:\/\/portalmf.com.br\/","name":"Portal MF","description":"Voc\u00ea conectado com a informa\u00e7\u00e3o","potentialAction":[{"@type":"SearchAction","target":{"@type":"EntryPoint","urlTemplate":"https:\/\/portalmf.com.br\/?s={search_term_string}"},"query-input":"required name=search_term_string"}],"inLanguage":"pt-BR"},{"@type":"Person","@id":"https:\/\/portalmf.com.br\/#\/schema\/person\/9ec101baf56233e53520c26de5d6f6f0","name":"Reda\u00e7\u00e3o Portal MF","image":{"@type":"ImageObject","inLanguage":"pt-BR","@id":"https:\/\/portalmf.com.br\/#\/schema\/person\/image\/","url":"https:\/\/secure.gravatar.com\/avatar\/41b9aaeb2100835f7c64362330f74c7f?s=96&d=mm&r=g","contentUrl":"https:\/\/secure.gravatar.com\/avatar\/41b9aaeb2100835f7c64362330f74c7f?s=96&d=mm&r=g","caption":"Reda\u00e7\u00e3o Portal MF"},"description":"Sejam bem-vindos o portal de informa\u00e7\u00f5es de entretenimento de Feira de Santana, desde 2006 realiza coberturas dos principais eventos com entrevistas exclusivas com as principais personalidades mundiais. Fique conectado tamb\u00e9m nas redes sociais.","sameAs":["http:\/\/www.portalmf.com.br\/","https:\/\/www.facebook.com\/portalmfoficial","https:\/\/www.instagram.com\/portalmf\/","https:\/\/x.com\/https:\/\/x.com\/portalmfoficial","https:\/\/www.youtube.com\/@portalmfoficial"],"url":"https:\/\/portalmf.com.br\/index.php\/author\/junior\/"}]}},"_links":{"self":[{"href":"https:\/\/portalmf.com.br\/index.php\/wp-json\/wp\/v2\/posts\/22134"}],"collection":[{"href":"https:\/\/portalmf.com.br\/index.php\/wp-json\/wp\/v2\/posts"}],"about":[{"href":"https:\/\/portalmf.com.br\/index.php\/wp-json\/wp\/v2\/types\/post"}],"author":[{"embeddable":true,"href":"https:\/\/portalmf.com.br\/index.php\/wp-json\/wp\/v2\/users\/3"}],"replies":[{"embeddable":true,"href":"https:\/\/portalmf.com.br\/index.php\/wp-json\/wp\/v2\/comments?post=22134"}],"version-history":[{"count":1,"href":"https:\/\/portalmf.com.br\/index.php\/wp-json\/wp\/v2\/posts\/22134\/revisions"}],"predecessor-version":[{"id":22136,"href":"https:\/\/portalmf.com.br\/index.php\/wp-json\/wp\/v2\/posts\/22134\/revisions\/22136"}],"wp:featuredmedia":[{"embeddable":true,"href":"https:\/\/portalmf.com.br\/index.php\/wp-json\/wp\/v2\/media\/22135"}],"wp:attachment":[{"href":"https:\/\/portalmf.com.br\/index.php\/wp-json\/wp\/v2\/media?parent=22134"}],"wp:term":[{"taxonomy":"category","embeddable":true,"href":"https:\/\/portalmf.com.br\/index.php\/wp-json\/wp\/v2\/categories?post=22134"},{"taxonomy":"post_tag","embeddable":true,"href":"https:\/\/portalmf.com.br\/index.php\/wp-json\/wp\/v2\/tags?post=22134"}],"curies":[{"name":"wp","href":"https:\/\/api.w.org\/{rel}","templated":true}]}}