{"id":22125,"date":"2024-01-17T17:06:36","date_gmt":"2024-01-17T20:06:36","guid":{"rendered":"https:\/\/portalmf.com.br\/?p=22125"},"modified":"2024-01-17T17:07:12","modified_gmt":"2024-01-17T20:07:12","slug":"sesab-e-sms-iniciam-acao-de-reforco-de-vacinacao-contra-covid-19-2","status":"publish","type":"post","link":"https:\/\/portalmf.com.br\/index.php\/2024\/01\/17\/sesab-e-sms-iniciam-acao-de-reforco-de-vacinacao-contra-covid-19-2\/","title":{"rendered":"Sesab e SMS iniciam a\u00e7\u00e3o de refor\u00e7o de vacina\u00e7\u00e3o contra Covid-19"},"content":{"rendered":"\n<p>A Secretaria da Sa\u00fade do Estado (Sesab) iniciou nesta quarta-feira (17) uma campanha para intensificar a vacina\u00e7\u00e3o contra a Covid-19 em Salvador. A a\u00e7\u00e3o, em parceria com Secretaria Municipal da Sa\u00fade (SMS) de Salvador, foi iniciada no Mercado Modelo, importante ponto tur\u00edstico da capital baiana, com as participa\u00e7\u00f5es das chefes da pasta Estadual, Roberta Santana, e da municipal, Ana Paula Matos.<\/p>\n\n\n\n<p>A iniciativa acontecer\u00e1 de 17 de janeiro a 06 de fevereiro, per\u00edodo que antecede os dias oficiais do carnaval. As equipes de sa\u00fade estar\u00e3o mobilizadas em pontos volantes com o carro do \u201cZ\u00e9 Gotinha\u201d e com pontos fixos de grande circula\u00e7\u00e3o, como pontos tur\u00edsticos da capital baiana.<\/p>\n\n\n\n<p>Para ter acesso \u00e0 dose da vacina bivalente contra a Covid-19, ser\u00e1 necess\u00e1rio apresentar Cart\u00e3o SUS, RG e caderneta de vacina. Este imunizante \u00e9 destinado ao p\u00fablico com 12 anos ou mais. A segunda dose da bivalente estar\u00e1 dispon\u00edvel para os grupos priorit\u00e1rios de idosos com 60 anos ou mais; gestantes; pu\u00e9rperas; e imunossupressos com 12 anos ou mais \u2013 \u00e9 necess\u00e1rio ter um intervalo de 6 meses desde a \u00faltima dose. Os demais p\u00fablicos do grupo priorit\u00e1rio, a exemplo de trabalhadores da sa\u00fade ou pessoas com comorbidades devem respeitar o intervalo de 1 ano.<\/p>\n\n\n\n<p>Atualmente, a Bahia est\u00e1 com a cobertura da vacina bivalente de 14,7%. Ao todo, 1.874.782 doses foram aplicadas, sendo o p\u00fablico-alvo total formado por 12.732.254 de pessoas.<\/p>\n\n\n\n<p>A secret\u00e1ria da Sa\u00fade do Estado, Roberta Santana, destaca que este \u00e9 um trabalho integrado entre as secretarias de sa\u00fade estadual e municipal de Salvador. \u201c\u00c9 um importante chamado. Temos nos pr\u00f3ximos dias uma grande festa de rua e esperamos que n\u00e3o haja nenhum reflexo na rede hospitalar por conta da Covid-19. Queremos ampliar a cobertura vacinal com essa a\u00e7\u00e3o. At\u00e9 mesmo os turistas poder\u00e3o se vacinar\u201d, apontou a chefe da pasta estadual.<\/p>\n\n\n\n<p>A secret\u00e1ria de Sa\u00fade de Salvador, Ana Paula Matos, afirma que ser\u00e1 mais uma oportunidade de se proteger contra o v\u00edrus antes de cair na folia. \u201cEssa a\u00e7\u00e3o assegura os cuidados \u00e0 curto e longo prazo com o est\u00edmulo de se proteger e preservar a vida do pr\u00f3ximo. A imuniza\u00e7\u00e3o resguarda o sistema imunol\u00f3gico para n\u00e3o sofrer os impactos graves em caso de contamina\u00e7\u00e3o, uma vez que o v\u00edrus segue em circula\u00e7\u00e3o. At\u00e9 o carnaval, temos a cidade com in\u00fameras festas e ensaios, ambientes com aglomera\u00e7\u00e3o, e, para evitar poss\u00edveis surtos da doen\u00e7a, estamos levando a vacina para locais acess\u00edveis\u201d.<\/p>\n\n\n\n<p><strong>Programa\u00e7\u00e3o:<\/strong><\/p>\n\n\n\n<p><strong>17 de janeiro<\/strong><\/p>\n\n\n\n<p>Pontos volantes<\/p>\n\n\n\n<p>Pra\u00e7a da Igreja do Bonfim (08h \u00e0s 12h)<\/p>\n\n\n\n<p>Ribeira (14h \u00e0s 16h)<\/p>\n\n\n\n<p>Farol da Barra (08h \u00e0s 12h)<\/p>\n\n\n\n<p>Porto da Barra (13h \u00e0s 16h)<\/p>\n\n\n\n<p>Sereia de Itapu\u00e3\/ Stella Maris\/ Praia do Flamengo\/ Aeroporto (09h \u00e0s 16h)<\/p>\n\n\n\n<p>Santo Ant\u00f4nio Al\u00e9m do Carmo\/ Pelourinho (16h \u00e0s 20h)<\/p>\n\n\n\n<p>Pontos fixos<\/p>\n\n\n\n<p>Ferreira Costa (09h \u00e0s 16h)<\/p>\n\n\n\n<p>Gbarbosa do Costa Azul (09h \u00e0s 16h);<\/p>\n\n\n\n<p>Esta\u00e7\u00e3o Rodovi\u00e1ria (09h \u00e0s 16h);<\/p>\n\n\n\n<p>Shopping Bela Vista (09h \u00e0s 16h)<\/p>\n\n\n\n<p><strong>18 de janeiro<\/strong><\/p>\n\n\n\n<p>Pontos volantes<\/p>\n\n\n\n<p>Pra\u00e7a da Igreja do Bonfim (08h \u00e0s 12h)<\/p>\n\n\n\n<p>Clube Espanhol (08h \u00e0s 12h)<\/p>\n\n\n\n<p>Ondina Apart Hotel (13h \u00e0s 16h)<\/p>\n\n\n\n<p>Sereia de Itapu\u00e3\/ Stella Maris\/ Praia do Flamengo\/ Aeroporto (09h \u00e0s 16h)<\/p>\n\n\n\n<p>Pontos fixos<\/p>\n\n\n\n<p>Ferreira Costa (09h \u00e0s 16h)<\/p>\n\n\n\n<p>Esta\u00e7\u00e3o Rodovi\u00e1ria (09h \u00e0s 16h);<\/p>\n\n\n\n<p>Shopping Bela Vista (09h \u00e0s 16h)<\/p>\n\n\n\n<p><strong>19 de janeiro<\/strong><\/p>\n\n\n\n<p>Pontos Volantes<\/p>\n\n\n\n<p>Pra\u00e7a da Igreja do Bonfim (08h \u00e0s 12h)<\/p>\n\n\n\n<p>Ponta do Humait\u00e1 (14h \u00e0s 16h)<\/p>\n\n\n\n<p>Vila Caramuru (Rio Vermelho) \u2013 08h \u00e0s 13h<\/p>\n\n\n\n<p>Farol da Barra (13h \u00e0s 16h)<\/p>\n\n\n\n<p>Sereia de Itapu\u00e3\/ Stella Maris\/ Praia do Flamengo\/ Aeroporto (09h \u00e0s 16h)<\/p>\n\n\n\n<p>Pontos fixos<\/p>\n\n\n\n<p>Gbarbosa do Costa Azul (09h \u00e0s 16h)<\/p>\n\n\n\n<p>Ferreira Costa (09h \u00e0s 16h)<\/p>\n\n\n\n<p>Esta\u00e7\u00e3o Rodovi\u00e1ria (09h \u00e0s 16h);<\/p>\n\n\n\n<p>Shopping Bela Vista (09h \u00e0s 16h)<\/p>\n\n\n\n<p><strong>20 de janeiro<\/strong><\/p>\n\n\n\n<p>Volante<\/p>\n\n\n\n<p>Farol e Porto da Barra (08h \u00e0s 14h)<\/p>\n\n\n\n<p>Terminal N\u00e1utico\/ MAM (08h \u00e0s 14h)<\/p>\n\n\n\n<p>Pra\u00e7a do Bonfim\/Monte Serrat\/ Ponta do Humait\u00e1\/ Ribeira (08h \u00e0s 14h)<\/p>\n\n\n\n<p>Praia do Flamengo\/ Sereia de Itapu\u00e3 (08h \u00e0s 14h)<\/p>\n\n\n\n<p><strong>21 de janeiro<\/strong><\/p>\n\n\n\n<p>Vila Caramuru &#8211; Rio Vermelho (08h \u00e0s 14h)<\/p>\n\n\n\n<p>Santo Ant\u00f4nio Al\u00e9m do Carmo- Pelourinho- Sa\u00fade (08h \u00e0s 14h)<\/p>\n\n\n\n<p>Pra\u00e7a do Bonfim\/ Mont Serrat\/ Ponta do Humait\u00e1\/ Ribeira (08h \u00e0s 14h)<\/p>\n\n\n\n<p>Aeroporto\/ Lagoa do Abaet\u00e9 (08h \u00e0s 14h)<\/p>\n","protected":false},"excerpt":{"rendered":"<p>A Secretaria da Sa\u00fade do Estado (Sesab) iniciou nesta quarta-feira (17) uma campanha para intensificar a vacina\u00e7\u00e3o contra a Covid-19 em Salvador. A a\u00e7\u00e3o, em parceria com Secretaria Municipal da Sa\u00fade (SMS) de Salvador, foi iniciada no Mercado Modelo, importante ponto tur\u00edstico da capital baiana, com as participa\u00e7\u00f5es das chefes da pasta Estadual, Roberta Santana, [&hellip;]<\/p>\n","protected":false},"author":3,"featured_media":22127,"comment_status":"open","ping_status":"open","sticky":false,"template":"","format":"standard","meta":{"_monsterinsights_skip_tracking":false,"_monsterinsights_sitenote_active":false,"_monsterinsights_sitenote_note":"","_monsterinsights_sitenote_category":0,"footnotes":""},"categories":[34],"tags":[],"yoast_head":"<!-- This site is optimized with the Yoast SEO plugin v22.9 - https:\/\/yoast.com\/wordpress\/plugins\/seo\/ -->\n<title>Sesab e SMS iniciam a\u00e7\u00e3o de refor\u00e7o de vacina\u00e7\u00e3o contra Covid-19 - Portal MF<\/title>\n<meta name=\"robots\" content=\"index, follow, max-snippet:-1, max-image-preview:large, max-video-preview:-1\" \/>\n<link rel=\"canonical\" href=\"https:\/\/portalmf.com.br\/index.php\/2024\/01\/17\/sesab-e-sms-iniciam-acao-de-reforco-de-vacinacao-contra-covid-19-2\/\" \/>\n<meta property=\"og:locale\" content=\"pt_BR\" \/>\n<meta property=\"og:type\" content=\"article\" \/>\n<meta property=\"og:title\" content=\"Sesab e SMS iniciam a\u00e7\u00e3o de refor\u00e7o de vacina\u00e7\u00e3o contra Covid-19 - Portal MF\" \/>\n<meta property=\"og:description\" content=\"A Secretaria da Sa\u00fade do Estado (Sesab) iniciou nesta quarta-feira (17) uma campanha para intensificar a vacina\u00e7\u00e3o contra a Covid-19 em Salvador. A a\u00e7\u00e3o, em parceria com Secretaria Municipal da Sa\u00fade (SMS) de Salvador, foi iniciada no Mercado Modelo, importante ponto tur\u00edstico da capital baiana, com as participa\u00e7\u00f5es das chefes da pasta Estadual, Roberta Santana, [&hellip;]\" \/>\n<meta property=\"og:url\" content=\"https:\/\/portalmf.com.br\/index.php\/2024\/01\/17\/sesab-e-sms-iniciam-acao-de-reforco-de-vacinacao-contra-covid-19-2\/\" \/>\n<meta property=\"og:site_name\" content=\"Portal MF\" \/>\n<meta property=\"article:author\" content=\"https:\/\/www.facebook.com\/portalmfoficial\" \/>\n<meta property=\"article:published_time\" content=\"2024-01-17T20:06:36+00:00\" \/>\n<meta property=\"article:modified_time\" content=\"2024-01-17T20:07:12+00:00\" \/>\n<meta property=\"og:image\" content=\"https:\/\/portalmf.com.br\/wp-content\/uploads\/2024\/01\/Vacinacao-covid-19-Mercado-Modelo-foto-Marcio-Rocha-SAUDE-GOVBA-1-scaled.jpeg\" \/>\n\t<meta property=\"og:image:width\" content=\"2560\" \/>\n\t<meta property=\"og:image:height\" content=\"1920\" \/>\n\t<meta property=\"og:image:type\" content=\"image\/jpeg\" \/>\n<meta name=\"author\" content=\"Reda\u00e7\u00e3o Portal MF\" \/>\n<meta name=\"twitter:card\" content=\"summary_large_image\" \/>\n<meta name=\"twitter:creator\" content=\"@https:\/\/x.com\/portalmfoficial\" \/>\n<meta name=\"twitter:label1\" content=\"Escrito por\" \/>\n\t<meta name=\"twitter:data1\" content=\"Reda\u00e7\u00e3o Portal MF\" \/>\n\t<meta name=\"twitter:label2\" content=\"Est. tempo de leitura\" \/>\n\t<meta name=\"twitter:data2\" content=\"4 minutos\" \/>\n<script type=\"application\/ld+json\" class=\"yoast-schema-graph\">{\"@context\":\"https:\/\/schema.org\",\"@graph\":[{\"@type\":\"WebPage\",\"@id\":\"https:\/\/portalmf.com.br\/index.php\/2024\/01\/17\/sesab-e-sms-iniciam-acao-de-reforco-de-vacinacao-contra-covid-19-2\/\",\"url\":\"https:\/\/portalmf.com.br\/index.php\/2024\/01\/17\/sesab-e-sms-iniciam-acao-de-reforco-de-vacinacao-contra-covid-19-2\/\",\"name\":\"Sesab e SMS iniciam a\u00e7\u00e3o de refor\u00e7o de vacina\u00e7\u00e3o contra Covid-19 - Portal MF\",\"isPartOf\":{\"@id\":\"https:\/\/portalmf.com.br\/#website\"},\"primaryImageOfPage\":{\"@id\":\"https:\/\/portalmf.com.br\/index.php\/2024\/01\/17\/sesab-e-sms-iniciam-acao-de-reforco-de-vacinacao-contra-covid-19-2\/#primaryimage\"},\"image\":{\"@id\":\"https:\/\/portalmf.com.br\/index.php\/2024\/01\/17\/sesab-e-sms-iniciam-acao-de-reforco-de-vacinacao-contra-covid-19-2\/#primaryimage\"},\"thumbnailUrl\":\"https:\/\/portalmf.com.br\/wp-content\/uploads\/2024\/01\/Vacinacao-covid-19-Mercado-Modelo-foto-Marcio-Rocha-SAUDE-GOVBA-1-scaled.jpeg\",\"datePublished\":\"2024-01-17T20:06:36+00:00\",\"dateModified\":\"2024-01-17T20:07:12+00:00\",\"author\":{\"@id\":\"https:\/\/portalmf.com.br\/#\/schema\/person\/9ec101baf56233e53520c26de5d6f6f0\"},\"breadcrumb\":{\"@id\":\"https:\/\/portalmf.com.br\/index.php\/2024\/01\/17\/sesab-e-sms-iniciam-acao-de-reforco-de-vacinacao-contra-covid-19-2\/#breadcrumb\"},\"inLanguage\":\"pt-BR\",\"potentialAction\":[{\"@type\":\"ReadAction\",\"target\":[\"https:\/\/portalmf.com.br\/index.php\/2024\/01\/17\/sesab-e-sms-iniciam-acao-de-reforco-de-vacinacao-contra-covid-19-2\/\"]}]},{\"@type\":\"ImageObject\",\"inLanguage\":\"pt-BR\",\"@id\":\"https:\/\/portalmf.com.br\/index.php\/2024\/01\/17\/sesab-e-sms-iniciam-acao-de-reforco-de-vacinacao-contra-covid-19-2\/#primaryimage\",\"url\":\"https:\/\/portalmf.com.br\/wp-content\/uploads\/2024\/01\/Vacinacao-covid-19-Mercado-Modelo-foto-Marcio-Rocha-SAUDE-GOVBA-1-scaled.jpeg\",\"contentUrl\":\"https:\/\/portalmf.com.br\/wp-content\/uploads\/2024\/01\/Vacinacao-covid-19-Mercado-Modelo-foto-Marcio-Rocha-SAUDE-GOVBA-1-scaled.jpeg\",\"width\":2560,\"height\":1920},{\"@type\":\"BreadcrumbList\",\"@id\":\"https:\/\/portalmf.com.br\/index.php\/2024\/01\/17\/sesab-e-sms-iniciam-acao-de-reforco-de-vacinacao-contra-covid-19-2\/#breadcrumb\",\"itemListElement\":[{\"@type\":\"ListItem\",\"position\":1,\"name\":\"In\u00edcio\",\"item\":\"https:\/\/portalmf.com.br\/\"},{\"@type\":\"ListItem\",\"position\":2,\"name\":\"Sesab e SMS iniciam a\u00e7\u00e3o de refor\u00e7o de vacina\u00e7\u00e3o contra Covid-19\"}]},{\"@type\":\"WebSite\",\"@id\":\"https:\/\/portalmf.com.br\/#website\",\"url\":\"https:\/\/portalmf.com.br\/\",\"name\":\"Portal MF\",\"description\":\"Voc\u00ea conectado com a informa\u00e7\u00e3o\",\"potentialAction\":[{\"@type\":\"SearchAction\",\"target\":{\"@type\":\"EntryPoint\",\"urlTemplate\":\"https:\/\/portalmf.com.br\/?s={search_term_string}\"},\"query-input\":\"required name=search_term_string\"}],\"inLanguage\":\"pt-BR\"},{\"@type\":\"Person\",\"@id\":\"https:\/\/portalmf.com.br\/#\/schema\/person\/9ec101baf56233e53520c26de5d6f6f0\",\"name\":\"Reda\u00e7\u00e3o Portal MF\",\"image\":{\"@type\":\"ImageObject\",\"inLanguage\":\"pt-BR\",\"@id\":\"https:\/\/portalmf.com.br\/#\/schema\/person\/image\/\",\"url\":\"https:\/\/secure.gravatar.com\/avatar\/41b9aaeb2100835f7c64362330f74c7f?s=96&d=mm&r=g\",\"contentUrl\":\"https:\/\/secure.gravatar.com\/avatar\/41b9aaeb2100835f7c64362330f74c7f?s=96&d=mm&r=g\",\"caption\":\"Reda\u00e7\u00e3o Portal MF\"},\"description\":\"Sejam bem-vindos o portal de informa\u00e7\u00f5es de entretenimento de Feira de Santana, desde 2006 realiza coberturas dos principais eventos com entrevistas exclusivas com as principais personalidades mundiais. Fique conectado tamb\u00e9m nas redes sociais.\",\"sameAs\":[\"http:\/\/www.portalmf.com.br\/\",\"https:\/\/www.facebook.com\/portalmfoficial\",\"https:\/\/www.instagram.com\/portalmf\/\",\"https:\/\/x.com\/https:\/\/x.com\/portalmfoficial\",\"https:\/\/www.youtube.com\/@portalmfoficial\"],\"url\":\"https:\/\/portalmf.com.br\/index.php\/author\/junior\/\"}]}<\/script>\n<!-- \/ Yoast SEO plugin. -->","yoast_head_json":{"title":"Sesab e SMS iniciam a\u00e7\u00e3o de refor\u00e7o de vacina\u00e7\u00e3o contra Covid-19 - Portal MF","robots":{"index":"index","follow":"follow","max-snippet":"max-snippet:-1","max-image-preview":"max-image-preview:large","max-video-preview":"max-video-preview:-1"},"canonical":"https:\/\/portalmf.com.br\/index.php\/2024\/01\/17\/sesab-e-sms-iniciam-acao-de-reforco-de-vacinacao-contra-covid-19-2\/","og_locale":"pt_BR","og_type":"article","og_title":"Sesab e SMS iniciam a\u00e7\u00e3o de refor\u00e7o de vacina\u00e7\u00e3o contra Covid-19 - Portal MF","og_description":"A Secretaria da Sa\u00fade do Estado (Sesab) iniciou nesta quarta-feira (17) uma campanha para intensificar a vacina\u00e7\u00e3o contra a Covid-19 em Salvador. A a\u00e7\u00e3o, em parceria com Secretaria Municipal da Sa\u00fade (SMS) de Salvador, foi iniciada no Mercado Modelo, importante ponto tur\u00edstico da capital baiana, com as participa\u00e7\u00f5es das chefes da pasta Estadual, Roberta Santana, [&hellip;]","og_url":"https:\/\/portalmf.com.br\/index.php\/2024\/01\/17\/sesab-e-sms-iniciam-acao-de-reforco-de-vacinacao-contra-covid-19-2\/","og_site_name":"Portal MF","article_author":"https:\/\/www.facebook.com\/portalmfoficial","article_published_time":"2024-01-17T20:06:36+00:00","article_modified_time":"2024-01-17T20:07:12+00:00","og_image":[{"width":2560,"height":1920,"url":"https:\/\/portalmf.com.br\/wp-content\/uploads\/2024\/01\/Vacinacao-covid-19-Mercado-Modelo-foto-Marcio-Rocha-SAUDE-GOVBA-1-scaled.jpeg","type":"image\/jpeg"}],"author":"Reda\u00e7\u00e3o Portal MF","twitter_card":"summary_large_image","twitter_creator":"@https:\/\/x.com\/portalmfoficial","twitter_misc":{"Escrito por":"Reda\u00e7\u00e3o Portal MF","Est. tempo de leitura":"4 minutos"},"schema":{"@context":"https:\/\/schema.org","@graph":[{"@type":"WebPage","@id":"https:\/\/portalmf.com.br\/index.php\/2024\/01\/17\/sesab-e-sms-iniciam-acao-de-reforco-de-vacinacao-contra-covid-19-2\/","url":"https:\/\/portalmf.com.br\/index.php\/2024\/01\/17\/sesab-e-sms-iniciam-acao-de-reforco-de-vacinacao-contra-covid-19-2\/","name":"Sesab e SMS iniciam a\u00e7\u00e3o de refor\u00e7o de vacina\u00e7\u00e3o contra Covid-19 - Portal MF","isPartOf":{"@id":"https:\/\/portalmf.com.br\/#website"},"primaryImageOfPage":{"@id":"https:\/\/portalmf.com.br\/index.php\/2024\/01\/17\/sesab-e-sms-iniciam-acao-de-reforco-de-vacinacao-contra-covid-19-2\/#primaryimage"},"image":{"@id":"https:\/\/portalmf.com.br\/index.php\/2024\/01\/17\/sesab-e-sms-iniciam-acao-de-reforco-de-vacinacao-contra-covid-19-2\/#primaryimage"},"thumbnailUrl":"https:\/\/portalmf.com.br\/wp-content\/uploads\/2024\/01\/Vacinacao-covid-19-Mercado-Modelo-foto-Marcio-Rocha-SAUDE-GOVBA-1-scaled.jpeg","datePublished":"2024-01-17T20:06:36+00:00","dateModified":"2024-01-17T20:07:12+00:00","author":{"@id":"https:\/\/portalmf.com.br\/#\/schema\/person\/9ec101baf56233e53520c26de5d6f6f0"},"breadcrumb":{"@id":"https:\/\/portalmf.com.br\/index.php\/2024\/01\/17\/sesab-e-sms-iniciam-acao-de-reforco-de-vacinacao-contra-covid-19-2\/#breadcrumb"},"inLanguage":"pt-BR","potentialAction":[{"@type":"ReadAction","target":["https:\/\/portalmf.com.br\/index.php\/2024\/01\/17\/sesab-e-sms-iniciam-acao-de-reforco-de-vacinacao-contra-covid-19-2\/"]}]},{"@type":"ImageObject","inLanguage":"pt-BR","@id":"https:\/\/portalmf.com.br\/index.php\/2024\/01\/17\/sesab-e-sms-iniciam-acao-de-reforco-de-vacinacao-contra-covid-19-2\/#primaryimage","url":"https:\/\/portalmf.com.br\/wp-content\/uploads\/2024\/01\/Vacinacao-covid-19-Mercado-Modelo-foto-Marcio-Rocha-SAUDE-GOVBA-1-scaled.jpeg","contentUrl":"https:\/\/portalmf.com.br\/wp-content\/uploads\/2024\/01\/Vacinacao-covid-19-Mercado-Modelo-foto-Marcio-Rocha-SAUDE-GOVBA-1-scaled.jpeg","width":2560,"height":1920},{"@type":"BreadcrumbList","@id":"https:\/\/portalmf.com.br\/index.php\/2024\/01\/17\/sesab-e-sms-iniciam-acao-de-reforco-de-vacinacao-contra-covid-19-2\/#breadcrumb","itemListElement":[{"@type":"ListItem","position":1,"name":"In\u00edcio","item":"https:\/\/portalmf.com.br\/"},{"@type":"ListItem","position":2,"name":"Sesab e SMS iniciam a\u00e7\u00e3o de refor\u00e7o de vacina\u00e7\u00e3o contra Covid-19"}]},{"@type":"WebSite","@id":"https:\/\/portalmf.com.br\/#website","url":"https:\/\/portalmf.com.br\/","name":"Portal MF","description":"Voc\u00ea conectado com a informa\u00e7\u00e3o","potentialAction":[{"@type":"SearchAction","target":{"@type":"EntryPoint","urlTemplate":"https:\/\/portalmf.com.br\/?s={search_term_string}"},"query-input":"required name=search_term_string"}],"inLanguage":"pt-BR"},{"@type":"Person","@id":"https:\/\/portalmf.com.br\/#\/schema\/person\/9ec101baf56233e53520c26de5d6f6f0","name":"Reda\u00e7\u00e3o Portal MF","image":{"@type":"ImageObject","inLanguage":"pt-BR","@id":"https:\/\/portalmf.com.br\/#\/schema\/person\/image\/","url":"https:\/\/secure.gravatar.com\/avatar\/41b9aaeb2100835f7c64362330f74c7f?s=96&d=mm&r=g","contentUrl":"https:\/\/secure.gravatar.com\/avatar\/41b9aaeb2100835f7c64362330f74c7f?s=96&d=mm&r=g","caption":"Reda\u00e7\u00e3o Portal MF"},"description":"Sejam bem-vindos o portal de informa\u00e7\u00f5es de entretenimento de Feira de Santana, desde 2006 realiza coberturas dos principais eventos com entrevistas exclusivas com as principais personalidades mundiais. Fique conectado tamb\u00e9m nas redes sociais.","sameAs":["http:\/\/www.portalmf.com.br\/","https:\/\/www.facebook.com\/portalmfoficial","https:\/\/www.instagram.com\/portalmf\/","https:\/\/x.com\/https:\/\/x.com\/portalmfoficial","https:\/\/www.youtube.com\/@portalmfoficial"],"url":"https:\/\/portalmf.com.br\/index.php\/author\/junior\/"}]}},"_links":{"self":[{"href":"https:\/\/portalmf.com.br\/index.php\/wp-json\/wp\/v2\/posts\/22125"}],"collection":[{"href":"https:\/\/portalmf.com.br\/index.php\/wp-json\/wp\/v2\/posts"}],"about":[{"href":"https:\/\/portalmf.com.br\/index.php\/wp-json\/wp\/v2\/types\/post"}],"author":[{"embeddable":true,"href":"https:\/\/portalmf.com.br\/index.php\/wp-json\/wp\/v2\/users\/3"}],"replies":[{"embeddable":true,"href":"https:\/\/portalmf.com.br\/index.php\/wp-json\/wp\/v2\/comments?post=22125"}],"version-history":[{"count":1,"href":"https:\/\/portalmf.com.br\/index.php\/wp-json\/wp\/v2\/posts\/22125\/revisions"}],"predecessor-version":[{"id":22126,"href":"https:\/\/portalmf.com.br\/index.php\/wp-json\/wp\/v2\/posts\/22125\/revisions\/22126"}],"wp:featuredmedia":[{"embeddable":true,"href":"https:\/\/portalmf.com.br\/index.php\/wp-json\/wp\/v2\/media\/22127"}],"wp:attachment":[{"href":"https:\/\/portalmf.com.br\/index.php\/wp-json\/wp\/v2\/media?parent=22125"}],"wp:term":[{"taxonomy":"category","embeddable":true,"href":"https:\/\/portalmf.com.br\/index.php\/wp-json\/wp\/v2\/categories?post=22125"},{"taxonomy":"post_tag","embeddable":true,"href":"https:\/\/portalmf.com.br\/index.php\/wp-json\/wp\/v2\/tags?post=22125"}],"curies":[{"name":"wp","href":"https:\/\/api.w.org\/{rel}","templated":true}]}}