{"id":22123,"date":"2024-01-17T16:50:44","date_gmt":"2024-01-17T19:50:44","guid":{"rendered":"https:\/\/portalmf.com.br\/?p=22123"},"modified":"2024-01-17T16:50:47","modified_gmt":"2024-01-17T19:50:47","slug":"os-maus-tratos-com-os-animais-que-puxam-carroca-tem-que-acabar-diz-vereador","status":"publish","type":"post","link":"https:\/\/portalmf.com.br\/index.php\/2024\/01\/17\/os-maus-tratos-com-os-animais-que-puxam-carroca-tem-que-acabar-diz-vereador\/","title":{"rendered":"\u201cOs maus tratos com os animais que puxam carro\u00e7a tem que acabar\u201d, diz vereador"},"content":{"rendered":"\n<p>Autor do projeto que visa a retirada gradativa de ve\u00edculos de tra\u00e7\u00e3o animal do centro urbano de Feira de Santana, o vereador Pedro Am\u00e9rico reafirma que a lei \u00e9 necess\u00e1ria n\u00e3o s\u00f3 para a prote\u00e7\u00e3o dos cavalos que puxam as carro\u00e7as, mas tamb\u00e9m para tirar os carroceiros deste subemprego.<\/p>\n\n\n\n<p>No projeto do vereador, al\u00e9m de sanar os maus tratos presenciados quase que diariamente aos animais que puxam ve\u00edculos de tra\u00e7\u00e3o e os abandonos destes, quando n\u00e3o conseguem mais exercer o servi\u00e7o exigido pelos condutores, o parlamentar tamb\u00e9m inclui o cumprimento de pol\u00edticas p\u00fablicas de educa\u00e7\u00e3o, capacita\u00e7\u00e3o profissional e transposi\u00e7\u00e3o dos condutores para outras atividades econ\u00f4micas em Feira de Santana.<\/p>\n\n\n\n<p><em>\u201cEntendo que esta pol\u00edtica p\u00fablica, al\u00e9m de uma a\u00e7\u00e3o de combate aos maus-tratos contra os animais, constitui-se como decis\u00e3o correta em diversos outros aspectos. Enviamos a diversas secretarias do munic\u00edpio of\u00edcios indicando que deve haver uma for\u00e7a tarefa para garantir a oferta de alternativas que retirem da informalidade trabalhadores<br>que utilizem carro\u00e7as. \u00c9 uma a\u00e7\u00e3o de combate ao subemprego que co\u00edbe a condu\u00e7\u00e3o desses ve\u00edculos por crian\u00e7as e adolescentes &#8211; flagrados em desobedi\u00eancia \u00e0 legisla\u00e7\u00e3o de tr\u00e2nsito e \u00e0 legisla\u00e7\u00e3o de prote\u00e7\u00e3o \u00e0 inf\u00e2ncia e adolesc\u00eancia e reduz problemas de congestionamentos e acidentes causados por carro\u00e7as\u201d, <\/em>defende Pedro Am\u00e9rico.<\/p>\n\n\n\n<p>O vereador informa ainda que algumas construtoras, madeireiras e empreendimentos ligados a entulho utilizam do trabalho informal dos condutores para pagar menos pelo servi\u00e7o prestado, sem garantia de seguran\u00e7a ao condutor, muito menos aos animais. <em>\u201cN\u00e3o fizemos um projeto pensando em um s\u00f3 lado. Visamos defender os animais e os trabalhadores. O projeto \u00e9 repleto de alternativas que visam solucionar esses problemas e continuaremos lutando para que o Munic\u00edpio cumpra com rigor o que foi aprovado na C\u00e2mara Municipal\u201d,<\/em> afirma o edil.<\/p>\n\n\n\n<p>De acordo com a lei em quest\u00e3o, ser\u00e3o 4 anos em que o Munic\u00edpio poder\u00e1 cuidar tanto dos animais ap\u00f3s a retirada das carro\u00e7as, quanto das fam\u00edlias que dependem deste servi\u00e7o.<\/p>\n","protected":false},"excerpt":{"rendered":"<p>Autor do projeto que visa a retirada gradativa de ve\u00edculos de tra\u00e7\u00e3o animal do centro urbano de Feira de Santana, o vereador Pedro Am\u00e9rico reafirma que a lei \u00e9 necess\u00e1ria n\u00e3o s\u00f3 para a prote\u00e7\u00e3o dos cavalos que puxam as carro\u00e7as, mas tamb\u00e9m para tirar os carroceiros deste subemprego. No projeto do vereador, al\u00e9m de [&hellip;]<\/p>\n","protected":false},"author":3,"featured_media":22058,"comment_status":"open","ping_status":"open","sticky":false,"template":"","format":"standard","meta":{"_monsterinsights_skip_tracking":false,"_monsterinsights_sitenote_active":false,"_monsterinsights_sitenote_note":"","_monsterinsights_sitenote_category":0,"footnotes":""},"categories":[34],"tags":[],"yoast_head":"<!-- This site is optimized with the Yoast SEO plugin v22.9 - https:\/\/yoast.com\/wordpress\/plugins\/seo\/ -->\n<title>\u201cOs maus tratos com os animais que puxam carro\u00e7a tem que acabar\u201d, diz vereador - Portal MF<\/title>\n<meta name=\"robots\" content=\"index, follow, max-snippet:-1, max-image-preview:large, max-video-preview:-1\" \/>\n<link rel=\"canonical\" href=\"https:\/\/portalmf.com.br\/index.php\/2024\/01\/17\/os-maus-tratos-com-os-animais-que-puxam-carroca-tem-que-acabar-diz-vereador\/\" \/>\n<meta property=\"og:locale\" content=\"pt_BR\" \/>\n<meta property=\"og:type\" content=\"article\" \/>\n<meta property=\"og:title\" content=\"\u201cOs maus tratos com os animais que puxam carro\u00e7a tem que acabar\u201d, diz vereador - Portal MF\" \/>\n<meta property=\"og:description\" content=\"Autor do projeto que visa a retirada gradativa de ve\u00edculos de tra\u00e7\u00e3o animal do centro urbano de Feira de Santana, o vereador Pedro Am\u00e9rico reafirma que a lei \u00e9 necess\u00e1ria n\u00e3o s\u00f3 para a prote\u00e7\u00e3o dos cavalos que puxam as carro\u00e7as, mas tamb\u00e9m para tirar os carroceiros deste subemprego. No projeto do vereador, al\u00e9m de [&hellip;]\" \/>\n<meta property=\"og:url\" content=\"https:\/\/portalmf.com.br\/index.php\/2024\/01\/17\/os-maus-tratos-com-os-animais-que-puxam-carroca-tem-que-acabar-diz-vereador\/\" \/>\n<meta property=\"og:site_name\" content=\"Portal MF\" \/>\n<meta property=\"article:author\" content=\"https:\/\/www.facebook.com\/portalmfoficial\" \/>\n<meta property=\"article:published_time\" content=\"2024-01-17T19:50:44+00:00\" \/>\n<meta property=\"article:modified_time\" content=\"2024-01-17T19:50:47+00:00\" \/>\n<meta property=\"og:image\" content=\"https:\/\/portalmf.com.br\/wp-content\/uploads\/2024\/01\/Vereador-Pedro-Americo-cobra-pagamento-dos-bombeiros-civis-relativos-aos-festejos-juninos.jpeg\" \/>\n\t<meta property=\"og:image:width\" content=\"829\" \/>\n\t<meta property=\"og:image:height\" content=\"871\" \/>\n\t<meta property=\"og:image:type\" content=\"image\/jpeg\" \/>\n<meta name=\"author\" content=\"Reda\u00e7\u00e3o Portal MF\" \/>\n<meta name=\"twitter:card\" content=\"summary_large_image\" \/>\n<meta name=\"twitter:creator\" content=\"@https:\/\/x.com\/portalmfoficial\" \/>\n<meta name=\"twitter:label1\" content=\"Escrito por\" \/>\n\t<meta name=\"twitter:data1\" content=\"Reda\u00e7\u00e3o Portal MF\" \/>\n\t<meta name=\"twitter:label2\" content=\"Est. tempo de leitura\" \/>\n\t<meta name=\"twitter:data2\" content=\"2 minutos\" \/>\n<script type=\"application\/ld+json\" class=\"yoast-schema-graph\">{\"@context\":\"https:\/\/schema.org\",\"@graph\":[{\"@type\":\"WebPage\",\"@id\":\"https:\/\/portalmf.com.br\/index.php\/2024\/01\/17\/os-maus-tratos-com-os-animais-que-puxam-carroca-tem-que-acabar-diz-vereador\/\",\"url\":\"https:\/\/portalmf.com.br\/index.php\/2024\/01\/17\/os-maus-tratos-com-os-animais-que-puxam-carroca-tem-que-acabar-diz-vereador\/\",\"name\":\"\u201cOs maus tratos com os animais que puxam carro\u00e7a tem que acabar\u201d, diz vereador - Portal MF\",\"isPartOf\":{\"@id\":\"https:\/\/portalmf.com.br\/#website\"},\"primaryImageOfPage\":{\"@id\":\"https:\/\/portalmf.com.br\/index.php\/2024\/01\/17\/os-maus-tratos-com-os-animais-que-puxam-carroca-tem-que-acabar-diz-vereador\/#primaryimage\"},\"image\":{\"@id\":\"https:\/\/portalmf.com.br\/index.php\/2024\/01\/17\/os-maus-tratos-com-os-animais-que-puxam-carroca-tem-que-acabar-diz-vereador\/#primaryimage\"},\"thumbnailUrl\":\"https:\/\/portalmf.com.br\/wp-content\/uploads\/2024\/01\/Vereador-Pedro-Americo-cobra-pagamento-dos-bombeiros-civis-relativos-aos-festejos-juninos.jpeg\",\"datePublished\":\"2024-01-17T19:50:44+00:00\",\"dateModified\":\"2024-01-17T19:50:47+00:00\",\"author\":{\"@id\":\"https:\/\/portalmf.com.br\/#\/schema\/person\/9ec101baf56233e53520c26de5d6f6f0\"},\"breadcrumb\":{\"@id\":\"https:\/\/portalmf.com.br\/index.php\/2024\/01\/17\/os-maus-tratos-com-os-animais-que-puxam-carroca-tem-que-acabar-diz-vereador\/#breadcrumb\"},\"inLanguage\":\"pt-BR\",\"potentialAction\":[{\"@type\":\"ReadAction\",\"target\":[\"https:\/\/portalmf.com.br\/index.php\/2024\/01\/17\/os-maus-tratos-com-os-animais-que-puxam-carroca-tem-que-acabar-diz-vereador\/\"]}]},{\"@type\":\"ImageObject\",\"inLanguage\":\"pt-BR\",\"@id\":\"https:\/\/portalmf.com.br\/index.php\/2024\/01\/17\/os-maus-tratos-com-os-animais-que-puxam-carroca-tem-que-acabar-diz-vereador\/#primaryimage\",\"url\":\"https:\/\/portalmf.com.br\/wp-content\/uploads\/2024\/01\/Vereador-Pedro-Americo-cobra-pagamento-dos-bombeiros-civis-relativos-aos-festejos-juninos.jpeg\",\"contentUrl\":\"https:\/\/portalmf.com.br\/wp-content\/uploads\/2024\/01\/Vereador-Pedro-Americo-cobra-pagamento-dos-bombeiros-civis-relativos-aos-festejos-juninos.jpeg\",\"width\":829,\"height\":871},{\"@type\":\"BreadcrumbList\",\"@id\":\"https:\/\/portalmf.com.br\/index.php\/2024\/01\/17\/os-maus-tratos-com-os-animais-que-puxam-carroca-tem-que-acabar-diz-vereador\/#breadcrumb\",\"itemListElement\":[{\"@type\":\"ListItem\",\"position\":1,\"name\":\"In\u00edcio\",\"item\":\"https:\/\/portalmf.com.br\/\"},{\"@type\":\"ListItem\",\"position\":2,\"name\":\"\u201cOs maus tratos com os animais que puxam carro\u00e7a tem que acabar\u201d, diz vereador\"}]},{\"@type\":\"WebSite\",\"@id\":\"https:\/\/portalmf.com.br\/#website\",\"url\":\"https:\/\/portalmf.com.br\/\",\"name\":\"Portal MF\",\"description\":\"Voc\u00ea conectado com a informa\u00e7\u00e3o\",\"potentialAction\":[{\"@type\":\"SearchAction\",\"target\":{\"@type\":\"EntryPoint\",\"urlTemplate\":\"https:\/\/portalmf.com.br\/?s={search_term_string}\"},\"query-input\":\"required name=search_term_string\"}],\"inLanguage\":\"pt-BR\"},{\"@type\":\"Person\",\"@id\":\"https:\/\/portalmf.com.br\/#\/schema\/person\/9ec101baf56233e53520c26de5d6f6f0\",\"name\":\"Reda\u00e7\u00e3o Portal MF\",\"image\":{\"@type\":\"ImageObject\",\"inLanguage\":\"pt-BR\",\"@id\":\"https:\/\/portalmf.com.br\/#\/schema\/person\/image\/\",\"url\":\"https:\/\/secure.gravatar.com\/avatar\/41b9aaeb2100835f7c64362330f74c7f?s=96&d=mm&r=g\",\"contentUrl\":\"https:\/\/secure.gravatar.com\/avatar\/41b9aaeb2100835f7c64362330f74c7f?s=96&d=mm&r=g\",\"caption\":\"Reda\u00e7\u00e3o Portal MF\"},\"description\":\"Sejam bem-vindos o portal de informa\u00e7\u00f5es de entretenimento de Feira de Santana, desde 2006 realiza coberturas dos principais eventos com entrevistas exclusivas com as principais personalidades mundiais. Fique conectado tamb\u00e9m nas redes sociais.\",\"sameAs\":[\"http:\/\/www.portalmf.com.br\/\",\"https:\/\/www.facebook.com\/portalmfoficial\",\"https:\/\/www.instagram.com\/portalmf\/\",\"https:\/\/x.com\/https:\/\/x.com\/portalmfoficial\",\"https:\/\/www.youtube.com\/@portalmfoficial\"],\"url\":\"https:\/\/portalmf.com.br\/index.php\/author\/junior\/\"}]}<\/script>\n<!-- \/ Yoast SEO plugin. -->","yoast_head_json":{"title":"\u201cOs maus tratos com os animais que puxam carro\u00e7a tem que acabar\u201d, diz vereador - Portal MF","robots":{"index":"index","follow":"follow","max-snippet":"max-snippet:-1","max-image-preview":"max-image-preview:large","max-video-preview":"max-video-preview:-1"},"canonical":"https:\/\/portalmf.com.br\/index.php\/2024\/01\/17\/os-maus-tratos-com-os-animais-que-puxam-carroca-tem-que-acabar-diz-vereador\/","og_locale":"pt_BR","og_type":"article","og_title":"\u201cOs maus tratos com os animais que puxam carro\u00e7a tem que acabar\u201d, diz vereador - Portal MF","og_description":"Autor do projeto que visa a retirada gradativa de ve\u00edculos de tra\u00e7\u00e3o animal do centro urbano de Feira de Santana, o vereador Pedro Am\u00e9rico reafirma que a lei \u00e9 necess\u00e1ria n\u00e3o s\u00f3 para a prote\u00e7\u00e3o dos cavalos que puxam as carro\u00e7as, mas tamb\u00e9m para tirar os carroceiros deste subemprego. No projeto do vereador, al\u00e9m de [&hellip;]","og_url":"https:\/\/portalmf.com.br\/index.php\/2024\/01\/17\/os-maus-tratos-com-os-animais-que-puxam-carroca-tem-que-acabar-diz-vereador\/","og_site_name":"Portal MF","article_author":"https:\/\/www.facebook.com\/portalmfoficial","article_published_time":"2024-01-17T19:50:44+00:00","article_modified_time":"2024-01-17T19:50:47+00:00","og_image":[{"width":829,"height":871,"url":"https:\/\/portalmf.com.br\/wp-content\/uploads\/2024\/01\/Vereador-Pedro-Americo-cobra-pagamento-dos-bombeiros-civis-relativos-aos-festejos-juninos.jpeg","type":"image\/jpeg"}],"author":"Reda\u00e7\u00e3o Portal MF","twitter_card":"summary_large_image","twitter_creator":"@https:\/\/x.com\/portalmfoficial","twitter_misc":{"Escrito por":"Reda\u00e7\u00e3o Portal MF","Est. tempo de leitura":"2 minutos"},"schema":{"@context":"https:\/\/schema.org","@graph":[{"@type":"WebPage","@id":"https:\/\/portalmf.com.br\/index.php\/2024\/01\/17\/os-maus-tratos-com-os-animais-que-puxam-carroca-tem-que-acabar-diz-vereador\/","url":"https:\/\/portalmf.com.br\/index.php\/2024\/01\/17\/os-maus-tratos-com-os-animais-que-puxam-carroca-tem-que-acabar-diz-vereador\/","name":"\u201cOs maus tratos com os animais que puxam carro\u00e7a tem que acabar\u201d, diz vereador - Portal MF","isPartOf":{"@id":"https:\/\/portalmf.com.br\/#website"},"primaryImageOfPage":{"@id":"https:\/\/portalmf.com.br\/index.php\/2024\/01\/17\/os-maus-tratos-com-os-animais-que-puxam-carroca-tem-que-acabar-diz-vereador\/#primaryimage"},"image":{"@id":"https:\/\/portalmf.com.br\/index.php\/2024\/01\/17\/os-maus-tratos-com-os-animais-que-puxam-carroca-tem-que-acabar-diz-vereador\/#primaryimage"},"thumbnailUrl":"https:\/\/portalmf.com.br\/wp-content\/uploads\/2024\/01\/Vereador-Pedro-Americo-cobra-pagamento-dos-bombeiros-civis-relativos-aos-festejos-juninos.jpeg","datePublished":"2024-01-17T19:50:44+00:00","dateModified":"2024-01-17T19:50:47+00:00","author":{"@id":"https:\/\/portalmf.com.br\/#\/schema\/person\/9ec101baf56233e53520c26de5d6f6f0"},"breadcrumb":{"@id":"https:\/\/portalmf.com.br\/index.php\/2024\/01\/17\/os-maus-tratos-com-os-animais-que-puxam-carroca-tem-que-acabar-diz-vereador\/#breadcrumb"},"inLanguage":"pt-BR","potentialAction":[{"@type":"ReadAction","target":["https:\/\/portalmf.com.br\/index.php\/2024\/01\/17\/os-maus-tratos-com-os-animais-que-puxam-carroca-tem-que-acabar-diz-vereador\/"]}]},{"@type":"ImageObject","inLanguage":"pt-BR","@id":"https:\/\/portalmf.com.br\/index.php\/2024\/01\/17\/os-maus-tratos-com-os-animais-que-puxam-carroca-tem-que-acabar-diz-vereador\/#primaryimage","url":"https:\/\/portalmf.com.br\/wp-content\/uploads\/2024\/01\/Vereador-Pedro-Americo-cobra-pagamento-dos-bombeiros-civis-relativos-aos-festejos-juninos.jpeg","contentUrl":"https:\/\/portalmf.com.br\/wp-content\/uploads\/2024\/01\/Vereador-Pedro-Americo-cobra-pagamento-dos-bombeiros-civis-relativos-aos-festejos-juninos.jpeg","width":829,"height":871},{"@type":"BreadcrumbList","@id":"https:\/\/portalmf.com.br\/index.php\/2024\/01\/17\/os-maus-tratos-com-os-animais-que-puxam-carroca-tem-que-acabar-diz-vereador\/#breadcrumb","itemListElement":[{"@type":"ListItem","position":1,"name":"In\u00edcio","item":"https:\/\/portalmf.com.br\/"},{"@type":"ListItem","position":2,"name":"\u201cOs maus tratos com os animais que puxam carro\u00e7a tem que acabar\u201d, diz vereador"}]},{"@type":"WebSite","@id":"https:\/\/portalmf.com.br\/#website","url":"https:\/\/portalmf.com.br\/","name":"Portal MF","description":"Voc\u00ea conectado com a informa\u00e7\u00e3o","potentialAction":[{"@type":"SearchAction","target":{"@type":"EntryPoint","urlTemplate":"https:\/\/portalmf.com.br\/?s={search_term_string}"},"query-input":"required name=search_term_string"}],"inLanguage":"pt-BR"},{"@type":"Person","@id":"https:\/\/portalmf.com.br\/#\/schema\/person\/9ec101baf56233e53520c26de5d6f6f0","name":"Reda\u00e7\u00e3o Portal MF","image":{"@type":"ImageObject","inLanguage":"pt-BR","@id":"https:\/\/portalmf.com.br\/#\/schema\/person\/image\/","url":"https:\/\/secure.gravatar.com\/avatar\/41b9aaeb2100835f7c64362330f74c7f?s=96&d=mm&r=g","contentUrl":"https:\/\/secure.gravatar.com\/avatar\/41b9aaeb2100835f7c64362330f74c7f?s=96&d=mm&r=g","caption":"Reda\u00e7\u00e3o Portal MF"},"description":"Sejam bem-vindos o portal de informa\u00e7\u00f5es de entretenimento de Feira de Santana, desde 2006 realiza coberturas dos principais eventos com entrevistas exclusivas com as principais personalidades mundiais. Fique conectado tamb\u00e9m nas redes sociais.","sameAs":["http:\/\/www.portalmf.com.br\/","https:\/\/www.facebook.com\/portalmfoficial","https:\/\/www.instagram.com\/portalmf\/","https:\/\/x.com\/https:\/\/x.com\/portalmfoficial","https:\/\/www.youtube.com\/@portalmfoficial"],"url":"https:\/\/portalmf.com.br\/index.php\/author\/junior\/"}]}},"_links":{"self":[{"href":"https:\/\/portalmf.com.br\/index.php\/wp-json\/wp\/v2\/posts\/22123"}],"collection":[{"href":"https:\/\/portalmf.com.br\/index.php\/wp-json\/wp\/v2\/posts"}],"about":[{"href":"https:\/\/portalmf.com.br\/index.php\/wp-json\/wp\/v2\/types\/post"}],"author":[{"embeddable":true,"href":"https:\/\/portalmf.com.br\/index.php\/wp-json\/wp\/v2\/users\/3"}],"replies":[{"embeddable":true,"href":"https:\/\/portalmf.com.br\/index.php\/wp-json\/wp\/v2\/comments?post=22123"}],"version-history":[{"count":1,"href":"https:\/\/portalmf.com.br\/index.php\/wp-json\/wp\/v2\/posts\/22123\/revisions"}],"predecessor-version":[{"id":22124,"href":"https:\/\/portalmf.com.br\/index.php\/wp-json\/wp\/v2\/posts\/22123\/revisions\/22124"}],"wp:featuredmedia":[{"embeddable":true,"href":"https:\/\/portalmf.com.br\/index.php\/wp-json\/wp\/v2\/media\/22058"}],"wp:attachment":[{"href":"https:\/\/portalmf.com.br\/index.php\/wp-json\/wp\/v2\/media?parent=22123"}],"wp:term":[{"taxonomy":"category","embeddable":true,"href":"https:\/\/portalmf.com.br\/index.php\/wp-json\/wp\/v2\/categories?post=22123"},{"taxonomy":"post_tag","embeddable":true,"href":"https:\/\/portalmf.com.br\/index.php\/wp-json\/wp\/v2\/tags?post=22123"}],"curies":[{"name":"wp","href":"https:\/\/api.w.org\/{rel}","templated":true}]}}