{"id":22105,"date":"2024-01-17T12:19:51","date_gmt":"2024-01-17T15:19:51","guid":{"rendered":"https:\/\/portalmf.com.br\/?p=22105"},"modified":"2024-01-17T12:25:08","modified_gmt":"2024-01-17T15:25:08","slug":"prefeito-de-salvador-confirma-pipoca-com-ivete-sangalo-no-campo-grande","status":"publish","type":"post","link":"https:\/\/portalmf.com.br\/index.php\/2024\/01\/17\/prefeito-de-salvador-confirma-pipoca-com-ivete-sangalo-no-campo-grande\/","title":{"rendered":"Prefeito de Salvador confirma pipoca com Ivete Sangalo no Campo Grande"},"content":{"rendered":"\n<p>Os f\u00e3s de Ivete Sangalo receberam mais uma boa not\u00edcia na manh\u00e3 desta quarta-feira (17), durante entrevista a Record Bahia, o prefeito de Salvador Bruno Reis, confirmou apresenta\u00e7\u00e3o da cantora na ter\u00e7a-feira de Carnaval, no &#8220;Cole no Centro&#8221;, no circuito Campo Grande, fechando a folia da capital baiana.<\/p>\n\n\n\n<p>Essa ser\u00e1 a volta de Ivete Sangalo ao circuito tradicional do carnaval de Salvador, a sua \u00faltima apresenta\u00e7\u00e3o no Campo Grande aconteceu em 2020, puxando a pipoca, tamb\u00e9m no \u00faltimo dia da folia. No mesmo dia, a baiana tamb\u00e9m realiza show na cidade de Belo Horizonte durante o evento <em>\u201cCarnaval dos sonhos\u201d.<\/em><\/p>\n\n\n\n<p>O prefeito Bruno Reis, tamb\u00e9m confirmou a presen\u00e7a de Ivete Sangalo, na abertura do Carnaval. A cerim\u00f4nia ser\u00e1 realizada na Pra\u00e7a Castro Alves, na quinta-feira da folia, dia 8 de fevereiro, com um encontro de trios comandado pela pr\u00f3pria Ivete Sangalo, al\u00e9m das presen\u00e7as de Carlinhos Brown, BaianaSystem e Il\u00ea Aiy\u00ea.<\/p>\n\n\n\n<p><em>\u201cSer\u00e1 um encontro de trios, que ser\u00e1 transmitido ao vivo e em determinados momentos, os quatro est\u00e3o juntos ali para, sem sombra de d\u00favidas, vai ser o \u00e1pice da abertura do Carnaval&#8221;, <\/em>conto o prefeito ao site BNews, durante entrega da requalifica\u00e7\u00e3o da Rua Afonso Celso, na Barra.<\/p>\n\n\n\n<p>Al\u00e9m das pipocas, Ivete Sangalo tamb\u00e9m puxara o bloco Coruja no circuito Barra-Ondina durante tr\u00eas dias, s\u00e1bado, domingo e segunda-feira de Carnaval.<\/p>\n","protected":false},"excerpt":{"rendered":"<p>Os f\u00e3s de Ivete Sangalo receberam mais uma boa not\u00edcia na manh\u00e3 desta quarta-feira (17), durante entrevista a Record Bahia, o prefeito de Salvador Bruno Reis, confirmou apresenta\u00e7\u00e3o da cantora na ter\u00e7a-feira de Carnaval, no &#8220;Cole no Centro&#8221;, no circuito Campo Grande, fechando a folia da capital baiana. Essa ser\u00e1 a volta de Ivete Sangalo [&hellip;]<\/p>\n","protected":false},"author":2,"featured_media":9172,"comment_status":"open","ping_status":"open","sticky":false,"template":"","format":"standard","meta":{"_monsterinsights_skip_tracking":false,"_monsterinsights_sitenote_active":false,"_monsterinsights_sitenote_note":"","_monsterinsights_sitenote_category":0,"footnotes":""},"categories":[44,47],"tags":[304,305,97,99,168,169,166,75],"yoast_head":"<!-- This site is optimized with the Yoast SEO plugin v22.9 - https:\/\/yoast.com\/wordpress\/plugins\/seo\/ -->\n<title>Prefeito de Salvador confirma pipoca com Ivete Sangalo no Campo Grande - Portal MF<\/title>\n<meta name=\"robots\" content=\"index, follow, max-snippet:-1, max-image-preview:large, max-video-preview:-1\" \/>\n<link rel=\"canonical\" href=\"https:\/\/portalmf.com.br\/index.php\/2024\/01\/17\/prefeito-de-salvador-confirma-pipoca-com-ivete-sangalo-no-campo-grande\/\" \/>\n<meta property=\"og:locale\" content=\"pt_BR\" \/>\n<meta property=\"og:type\" content=\"article\" \/>\n<meta property=\"og:title\" content=\"Prefeito de Salvador confirma pipoca com Ivete Sangalo no Campo Grande - Portal MF\" \/>\n<meta property=\"og:description\" content=\"Os f\u00e3s de Ivete Sangalo receberam mais uma boa not\u00edcia na manh\u00e3 desta quarta-feira (17), durante entrevista a Record Bahia, o prefeito de Salvador Bruno Reis, confirmou apresenta\u00e7\u00e3o da cantora na ter\u00e7a-feira de Carnaval, no &#8220;Cole no Centro&#8221;, no circuito Campo Grande, fechando a folia da capital baiana. Essa ser\u00e1 a volta de Ivete Sangalo [&hellip;]\" \/>\n<meta property=\"og:url\" content=\"https:\/\/portalmf.com.br\/index.php\/2024\/01\/17\/prefeito-de-salvador-confirma-pipoca-com-ivete-sangalo-no-campo-grande\/\" \/>\n<meta property=\"og:site_name\" content=\"Portal MF\" \/>\n<meta property=\"article:author\" content=\"reginaldojrfsa\" \/>\n<meta property=\"article:published_time\" content=\"2024-01-17T15:19:51+00:00\" \/>\n<meta property=\"article:modified_time\" content=\"2024-01-17T15:25:08+00:00\" \/>\n<meta property=\"og:image\" content=\"https:\/\/portalmf.com.br\/wp-content\/uploads\/2023\/02\/IVETE-SANGALO-PIPOCA.jpg\" \/>\n\t<meta property=\"og:image:width\" content=\"1380\" \/>\n\t<meta property=\"og:image:height\" content=\"920\" \/>\n\t<meta property=\"og:image:type\" content=\"image\/jpeg\" \/>\n<meta name=\"author\" content=\"Reginaldo J\u00fanior\" \/>\n<meta name=\"twitter:card\" content=\"summary_large_image\" \/>\n<meta name=\"twitter:creator\" content=\"@reginaldojrmf\" \/>\n<meta name=\"twitter:label1\" content=\"Escrito por\" \/>\n\t<meta name=\"twitter:data1\" content=\"Reginaldo J\u00fanior\" \/>\n\t<meta name=\"twitter:label2\" content=\"Est. tempo de leitura\" \/>\n\t<meta name=\"twitter:data2\" content=\"2 minutos\" \/>\n<script type=\"application\/ld+json\" class=\"yoast-schema-graph\">{\"@context\":\"https:\/\/schema.org\",\"@graph\":[{\"@type\":\"WebPage\",\"@id\":\"https:\/\/portalmf.com.br\/index.php\/2024\/01\/17\/prefeito-de-salvador-confirma-pipoca-com-ivete-sangalo-no-campo-grande\/\",\"url\":\"https:\/\/portalmf.com.br\/index.php\/2024\/01\/17\/prefeito-de-salvador-confirma-pipoca-com-ivete-sangalo-no-campo-grande\/\",\"name\":\"Prefeito de Salvador confirma pipoca com Ivete Sangalo no Campo Grande - Portal MF\",\"isPartOf\":{\"@id\":\"https:\/\/portalmf.com.br\/#website\"},\"primaryImageOfPage\":{\"@id\":\"https:\/\/portalmf.com.br\/index.php\/2024\/01\/17\/prefeito-de-salvador-confirma-pipoca-com-ivete-sangalo-no-campo-grande\/#primaryimage\"},\"image\":{\"@id\":\"https:\/\/portalmf.com.br\/index.php\/2024\/01\/17\/prefeito-de-salvador-confirma-pipoca-com-ivete-sangalo-no-campo-grande\/#primaryimage\"},\"thumbnailUrl\":\"https:\/\/portalmf.com.br\/wp-content\/uploads\/2023\/02\/IVETE-SANGALO-PIPOCA.jpg\",\"datePublished\":\"2024-01-17T15:19:51+00:00\",\"dateModified\":\"2024-01-17T15:25:08+00:00\",\"author\":{\"@id\":\"https:\/\/portalmf.com.br\/#\/schema\/person\/11c82086fe8abc05a19147e964587285\"},\"breadcrumb\":{\"@id\":\"https:\/\/portalmf.com.br\/index.php\/2024\/01\/17\/prefeito-de-salvador-confirma-pipoca-com-ivete-sangalo-no-campo-grande\/#breadcrumb\"},\"inLanguage\":\"pt-BR\",\"potentialAction\":[{\"@type\":\"ReadAction\",\"target\":[\"https:\/\/portalmf.com.br\/index.php\/2024\/01\/17\/prefeito-de-salvador-confirma-pipoca-com-ivete-sangalo-no-campo-grande\/\"]}]},{\"@type\":\"ImageObject\",\"inLanguage\":\"pt-BR\",\"@id\":\"https:\/\/portalmf.com.br\/index.php\/2024\/01\/17\/prefeito-de-salvador-confirma-pipoca-com-ivete-sangalo-no-campo-grande\/#primaryimage\",\"url\":\"https:\/\/portalmf.com.br\/wp-content\/uploads\/2023\/02\/IVETE-SANGALO-PIPOCA.jpg\",\"contentUrl\":\"https:\/\/portalmf.com.br\/wp-content\/uploads\/2023\/02\/IVETE-SANGALO-PIPOCA.jpg\",\"width\":1380,\"height\":920,\"caption\":\"Foto: Valter Pontes\/Secom\"},{\"@type\":\"BreadcrumbList\",\"@id\":\"https:\/\/portalmf.com.br\/index.php\/2024\/01\/17\/prefeito-de-salvador-confirma-pipoca-com-ivete-sangalo-no-campo-grande\/#breadcrumb\",\"itemListElement\":[{\"@type\":\"ListItem\",\"position\":1,\"name\":\"In\u00edcio\",\"item\":\"https:\/\/portalmf.com.br\/\"},{\"@type\":\"ListItem\",\"position\":2,\"name\":\"Prefeito de Salvador confirma pipoca com Ivete Sangalo no Campo Grande\"}]},{\"@type\":\"WebSite\",\"@id\":\"https:\/\/portalmf.com.br\/#website\",\"url\":\"https:\/\/portalmf.com.br\/\",\"name\":\"Portal MF\",\"description\":\"Voc\u00ea conectado com a informa\u00e7\u00e3o\",\"potentialAction\":[{\"@type\":\"SearchAction\",\"target\":{\"@type\":\"EntryPoint\",\"urlTemplate\":\"https:\/\/portalmf.com.br\/?s={search_term_string}\"},\"query-input\":\"required name=search_term_string\"}],\"inLanguage\":\"pt-BR\"},{\"@type\":\"Person\",\"@id\":\"https:\/\/portalmf.com.br\/#\/schema\/person\/11c82086fe8abc05a19147e964587285\",\"name\":\"Reginaldo J\u00fanior\",\"image\":{\"@type\":\"ImageObject\",\"inLanguage\":\"pt-BR\",\"@id\":\"https:\/\/portalmf.com.br\/#\/schema\/person\/image\/\",\"url\":\"https:\/\/secure.gravatar.com\/avatar\/32a3c797cd0ac47cc53b8644c62776f9?s=96&d=mm&r=g\",\"contentUrl\":\"https:\/\/secure.gravatar.com\/avatar\/32a3c797cd0ac47cc53b8644c62776f9?s=96&d=mm&r=g\",\"caption\":\"Reginaldo J\u00fanior\"},\"description\":\"Jornalista e idealizador Portal MF\",\"sameAs\":[\"https:\/\/portalmf.com.br\/index.php\/author\/reginaldojr\/\",\"reginaldojrfsa\",\"reginaldojuniormf\",\"https:\/\/x.com\/reginaldojrmf\"],\"url\":\"https:\/\/portalmf.com.br\/index.php\/author\/reginaldojr\/\"}]}<\/script>\n<!-- \/ Yoast SEO plugin. -->","yoast_head_json":{"title":"Prefeito de Salvador confirma pipoca com Ivete Sangalo no Campo Grande - Portal MF","robots":{"index":"index","follow":"follow","max-snippet":"max-snippet:-1","max-image-preview":"max-image-preview:large","max-video-preview":"max-video-preview:-1"},"canonical":"https:\/\/portalmf.com.br\/index.php\/2024\/01\/17\/prefeito-de-salvador-confirma-pipoca-com-ivete-sangalo-no-campo-grande\/","og_locale":"pt_BR","og_type":"article","og_title":"Prefeito de Salvador confirma pipoca com Ivete Sangalo no Campo Grande - Portal MF","og_description":"Os f\u00e3s de Ivete Sangalo receberam mais uma boa not\u00edcia na manh\u00e3 desta quarta-feira (17), durante entrevista a Record Bahia, o prefeito de Salvador Bruno Reis, confirmou apresenta\u00e7\u00e3o da cantora na ter\u00e7a-feira de Carnaval, no &#8220;Cole no Centro&#8221;, no circuito Campo Grande, fechando a folia da capital baiana. Essa ser\u00e1 a volta de Ivete Sangalo [&hellip;]","og_url":"https:\/\/portalmf.com.br\/index.php\/2024\/01\/17\/prefeito-de-salvador-confirma-pipoca-com-ivete-sangalo-no-campo-grande\/","og_site_name":"Portal MF","article_author":"reginaldojrfsa","article_published_time":"2024-01-17T15:19:51+00:00","article_modified_time":"2024-01-17T15:25:08+00:00","og_image":[{"width":1380,"height":920,"url":"https:\/\/portalmf.com.br\/wp-content\/uploads\/2023\/02\/IVETE-SANGALO-PIPOCA.jpg","type":"image\/jpeg"}],"author":"Reginaldo J\u00fanior","twitter_card":"summary_large_image","twitter_creator":"@reginaldojrmf","twitter_misc":{"Escrito por":"Reginaldo J\u00fanior","Est. tempo de leitura":"2 minutos"},"schema":{"@context":"https:\/\/schema.org","@graph":[{"@type":"WebPage","@id":"https:\/\/portalmf.com.br\/index.php\/2024\/01\/17\/prefeito-de-salvador-confirma-pipoca-com-ivete-sangalo-no-campo-grande\/","url":"https:\/\/portalmf.com.br\/index.php\/2024\/01\/17\/prefeito-de-salvador-confirma-pipoca-com-ivete-sangalo-no-campo-grande\/","name":"Prefeito de Salvador confirma pipoca com Ivete Sangalo no Campo Grande - Portal MF","isPartOf":{"@id":"https:\/\/portalmf.com.br\/#website"},"primaryImageOfPage":{"@id":"https:\/\/portalmf.com.br\/index.php\/2024\/01\/17\/prefeito-de-salvador-confirma-pipoca-com-ivete-sangalo-no-campo-grande\/#primaryimage"},"image":{"@id":"https:\/\/portalmf.com.br\/index.php\/2024\/01\/17\/prefeito-de-salvador-confirma-pipoca-com-ivete-sangalo-no-campo-grande\/#primaryimage"},"thumbnailUrl":"https:\/\/portalmf.com.br\/wp-content\/uploads\/2023\/02\/IVETE-SANGALO-PIPOCA.jpg","datePublished":"2024-01-17T15:19:51+00:00","dateModified":"2024-01-17T15:25:08+00:00","author":{"@id":"https:\/\/portalmf.com.br\/#\/schema\/person\/11c82086fe8abc05a19147e964587285"},"breadcrumb":{"@id":"https:\/\/portalmf.com.br\/index.php\/2024\/01\/17\/prefeito-de-salvador-confirma-pipoca-com-ivete-sangalo-no-campo-grande\/#breadcrumb"},"inLanguage":"pt-BR","potentialAction":[{"@type":"ReadAction","target":["https:\/\/portalmf.com.br\/index.php\/2024\/01\/17\/prefeito-de-salvador-confirma-pipoca-com-ivete-sangalo-no-campo-grande\/"]}]},{"@type":"ImageObject","inLanguage":"pt-BR","@id":"https:\/\/portalmf.com.br\/index.php\/2024\/01\/17\/prefeito-de-salvador-confirma-pipoca-com-ivete-sangalo-no-campo-grande\/#primaryimage","url":"https:\/\/portalmf.com.br\/wp-content\/uploads\/2023\/02\/IVETE-SANGALO-PIPOCA.jpg","contentUrl":"https:\/\/portalmf.com.br\/wp-content\/uploads\/2023\/02\/IVETE-SANGALO-PIPOCA.jpg","width":1380,"height":920,"caption":"Foto: Valter Pontes\/Secom"},{"@type":"BreadcrumbList","@id":"https:\/\/portalmf.com.br\/index.php\/2024\/01\/17\/prefeito-de-salvador-confirma-pipoca-com-ivete-sangalo-no-campo-grande\/#breadcrumb","itemListElement":[{"@type":"ListItem","position":1,"name":"In\u00edcio","item":"https:\/\/portalmf.com.br\/"},{"@type":"ListItem","position":2,"name":"Prefeito de Salvador confirma pipoca com Ivete Sangalo no Campo Grande"}]},{"@type":"WebSite","@id":"https:\/\/portalmf.com.br\/#website","url":"https:\/\/portalmf.com.br\/","name":"Portal MF","description":"Voc\u00ea conectado com a informa\u00e7\u00e3o","potentialAction":[{"@type":"SearchAction","target":{"@type":"EntryPoint","urlTemplate":"https:\/\/portalmf.com.br\/?s={search_term_string}"},"query-input":"required name=search_term_string"}],"inLanguage":"pt-BR"},{"@type":"Person","@id":"https:\/\/portalmf.com.br\/#\/schema\/person\/11c82086fe8abc05a19147e964587285","name":"Reginaldo J\u00fanior","image":{"@type":"ImageObject","inLanguage":"pt-BR","@id":"https:\/\/portalmf.com.br\/#\/schema\/person\/image\/","url":"https:\/\/secure.gravatar.com\/avatar\/32a3c797cd0ac47cc53b8644c62776f9?s=96&d=mm&r=g","contentUrl":"https:\/\/secure.gravatar.com\/avatar\/32a3c797cd0ac47cc53b8644c62776f9?s=96&d=mm&r=g","caption":"Reginaldo J\u00fanior"},"description":"Jornalista e idealizador Portal MF","sameAs":["https:\/\/portalmf.com.br\/index.php\/author\/reginaldojr\/","reginaldojrfsa","reginaldojuniormf","https:\/\/x.com\/reginaldojrmf"],"url":"https:\/\/portalmf.com.br\/index.php\/author\/reginaldojr\/"}]}},"_links":{"self":[{"href":"https:\/\/portalmf.com.br\/index.php\/wp-json\/wp\/v2\/posts\/22105"}],"collection":[{"href":"https:\/\/portalmf.com.br\/index.php\/wp-json\/wp\/v2\/posts"}],"about":[{"href":"https:\/\/portalmf.com.br\/index.php\/wp-json\/wp\/v2\/types\/post"}],"author":[{"embeddable":true,"href":"https:\/\/portalmf.com.br\/index.php\/wp-json\/wp\/v2\/users\/2"}],"replies":[{"embeddable":true,"href":"https:\/\/portalmf.com.br\/index.php\/wp-json\/wp\/v2\/comments?post=22105"}],"version-history":[{"count":2,"href":"https:\/\/portalmf.com.br\/index.php\/wp-json\/wp\/v2\/posts\/22105\/revisions"}],"predecessor-version":[{"id":22108,"href":"https:\/\/portalmf.com.br\/index.php\/wp-json\/wp\/v2\/posts\/22105\/revisions\/22108"}],"wp:featuredmedia":[{"embeddable":true,"href":"https:\/\/portalmf.com.br\/index.php\/wp-json\/wp\/v2\/media\/9172"}],"wp:attachment":[{"href":"https:\/\/portalmf.com.br\/index.php\/wp-json\/wp\/v2\/media?parent=22105"}],"wp:term":[{"taxonomy":"category","embeddable":true,"href":"https:\/\/portalmf.com.br\/index.php\/wp-json\/wp\/v2\/categories?post=22105"},{"taxonomy":"post_tag","embeddable":true,"href":"https:\/\/portalmf.com.br\/index.php\/wp-json\/wp\/v2\/tags?post=22105"}],"curies":[{"name":"wp","href":"https:\/\/api.w.org\/{rel}","templated":true}]}}