{"id":22070,"date":"2024-01-16T18:11:26","date_gmt":"2024-01-16T21:11:26","guid":{"rendered":"https:\/\/portalmf.com.br\/?p=22070"},"modified":"2024-01-16T18:11:28","modified_gmt":"2024-01-16T21:11:28","slug":"prefeitura-distribuiu-45-mil-litros-de-leite-para-familias-carentes-so-nos-primeiros-dias-de-2024","status":"publish","type":"post","link":"https:\/\/portalmf.com.br\/index.php\/2024\/01\/16\/prefeitura-distribuiu-45-mil-litros-de-leite-para-familias-carentes-so-nos-primeiros-dias-de-2024\/","title":{"rendered":"Prefeitura distribuiu 45 mil litros de leite para fam\u00edlias carentes s\u00f3 nos primeiros dias de 2024"},"content":{"rendered":"\n<p>A Prefeitura de Feira de Santana, atrav\u00e9s da Secretaria de Desenvolvimento Social, j\u00e1 est\u00e1 intensificando a distribui\u00e7\u00e3o de leite neste ano. Somente nos primeiros dias de 2024, foram distribu\u00eddos 45 mil litros do produto, beneficiando mais de 100 mil pessoas.<\/p>\n\n\n\n<p>O secret\u00e1rio de Desenvolvimento Social, Denilton Brito, explica que o programa de distribui\u00e7\u00e3o de leite \u00e9 integrado entre o Governo Federal, Estadual e o Munic\u00edpio. &#8220;A Prefeitura \u00e9 respons\u00e1vel pelo cadastramento, sele\u00e7\u00e3o das fam\u00edlias que poder\u00e3o receber at\u00e9 7 litros de leite por semana, e a distribui\u00e7\u00e3o do produto&#8221;, informa.<\/p>\n\n\n\n<p>O diretor de Seguran\u00e7a Alimentar da SEDESO, Ant\u00f4nio Soares, tem acompanhado de perto a distribui\u00e7\u00e3o do leite. Na \u00faltima sexta-feira (12), esteve no CRAS do Distrito de Humildes acompanhando a entrega do produto para gestantes, nutrizes, idosos e crian\u00e7as de 2 a 7 anos, al\u00e9m de comunidades ind\u00edgenas.<\/p>\n\n\n<div class=\"wp-block-image\">\n<figure class=\"alignleft size-large is-resized\"><img fetchpriority=\"high\" decoding=\"async\" width=\"1024\" height=\"683\" src=\"https:\/\/portalmf.com.br\/wp-content\/uploads\/2024\/01\/image-16-1024x683.png\" alt=\"\" class=\"wp-image-22072\" style=\"width:284px;height:auto\" srcset=\"https:\/\/portalmf.com.br\/wp-content\/uploads\/2024\/01\/image-16-1024x683.png 1024w, https:\/\/portalmf.com.br\/wp-content\/uploads\/2024\/01\/image-16-300x200.png 300w, https:\/\/portalmf.com.br\/wp-content\/uploads\/2024\/01\/image-16-768x512.png 768w, https:\/\/portalmf.com.br\/wp-content\/uploads\/2024\/01\/image-16-585x390.png 585w, https:\/\/portalmf.com.br\/wp-content\/uploads\/2024\/01\/image-16-263x175.png 263w, https:\/\/portalmf.com.br\/wp-content\/uploads\/2024\/01\/image-16.png 1169w\" sizes=\"(max-width: 1024px) 100vw, 1024px\" \/><figcaption class=\"wp-element-caption\"><strong>Fotos: Divulga\u00e7\u00e3o SEDESO<\/strong><\/figcaption><\/figure><\/div>\n\n\n<p>Feira de Santana tem mais de 20 mil crian\u00e7as dentro do perfil de 2 a 7 anos e 38 mil idosos na base do Cad\u00fanico da SEDESO. Por essas e outras raz\u00f5es, o Departamento exerce um olhar atento com a distribui\u00e7\u00e3o do nutriente.<\/p>\n\n\n\n<p>O diretor explica que a rela\u00e7\u00e3o de pessoas beneficiadas vai passar por revis\u00e3o e reprograma\u00e7\u00e3o atrav\u00e9s de recadastramento pelas equipes dos CRAS e CREAS em raz\u00e3o da rotatividade do p\u00fablico eleg\u00edvel. \u201cPessoas saem e novas pessoas entram\u201d, afirma Soares. A ordem de entregas para que o leite chegue o mais r\u00e1pido poss\u00edvel \u00e0 mesa da popula\u00e7\u00e3o tem prioridades: CRAS, Centro Pop, entidades e organiza\u00e7\u00f5es de assist\u00eancia social e por \u00faltimo CREAS.<\/p>\n\n\n\n<p>A SEDESO vai referenciar at\u00e9 230 fam\u00edlias da zona rural de Feira de Santana que se declararam ter domic\u00edlios constru\u00eddos em taipa, sendo que mais da metade dessas casas sequer disp\u00f5e de revestimento. Nessas moradias residem crian\u00e7as e idosos que n\u00e3o s\u00e3o contemplados com o benef\u00edcio do leite.<\/p>\n\n\n\n<p>Com informa\u00e7\u00f5es da Secom<\/p>\n","protected":false},"excerpt":{"rendered":"<p>A Prefeitura de Feira de Santana, atrav\u00e9s da Secretaria de Desenvolvimento Social, j\u00e1 est\u00e1 intensificando a distribui\u00e7\u00e3o de leite neste ano. Somente nos primeiros dias de 2024, foram distribu\u00eddos 45 mil litros do produto, beneficiando mais de 100 mil pessoas. O secret\u00e1rio de Desenvolvimento Social, Denilton Brito, explica que o programa de distribui\u00e7\u00e3o de leite [&hellip;]<\/p>\n","protected":false},"author":3,"featured_media":22071,"comment_status":"open","ping_status":"open","sticky":false,"template":"","format":"standard","meta":{"_monsterinsights_skip_tracking":false,"_monsterinsights_sitenote_active":false,"_monsterinsights_sitenote_note":"","_monsterinsights_sitenote_category":0,"footnotes":""},"categories":[34],"tags":[],"yoast_head":"<!-- This site is optimized with the Yoast SEO plugin v22.9 - https:\/\/yoast.com\/wordpress\/plugins\/seo\/ -->\n<title>Prefeitura distribuiu 45 mil litros de leite para fam\u00edlias carentes s\u00f3 nos primeiros dias de 2024 - Portal MF<\/title>\n<meta name=\"robots\" content=\"index, follow, max-snippet:-1, max-image-preview:large, max-video-preview:-1\" \/>\n<link rel=\"canonical\" href=\"https:\/\/portalmf.com.br\/index.php\/2024\/01\/16\/prefeitura-distribuiu-45-mil-litros-de-leite-para-familias-carentes-so-nos-primeiros-dias-de-2024\/\" \/>\n<meta property=\"og:locale\" content=\"pt_BR\" \/>\n<meta property=\"og:type\" content=\"article\" \/>\n<meta property=\"og:title\" content=\"Prefeitura distribuiu 45 mil litros de leite para fam\u00edlias carentes s\u00f3 nos primeiros dias de 2024 - Portal MF\" \/>\n<meta property=\"og:description\" content=\"A Prefeitura de Feira de Santana, atrav\u00e9s da Secretaria de Desenvolvimento Social, j\u00e1 est\u00e1 intensificando a distribui\u00e7\u00e3o de leite neste ano. Somente nos primeiros dias de 2024, foram distribu\u00eddos 45 mil litros do produto, beneficiando mais de 100 mil pessoas. O secret\u00e1rio de Desenvolvimento Social, Denilton Brito, explica que o programa de distribui\u00e7\u00e3o de leite [&hellip;]\" \/>\n<meta property=\"og:url\" content=\"https:\/\/portalmf.com.br\/index.php\/2024\/01\/16\/prefeitura-distribuiu-45-mil-litros-de-leite-para-familias-carentes-so-nos-primeiros-dias-de-2024\/\" \/>\n<meta property=\"og:site_name\" content=\"Portal MF\" \/>\n<meta property=\"article:author\" content=\"https:\/\/www.facebook.com\/portalmfoficial\" \/>\n<meta property=\"article:published_time\" content=\"2024-01-16T21:11:26+00:00\" \/>\n<meta property=\"article:modified_time\" content=\"2024-01-16T21:11:28+00:00\" \/>\n<meta property=\"og:image\" content=\"https:\/\/portalmf.com.br\/wp-content\/uploads\/2024\/01\/SEDESO-Distribuicao-de-Leite-foto-divulgacao-SEDESO.jpg\" \/>\n\t<meta property=\"og:image:width\" content=\"1169\" \/>\n\t<meta property=\"og:image:height\" content=\"780\" \/>\n\t<meta property=\"og:image:type\" content=\"image\/jpeg\" \/>\n<meta name=\"author\" content=\"Reda\u00e7\u00e3o Portal MF\" \/>\n<meta name=\"twitter:card\" content=\"summary_large_image\" \/>\n<meta name=\"twitter:creator\" content=\"@https:\/\/x.com\/portalmfoficial\" \/>\n<meta name=\"twitter:label1\" content=\"Escrito por\" \/>\n\t<meta name=\"twitter:data1\" content=\"Reda\u00e7\u00e3o Portal MF\" \/>\n\t<meta name=\"twitter:label2\" content=\"Est. tempo de leitura\" \/>\n\t<meta name=\"twitter:data2\" content=\"3 minutos\" \/>\n<script type=\"application\/ld+json\" class=\"yoast-schema-graph\">{\"@context\":\"https:\/\/schema.org\",\"@graph\":[{\"@type\":\"WebPage\",\"@id\":\"https:\/\/portalmf.com.br\/index.php\/2024\/01\/16\/prefeitura-distribuiu-45-mil-litros-de-leite-para-familias-carentes-so-nos-primeiros-dias-de-2024\/\",\"url\":\"https:\/\/portalmf.com.br\/index.php\/2024\/01\/16\/prefeitura-distribuiu-45-mil-litros-de-leite-para-familias-carentes-so-nos-primeiros-dias-de-2024\/\",\"name\":\"Prefeitura distribuiu 45 mil litros de leite para fam\u00edlias carentes s\u00f3 nos primeiros dias de 2024 - Portal MF\",\"isPartOf\":{\"@id\":\"https:\/\/portalmf.com.br\/#website\"},\"primaryImageOfPage\":{\"@id\":\"https:\/\/portalmf.com.br\/index.php\/2024\/01\/16\/prefeitura-distribuiu-45-mil-litros-de-leite-para-familias-carentes-so-nos-primeiros-dias-de-2024\/#primaryimage\"},\"image\":{\"@id\":\"https:\/\/portalmf.com.br\/index.php\/2024\/01\/16\/prefeitura-distribuiu-45-mil-litros-de-leite-para-familias-carentes-so-nos-primeiros-dias-de-2024\/#primaryimage\"},\"thumbnailUrl\":\"https:\/\/portalmf.com.br\/wp-content\/uploads\/2024\/01\/SEDESO-Distribuicao-de-Leite-foto-divulgacao-SEDESO.jpg\",\"datePublished\":\"2024-01-16T21:11:26+00:00\",\"dateModified\":\"2024-01-16T21:11:28+00:00\",\"author\":{\"@id\":\"https:\/\/portalmf.com.br\/#\/schema\/person\/9ec101baf56233e53520c26de5d6f6f0\"},\"breadcrumb\":{\"@id\":\"https:\/\/portalmf.com.br\/index.php\/2024\/01\/16\/prefeitura-distribuiu-45-mil-litros-de-leite-para-familias-carentes-so-nos-primeiros-dias-de-2024\/#breadcrumb\"},\"inLanguage\":\"pt-BR\",\"potentialAction\":[{\"@type\":\"ReadAction\",\"target\":[\"https:\/\/portalmf.com.br\/index.php\/2024\/01\/16\/prefeitura-distribuiu-45-mil-litros-de-leite-para-familias-carentes-so-nos-primeiros-dias-de-2024\/\"]}]},{\"@type\":\"ImageObject\",\"inLanguage\":\"pt-BR\",\"@id\":\"https:\/\/portalmf.com.br\/index.php\/2024\/01\/16\/prefeitura-distribuiu-45-mil-litros-de-leite-para-familias-carentes-so-nos-primeiros-dias-de-2024\/#primaryimage\",\"url\":\"https:\/\/portalmf.com.br\/wp-content\/uploads\/2024\/01\/SEDESO-Distribuicao-de-Leite-foto-divulgacao-SEDESO.jpg\",\"contentUrl\":\"https:\/\/portalmf.com.br\/wp-content\/uploads\/2024\/01\/SEDESO-Distribuicao-de-Leite-foto-divulgacao-SEDESO.jpg\",\"width\":1169,\"height\":780},{\"@type\":\"BreadcrumbList\",\"@id\":\"https:\/\/portalmf.com.br\/index.php\/2024\/01\/16\/prefeitura-distribuiu-45-mil-litros-de-leite-para-familias-carentes-so-nos-primeiros-dias-de-2024\/#breadcrumb\",\"itemListElement\":[{\"@type\":\"ListItem\",\"position\":1,\"name\":\"In\u00edcio\",\"item\":\"https:\/\/portalmf.com.br\/\"},{\"@type\":\"ListItem\",\"position\":2,\"name\":\"Prefeitura distribuiu 45 mil litros de leite para fam\u00edlias carentes s\u00f3 nos primeiros dias de 2024\"}]},{\"@type\":\"WebSite\",\"@id\":\"https:\/\/portalmf.com.br\/#website\",\"url\":\"https:\/\/portalmf.com.br\/\",\"name\":\"Portal MF\",\"description\":\"Voc\u00ea conectado com a informa\u00e7\u00e3o\",\"potentialAction\":[{\"@type\":\"SearchAction\",\"target\":{\"@type\":\"EntryPoint\",\"urlTemplate\":\"https:\/\/portalmf.com.br\/?s={search_term_string}\"},\"query-input\":\"required name=search_term_string\"}],\"inLanguage\":\"pt-BR\"},{\"@type\":\"Person\",\"@id\":\"https:\/\/portalmf.com.br\/#\/schema\/person\/9ec101baf56233e53520c26de5d6f6f0\",\"name\":\"Reda\u00e7\u00e3o Portal MF\",\"image\":{\"@type\":\"ImageObject\",\"inLanguage\":\"pt-BR\",\"@id\":\"https:\/\/portalmf.com.br\/#\/schema\/person\/image\/\",\"url\":\"https:\/\/secure.gravatar.com\/avatar\/41b9aaeb2100835f7c64362330f74c7f?s=96&d=mm&r=g\",\"contentUrl\":\"https:\/\/secure.gravatar.com\/avatar\/41b9aaeb2100835f7c64362330f74c7f?s=96&d=mm&r=g\",\"caption\":\"Reda\u00e7\u00e3o Portal MF\"},\"description\":\"Sejam bem-vindos o portal de informa\u00e7\u00f5es de entretenimento de Feira de Santana, desde 2006 realiza coberturas dos principais eventos com entrevistas exclusivas com as principais personalidades mundiais. Fique conectado tamb\u00e9m nas redes sociais.\",\"sameAs\":[\"http:\/\/www.portalmf.com.br\/\",\"https:\/\/www.facebook.com\/portalmfoficial\",\"https:\/\/www.instagram.com\/portalmf\/\",\"https:\/\/x.com\/https:\/\/x.com\/portalmfoficial\",\"https:\/\/www.youtube.com\/@portalmfoficial\"],\"url\":\"https:\/\/portalmf.com.br\/index.php\/author\/junior\/\"}]}<\/script>\n<!-- \/ Yoast SEO plugin. -->","yoast_head_json":{"title":"Prefeitura distribuiu 45 mil litros de leite para fam\u00edlias carentes s\u00f3 nos primeiros dias de 2024 - Portal MF","robots":{"index":"index","follow":"follow","max-snippet":"max-snippet:-1","max-image-preview":"max-image-preview:large","max-video-preview":"max-video-preview:-1"},"canonical":"https:\/\/portalmf.com.br\/index.php\/2024\/01\/16\/prefeitura-distribuiu-45-mil-litros-de-leite-para-familias-carentes-so-nos-primeiros-dias-de-2024\/","og_locale":"pt_BR","og_type":"article","og_title":"Prefeitura distribuiu 45 mil litros de leite para fam\u00edlias carentes s\u00f3 nos primeiros dias de 2024 - Portal MF","og_description":"A Prefeitura de Feira de Santana, atrav\u00e9s da Secretaria de Desenvolvimento Social, j\u00e1 est\u00e1 intensificando a distribui\u00e7\u00e3o de leite neste ano. Somente nos primeiros dias de 2024, foram distribu\u00eddos 45 mil litros do produto, beneficiando mais de 100 mil pessoas. O secret\u00e1rio de Desenvolvimento Social, Denilton Brito, explica que o programa de distribui\u00e7\u00e3o de leite [&hellip;]","og_url":"https:\/\/portalmf.com.br\/index.php\/2024\/01\/16\/prefeitura-distribuiu-45-mil-litros-de-leite-para-familias-carentes-so-nos-primeiros-dias-de-2024\/","og_site_name":"Portal MF","article_author":"https:\/\/www.facebook.com\/portalmfoficial","article_published_time":"2024-01-16T21:11:26+00:00","article_modified_time":"2024-01-16T21:11:28+00:00","og_image":[{"width":1169,"height":780,"url":"https:\/\/portalmf.com.br\/wp-content\/uploads\/2024\/01\/SEDESO-Distribuicao-de-Leite-foto-divulgacao-SEDESO.jpg","type":"image\/jpeg"}],"author":"Reda\u00e7\u00e3o Portal MF","twitter_card":"summary_large_image","twitter_creator":"@https:\/\/x.com\/portalmfoficial","twitter_misc":{"Escrito por":"Reda\u00e7\u00e3o Portal MF","Est. tempo de leitura":"3 minutos"},"schema":{"@context":"https:\/\/schema.org","@graph":[{"@type":"WebPage","@id":"https:\/\/portalmf.com.br\/index.php\/2024\/01\/16\/prefeitura-distribuiu-45-mil-litros-de-leite-para-familias-carentes-so-nos-primeiros-dias-de-2024\/","url":"https:\/\/portalmf.com.br\/index.php\/2024\/01\/16\/prefeitura-distribuiu-45-mil-litros-de-leite-para-familias-carentes-so-nos-primeiros-dias-de-2024\/","name":"Prefeitura distribuiu 45 mil litros de leite para fam\u00edlias carentes s\u00f3 nos primeiros dias de 2024 - Portal MF","isPartOf":{"@id":"https:\/\/portalmf.com.br\/#website"},"primaryImageOfPage":{"@id":"https:\/\/portalmf.com.br\/index.php\/2024\/01\/16\/prefeitura-distribuiu-45-mil-litros-de-leite-para-familias-carentes-so-nos-primeiros-dias-de-2024\/#primaryimage"},"image":{"@id":"https:\/\/portalmf.com.br\/index.php\/2024\/01\/16\/prefeitura-distribuiu-45-mil-litros-de-leite-para-familias-carentes-so-nos-primeiros-dias-de-2024\/#primaryimage"},"thumbnailUrl":"https:\/\/portalmf.com.br\/wp-content\/uploads\/2024\/01\/SEDESO-Distribuicao-de-Leite-foto-divulgacao-SEDESO.jpg","datePublished":"2024-01-16T21:11:26+00:00","dateModified":"2024-01-16T21:11:28+00:00","author":{"@id":"https:\/\/portalmf.com.br\/#\/schema\/person\/9ec101baf56233e53520c26de5d6f6f0"},"breadcrumb":{"@id":"https:\/\/portalmf.com.br\/index.php\/2024\/01\/16\/prefeitura-distribuiu-45-mil-litros-de-leite-para-familias-carentes-so-nos-primeiros-dias-de-2024\/#breadcrumb"},"inLanguage":"pt-BR","potentialAction":[{"@type":"ReadAction","target":["https:\/\/portalmf.com.br\/index.php\/2024\/01\/16\/prefeitura-distribuiu-45-mil-litros-de-leite-para-familias-carentes-so-nos-primeiros-dias-de-2024\/"]}]},{"@type":"ImageObject","inLanguage":"pt-BR","@id":"https:\/\/portalmf.com.br\/index.php\/2024\/01\/16\/prefeitura-distribuiu-45-mil-litros-de-leite-para-familias-carentes-so-nos-primeiros-dias-de-2024\/#primaryimage","url":"https:\/\/portalmf.com.br\/wp-content\/uploads\/2024\/01\/SEDESO-Distribuicao-de-Leite-foto-divulgacao-SEDESO.jpg","contentUrl":"https:\/\/portalmf.com.br\/wp-content\/uploads\/2024\/01\/SEDESO-Distribuicao-de-Leite-foto-divulgacao-SEDESO.jpg","width":1169,"height":780},{"@type":"BreadcrumbList","@id":"https:\/\/portalmf.com.br\/index.php\/2024\/01\/16\/prefeitura-distribuiu-45-mil-litros-de-leite-para-familias-carentes-so-nos-primeiros-dias-de-2024\/#breadcrumb","itemListElement":[{"@type":"ListItem","position":1,"name":"In\u00edcio","item":"https:\/\/portalmf.com.br\/"},{"@type":"ListItem","position":2,"name":"Prefeitura distribuiu 45 mil litros de leite para fam\u00edlias carentes s\u00f3 nos primeiros dias de 2024"}]},{"@type":"WebSite","@id":"https:\/\/portalmf.com.br\/#website","url":"https:\/\/portalmf.com.br\/","name":"Portal MF","description":"Voc\u00ea conectado com a informa\u00e7\u00e3o","potentialAction":[{"@type":"SearchAction","target":{"@type":"EntryPoint","urlTemplate":"https:\/\/portalmf.com.br\/?s={search_term_string}"},"query-input":"required name=search_term_string"}],"inLanguage":"pt-BR"},{"@type":"Person","@id":"https:\/\/portalmf.com.br\/#\/schema\/person\/9ec101baf56233e53520c26de5d6f6f0","name":"Reda\u00e7\u00e3o Portal MF","image":{"@type":"ImageObject","inLanguage":"pt-BR","@id":"https:\/\/portalmf.com.br\/#\/schema\/person\/image\/","url":"https:\/\/secure.gravatar.com\/avatar\/41b9aaeb2100835f7c64362330f74c7f?s=96&d=mm&r=g","contentUrl":"https:\/\/secure.gravatar.com\/avatar\/41b9aaeb2100835f7c64362330f74c7f?s=96&d=mm&r=g","caption":"Reda\u00e7\u00e3o Portal MF"},"description":"Sejam bem-vindos o portal de informa\u00e7\u00f5es de entretenimento de Feira de Santana, desde 2006 realiza coberturas dos principais eventos com entrevistas exclusivas com as principais personalidades mundiais. Fique conectado tamb\u00e9m nas redes sociais.","sameAs":["http:\/\/www.portalmf.com.br\/","https:\/\/www.facebook.com\/portalmfoficial","https:\/\/www.instagram.com\/portalmf\/","https:\/\/x.com\/https:\/\/x.com\/portalmfoficial","https:\/\/www.youtube.com\/@portalmfoficial"],"url":"https:\/\/portalmf.com.br\/index.php\/author\/junior\/"}]}},"_links":{"self":[{"href":"https:\/\/portalmf.com.br\/index.php\/wp-json\/wp\/v2\/posts\/22070"}],"collection":[{"href":"https:\/\/portalmf.com.br\/index.php\/wp-json\/wp\/v2\/posts"}],"about":[{"href":"https:\/\/portalmf.com.br\/index.php\/wp-json\/wp\/v2\/types\/post"}],"author":[{"embeddable":true,"href":"https:\/\/portalmf.com.br\/index.php\/wp-json\/wp\/v2\/users\/3"}],"replies":[{"embeddable":true,"href":"https:\/\/portalmf.com.br\/index.php\/wp-json\/wp\/v2\/comments?post=22070"}],"version-history":[{"count":1,"href":"https:\/\/portalmf.com.br\/index.php\/wp-json\/wp\/v2\/posts\/22070\/revisions"}],"predecessor-version":[{"id":22073,"href":"https:\/\/portalmf.com.br\/index.php\/wp-json\/wp\/v2\/posts\/22070\/revisions\/22073"}],"wp:featuredmedia":[{"embeddable":true,"href":"https:\/\/portalmf.com.br\/index.php\/wp-json\/wp\/v2\/media\/22071"}],"wp:attachment":[{"href":"https:\/\/portalmf.com.br\/index.php\/wp-json\/wp\/v2\/media?parent=22070"}],"wp:term":[{"taxonomy":"category","embeddable":true,"href":"https:\/\/portalmf.com.br\/index.php\/wp-json\/wp\/v2\/categories?post=22070"},{"taxonomy":"post_tag","embeddable":true,"href":"https:\/\/portalmf.com.br\/index.php\/wp-json\/wp\/v2\/tags?post=22070"}],"curies":[{"name":"wp","href":"https:\/\/api.w.org\/{rel}","templated":true}]}}