{"id":22009,"date":"2024-01-15T08:38:00","date_gmt":"2024-01-15T11:38:00","guid":{"rendered":"https:\/\/portalmf.com.br\/?p=22009"},"modified":"2024-01-15T18:39:06","modified_gmt":"2024-01-15T21:39:06","slug":"auxilio-bolsa-presenca-sera-depositado-nesta-segunda-feira-15","status":"publish","type":"post","link":"https:\/\/portalmf.com.br\/index.php\/2024\/01\/15\/auxilio-bolsa-presenca-sera-depositado-nesta-segunda-feira-15\/","title":{"rendered":"Aux\u00edlio Bolsa Presen\u00e7a ser\u00e1 depositado nesta segunda-feira (15)"},"content":{"rendered":"\n<p>O Governo do Estado realiza, nesta segunda-feira (15), o \u00faltimo dep\u00f3sito do Programa Bolsa Presen\u00e7a, referente ao ano letivo de 2023. Esta parcela representa uma soma de R$ 48.907.550,00. Ao longo do ano de 2023, R$ 561.815.900 milh\u00f5es do or\u00e7amento estadual foram repassados para o programa, beneficiando 435 mil fam\u00edlias, garantindo sua seguran\u00e7a alimentar e assegurando, tamb\u00e9m, a perman\u00eancia para mais de 492 mil estudantes nas escolas da rede estadual.<\/p>\n\n\n\n<p>Para receber o benef\u00edcio, \u00e9 necess\u00e1rio manter atualizado o cadastro da fam\u00edlia no Cad\u00danico e a participa\u00e7\u00e3o obrigat\u00f3ria dos alunos nas avalia\u00e7\u00f5es de aprendizagem promovidas pela unidade escolar, visando orientar o acompanhamento pedag\u00f3gico. Cada fam\u00edlia de estudante habilitado para o programa recebe R$ 150 por m\u00eas, durante o ano letivo, acrescidos de R$ 50 por aluno, a partir do segundo aluno matriculado. Considerando que o Calend\u00e1rio Escolar 2024 ser\u00e1 iniciado no dia 19 de fevereiro, a primeira do novo ano letivo ser\u00e1 disponibilizada a partir do m\u00eas de mar\u00e7o.<\/p>\n\n\n\n<p>O superintendente de Gest\u00e3o da Informa\u00e7\u00e3o da Secretaria da Educa\u00e7\u00e3o do Estado da Bahia (SEC), Rainer Wendell Costa Guimar\u00e3es, ressalta a sintonia do programa com a agenda priorit\u00e1ria do governo, em uma estrat\u00e9gia de atendimento \u00e0s fam\u00edlias mais vulner\u00e1veis e, ao mesmo tempo, contribuindo para incrementar a economia da Bahia. \u201c\u00c9 uma pol\u00edtica voltada para a transfer\u00eancia de renda diretamente para os que mais precisam, assim como movimenta as cadeias produtivas em todos os munic\u00edpios baianos\u201d, declara.<\/p>\n\n\n\n<p>As fam\u00edlias devem verificar se est\u00e3o aptas a receber o Bolsa Presen\u00e7a acessando o Sistema Siadiante (<a href=\"http:\/\/siadiante.educacao.ba.gov.br\/bolsapresenca\" target=\"_blank\" rel=\"noreferrer noopener\">http:\/\/siadiante.educacao.ba.gov.br\/bolsapresenca<\/a>). O formul\u00e1rio \u00e9 preenchido com o N\u00famero de Identifica\u00e7\u00e3o Social (NIS) e a data de nascimento do estudante ou do respons\u00e1vel pelo Cad\u00danico. Para quem tem d\u00favidas sobre o programa, basta acessar o Portal da educa\u00e7\u00e3o (<a href=\"http:\/\/institucional.educacao.ba.gov.br\/bolsapresenca\" target=\"_blank\" rel=\"noreferrer noopener\">http:\/\/institucional.educacao.ba.gov.br\/bolsapresenca<\/a>) ou ligar para o n\u00famero 0800 071 6511, que funciona de segunda a sexta-feira, das 9h \u00e0s 12h e das 14h \u00e0s 16h. As fam\u00edlias tamb\u00e9m podem procurar informa\u00e7\u00f5es nas escolas estaduais onde seus filhos est\u00e3o matriculados.<\/p>\n\n\n\n<p><strong>Investimento<\/strong>&nbsp;&#8211; O valor disponibilizado aos beneficiados tamb\u00e9m movimenta a economia no Estado, j\u00e1 que o cart\u00e3o pode ser utilizado em milhares de estabelecimentos na Bahia. Com o valor, os beneficiados podem comprar alimentos, materiais de limpeza e rem\u00e9dios ou utilizar em outras necessidades da fam\u00edlia ou do estudante. Para conferir a lista de estabelecimentos credenciados junto \u00e0 operadora do cart\u00e3o basta acessar a Central de Autoatendimento (<a href=\"https:\/\/cartao.algorix.com\/Lecard\/Atend\/LoginGift.aspx\" target=\"_blank\" rel=\"noreferrer noopener\">https:\/\/cartao.algorix.com\/Lecard\/Atend\/LoginGift.aspx<\/a>).<\/p>\n\n\n\n<p><strong>Bolsa Presen\u00e7a<\/strong>&nbsp;&#8211; O programa foi criado pela Lei n\u00ba 14.310, de 24 de mar\u00e7o de 2021, com a retomada das atividades letivas na rede estadual de ensino, ap\u00f3s per\u00edodo de isolamento social imposto pela pandemia do Coronav\u00edrus. Em 16 de dezembro de 2021, com a Lei n\u00ba 14.396, que alterou a Lei n\u00ba 14.310\/21, o programa passou a ser permanente e reconhecido como uma pol\u00edtica de Estado.<\/p>\n","protected":false},"excerpt":{"rendered":"<p>O Governo do Estado realiza, nesta segunda-feira (15), o \u00faltimo dep\u00f3sito do Programa Bolsa Presen\u00e7a, referente ao ano letivo de 2023. Esta parcela representa uma soma de R$ 48.907.550,00. Ao longo do ano de 2023, R$ 561.815.900 milh\u00f5es do or\u00e7amento estadual foram repassados para o programa, beneficiando 435 mil fam\u00edlias, garantindo sua seguran\u00e7a alimentar e [&hellip;]<\/p>\n","protected":false},"author":3,"featured_media":22010,"comment_status":"open","ping_status":"open","sticky":false,"template":"","format":"standard","meta":{"_monsterinsights_skip_tracking":false,"_monsterinsights_sitenote_active":false,"_monsterinsights_sitenote_note":"","_monsterinsights_sitenote_category":0,"footnotes":""},"categories":[34],"tags":[],"yoast_head":"<!-- This site is optimized with the Yoast SEO plugin v22.9 - https:\/\/yoast.com\/wordpress\/plugins\/seo\/ -->\n<title>Aux\u00edlio Bolsa Presen\u00e7a ser\u00e1 depositado nesta segunda-feira (15) - Portal MF<\/title>\n<meta name=\"robots\" content=\"index, follow, max-snippet:-1, max-image-preview:large, max-video-preview:-1\" \/>\n<link rel=\"canonical\" href=\"https:\/\/portalmf.com.br\/index.php\/2024\/01\/15\/auxilio-bolsa-presenca-sera-depositado-nesta-segunda-feira-15\/\" \/>\n<meta property=\"og:locale\" content=\"pt_BR\" \/>\n<meta property=\"og:type\" content=\"article\" \/>\n<meta property=\"og:title\" content=\"Aux\u00edlio Bolsa Presen\u00e7a ser\u00e1 depositado nesta segunda-feira (15) - Portal MF\" \/>\n<meta property=\"og:description\" content=\"O Governo do Estado realiza, nesta segunda-feira (15), o \u00faltimo dep\u00f3sito do Programa Bolsa Presen\u00e7a, referente ao ano letivo de 2023. Esta parcela representa uma soma de R$ 48.907.550,00. Ao longo do ano de 2023, R$ 561.815.900 milh\u00f5es do or\u00e7amento estadual foram repassados para o programa, beneficiando 435 mil fam\u00edlias, garantindo sua seguran\u00e7a alimentar e [&hellip;]\" \/>\n<meta property=\"og:url\" content=\"https:\/\/portalmf.com.br\/index.php\/2024\/01\/15\/auxilio-bolsa-presenca-sera-depositado-nesta-segunda-feira-15\/\" \/>\n<meta property=\"og:site_name\" content=\"Portal MF\" \/>\n<meta property=\"article:author\" content=\"https:\/\/www.facebook.com\/portalmfoficial\" \/>\n<meta property=\"article:published_time\" content=\"2024-01-15T11:38:00+00:00\" \/>\n<meta property=\"article:modified_time\" content=\"2024-01-15T21:39:06+00:00\" \/>\n<meta property=\"og:image\" content=\"https:\/\/portalmf.com.br\/wp-content\/uploads\/2024\/01\/Bolsa-Presenca-11.jpeg\" \/>\n\t<meta property=\"og:image:width\" content=\"1600\" \/>\n\t<meta property=\"og:image:height\" content=\"1066\" \/>\n\t<meta property=\"og:image:type\" content=\"image\/jpeg\" \/>\n<meta name=\"author\" content=\"Reda\u00e7\u00e3o Portal MF\" \/>\n<meta name=\"twitter:card\" content=\"summary_large_image\" \/>\n<meta name=\"twitter:creator\" content=\"@https:\/\/x.com\/portalmfoficial\" \/>\n<meta name=\"twitter:label1\" content=\"Escrito por\" \/>\n\t<meta name=\"twitter:data1\" content=\"Reda\u00e7\u00e3o Portal MF\" \/>\n\t<meta name=\"twitter:label2\" content=\"Est. tempo de leitura\" \/>\n\t<meta name=\"twitter:data2\" content=\"3 minutos\" \/>\n<script type=\"application\/ld+json\" class=\"yoast-schema-graph\">{\"@context\":\"https:\/\/schema.org\",\"@graph\":[{\"@type\":\"WebPage\",\"@id\":\"https:\/\/portalmf.com.br\/index.php\/2024\/01\/15\/auxilio-bolsa-presenca-sera-depositado-nesta-segunda-feira-15\/\",\"url\":\"https:\/\/portalmf.com.br\/index.php\/2024\/01\/15\/auxilio-bolsa-presenca-sera-depositado-nesta-segunda-feira-15\/\",\"name\":\"Aux\u00edlio Bolsa Presen\u00e7a ser\u00e1 depositado nesta segunda-feira (15) - Portal MF\",\"isPartOf\":{\"@id\":\"https:\/\/portalmf.com.br\/#website\"},\"primaryImageOfPage\":{\"@id\":\"https:\/\/portalmf.com.br\/index.php\/2024\/01\/15\/auxilio-bolsa-presenca-sera-depositado-nesta-segunda-feira-15\/#primaryimage\"},\"image\":{\"@id\":\"https:\/\/portalmf.com.br\/index.php\/2024\/01\/15\/auxilio-bolsa-presenca-sera-depositado-nesta-segunda-feira-15\/#primaryimage\"},\"thumbnailUrl\":\"https:\/\/portalmf.com.br\/wp-content\/uploads\/2024\/01\/Bolsa-Presenca-11.jpeg\",\"datePublished\":\"2024-01-15T11:38:00+00:00\",\"dateModified\":\"2024-01-15T21:39:06+00:00\",\"author\":{\"@id\":\"https:\/\/portalmf.com.br\/#\/schema\/person\/9ec101baf56233e53520c26de5d6f6f0\"},\"breadcrumb\":{\"@id\":\"https:\/\/portalmf.com.br\/index.php\/2024\/01\/15\/auxilio-bolsa-presenca-sera-depositado-nesta-segunda-feira-15\/#breadcrumb\"},\"inLanguage\":\"pt-BR\",\"potentialAction\":[{\"@type\":\"ReadAction\",\"target\":[\"https:\/\/portalmf.com.br\/index.php\/2024\/01\/15\/auxilio-bolsa-presenca-sera-depositado-nesta-segunda-feira-15\/\"]}]},{\"@type\":\"ImageObject\",\"inLanguage\":\"pt-BR\",\"@id\":\"https:\/\/portalmf.com.br\/index.php\/2024\/01\/15\/auxilio-bolsa-presenca-sera-depositado-nesta-segunda-feira-15\/#primaryimage\",\"url\":\"https:\/\/portalmf.com.br\/wp-content\/uploads\/2024\/01\/Bolsa-Presenca-11.jpeg\",\"contentUrl\":\"https:\/\/portalmf.com.br\/wp-content\/uploads\/2024\/01\/Bolsa-Presenca-11.jpeg\",\"width\":1600,\"height\":1066},{\"@type\":\"BreadcrumbList\",\"@id\":\"https:\/\/portalmf.com.br\/index.php\/2024\/01\/15\/auxilio-bolsa-presenca-sera-depositado-nesta-segunda-feira-15\/#breadcrumb\",\"itemListElement\":[{\"@type\":\"ListItem\",\"position\":1,\"name\":\"In\u00edcio\",\"item\":\"https:\/\/portalmf.com.br\/\"},{\"@type\":\"ListItem\",\"position\":2,\"name\":\"Aux\u00edlio Bolsa Presen\u00e7a ser\u00e1 depositado nesta segunda-feira (15)\"}]},{\"@type\":\"WebSite\",\"@id\":\"https:\/\/portalmf.com.br\/#website\",\"url\":\"https:\/\/portalmf.com.br\/\",\"name\":\"Portal MF\",\"description\":\"Voc\u00ea conectado com a informa\u00e7\u00e3o\",\"potentialAction\":[{\"@type\":\"SearchAction\",\"target\":{\"@type\":\"EntryPoint\",\"urlTemplate\":\"https:\/\/portalmf.com.br\/?s={search_term_string}\"},\"query-input\":\"required name=search_term_string\"}],\"inLanguage\":\"pt-BR\"},{\"@type\":\"Person\",\"@id\":\"https:\/\/portalmf.com.br\/#\/schema\/person\/9ec101baf56233e53520c26de5d6f6f0\",\"name\":\"Reda\u00e7\u00e3o Portal MF\",\"image\":{\"@type\":\"ImageObject\",\"inLanguage\":\"pt-BR\",\"@id\":\"https:\/\/portalmf.com.br\/#\/schema\/person\/image\/\",\"url\":\"https:\/\/secure.gravatar.com\/avatar\/41b9aaeb2100835f7c64362330f74c7f?s=96&d=mm&r=g\",\"contentUrl\":\"https:\/\/secure.gravatar.com\/avatar\/41b9aaeb2100835f7c64362330f74c7f?s=96&d=mm&r=g\",\"caption\":\"Reda\u00e7\u00e3o Portal MF\"},\"description\":\"Sejam bem-vindos o portal de informa\u00e7\u00f5es de entretenimento de Feira de Santana, desde 2006 realiza coberturas dos principais eventos com entrevistas exclusivas com as principais personalidades mundiais. Fique conectado tamb\u00e9m nas redes sociais.\",\"sameAs\":[\"http:\/\/www.portalmf.com.br\/\",\"https:\/\/www.facebook.com\/portalmfoficial\",\"https:\/\/www.instagram.com\/portalmf\/\",\"https:\/\/x.com\/https:\/\/x.com\/portalmfoficial\",\"https:\/\/www.youtube.com\/@portalmfoficial\"],\"url\":\"https:\/\/portalmf.com.br\/index.php\/author\/junior\/\"}]}<\/script>\n<!-- \/ Yoast SEO plugin. -->","yoast_head_json":{"title":"Aux\u00edlio Bolsa Presen\u00e7a ser\u00e1 depositado nesta segunda-feira (15) - Portal MF","robots":{"index":"index","follow":"follow","max-snippet":"max-snippet:-1","max-image-preview":"max-image-preview:large","max-video-preview":"max-video-preview:-1"},"canonical":"https:\/\/portalmf.com.br\/index.php\/2024\/01\/15\/auxilio-bolsa-presenca-sera-depositado-nesta-segunda-feira-15\/","og_locale":"pt_BR","og_type":"article","og_title":"Aux\u00edlio Bolsa Presen\u00e7a ser\u00e1 depositado nesta segunda-feira (15) - Portal MF","og_description":"O Governo do Estado realiza, nesta segunda-feira (15), o \u00faltimo dep\u00f3sito do Programa Bolsa Presen\u00e7a, referente ao ano letivo de 2023. Esta parcela representa uma soma de R$ 48.907.550,00. Ao longo do ano de 2023, R$ 561.815.900 milh\u00f5es do or\u00e7amento estadual foram repassados para o programa, beneficiando 435 mil fam\u00edlias, garantindo sua seguran\u00e7a alimentar e [&hellip;]","og_url":"https:\/\/portalmf.com.br\/index.php\/2024\/01\/15\/auxilio-bolsa-presenca-sera-depositado-nesta-segunda-feira-15\/","og_site_name":"Portal MF","article_author":"https:\/\/www.facebook.com\/portalmfoficial","article_published_time":"2024-01-15T11:38:00+00:00","article_modified_time":"2024-01-15T21:39:06+00:00","og_image":[{"width":1600,"height":1066,"url":"https:\/\/portalmf.com.br\/wp-content\/uploads\/2024\/01\/Bolsa-Presenca-11.jpeg","type":"image\/jpeg"}],"author":"Reda\u00e7\u00e3o Portal MF","twitter_card":"summary_large_image","twitter_creator":"@https:\/\/x.com\/portalmfoficial","twitter_misc":{"Escrito por":"Reda\u00e7\u00e3o Portal MF","Est. tempo de leitura":"3 minutos"},"schema":{"@context":"https:\/\/schema.org","@graph":[{"@type":"WebPage","@id":"https:\/\/portalmf.com.br\/index.php\/2024\/01\/15\/auxilio-bolsa-presenca-sera-depositado-nesta-segunda-feira-15\/","url":"https:\/\/portalmf.com.br\/index.php\/2024\/01\/15\/auxilio-bolsa-presenca-sera-depositado-nesta-segunda-feira-15\/","name":"Aux\u00edlio Bolsa Presen\u00e7a ser\u00e1 depositado nesta segunda-feira (15) - Portal MF","isPartOf":{"@id":"https:\/\/portalmf.com.br\/#website"},"primaryImageOfPage":{"@id":"https:\/\/portalmf.com.br\/index.php\/2024\/01\/15\/auxilio-bolsa-presenca-sera-depositado-nesta-segunda-feira-15\/#primaryimage"},"image":{"@id":"https:\/\/portalmf.com.br\/index.php\/2024\/01\/15\/auxilio-bolsa-presenca-sera-depositado-nesta-segunda-feira-15\/#primaryimage"},"thumbnailUrl":"https:\/\/portalmf.com.br\/wp-content\/uploads\/2024\/01\/Bolsa-Presenca-11.jpeg","datePublished":"2024-01-15T11:38:00+00:00","dateModified":"2024-01-15T21:39:06+00:00","author":{"@id":"https:\/\/portalmf.com.br\/#\/schema\/person\/9ec101baf56233e53520c26de5d6f6f0"},"breadcrumb":{"@id":"https:\/\/portalmf.com.br\/index.php\/2024\/01\/15\/auxilio-bolsa-presenca-sera-depositado-nesta-segunda-feira-15\/#breadcrumb"},"inLanguage":"pt-BR","potentialAction":[{"@type":"ReadAction","target":["https:\/\/portalmf.com.br\/index.php\/2024\/01\/15\/auxilio-bolsa-presenca-sera-depositado-nesta-segunda-feira-15\/"]}]},{"@type":"ImageObject","inLanguage":"pt-BR","@id":"https:\/\/portalmf.com.br\/index.php\/2024\/01\/15\/auxilio-bolsa-presenca-sera-depositado-nesta-segunda-feira-15\/#primaryimage","url":"https:\/\/portalmf.com.br\/wp-content\/uploads\/2024\/01\/Bolsa-Presenca-11.jpeg","contentUrl":"https:\/\/portalmf.com.br\/wp-content\/uploads\/2024\/01\/Bolsa-Presenca-11.jpeg","width":1600,"height":1066},{"@type":"BreadcrumbList","@id":"https:\/\/portalmf.com.br\/index.php\/2024\/01\/15\/auxilio-bolsa-presenca-sera-depositado-nesta-segunda-feira-15\/#breadcrumb","itemListElement":[{"@type":"ListItem","position":1,"name":"In\u00edcio","item":"https:\/\/portalmf.com.br\/"},{"@type":"ListItem","position":2,"name":"Aux\u00edlio Bolsa Presen\u00e7a ser\u00e1 depositado nesta segunda-feira (15)"}]},{"@type":"WebSite","@id":"https:\/\/portalmf.com.br\/#website","url":"https:\/\/portalmf.com.br\/","name":"Portal MF","description":"Voc\u00ea conectado com a informa\u00e7\u00e3o","potentialAction":[{"@type":"SearchAction","target":{"@type":"EntryPoint","urlTemplate":"https:\/\/portalmf.com.br\/?s={search_term_string}"},"query-input":"required name=search_term_string"}],"inLanguage":"pt-BR"},{"@type":"Person","@id":"https:\/\/portalmf.com.br\/#\/schema\/person\/9ec101baf56233e53520c26de5d6f6f0","name":"Reda\u00e7\u00e3o Portal MF","image":{"@type":"ImageObject","inLanguage":"pt-BR","@id":"https:\/\/portalmf.com.br\/#\/schema\/person\/image\/","url":"https:\/\/secure.gravatar.com\/avatar\/41b9aaeb2100835f7c64362330f74c7f?s=96&d=mm&r=g","contentUrl":"https:\/\/secure.gravatar.com\/avatar\/41b9aaeb2100835f7c64362330f74c7f?s=96&d=mm&r=g","caption":"Reda\u00e7\u00e3o Portal MF"},"description":"Sejam bem-vindos o portal de informa\u00e7\u00f5es de entretenimento de Feira de Santana, desde 2006 realiza coberturas dos principais eventos com entrevistas exclusivas com as principais personalidades mundiais. Fique conectado tamb\u00e9m nas redes sociais.","sameAs":["http:\/\/www.portalmf.com.br\/","https:\/\/www.facebook.com\/portalmfoficial","https:\/\/www.instagram.com\/portalmf\/","https:\/\/x.com\/https:\/\/x.com\/portalmfoficial","https:\/\/www.youtube.com\/@portalmfoficial"],"url":"https:\/\/portalmf.com.br\/index.php\/author\/junior\/"}]}},"_links":{"self":[{"href":"https:\/\/portalmf.com.br\/index.php\/wp-json\/wp\/v2\/posts\/22009"}],"collection":[{"href":"https:\/\/portalmf.com.br\/index.php\/wp-json\/wp\/v2\/posts"}],"about":[{"href":"https:\/\/portalmf.com.br\/index.php\/wp-json\/wp\/v2\/types\/post"}],"author":[{"embeddable":true,"href":"https:\/\/portalmf.com.br\/index.php\/wp-json\/wp\/v2\/users\/3"}],"replies":[{"embeddable":true,"href":"https:\/\/portalmf.com.br\/index.php\/wp-json\/wp\/v2\/comments?post=22009"}],"version-history":[{"count":1,"href":"https:\/\/portalmf.com.br\/index.php\/wp-json\/wp\/v2\/posts\/22009\/revisions"}],"predecessor-version":[{"id":22011,"href":"https:\/\/portalmf.com.br\/index.php\/wp-json\/wp\/v2\/posts\/22009\/revisions\/22011"}],"wp:featuredmedia":[{"embeddable":true,"href":"https:\/\/portalmf.com.br\/index.php\/wp-json\/wp\/v2\/media\/22010"}],"wp:attachment":[{"href":"https:\/\/portalmf.com.br\/index.php\/wp-json\/wp\/v2\/media?parent=22009"}],"wp:term":[{"taxonomy":"category","embeddable":true,"href":"https:\/\/portalmf.com.br\/index.php\/wp-json\/wp\/v2\/categories?post=22009"},{"taxonomy":"post_tag","embeddable":true,"href":"https:\/\/portalmf.com.br\/index.php\/wp-json\/wp\/v2\/tags?post=22009"}],"curies":[{"name":"wp","href":"https:\/\/api.w.org\/{rel}","templated":true}]}}