{"id":21955,"date":"2024-01-12T17:04:34","date_gmt":"2024-01-12T20:04:34","guid":{"rendered":"https:\/\/portalmf.com.br\/?p=21955"},"modified":"2024-01-12T17:04:37","modified_gmt":"2024-01-12T20:04:37","slug":"mobilidade-no-feira-ix-recebe-novo-abrigo-de-passageiros-com-qr-code","status":"publish","type":"post","link":"https:\/\/portalmf.com.br\/index.php\/2024\/01\/12\/mobilidade-no-feira-ix-recebe-novo-abrigo-de-passageiros-com-qr-code\/","title":{"rendered":"Mobilidade no Feira IX recebe novo abrigo de passageiros com QR Code"},"content":{"rendered":"\n<p>A mobilidade urbana no Conjunto Feira IX recebeu melhorias com a instala\u00e7\u00e3o de um moderno abrigo com QR Code. O mobili\u00e1rio instalado pela Prefeitura de Feira, na Via Principal A, passa a atender com mais conforto e seguran\u00e7a usu\u00e1rios do transporte p\u00fablico nesta comunidade.<\/p>\n\n\n\n<p>Recarga de cr\u00e9ditos no cart\u00e3o social Via Feira via app KIM, revalida\u00e7\u00e3o do cart\u00e3o estudantil, solicita\u00e7\u00e3o de um novo ou atendimento virtual est\u00e3o entre as vantagens do novo equipamento da Secretaria de Mobilidade Urbana (SEMOB).<\/p>\n\n\n\n<p>\u201cO anterior estava quase caindo. T\u00e1 excelente e nos protege\u201d, afirma Fabiana Alves Ribeiro, moradora h\u00e1 18 anos do conjunto.&nbsp;<\/p>\n\n\n\n<p>Segundo S\u00e9rgio Carneiro, titular da pasta, o local escolhido para a instala\u00e7\u00e3o teve como crit\u00e9rio a proximidade tanto ao posto de sa\u00fade do bairro quanto \u00e0 Escola Municipal Carlos Alberto do Carmo (Prof. Pinguim).&nbsp;<\/p>\n\n\n\n<p>&#8220;O prefeito Colbert Filho tem priorizado a satisfa\u00e7\u00e3o, o conforto com seguran\u00e7a e a comodidade do trabalhador e, especialmente, de estudantes&#8221;, afirma. Ao todo 23 abrigos j\u00e1 foram restaurados pelo poder p\u00fablico municipal.<\/p>\n\n\n\n<p>Al\u00e9m do novo layout com imagens da Caixa D\u2019\u00e1gua do Tomba e do Monumento Todos os Caminhos, o novo abrigo reserva espa\u00e7o a cadeirantes e\/ou pessoas com mobilidade reduzida e disp\u00f5e via QR Code a previs\u00e3o de chegada do \u00f4nibus no app SIU Mobile (vers\u00f5es IOS e Android).&nbsp;<\/p>\n\n\n\n<p>\u201cEsse \u00e9 o ritmo de trabalho do Governo Municipal que prioriza o servi\u00e7o p\u00fablico de qualidade\u201d, pontua S\u00e9rgio Carneiro. Tr\u00eas ve\u00edculos da linha 017-Feira IX da concession\u00e1ria S\u00e3o Jo\u00e3o realizam diariamente o atendimento no bairro.&nbsp;<\/p>\n\n\n\n<p><strong>UTILIDADE P\u00daBLICA<\/strong><\/p>\n\n\n\n<p>Atrav\u00e9s do QR Code o usu\u00e1rio tem acesso ao portal feiradesantana.ba.gov.br e \u00e0 rede social da SEMOB &#8211; ambas com informa\u00e7\u00f5es de utilidade p\u00fablica.<\/p>\n\n\n\n<p>Com informa\u00e7\u00f5es <\/p>\n","protected":false},"excerpt":{"rendered":"<p>A mobilidade urbana no Conjunto Feira IX recebeu melhorias com a instala\u00e7\u00e3o de um moderno abrigo com QR Code. O mobili\u00e1rio instalado pela Prefeitura de Feira, na Via Principal A, passa a atender com mais conforto e seguran\u00e7a usu\u00e1rios do transporte p\u00fablico nesta comunidade. Recarga de cr\u00e9ditos no cart\u00e3o social Via Feira via app KIM, [&hellip;]<\/p>\n","protected":false},"author":3,"featured_media":21956,"comment_status":"open","ping_status":"open","sticky":false,"template":"","format":"standard","meta":{"_monsterinsights_skip_tracking":false,"_monsterinsights_sitenote_active":false,"_monsterinsights_sitenote_note":"","_monsterinsights_sitenote_category":0,"footnotes":""},"categories":[34],"tags":[],"yoast_head":"<!-- This site is optimized with the Yoast SEO plugin v22.9 - https:\/\/yoast.com\/wordpress\/plugins\/seo\/ -->\n<title>Mobilidade no Feira IX recebe novo abrigo de passageiros com QR Code - Portal MF<\/title>\n<meta name=\"robots\" content=\"index, follow, max-snippet:-1, max-image-preview:large, max-video-preview:-1\" \/>\n<link rel=\"canonical\" href=\"https:\/\/portalmf.com.br\/index.php\/2024\/01\/12\/mobilidade-no-feira-ix-recebe-novo-abrigo-de-passageiros-com-qr-code\/\" \/>\n<meta property=\"og:locale\" content=\"pt_BR\" \/>\n<meta property=\"og:type\" content=\"article\" \/>\n<meta property=\"og:title\" content=\"Mobilidade no Feira IX recebe novo abrigo de passageiros com QR Code - Portal MF\" \/>\n<meta property=\"og:description\" content=\"A mobilidade urbana no Conjunto Feira IX recebeu melhorias com a instala\u00e7\u00e3o de um moderno abrigo com QR Code. O mobili\u00e1rio instalado pela Prefeitura de Feira, na Via Principal A, passa a atender com mais conforto e seguran\u00e7a usu\u00e1rios do transporte p\u00fablico nesta comunidade. Recarga de cr\u00e9ditos no cart\u00e3o social Via Feira via app KIM, [&hellip;]\" \/>\n<meta property=\"og:url\" content=\"https:\/\/portalmf.com.br\/index.php\/2024\/01\/12\/mobilidade-no-feira-ix-recebe-novo-abrigo-de-passageiros-com-qr-code\/\" \/>\n<meta property=\"og:site_name\" content=\"Portal MF\" \/>\n<meta property=\"article:author\" content=\"https:\/\/www.facebook.com\/portalmfoficial\" \/>\n<meta property=\"article:published_time\" content=\"2024-01-12T20:04:34+00:00\" \/>\n<meta property=\"article:modified_time\" content=\"2024-01-12T20:04:37+00:00\" \/>\n<meta property=\"og:image\" content=\"https:\/\/portalmf.com.br\/wp-content\/uploads\/2024\/01\/Mobilidade-no-Feira-IX-recebe-novo-abrigo-de-passageiros-com-QR-Code.jpg\" \/>\n\t<meta property=\"og:image:width\" content=\"1306\" \/>\n\t<meta property=\"og:image:height\" content=\"746\" \/>\n\t<meta property=\"og:image:type\" content=\"image\/jpeg\" \/>\n<meta name=\"author\" content=\"Reda\u00e7\u00e3o Portal MF\" \/>\n<meta name=\"twitter:card\" content=\"summary_large_image\" \/>\n<meta name=\"twitter:creator\" content=\"@https:\/\/x.com\/portalmfoficial\" \/>\n<meta name=\"twitter:label1\" content=\"Escrito por\" \/>\n\t<meta name=\"twitter:data1\" content=\"Reda\u00e7\u00e3o Portal MF\" \/>\n\t<meta name=\"twitter:label2\" content=\"Est. tempo de leitura\" \/>\n\t<meta name=\"twitter:data2\" content=\"2 minutos\" \/>\n<script type=\"application\/ld+json\" class=\"yoast-schema-graph\">{\"@context\":\"https:\/\/schema.org\",\"@graph\":[{\"@type\":\"WebPage\",\"@id\":\"https:\/\/portalmf.com.br\/index.php\/2024\/01\/12\/mobilidade-no-feira-ix-recebe-novo-abrigo-de-passageiros-com-qr-code\/\",\"url\":\"https:\/\/portalmf.com.br\/index.php\/2024\/01\/12\/mobilidade-no-feira-ix-recebe-novo-abrigo-de-passageiros-com-qr-code\/\",\"name\":\"Mobilidade no Feira IX recebe novo abrigo de passageiros com QR Code - Portal MF\",\"isPartOf\":{\"@id\":\"https:\/\/portalmf.com.br\/#website\"},\"primaryImageOfPage\":{\"@id\":\"https:\/\/portalmf.com.br\/index.php\/2024\/01\/12\/mobilidade-no-feira-ix-recebe-novo-abrigo-de-passageiros-com-qr-code\/#primaryimage\"},\"image\":{\"@id\":\"https:\/\/portalmf.com.br\/index.php\/2024\/01\/12\/mobilidade-no-feira-ix-recebe-novo-abrigo-de-passageiros-com-qr-code\/#primaryimage\"},\"thumbnailUrl\":\"https:\/\/portalmf.com.br\/wp-content\/uploads\/2024\/01\/Mobilidade-no-Feira-IX-recebe-novo-abrigo-de-passageiros-com-QR-Code.jpg\",\"datePublished\":\"2024-01-12T20:04:34+00:00\",\"dateModified\":\"2024-01-12T20:04:37+00:00\",\"author\":{\"@id\":\"https:\/\/portalmf.com.br\/#\/schema\/person\/9ec101baf56233e53520c26de5d6f6f0\"},\"breadcrumb\":{\"@id\":\"https:\/\/portalmf.com.br\/index.php\/2024\/01\/12\/mobilidade-no-feira-ix-recebe-novo-abrigo-de-passageiros-com-qr-code\/#breadcrumb\"},\"inLanguage\":\"pt-BR\",\"potentialAction\":[{\"@type\":\"ReadAction\",\"target\":[\"https:\/\/portalmf.com.br\/index.php\/2024\/01\/12\/mobilidade-no-feira-ix-recebe-novo-abrigo-de-passageiros-com-qr-code\/\"]}]},{\"@type\":\"ImageObject\",\"inLanguage\":\"pt-BR\",\"@id\":\"https:\/\/portalmf.com.br\/index.php\/2024\/01\/12\/mobilidade-no-feira-ix-recebe-novo-abrigo-de-passageiros-com-qr-code\/#primaryimage\",\"url\":\"https:\/\/portalmf.com.br\/wp-content\/uploads\/2024\/01\/Mobilidade-no-Feira-IX-recebe-novo-abrigo-de-passageiros-com-QR-Code.jpg\",\"contentUrl\":\"https:\/\/portalmf.com.br\/wp-content\/uploads\/2024\/01\/Mobilidade-no-Feira-IX-recebe-novo-abrigo-de-passageiros-com-QR-Code.jpg\",\"width\":1306,\"height\":746},{\"@type\":\"BreadcrumbList\",\"@id\":\"https:\/\/portalmf.com.br\/index.php\/2024\/01\/12\/mobilidade-no-feira-ix-recebe-novo-abrigo-de-passageiros-com-qr-code\/#breadcrumb\",\"itemListElement\":[{\"@type\":\"ListItem\",\"position\":1,\"name\":\"In\u00edcio\",\"item\":\"https:\/\/portalmf.com.br\/\"},{\"@type\":\"ListItem\",\"position\":2,\"name\":\"Mobilidade no Feira IX recebe novo abrigo de passageiros com QR Code\"}]},{\"@type\":\"WebSite\",\"@id\":\"https:\/\/portalmf.com.br\/#website\",\"url\":\"https:\/\/portalmf.com.br\/\",\"name\":\"Portal MF\",\"description\":\"Voc\u00ea conectado com a informa\u00e7\u00e3o\",\"potentialAction\":[{\"@type\":\"SearchAction\",\"target\":{\"@type\":\"EntryPoint\",\"urlTemplate\":\"https:\/\/portalmf.com.br\/?s={search_term_string}\"},\"query-input\":\"required name=search_term_string\"}],\"inLanguage\":\"pt-BR\"},{\"@type\":\"Person\",\"@id\":\"https:\/\/portalmf.com.br\/#\/schema\/person\/9ec101baf56233e53520c26de5d6f6f0\",\"name\":\"Reda\u00e7\u00e3o Portal MF\",\"image\":{\"@type\":\"ImageObject\",\"inLanguage\":\"pt-BR\",\"@id\":\"https:\/\/portalmf.com.br\/#\/schema\/person\/image\/\",\"url\":\"https:\/\/secure.gravatar.com\/avatar\/41b9aaeb2100835f7c64362330f74c7f?s=96&d=mm&r=g\",\"contentUrl\":\"https:\/\/secure.gravatar.com\/avatar\/41b9aaeb2100835f7c64362330f74c7f?s=96&d=mm&r=g\",\"caption\":\"Reda\u00e7\u00e3o Portal MF\"},\"description\":\"Sejam bem-vindos o portal de informa\u00e7\u00f5es de entretenimento de Feira de Santana, desde 2006 realiza coberturas dos principais eventos com entrevistas exclusivas com as principais personalidades mundiais. Fique conectado tamb\u00e9m nas redes sociais.\",\"sameAs\":[\"http:\/\/www.portalmf.com.br\/\",\"https:\/\/www.facebook.com\/portalmfoficial\",\"https:\/\/www.instagram.com\/portalmf\/\",\"https:\/\/x.com\/https:\/\/x.com\/portalmfoficial\",\"https:\/\/www.youtube.com\/@portalmfoficial\"],\"url\":\"https:\/\/portalmf.com.br\/index.php\/author\/junior\/\"}]}<\/script>\n<!-- \/ Yoast SEO plugin. -->","yoast_head_json":{"title":"Mobilidade no Feira IX recebe novo abrigo de passageiros com QR Code - Portal MF","robots":{"index":"index","follow":"follow","max-snippet":"max-snippet:-1","max-image-preview":"max-image-preview:large","max-video-preview":"max-video-preview:-1"},"canonical":"https:\/\/portalmf.com.br\/index.php\/2024\/01\/12\/mobilidade-no-feira-ix-recebe-novo-abrigo-de-passageiros-com-qr-code\/","og_locale":"pt_BR","og_type":"article","og_title":"Mobilidade no Feira IX recebe novo abrigo de passageiros com QR Code - Portal MF","og_description":"A mobilidade urbana no Conjunto Feira IX recebeu melhorias com a instala\u00e7\u00e3o de um moderno abrigo com QR Code. O mobili\u00e1rio instalado pela Prefeitura de Feira, na Via Principal A, passa a atender com mais conforto e seguran\u00e7a usu\u00e1rios do transporte p\u00fablico nesta comunidade. Recarga de cr\u00e9ditos no cart\u00e3o social Via Feira via app KIM, [&hellip;]","og_url":"https:\/\/portalmf.com.br\/index.php\/2024\/01\/12\/mobilidade-no-feira-ix-recebe-novo-abrigo-de-passageiros-com-qr-code\/","og_site_name":"Portal MF","article_author":"https:\/\/www.facebook.com\/portalmfoficial","article_published_time":"2024-01-12T20:04:34+00:00","article_modified_time":"2024-01-12T20:04:37+00:00","og_image":[{"width":1306,"height":746,"url":"https:\/\/portalmf.com.br\/wp-content\/uploads\/2024\/01\/Mobilidade-no-Feira-IX-recebe-novo-abrigo-de-passageiros-com-QR-Code.jpg","type":"image\/jpeg"}],"author":"Reda\u00e7\u00e3o Portal MF","twitter_card":"summary_large_image","twitter_creator":"@https:\/\/x.com\/portalmfoficial","twitter_misc":{"Escrito por":"Reda\u00e7\u00e3o Portal MF","Est. tempo de leitura":"2 minutos"},"schema":{"@context":"https:\/\/schema.org","@graph":[{"@type":"WebPage","@id":"https:\/\/portalmf.com.br\/index.php\/2024\/01\/12\/mobilidade-no-feira-ix-recebe-novo-abrigo-de-passageiros-com-qr-code\/","url":"https:\/\/portalmf.com.br\/index.php\/2024\/01\/12\/mobilidade-no-feira-ix-recebe-novo-abrigo-de-passageiros-com-qr-code\/","name":"Mobilidade no Feira IX recebe novo abrigo de passageiros com QR Code - Portal MF","isPartOf":{"@id":"https:\/\/portalmf.com.br\/#website"},"primaryImageOfPage":{"@id":"https:\/\/portalmf.com.br\/index.php\/2024\/01\/12\/mobilidade-no-feira-ix-recebe-novo-abrigo-de-passageiros-com-qr-code\/#primaryimage"},"image":{"@id":"https:\/\/portalmf.com.br\/index.php\/2024\/01\/12\/mobilidade-no-feira-ix-recebe-novo-abrigo-de-passageiros-com-qr-code\/#primaryimage"},"thumbnailUrl":"https:\/\/portalmf.com.br\/wp-content\/uploads\/2024\/01\/Mobilidade-no-Feira-IX-recebe-novo-abrigo-de-passageiros-com-QR-Code.jpg","datePublished":"2024-01-12T20:04:34+00:00","dateModified":"2024-01-12T20:04:37+00:00","author":{"@id":"https:\/\/portalmf.com.br\/#\/schema\/person\/9ec101baf56233e53520c26de5d6f6f0"},"breadcrumb":{"@id":"https:\/\/portalmf.com.br\/index.php\/2024\/01\/12\/mobilidade-no-feira-ix-recebe-novo-abrigo-de-passageiros-com-qr-code\/#breadcrumb"},"inLanguage":"pt-BR","potentialAction":[{"@type":"ReadAction","target":["https:\/\/portalmf.com.br\/index.php\/2024\/01\/12\/mobilidade-no-feira-ix-recebe-novo-abrigo-de-passageiros-com-qr-code\/"]}]},{"@type":"ImageObject","inLanguage":"pt-BR","@id":"https:\/\/portalmf.com.br\/index.php\/2024\/01\/12\/mobilidade-no-feira-ix-recebe-novo-abrigo-de-passageiros-com-qr-code\/#primaryimage","url":"https:\/\/portalmf.com.br\/wp-content\/uploads\/2024\/01\/Mobilidade-no-Feira-IX-recebe-novo-abrigo-de-passageiros-com-QR-Code.jpg","contentUrl":"https:\/\/portalmf.com.br\/wp-content\/uploads\/2024\/01\/Mobilidade-no-Feira-IX-recebe-novo-abrigo-de-passageiros-com-QR-Code.jpg","width":1306,"height":746},{"@type":"BreadcrumbList","@id":"https:\/\/portalmf.com.br\/index.php\/2024\/01\/12\/mobilidade-no-feira-ix-recebe-novo-abrigo-de-passageiros-com-qr-code\/#breadcrumb","itemListElement":[{"@type":"ListItem","position":1,"name":"In\u00edcio","item":"https:\/\/portalmf.com.br\/"},{"@type":"ListItem","position":2,"name":"Mobilidade no Feira IX recebe novo abrigo de passageiros com QR Code"}]},{"@type":"WebSite","@id":"https:\/\/portalmf.com.br\/#website","url":"https:\/\/portalmf.com.br\/","name":"Portal MF","description":"Voc\u00ea conectado com a informa\u00e7\u00e3o","potentialAction":[{"@type":"SearchAction","target":{"@type":"EntryPoint","urlTemplate":"https:\/\/portalmf.com.br\/?s={search_term_string}"},"query-input":"required name=search_term_string"}],"inLanguage":"pt-BR"},{"@type":"Person","@id":"https:\/\/portalmf.com.br\/#\/schema\/person\/9ec101baf56233e53520c26de5d6f6f0","name":"Reda\u00e7\u00e3o Portal MF","image":{"@type":"ImageObject","inLanguage":"pt-BR","@id":"https:\/\/portalmf.com.br\/#\/schema\/person\/image\/","url":"https:\/\/secure.gravatar.com\/avatar\/41b9aaeb2100835f7c64362330f74c7f?s=96&d=mm&r=g","contentUrl":"https:\/\/secure.gravatar.com\/avatar\/41b9aaeb2100835f7c64362330f74c7f?s=96&d=mm&r=g","caption":"Reda\u00e7\u00e3o Portal MF"},"description":"Sejam bem-vindos o portal de informa\u00e7\u00f5es de entretenimento de Feira de Santana, desde 2006 realiza coberturas dos principais eventos com entrevistas exclusivas com as principais personalidades mundiais. Fique conectado tamb\u00e9m nas redes sociais.","sameAs":["http:\/\/www.portalmf.com.br\/","https:\/\/www.facebook.com\/portalmfoficial","https:\/\/www.instagram.com\/portalmf\/","https:\/\/x.com\/https:\/\/x.com\/portalmfoficial","https:\/\/www.youtube.com\/@portalmfoficial"],"url":"https:\/\/portalmf.com.br\/index.php\/author\/junior\/"}]}},"_links":{"self":[{"href":"https:\/\/portalmf.com.br\/index.php\/wp-json\/wp\/v2\/posts\/21955"}],"collection":[{"href":"https:\/\/portalmf.com.br\/index.php\/wp-json\/wp\/v2\/posts"}],"about":[{"href":"https:\/\/portalmf.com.br\/index.php\/wp-json\/wp\/v2\/types\/post"}],"author":[{"embeddable":true,"href":"https:\/\/portalmf.com.br\/index.php\/wp-json\/wp\/v2\/users\/3"}],"replies":[{"embeddable":true,"href":"https:\/\/portalmf.com.br\/index.php\/wp-json\/wp\/v2\/comments?post=21955"}],"version-history":[{"count":1,"href":"https:\/\/portalmf.com.br\/index.php\/wp-json\/wp\/v2\/posts\/21955\/revisions"}],"predecessor-version":[{"id":21957,"href":"https:\/\/portalmf.com.br\/index.php\/wp-json\/wp\/v2\/posts\/21955\/revisions\/21957"}],"wp:featuredmedia":[{"embeddable":true,"href":"https:\/\/portalmf.com.br\/index.php\/wp-json\/wp\/v2\/media\/21956"}],"wp:attachment":[{"href":"https:\/\/portalmf.com.br\/index.php\/wp-json\/wp\/v2\/media?parent=21955"}],"wp:term":[{"taxonomy":"category","embeddable":true,"href":"https:\/\/portalmf.com.br\/index.php\/wp-json\/wp\/v2\/categories?post=21955"},{"taxonomy":"post_tag","embeddable":true,"href":"https:\/\/portalmf.com.br\/index.php\/wp-json\/wp\/v2\/tags?post=21955"}],"curies":[{"name":"wp","href":"https:\/\/api.w.org\/{rel}","templated":true}]}}