{"id":21952,"date":"2024-01-12T11:55:00","date_gmt":"2024-01-12T14:55:00","guid":{"rendered":"https:\/\/portalmf.com.br\/?p=21952"},"modified":"2024-01-12T16:57:35","modified_gmt":"2024-01-12T19:57:35","slug":"previdencia-estadual-fecha-2023-com-balanco-positivo-de-suas-acoes","status":"publish","type":"post","link":"https:\/\/portalmf.com.br\/index.php\/2024\/01\/12\/previdencia-estadual-fecha-2023-com-balanco-positivo-de-suas-acoes\/","title":{"rendered":"Previd\u00eancia Estadual fecha 2023 com balan\u00e7o positivo de suas a\u00e7\u00f5es"},"content":{"rendered":"\n<p>A Superintend\u00eancia de Previd\u00eancia do Estado (Suprev) fechou o ano de 2023 com balan\u00e7o positivo das suas a\u00e7\u00f5es: uma arrecada\u00e7\u00e3o recorde de R$ 420,6 milh\u00f5es com a compensa\u00e7\u00e3o previdenci\u00e1ria e uma economia para o er\u00e1rio de R$ 136 milh\u00f5es com auditorias e outras a\u00e7\u00f5es de controle. Tamb\u00e9m concedeu um total de 4.055 benef\u00edcios previdenci\u00e1rios, sendo 2.706 aposentadorias para servidores p\u00fablicos e 1.349 pens\u00f5es para dependentes.&nbsp;<\/p>\n\n\n\n<p>A Suprev lan\u00e7ou, ainda, projetos para facilitar a vida dos servidores estaduais que est\u00e3o se preparando para se aposentar como o Simulador de Aposentadoria e o Suprev Itinerante. O segundo projeto visa levar atendimento previdenci\u00e1rio aos \u00f3rg\u00e3os p\u00fablicos estaduais para tirar d\u00favidas, fornecer esclarecimentos, fornecer informa\u00e7\u00f5es, dentre outros. &nbsp;<\/p>\n\n\n\n<p>J\u00e1 o Simulador \u00e9 uma ferramenta digital que auxilia os servidores p\u00fablicos a planejarem o seu futuro, al\u00e9m de facilitar o trabalho de instru\u00e7\u00e3o de processos de aposentadoria realizado pelos \u00f3rg\u00e3os estaduais. Com acesso via portal RH Bahia e de navega\u00e7\u00e3o f\u00e1cil e intuitiva, o sistema permite que o profissional visualize as datas previstas para seu ingresso \u00e0 inatividade, de acordo com as regras previdenci\u00e1rias nas diferentes modalidades de aposentadoria. &nbsp;<\/p>\n\n\n\n<p><strong>Recorde&nbsp;<\/strong>\u2013 A Previd\u00eancia Estadual alcan\u00e7ou, em 2023, a maior arrecada\u00e7\u00e3o com a compensa\u00e7\u00e3o previdenci\u00e1ria dos \u00faltimos 18 anos. O valor total chegou a R$ 420,6 milh\u00f5es, montante recorde desde quando a compensa\u00e7\u00e3o foi institu\u00edda no estado, em 2006. A Bahia vem registrando aumentos sucessivos nos valores arrecadados na compensa\u00e7\u00e3o, o que v\u00eam ajudando a mitigar o d\u00e9ficit da Previd\u00eancia Estadual. &nbsp;<\/p>\n\n\n\n<p>O vi\u00e9s de alta na compensa\u00e7\u00e3o \u00e9 motivado pelas melhorias implementadas no sistema e nas rotinas da Suprev, al\u00e9m do trabalho conjunto com as equipes do INSS e do Tribunal de Contas do Estado, essenciais para atingir o resultado positivo. A compensa\u00e7\u00e3o previdenci\u00e1ria \u00e9 uma contrapartida financeira paga pelo INSS \u00e0s previd\u00eancias estaduais e municipais, nos casos em que servidores aposentados pelos estados e munic\u00edpios contribu\u00edram para o Regime Geral da Previd\u00eancia Social (RGPS) antes de se tornarem funcion\u00e1rios p\u00fablicos. O INSS tamb\u00e9m restitui \u00e0s previd\u00eancias dos estados e cidades os valores pagos pelas pens\u00f5es aos benefici\u00e1rios de servidores estaduais que atuaram na iniciativa privada anteriormente.&nbsp;<\/p>\n\n\n\n<p><strong>Auditoria<\/strong>&nbsp;&#8211; Com a realiza\u00e7\u00e3o de auditorias e outras a\u00e7\u00f5es de controle, a Suprev obteve uma economia de R$ 136 milh\u00f5es com pagamentos indevidos, ao longo do ano de 2023. Dentro desse montante, destaque para a auditoria na folha de pagamentos dos benefici\u00e1rios, que detectou R$ 18 milh\u00f5es com pagamentos indevidos, al\u00e9m da identifica\u00e7\u00e3o de R$ 83 milh\u00f5es pagos a servidores j\u00e1 falecidos e reavalia\u00e7\u00e3o de benef\u00edcios. &nbsp;<\/p>\n\n\n\n<p>No ano passado, a Suprev analisou e deferiu um total de 4.055 benef\u00edcios previdenci\u00e1rios, gerando um impacto econ\u00f4mico de R$ 231 milh\u00f5es para os cofres estaduais. Durante o ano de 2023, a Superintend\u00eancia de Previd\u00eancia tamb\u00e9m realizou o processamento mensal da folha de pagamento de cerca de 140 mil benefici\u00e1rios (aposentados e pensionistas) do Poder Executivo Estadual.&nbsp;<\/p>\n","protected":false},"excerpt":{"rendered":"<p>A Superintend\u00eancia de Previd\u00eancia do Estado (Suprev) fechou o ano de 2023 com balan\u00e7o positivo das suas a\u00e7\u00f5es: uma arrecada\u00e7\u00e3o recorde de R$ 420,6 milh\u00f5es com a compensa\u00e7\u00e3o previdenci\u00e1ria e uma economia para o er\u00e1rio de R$ 136 milh\u00f5es com auditorias e outras a\u00e7\u00f5es de controle. Tamb\u00e9m concedeu um total de 4.055 benef\u00edcios previdenci\u00e1rios, sendo [&hellip;]<\/p>\n","protected":false},"author":3,"featured_media":21953,"comment_status":"open","ping_status":"open","sticky":false,"template":"","format":"standard","meta":{"_monsterinsights_skip_tracking":false,"_monsterinsights_sitenote_active":false,"_monsterinsights_sitenote_note":"","_monsterinsights_sitenote_category":0,"footnotes":""},"categories":[34],"tags":[],"yoast_head":"<!-- This site is optimized with the Yoast SEO plugin v22.9 - https:\/\/yoast.com\/wordpress\/plugins\/seo\/ -->\n<title>Previd\u00eancia Estadual fecha 2023 com balan\u00e7o positivo de suas a\u00e7\u00f5es - Portal MF<\/title>\n<meta name=\"robots\" content=\"index, follow, max-snippet:-1, max-image-preview:large, max-video-preview:-1\" \/>\n<link rel=\"canonical\" href=\"https:\/\/portalmf.com.br\/index.php\/2024\/01\/12\/previdencia-estadual-fecha-2023-com-balanco-positivo-de-suas-acoes\/\" \/>\n<meta property=\"og:locale\" content=\"pt_BR\" \/>\n<meta property=\"og:type\" content=\"article\" \/>\n<meta property=\"og:title\" content=\"Previd\u00eancia Estadual fecha 2023 com balan\u00e7o positivo de suas a\u00e7\u00f5es - Portal MF\" \/>\n<meta property=\"og:description\" content=\"A Superintend\u00eancia de Previd\u00eancia do Estado (Suprev) fechou o ano de 2023 com balan\u00e7o positivo das suas a\u00e7\u00f5es: uma arrecada\u00e7\u00e3o recorde de R$ 420,6 milh\u00f5es com a compensa\u00e7\u00e3o previdenci\u00e1ria e uma economia para o er\u00e1rio de R$ 136 milh\u00f5es com auditorias e outras a\u00e7\u00f5es de controle. Tamb\u00e9m concedeu um total de 4.055 benef\u00edcios previdenci\u00e1rios, sendo [&hellip;]\" \/>\n<meta property=\"og:url\" content=\"https:\/\/portalmf.com.br\/index.php\/2024\/01\/12\/previdencia-estadual-fecha-2023-com-balanco-positivo-de-suas-acoes\/\" \/>\n<meta property=\"og:site_name\" content=\"Portal MF\" \/>\n<meta property=\"article:author\" content=\"https:\/\/www.facebook.com\/portalmfoficial\" \/>\n<meta property=\"article:published_time\" content=\"2024-01-12T14:55:00+00:00\" \/>\n<meta property=\"article:modified_time\" content=\"2024-01-12T19:57:35+00:00\" \/>\n<meta property=\"og:image\" content=\"https:\/\/portalmf.com.br\/wp-content\/uploads\/2024\/01\/Previdencia-Estadual-fecha-2023-com-balanco-positivo-de-suas-acoes.jpeg\" \/>\n\t<meta property=\"og:image:width\" content=\"1500\" \/>\n\t<meta property=\"og:image:height\" content=\"500\" \/>\n\t<meta property=\"og:image:type\" content=\"image\/jpeg\" \/>\n<meta name=\"author\" content=\"Reda\u00e7\u00e3o Portal MF\" \/>\n<meta name=\"twitter:card\" content=\"summary_large_image\" \/>\n<meta name=\"twitter:creator\" content=\"@https:\/\/x.com\/portalmfoficial\" \/>\n<meta name=\"twitter:label1\" content=\"Escrito por\" \/>\n\t<meta name=\"twitter:data1\" content=\"Reda\u00e7\u00e3o Portal MF\" \/>\n\t<meta name=\"twitter:label2\" content=\"Est. tempo de leitura\" \/>\n\t<meta name=\"twitter:data2\" content=\"3 minutos\" \/>\n<script type=\"application\/ld+json\" class=\"yoast-schema-graph\">{\"@context\":\"https:\/\/schema.org\",\"@graph\":[{\"@type\":\"WebPage\",\"@id\":\"https:\/\/portalmf.com.br\/index.php\/2024\/01\/12\/previdencia-estadual-fecha-2023-com-balanco-positivo-de-suas-acoes\/\",\"url\":\"https:\/\/portalmf.com.br\/index.php\/2024\/01\/12\/previdencia-estadual-fecha-2023-com-balanco-positivo-de-suas-acoes\/\",\"name\":\"Previd\u00eancia Estadual fecha 2023 com balan\u00e7o positivo de suas a\u00e7\u00f5es - Portal MF\",\"isPartOf\":{\"@id\":\"https:\/\/portalmf.com.br\/#website\"},\"primaryImageOfPage\":{\"@id\":\"https:\/\/portalmf.com.br\/index.php\/2024\/01\/12\/previdencia-estadual-fecha-2023-com-balanco-positivo-de-suas-acoes\/#primaryimage\"},\"image\":{\"@id\":\"https:\/\/portalmf.com.br\/index.php\/2024\/01\/12\/previdencia-estadual-fecha-2023-com-balanco-positivo-de-suas-acoes\/#primaryimage\"},\"thumbnailUrl\":\"https:\/\/portalmf.com.br\/wp-content\/uploads\/2024\/01\/Previdencia-Estadual-fecha-2023-com-balanco-positivo-de-suas-acoes.jpeg\",\"datePublished\":\"2024-01-12T14:55:00+00:00\",\"dateModified\":\"2024-01-12T19:57:35+00:00\",\"author\":{\"@id\":\"https:\/\/portalmf.com.br\/#\/schema\/person\/9ec101baf56233e53520c26de5d6f6f0\"},\"breadcrumb\":{\"@id\":\"https:\/\/portalmf.com.br\/index.php\/2024\/01\/12\/previdencia-estadual-fecha-2023-com-balanco-positivo-de-suas-acoes\/#breadcrumb\"},\"inLanguage\":\"pt-BR\",\"potentialAction\":[{\"@type\":\"ReadAction\",\"target\":[\"https:\/\/portalmf.com.br\/index.php\/2024\/01\/12\/previdencia-estadual-fecha-2023-com-balanco-positivo-de-suas-acoes\/\"]}]},{\"@type\":\"ImageObject\",\"inLanguage\":\"pt-BR\",\"@id\":\"https:\/\/portalmf.com.br\/index.php\/2024\/01\/12\/previdencia-estadual-fecha-2023-com-balanco-positivo-de-suas-acoes\/#primaryimage\",\"url\":\"https:\/\/portalmf.com.br\/wp-content\/uploads\/2024\/01\/Previdencia-Estadual-fecha-2023-com-balanco-positivo-de-suas-acoes.jpeg\",\"contentUrl\":\"https:\/\/portalmf.com.br\/wp-content\/uploads\/2024\/01\/Previdencia-Estadual-fecha-2023-com-balanco-positivo-de-suas-acoes.jpeg\",\"width\":1500,\"height\":500},{\"@type\":\"BreadcrumbList\",\"@id\":\"https:\/\/portalmf.com.br\/index.php\/2024\/01\/12\/previdencia-estadual-fecha-2023-com-balanco-positivo-de-suas-acoes\/#breadcrumb\",\"itemListElement\":[{\"@type\":\"ListItem\",\"position\":1,\"name\":\"In\u00edcio\",\"item\":\"https:\/\/portalmf.com.br\/\"},{\"@type\":\"ListItem\",\"position\":2,\"name\":\"Previd\u00eancia Estadual fecha 2023 com balan\u00e7o positivo de suas a\u00e7\u00f5es\"}]},{\"@type\":\"WebSite\",\"@id\":\"https:\/\/portalmf.com.br\/#website\",\"url\":\"https:\/\/portalmf.com.br\/\",\"name\":\"Portal MF\",\"description\":\"Voc\u00ea conectado com a informa\u00e7\u00e3o\",\"potentialAction\":[{\"@type\":\"SearchAction\",\"target\":{\"@type\":\"EntryPoint\",\"urlTemplate\":\"https:\/\/portalmf.com.br\/?s={search_term_string}\"},\"query-input\":\"required name=search_term_string\"}],\"inLanguage\":\"pt-BR\"},{\"@type\":\"Person\",\"@id\":\"https:\/\/portalmf.com.br\/#\/schema\/person\/9ec101baf56233e53520c26de5d6f6f0\",\"name\":\"Reda\u00e7\u00e3o Portal MF\",\"image\":{\"@type\":\"ImageObject\",\"inLanguage\":\"pt-BR\",\"@id\":\"https:\/\/portalmf.com.br\/#\/schema\/person\/image\/\",\"url\":\"https:\/\/secure.gravatar.com\/avatar\/41b9aaeb2100835f7c64362330f74c7f?s=96&d=mm&r=g\",\"contentUrl\":\"https:\/\/secure.gravatar.com\/avatar\/41b9aaeb2100835f7c64362330f74c7f?s=96&d=mm&r=g\",\"caption\":\"Reda\u00e7\u00e3o Portal MF\"},\"description\":\"Sejam bem-vindos o portal de informa\u00e7\u00f5es de entretenimento de Feira de Santana, desde 2006 realiza coberturas dos principais eventos com entrevistas exclusivas com as principais personalidades mundiais. Fique conectado tamb\u00e9m nas redes sociais.\",\"sameAs\":[\"http:\/\/www.portalmf.com.br\/\",\"https:\/\/www.facebook.com\/portalmfoficial\",\"https:\/\/www.instagram.com\/portalmf\/\",\"https:\/\/x.com\/https:\/\/x.com\/portalmfoficial\",\"https:\/\/www.youtube.com\/@portalmfoficial\"],\"url\":\"https:\/\/portalmf.com.br\/index.php\/author\/junior\/\"}]}<\/script>\n<!-- \/ Yoast SEO plugin. -->","yoast_head_json":{"title":"Previd\u00eancia Estadual fecha 2023 com balan\u00e7o positivo de suas a\u00e7\u00f5es - Portal MF","robots":{"index":"index","follow":"follow","max-snippet":"max-snippet:-1","max-image-preview":"max-image-preview:large","max-video-preview":"max-video-preview:-1"},"canonical":"https:\/\/portalmf.com.br\/index.php\/2024\/01\/12\/previdencia-estadual-fecha-2023-com-balanco-positivo-de-suas-acoes\/","og_locale":"pt_BR","og_type":"article","og_title":"Previd\u00eancia Estadual fecha 2023 com balan\u00e7o positivo de suas a\u00e7\u00f5es - Portal MF","og_description":"A Superintend\u00eancia de Previd\u00eancia do Estado (Suprev) fechou o ano de 2023 com balan\u00e7o positivo das suas a\u00e7\u00f5es: uma arrecada\u00e7\u00e3o recorde de R$ 420,6 milh\u00f5es com a compensa\u00e7\u00e3o previdenci\u00e1ria e uma economia para o er\u00e1rio de R$ 136 milh\u00f5es com auditorias e outras a\u00e7\u00f5es de controle. Tamb\u00e9m concedeu um total de 4.055 benef\u00edcios previdenci\u00e1rios, sendo [&hellip;]","og_url":"https:\/\/portalmf.com.br\/index.php\/2024\/01\/12\/previdencia-estadual-fecha-2023-com-balanco-positivo-de-suas-acoes\/","og_site_name":"Portal MF","article_author":"https:\/\/www.facebook.com\/portalmfoficial","article_published_time":"2024-01-12T14:55:00+00:00","article_modified_time":"2024-01-12T19:57:35+00:00","og_image":[{"width":1500,"height":500,"url":"https:\/\/portalmf.com.br\/wp-content\/uploads\/2024\/01\/Previdencia-Estadual-fecha-2023-com-balanco-positivo-de-suas-acoes.jpeg","type":"image\/jpeg"}],"author":"Reda\u00e7\u00e3o Portal MF","twitter_card":"summary_large_image","twitter_creator":"@https:\/\/x.com\/portalmfoficial","twitter_misc":{"Escrito por":"Reda\u00e7\u00e3o Portal MF","Est. tempo de leitura":"3 minutos"},"schema":{"@context":"https:\/\/schema.org","@graph":[{"@type":"WebPage","@id":"https:\/\/portalmf.com.br\/index.php\/2024\/01\/12\/previdencia-estadual-fecha-2023-com-balanco-positivo-de-suas-acoes\/","url":"https:\/\/portalmf.com.br\/index.php\/2024\/01\/12\/previdencia-estadual-fecha-2023-com-balanco-positivo-de-suas-acoes\/","name":"Previd\u00eancia Estadual fecha 2023 com balan\u00e7o positivo de suas a\u00e7\u00f5es - Portal MF","isPartOf":{"@id":"https:\/\/portalmf.com.br\/#website"},"primaryImageOfPage":{"@id":"https:\/\/portalmf.com.br\/index.php\/2024\/01\/12\/previdencia-estadual-fecha-2023-com-balanco-positivo-de-suas-acoes\/#primaryimage"},"image":{"@id":"https:\/\/portalmf.com.br\/index.php\/2024\/01\/12\/previdencia-estadual-fecha-2023-com-balanco-positivo-de-suas-acoes\/#primaryimage"},"thumbnailUrl":"https:\/\/portalmf.com.br\/wp-content\/uploads\/2024\/01\/Previdencia-Estadual-fecha-2023-com-balanco-positivo-de-suas-acoes.jpeg","datePublished":"2024-01-12T14:55:00+00:00","dateModified":"2024-01-12T19:57:35+00:00","author":{"@id":"https:\/\/portalmf.com.br\/#\/schema\/person\/9ec101baf56233e53520c26de5d6f6f0"},"breadcrumb":{"@id":"https:\/\/portalmf.com.br\/index.php\/2024\/01\/12\/previdencia-estadual-fecha-2023-com-balanco-positivo-de-suas-acoes\/#breadcrumb"},"inLanguage":"pt-BR","potentialAction":[{"@type":"ReadAction","target":["https:\/\/portalmf.com.br\/index.php\/2024\/01\/12\/previdencia-estadual-fecha-2023-com-balanco-positivo-de-suas-acoes\/"]}]},{"@type":"ImageObject","inLanguage":"pt-BR","@id":"https:\/\/portalmf.com.br\/index.php\/2024\/01\/12\/previdencia-estadual-fecha-2023-com-balanco-positivo-de-suas-acoes\/#primaryimage","url":"https:\/\/portalmf.com.br\/wp-content\/uploads\/2024\/01\/Previdencia-Estadual-fecha-2023-com-balanco-positivo-de-suas-acoes.jpeg","contentUrl":"https:\/\/portalmf.com.br\/wp-content\/uploads\/2024\/01\/Previdencia-Estadual-fecha-2023-com-balanco-positivo-de-suas-acoes.jpeg","width":1500,"height":500},{"@type":"BreadcrumbList","@id":"https:\/\/portalmf.com.br\/index.php\/2024\/01\/12\/previdencia-estadual-fecha-2023-com-balanco-positivo-de-suas-acoes\/#breadcrumb","itemListElement":[{"@type":"ListItem","position":1,"name":"In\u00edcio","item":"https:\/\/portalmf.com.br\/"},{"@type":"ListItem","position":2,"name":"Previd\u00eancia Estadual fecha 2023 com balan\u00e7o positivo de suas a\u00e7\u00f5es"}]},{"@type":"WebSite","@id":"https:\/\/portalmf.com.br\/#website","url":"https:\/\/portalmf.com.br\/","name":"Portal MF","description":"Voc\u00ea conectado com a informa\u00e7\u00e3o","potentialAction":[{"@type":"SearchAction","target":{"@type":"EntryPoint","urlTemplate":"https:\/\/portalmf.com.br\/?s={search_term_string}"},"query-input":"required name=search_term_string"}],"inLanguage":"pt-BR"},{"@type":"Person","@id":"https:\/\/portalmf.com.br\/#\/schema\/person\/9ec101baf56233e53520c26de5d6f6f0","name":"Reda\u00e7\u00e3o Portal MF","image":{"@type":"ImageObject","inLanguage":"pt-BR","@id":"https:\/\/portalmf.com.br\/#\/schema\/person\/image\/","url":"https:\/\/secure.gravatar.com\/avatar\/41b9aaeb2100835f7c64362330f74c7f?s=96&d=mm&r=g","contentUrl":"https:\/\/secure.gravatar.com\/avatar\/41b9aaeb2100835f7c64362330f74c7f?s=96&d=mm&r=g","caption":"Reda\u00e7\u00e3o Portal MF"},"description":"Sejam bem-vindos o portal de informa\u00e7\u00f5es de entretenimento de Feira de Santana, desde 2006 realiza coberturas dos principais eventos com entrevistas exclusivas com as principais personalidades mundiais. Fique conectado tamb\u00e9m nas redes sociais.","sameAs":["http:\/\/www.portalmf.com.br\/","https:\/\/www.facebook.com\/portalmfoficial","https:\/\/www.instagram.com\/portalmf\/","https:\/\/x.com\/https:\/\/x.com\/portalmfoficial","https:\/\/www.youtube.com\/@portalmfoficial"],"url":"https:\/\/portalmf.com.br\/index.php\/author\/junior\/"}]}},"_links":{"self":[{"href":"https:\/\/portalmf.com.br\/index.php\/wp-json\/wp\/v2\/posts\/21952"}],"collection":[{"href":"https:\/\/portalmf.com.br\/index.php\/wp-json\/wp\/v2\/posts"}],"about":[{"href":"https:\/\/portalmf.com.br\/index.php\/wp-json\/wp\/v2\/types\/post"}],"author":[{"embeddable":true,"href":"https:\/\/portalmf.com.br\/index.php\/wp-json\/wp\/v2\/users\/3"}],"replies":[{"embeddable":true,"href":"https:\/\/portalmf.com.br\/index.php\/wp-json\/wp\/v2\/comments?post=21952"}],"version-history":[{"count":1,"href":"https:\/\/portalmf.com.br\/index.php\/wp-json\/wp\/v2\/posts\/21952\/revisions"}],"predecessor-version":[{"id":21954,"href":"https:\/\/portalmf.com.br\/index.php\/wp-json\/wp\/v2\/posts\/21952\/revisions\/21954"}],"wp:featuredmedia":[{"embeddable":true,"href":"https:\/\/portalmf.com.br\/index.php\/wp-json\/wp\/v2\/media\/21953"}],"wp:attachment":[{"href":"https:\/\/portalmf.com.br\/index.php\/wp-json\/wp\/v2\/media?parent=21952"}],"wp:term":[{"taxonomy":"category","embeddable":true,"href":"https:\/\/portalmf.com.br\/index.php\/wp-json\/wp\/v2\/categories?post=21952"},{"taxonomy":"post_tag","embeddable":true,"href":"https:\/\/portalmf.com.br\/index.php\/wp-json\/wp\/v2\/tags?post=21952"}],"curies":[{"name":"wp","href":"https:\/\/api.w.org\/{rel}","templated":true}]}}