{"id":21929,"date":"2024-01-12T15:58:34","date_gmt":"2024-01-12T18:58:34","guid":{"rendered":"https:\/\/portalmf.com.br\/?p=21929"},"modified":"2024-01-12T15:59:01","modified_gmt":"2024-01-12T18:59:01","slug":"camara-esclarece-sobre-obra-de-manutencao-em-seus-predios-nao-ha-alteracao-da-estrutura","status":"publish","type":"post","link":"https:\/\/portalmf.com.br\/index.php\/2024\/01\/12\/camara-esclarece-sobre-obra-de-manutencao-em-seus-predios-nao-ha-alteracao-da-estrutura\/","title":{"rendered":"C\u00e2mara esclarece sobre obra de manuten\u00e7\u00e3o em seus pr\u00e9dios; n\u00e3o h\u00e1 altera\u00e7\u00e3o da estrutura"},"content":{"rendered":"\n<p><em>\u201cLamento que o prefeito n\u00e3o entenda as necessidades de manuten\u00e7\u00e3o e reparo nas instala\u00e7\u00f5es da C\u00e2mara Municipal de Feira de Santana. \u00c9 de conhecimento de todos as condi\u00e7\u00f5es insalubres que os frequentadores da Casa da Cidadania v\u00eam passando ao longo dos \u00faltimos anos\u201d.<\/em> A declara\u00e7\u00e3o \u00e9 da presidente Eremita Mota (PSDB) ao receber, com surpresa, o comunicado de interdi\u00e7\u00e3o da obra que est\u00e1 sendo realizada no pr\u00e9dio-sede do Legislativo, na tarde desta quinta-feira (11), atrav\u00e9s do Di\u00e1rio Oficial do Munic\u00edpio.<\/p>\n\n\n\n<p>De acordo com o procurador-geral da C\u00e2mara, Andr\u00e9 Novaes, a Prefeitura solicitou em dezembro de 2023 o alvar\u00e1 da obra e, prontamente, foi encaminhada uma resposta, tamb\u00e9m atrav\u00e9s de of\u00edcio, informando que em caso de servi\u00e7o de manuten\u00e7\u00e3o e reparo, como o que est\u00e1 acontecendo, n\u00e3o \u00e9 necess\u00e1rio esse tipo de formalidade. N\u00e3o satisfeito, o Poder Executivo emitiu comunicado solicitando relat\u00f3rio mensal e, em menos de 72, horas resolveu interdita-la.<\/p>\n\n\n\n<p><em>\u201cN\u00f3s fomos oficiados no dia 8 de janeiro pela Sedur, pedindo o relat\u00f3rio mensal das melhorias que est\u00e3o sendo realizadas. N\u00e3o \u00e9 razo\u00e1vel que tr\u00eas dias depois a Prefeitura interdite os trabalhos\u201d, reage o procurador. No entendimento de Novaes, existe hip\u00f3tese de \u201cflagrante abuso&#8221;<\/em>, tendo em vista a interfer\u00eancia de um poder nas prerrogativas do outro. <em>&#8220;\u00c9 como se o Executivo quisesse invadir a C\u00e2mara. Aqui \u00e9 a sede do Poder Legislativo. Conforme a Constitui\u00e7\u00e3o Federal, os poderes s\u00e3o aut\u00f4nomos, independentes e harm\u00f4nicos\u201d,<\/em> explicou.<\/p>\n\n\n\n<p>A obra de manuten\u00e7\u00e3o e reparo foi iniciada no dia 26 de dezembro com a finalidade de dar mais seguran\u00e7a e conforto aos frequentadores dos pr\u00e9dios do Legislativo, inclusive nas instala\u00e7\u00f5es dos seus \u00f3rg\u00e3os administrativos, tendo em vista \u00e0s m\u00e1s condi\u00e7\u00f5es, desde as instala\u00e7\u00f5es el\u00e9tricas at\u00e9 as infiltra\u00e7\u00f5es que podem comprometer a estrutura do pr\u00e9dio, segundo laudo emitido por engenheiros contratados pela C\u00e2mara.<\/p>\n\n\n\n<p>O sinal de alerta foi dado ainda no in\u00edcio de janeiro de 2023, quando fortes chuvas ca\u00edram na cidade. O pr\u00e9dio-sede e o anexo da C\u00e2mara apresentaram infiltra\u00e7\u00f5es no telhado. No im\u00f3vel onde ocorrem as sess\u00f5es, parte dele cedeu, enchendo de \u00e1gua salas e plen\u00e1rio. Equipamentos foram danificados.<\/p>\n\n\n\n<p><em>\u201cN\u00e3o podemos deixar o pior acontecer. Precisamos ter respeito ao patrim\u00f4nio p\u00fablico e \u00e0s pessoas que trabalham e frequentam a Casa da Cidadania&#8221;, <\/em>afirma Eremita Mota. Segundo ela, a inten\u00e7\u00e3o \u00e9 que todos possam estar em seguran\u00e7a, uma vez que h\u00e1 riscos at\u00e9 mesmo nos acentos que se encontram quebrados nas galerias, onde a popula\u00e7\u00e3o comparece para assistir aos trabalhos legislativos.<\/p>\n\n\n\n<p>O elevador do pr\u00e9dio anexo e tamb\u00e9m o da sede da C\u00e2mara, que serve aos cidad\u00e3os deficientes f\u00edsicos, est\u00e3o quebrados e sem funcionar h\u00e1 v\u00e1rios anos. A dirigente diz que est\u00e1 sendo aproveitado o momento de recesso parlamentar para que sejam efetivadas as melhorias das instala\u00e7\u00f5es f\u00edsicas e a acessibilidade desses equipamentos p\u00fablicos importantes, esquecidos por outras gest\u00f5es. Eremita assegura que n\u00e3o haver\u00e1 mudan\u00e7a na estrutura dos pr\u00e9dios, apenas manuten\u00e7\u00e3o e reparo.<\/p>\n","protected":false},"excerpt":{"rendered":"<p>\u201cLamento que o prefeito n\u00e3o entenda as necessidades de manuten\u00e7\u00e3o e reparo nas instala\u00e7\u00f5es da C\u00e2mara Municipal de Feira de Santana. \u00c9 de conhecimento de todos as condi\u00e7\u00f5es insalubres que os frequentadores da Casa da Cidadania v\u00eam passando ao longo dos \u00faltimos anos\u201d. A declara\u00e7\u00e3o \u00e9 da presidente Eremita Mota (PSDB) ao receber, com surpresa, [&hellip;]<\/p>\n","protected":false},"author":3,"featured_media":21930,"comment_status":"open","ping_status":"open","sticky":false,"template":"","format":"standard","meta":{"_monsterinsights_skip_tracking":false,"_monsterinsights_sitenote_active":false,"_monsterinsights_sitenote_note":"","_monsterinsights_sitenote_category":0,"footnotes":""},"categories":[34],"tags":[],"yoast_head":"<!-- This site is optimized with the Yoast SEO plugin v22.9 - https:\/\/yoast.com\/wordpress\/plugins\/seo\/ -->\n<title>C\u00e2mara esclarece sobre obra de manuten\u00e7\u00e3o em seus pr\u00e9dios; n\u00e3o h\u00e1 altera\u00e7\u00e3o da estrutura - Portal MF<\/title>\n<meta name=\"robots\" content=\"index, follow, max-snippet:-1, max-image-preview:large, max-video-preview:-1\" \/>\n<link rel=\"canonical\" href=\"https:\/\/portalmf.com.br\/index.php\/2024\/01\/12\/camara-esclarece-sobre-obra-de-manutencao-em-seus-predios-nao-ha-alteracao-da-estrutura\/\" \/>\n<meta property=\"og:locale\" content=\"pt_BR\" \/>\n<meta property=\"og:type\" content=\"article\" \/>\n<meta property=\"og:title\" content=\"C\u00e2mara esclarece sobre obra de manuten\u00e7\u00e3o em seus pr\u00e9dios; n\u00e3o h\u00e1 altera\u00e7\u00e3o da estrutura - Portal MF\" \/>\n<meta property=\"og:description\" content=\"\u201cLamento que o prefeito n\u00e3o entenda as necessidades de manuten\u00e7\u00e3o e reparo nas instala\u00e7\u00f5es da C\u00e2mara Municipal de Feira de Santana. \u00c9 de conhecimento de todos as condi\u00e7\u00f5es insalubres que os frequentadores da Casa da Cidadania v\u00eam passando ao longo dos \u00faltimos anos\u201d. A declara\u00e7\u00e3o \u00e9 da presidente Eremita Mota (PSDB) ao receber, com surpresa, [&hellip;]\" \/>\n<meta property=\"og:url\" content=\"https:\/\/portalmf.com.br\/index.php\/2024\/01\/12\/camara-esclarece-sobre-obra-de-manutencao-em-seus-predios-nao-ha-alteracao-da-estrutura\/\" \/>\n<meta property=\"og:site_name\" content=\"Portal MF\" \/>\n<meta property=\"article:author\" content=\"https:\/\/www.facebook.com\/portalmfoficial\" \/>\n<meta property=\"article:published_time\" content=\"2024-01-12T18:58:34+00:00\" \/>\n<meta property=\"article:modified_time\" content=\"2024-01-12T18:59:01+00:00\" \/>\n<meta property=\"og:image\" content=\"https:\/\/portalmf.com.br\/wp-content\/uploads\/2024\/01\/WhatsApp-Image-2024-01-12-at-11.23.03.jpeg\" \/>\n\t<meta property=\"og:image:width\" content=\"1600\" \/>\n\t<meta property=\"og:image:height\" content=\"1069\" \/>\n\t<meta property=\"og:image:type\" content=\"image\/jpeg\" \/>\n<meta name=\"author\" content=\"Reda\u00e7\u00e3o Portal MF\" \/>\n<meta name=\"twitter:card\" content=\"summary_large_image\" \/>\n<meta name=\"twitter:creator\" content=\"@https:\/\/x.com\/portalmfoficial\" \/>\n<meta name=\"twitter:label1\" content=\"Escrito por\" \/>\n\t<meta name=\"twitter:data1\" content=\"Reda\u00e7\u00e3o Portal MF\" \/>\n\t<meta name=\"twitter:label2\" content=\"Est. tempo de leitura\" \/>\n\t<meta name=\"twitter:data2\" content=\"1 minuto\" \/>\n<script type=\"application\/ld+json\" class=\"yoast-schema-graph\">{\"@context\":\"https:\/\/schema.org\",\"@graph\":[{\"@type\":\"WebPage\",\"@id\":\"https:\/\/portalmf.com.br\/index.php\/2024\/01\/12\/camara-esclarece-sobre-obra-de-manutencao-em-seus-predios-nao-ha-alteracao-da-estrutura\/\",\"url\":\"https:\/\/portalmf.com.br\/index.php\/2024\/01\/12\/camara-esclarece-sobre-obra-de-manutencao-em-seus-predios-nao-ha-alteracao-da-estrutura\/\",\"name\":\"C\u00e2mara esclarece sobre obra de manuten\u00e7\u00e3o em seus pr\u00e9dios; n\u00e3o h\u00e1 altera\u00e7\u00e3o da estrutura - Portal MF\",\"isPartOf\":{\"@id\":\"https:\/\/portalmf.com.br\/#website\"},\"primaryImageOfPage\":{\"@id\":\"https:\/\/portalmf.com.br\/index.php\/2024\/01\/12\/camara-esclarece-sobre-obra-de-manutencao-em-seus-predios-nao-ha-alteracao-da-estrutura\/#primaryimage\"},\"image\":{\"@id\":\"https:\/\/portalmf.com.br\/index.php\/2024\/01\/12\/camara-esclarece-sobre-obra-de-manutencao-em-seus-predios-nao-ha-alteracao-da-estrutura\/#primaryimage\"},\"thumbnailUrl\":\"https:\/\/portalmf.com.br\/wp-content\/uploads\/2024\/01\/WhatsApp-Image-2024-01-12-at-11.23.03.jpeg\",\"datePublished\":\"2024-01-12T18:58:34+00:00\",\"dateModified\":\"2024-01-12T18:59:01+00:00\",\"author\":{\"@id\":\"https:\/\/portalmf.com.br\/#\/schema\/person\/9ec101baf56233e53520c26de5d6f6f0\"},\"breadcrumb\":{\"@id\":\"https:\/\/portalmf.com.br\/index.php\/2024\/01\/12\/camara-esclarece-sobre-obra-de-manutencao-em-seus-predios-nao-ha-alteracao-da-estrutura\/#breadcrumb\"},\"inLanguage\":\"pt-BR\",\"potentialAction\":[{\"@type\":\"ReadAction\",\"target\":[\"https:\/\/portalmf.com.br\/index.php\/2024\/01\/12\/camara-esclarece-sobre-obra-de-manutencao-em-seus-predios-nao-ha-alteracao-da-estrutura\/\"]}]},{\"@type\":\"ImageObject\",\"inLanguage\":\"pt-BR\",\"@id\":\"https:\/\/portalmf.com.br\/index.php\/2024\/01\/12\/camara-esclarece-sobre-obra-de-manutencao-em-seus-predios-nao-ha-alteracao-da-estrutura\/#primaryimage\",\"url\":\"https:\/\/portalmf.com.br\/wp-content\/uploads\/2024\/01\/WhatsApp-Image-2024-01-12-at-11.23.03.jpeg\",\"contentUrl\":\"https:\/\/portalmf.com.br\/wp-content\/uploads\/2024\/01\/WhatsApp-Image-2024-01-12-at-11.23.03.jpeg\",\"width\":1600,\"height\":1069},{\"@type\":\"BreadcrumbList\",\"@id\":\"https:\/\/portalmf.com.br\/index.php\/2024\/01\/12\/camara-esclarece-sobre-obra-de-manutencao-em-seus-predios-nao-ha-alteracao-da-estrutura\/#breadcrumb\",\"itemListElement\":[{\"@type\":\"ListItem\",\"position\":1,\"name\":\"In\u00edcio\",\"item\":\"https:\/\/portalmf.com.br\/\"},{\"@type\":\"ListItem\",\"position\":2,\"name\":\"C\u00e2mara esclarece sobre obra de manuten\u00e7\u00e3o em seus pr\u00e9dios; n\u00e3o h\u00e1 altera\u00e7\u00e3o da estrutura\"}]},{\"@type\":\"WebSite\",\"@id\":\"https:\/\/portalmf.com.br\/#website\",\"url\":\"https:\/\/portalmf.com.br\/\",\"name\":\"Portal MF\",\"description\":\"Voc\u00ea conectado com a informa\u00e7\u00e3o\",\"potentialAction\":[{\"@type\":\"SearchAction\",\"target\":{\"@type\":\"EntryPoint\",\"urlTemplate\":\"https:\/\/portalmf.com.br\/?s={search_term_string}\"},\"query-input\":\"required name=search_term_string\"}],\"inLanguage\":\"pt-BR\"},{\"@type\":\"Person\",\"@id\":\"https:\/\/portalmf.com.br\/#\/schema\/person\/9ec101baf56233e53520c26de5d6f6f0\",\"name\":\"Reda\u00e7\u00e3o Portal MF\",\"image\":{\"@type\":\"ImageObject\",\"inLanguage\":\"pt-BR\",\"@id\":\"https:\/\/portalmf.com.br\/#\/schema\/person\/image\/\",\"url\":\"https:\/\/secure.gravatar.com\/avatar\/41b9aaeb2100835f7c64362330f74c7f?s=96&d=mm&r=g\",\"contentUrl\":\"https:\/\/secure.gravatar.com\/avatar\/41b9aaeb2100835f7c64362330f74c7f?s=96&d=mm&r=g\",\"caption\":\"Reda\u00e7\u00e3o Portal MF\"},\"description\":\"Sejam bem-vindos o portal de informa\u00e7\u00f5es de entretenimento de Feira de Santana, desde 2006 realiza coberturas dos principais eventos com entrevistas exclusivas com as principais personalidades mundiais. Fique conectado tamb\u00e9m nas redes sociais.\",\"sameAs\":[\"http:\/\/www.portalmf.com.br\/\",\"https:\/\/www.facebook.com\/portalmfoficial\",\"https:\/\/www.instagram.com\/portalmf\/\",\"https:\/\/x.com\/https:\/\/x.com\/portalmfoficial\",\"https:\/\/www.youtube.com\/@portalmfoficial\"],\"url\":\"https:\/\/portalmf.com.br\/index.php\/author\/junior\/\"}]}<\/script>\n<!-- \/ Yoast SEO plugin. -->","yoast_head_json":{"title":"C\u00e2mara esclarece sobre obra de manuten\u00e7\u00e3o em seus pr\u00e9dios; n\u00e3o h\u00e1 altera\u00e7\u00e3o da estrutura - Portal MF","robots":{"index":"index","follow":"follow","max-snippet":"max-snippet:-1","max-image-preview":"max-image-preview:large","max-video-preview":"max-video-preview:-1"},"canonical":"https:\/\/portalmf.com.br\/index.php\/2024\/01\/12\/camara-esclarece-sobre-obra-de-manutencao-em-seus-predios-nao-ha-alteracao-da-estrutura\/","og_locale":"pt_BR","og_type":"article","og_title":"C\u00e2mara esclarece sobre obra de manuten\u00e7\u00e3o em seus pr\u00e9dios; n\u00e3o h\u00e1 altera\u00e7\u00e3o da estrutura - Portal MF","og_description":"\u201cLamento que o prefeito n\u00e3o entenda as necessidades de manuten\u00e7\u00e3o e reparo nas instala\u00e7\u00f5es da C\u00e2mara Municipal de Feira de Santana. \u00c9 de conhecimento de todos as condi\u00e7\u00f5es insalubres que os frequentadores da Casa da Cidadania v\u00eam passando ao longo dos \u00faltimos anos\u201d. A declara\u00e7\u00e3o \u00e9 da presidente Eremita Mota (PSDB) ao receber, com surpresa, [&hellip;]","og_url":"https:\/\/portalmf.com.br\/index.php\/2024\/01\/12\/camara-esclarece-sobre-obra-de-manutencao-em-seus-predios-nao-ha-alteracao-da-estrutura\/","og_site_name":"Portal MF","article_author":"https:\/\/www.facebook.com\/portalmfoficial","article_published_time":"2024-01-12T18:58:34+00:00","article_modified_time":"2024-01-12T18:59:01+00:00","og_image":[{"width":1600,"height":1069,"url":"https:\/\/portalmf.com.br\/wp-content\/uploads\/2024\/01\/WhatsApp-Image-2024-01-12-at-11.23.03.jpeg","type":"image\/jpeg"}],"author":"Reda\u00e7\u00e3o Portal MF","twitter_card":"summary_large_image","twitter_creator":"@https:\/\/x.com\/portalmfoficial","twitter_misc":{"Escrito por":"Reda\u00e7\u00e3o Portal MF","Est. tempo de leitura":"1 minuto"},"schema":{"@context":"https:\/\/schema.org","@graph":[{"@type":"WebPage","@id":"https:\/\/portalmf.com.br\/index.php\/2024\/01\/12\/camara-esclarece-sobre-obra-de-manutencao-em-seus-predios-nao-ha-alteracao-da-estrutura\/","url":"https:\/\/portalmf.com.br\/index.php\/2024\/01\/12\/camara-esclarece-sobre-obra-de-manutencao-em-seus-predios-nao-ha-alteracao-da-estrutura\/","name":"C\u00e2mara esclarece sobre obra de manuten\u00e7\u00e3o em seus pr\u00e9dios; n\u00e3o h\u00e1 altera\u00e7\u00e3o da estrutura - Portal MF","isPartOf":{"@id":"https:\/\/portalmf.com.br\/#website"},"primaryImageOfPage":{"@id":"https:\/\/portalmf.com.br\/index.php\/2024\/01\/12\/camara-esclarece-sobre-obra-de-manutencao-em-seus-predios-nao-ha-alteracao-da-estrutura\/#primaryimage"},"image":{"@id":"https:\/\/portalmf.com.br\/index.php\/2024\/01\/12\/camara-esclarece-sobre-obra-de-manutencao-em-seus-predios-nao-ha-alteracao-da-estrutura\/#primaryimage"},"thumbnailUrl":"https:\/\/portalmf.com.br\/wp-content\/uploads\/2024\/01\/WhatsApp-Image-2024-01-12-at-11.23.03.jpeg","datePublished":"2024-01-12T18:58:34+00:00","dateModified":"2024-01-12T18:59:01+00:00","author":{"@id":"https:\/\/portalmf.com.br\/#\/schema\/person\/9ec101baf56233e53520c26de5d6f6f0"},"breadcrumb":{"@id":"https:\/\/portalmf.com.br\/index.php\/2024\/01\/12\/camara-esclarece-sobre-obra-de-manutencao-em-seus-predios-nao-ha-alteracao-da-estrutura\/#breadcrumb"},"inLanguage":"pt-BR","potentialAction":[{"@type":"ReadAction","target":["https:\/\/portalmf.com.br\/index.php\/2024\/01\/12\/camara-esclarece-sobre-obra-de-manutencao-em-seus-predios-nao-ha-alteracao-da-estrutura\/"]}]},{"@type":"ImageObject","inLanguage":"pt-BR","@id":"https:\/\/portalmf.com.br\/index.php\/2024\/01\/12\/camara-esclarece-sobre-obra-de-manutencao-em-seus-predios-nao-ha-alteracao-da-estrutura\/#primaryimage","url":"https:\/\/portalmf.com.br\/wp-content\/uploads\/2024\/01\/WhatsApp-Image-2024-01-12-at-11.23.03.jpeg","contentUrl":"https:\/\/portalmf.com.br\/wp-content\/uploads\/2024\/01\/WhatsApp-Image-2024-01-12-at-11.23.03.jpeg","width":1600,"height":1069},{"@type":"BreadcrumbList","@id":"https:\/\/portalmf.com.br\/index.php\/2024\/01\/12\/camara-esclarece-sobre-obra-de-manutencao-em-seus-predios-nao-ha-alteracao-da-estrutura\/#breadcrumb","itemListElement":[{"@type":"ListItem","position":1,"name":"In\u00edcio","item":"https:\/\/portalmf.com.br\/"},{"@type":"ListItem","position":2,"name":"C\u00e2mara esclarece sobre obra de manuten\u00e7\u00e3o em seus pr\u00e9dios; n\u00e3o h\u00e1 altera\u00e7\u00e3o da estrutura"}]},{"@type":"WebSite","@id":"https:\/\/portalmf.com.br\/#website","url":"https:\/\/portalmf.com.br\/","name":"Portal MF","description":"Voc\u00ea conectado com a informa\u00e7\u00e3o","potentialAction":[{"@type":"SearchAction","target":{"@type":"EntryPoint","urlTemplate":"https:\/\/portalmf.com.br\/?s={search_term_string}"},"query-input":"required name=search_term_string"}],"inLanguage":"pt-BR"},{"@type":"Person","@id":"https:\/\/portalmf.com.br\/#\/schema\/person\/9ec101baf56233e53520c26de5d6f6f0","name":"Reda\u00e7\u00e3o Portal MF","image":{"@type":"ImageObject","inLanguage":"pt-BR","@id":"https:\/\/portalmf.com.br\/#\/schema\/person\/image\/","url":"https:\/\/secure.gravatar.com\/avatar\/41b9aaeb2100835f7c64362330f74c7f?s=96&d=mm&r=g","contentUrl":"https:\/\/secure.gravatar.com\/avatar\/41b9aaeb2100835f7c64362330f74c7f?s=96&d=mm&r=g","caption":"Reda\u00e7\u00e3o Portal MF"},"description":"Sejam bem-vindos o portal de informa\u00e7\u00f5es de entretenimento de Feira de Santana, desde 2006 realiza coberturas dos principais eventos com entrevistas exclusivas com as principais personalidades mundiais. Fique conectado tamb\u00e9m nas redes sociais.","sameAs":["http:\/\/www.portalmf.com.br\/","https:\/\/www.facebook.com\/portalmfoficial","https:\/\/www.instagram.com\/portalmf\/","https:\/\/x.com\/https:\/\/x.com\/portalmfoficial","https:\/\/www.youtube.com\/@portalmfoficial"],"url":"https:\/\/portalmf.com.br\/index.php\/author\/junior\/"}]}},"_links":{"self":[{"href":"https:\/\/portalmf.com.br\/index.php\/wp-json\/wp\/v2\/posts\/21929"}],"collection":[{"href":"https:\/\/portalmf.com.br\/index.php\/wp-json\/wp\/v2\/posts"}],"about":[{"href":"https:\/\/portalmf.com.br\/index.php\/wp-json\/wp\/v2\/types\/post"}],"author":[{"embeddable":true,"href":"https:\/\/portalmf.com.br\/index.php\/wp-json\/wp\/v2\/users\/3"}],"replies":[{"embeddable":true,"href":"https:\/\/portalmf.com.br\/index.php\/wp-json\/wp\/v2\/comments?post=21929"}],"version-history":[{"count":1,"href":"https:\/\/portalmf.com.br\/index.php\/wp-json\/wp\/v2\/posts\/21929\/revisions"}],"predecessor-version":[{"id":21931,"href":"https:\/\/portalmf.com.br\/index.php\/wp-json\/wp\/v2\/posts\/21929\/revisions\/21931"}],"wp:featuredmedia":[{"embeddable":true,"href":"https:\/\/portalmf.com.br\/index.php\/wp-json\/wp\/v2\/media\/21930"}],"wp:attachment":[{"href":"https:\/\/portalmf.com.br\/index.php\/wp-json\/wp\/v2\/media?parent=21929"}],"wp:term":[{"taxonomy":"category","embeddable":true,"href":"https:\/\/portalmf.com.br\/index.php\/wp-json\/wp\/v2\/categories?post=21929"},{"taxonomy":"post_tag","embeddable":true,"href":"https:\/\/portalmf.com.br\/index.php\/wp-json\/wp\/v2\/tags?post=21929"}],"curies":[{"name":"wp","href":"https:\/\/api.w.org\/{rel}","templated":true}]}}