{"id":21881,"date":"2024-01-11T18:49:43","date_gmt":"2024-01-11T21:49:43","guid":{"rendered":"https:\/\/portalmf.com.br\/?p=21881"},"modified":"2024-01-11T18:49:44","modified_gmt":"2024-01-11T21:49:44","slug":"mais-58-familias-do-nucleo-conceicao-recebem-escrituras-de-seus-imoveis","status":"publish","type":"post","link":"https:\/\/portalmf.com.br\/index.php\/2024\/01\/11\/mais-58-familias-do-nucleo-conceicao-recebem-escrituras-de-seus-imoveis\/","title":{"rendered":"Mais 58 fam\u00edlias do N\u00facleo Concei\u00e7\u00e3o recebem escrituras de seus im\u00f3veis"},"content":{"rendered":"\n<p>Na tarde desta quarta-feira (10), ocorreu a segunda fase da entrega de 58 escrituras para os residentes do N\u00facleo Concei\u00e7\u00e3o. A cerim\u00f4nia aconteceu na Escola Municipal Jo\u00e3o Mac\u00e1rio Andrade e foi promovida pela Prefeitura de Feira de Santana, por meio da Secretaria Municipal de Habita\u00e7\u00e3o e Regulariza\u00e7\u00e3o Fundi\u00e1ria, com colabora\u00e7\u00e3o do Tribunal de Justi\u00e7a da Bahia. A documenta\u00e7\u00e3o \u00e9 viabilizada gratuitamente. Somente no ano passado, mais de 300 escrituras foram entregues.\u00a0<\/p>\n\n\n\n<figure class=\"wp-block-image size-large\"><img fetchpriority=\"high\" decoding=\"async\" width=\"1024\" height=\"683\" src=\"https:\/\/portalmf.com.br\/wp-content\/uploads\/2024\/01\/image-6-1024x683.png\" alt=\"\" class=\"wp-image-21883\" srcset=\"https:\/\/portalmf.com.br\/wp-content\/uploads\/2024\/01\/image-6-1024x683.png 1024w, https:\/\/portalmf.com.br\/wp-content\/uploads\/2024\/01\/image-6-300x200.png 300w, https:\/\/portalmf.com.br\/wp-content\/uploads\/2024\/01\/image-6-768x512.png 768w, https:\/\/portalmf.com.br\/wp-content\/uploads\/2024\/01\/image-6-585x390.png 585w, https:\/\/portalmf.com.br\/wp-content\/uploads\/2024\/01\/image-6-263x175.png 263w, https:\/\/portalmf.com.br\/wp-content\/uploads\/2024\/01\/image-6.png 1169w\" sizes=\"(max-width: 1024px) 100vw, 1024px\" \/><\/figure>\n\n\n\n<p>O evento contou com a participa\u00e7\u00e3o de secret\u00e1rios municipais e vereadores, e foi conduzido pelo prefeito Colbert Martins Filho, que realizou a entrega das escrituras dos im\u00f3veis. &#8220;M\u00e3es e pais de fam\u00edlia que agora t\u00eam a certeza da propriedade de suas resid\u00eancias&#8221;, enfatizou Colbert.<\/p>\n\n\n\n<p>A escritura em m\u00e3os permite que essas fam\u00edlias tenham a propriedade legal de suas casas, podendo utiliz\u00e1-las para financiamento, refinanciamento, hipoteca, entre outros. Al\u00e9m do N\u00facleo Concei\u00e7\u00e3o, outras localidades e bairros da cidade est\u00e3o com o processo de regulariza\u00e7\u00e3o fundi\u00e1ria em andamento como o conjunto Paulo Souto, Agrovila e conjunto Jos\u00e9 Ronaldo.&nbsp;<\/p>\n\n\n\n<p>A iniciativa foi comemorada pelos benefici\u00e1rios. Claudiana Neri dos Santos, dona de casa e m\u00e3e de fam\u00edlia, que expressou sua seguran\u00e7a ao ter o documento em m\u00e3os.&#8221;\u00c9 muito bom ter a escritura. D\u00e1 uma tranquilidade para todos n\u00f3s&#8221;.<\/p>\n\n\n\n<p>A secret\u00e1ria interina de Habita\u00e7\u00e3o, Eliene Cerqueira, reiterou a disponibilidade da secretaria para esclarecer d\u00favidas ou resolver contesta\u00e7\u00f5es relacionadas \u00e0s escrituras. Os interessados podem dirigir-se \u00e0 sede da Secretaria de Habita\u00e7\u00e3o, localizada na Av. Senhor dos Passos, 212 &#8211; Centro. Ou contatar pelo telefone (75) 3602-4250.<\/p>\n\n\n\n<p>Com informa\u00e7\u00f5es da Secom<\/p>\n","protected":false},"excerpt":{"rendered":"<p>Na tarde desta quarta-feira (10), ocorreu a segunda fase da entrega de 58 escrituras para os residentes do N\u00facleo Concei\u00e7\u00e3o. A cerim\u00f4nia aconteceu na Escola Municipal Jo\u00e3o Mac\u00e1rio Andrade e foi promovida pela Prefeitura de Feira de Santana, por meio da Secretaria Municipal de Habita\u00e7\u00e3o e Regulariza\u00e7\u00e3o Fundi\u00e1ria, com colabora\u00e7\u00e3o do Tribunal de Justi\u00e7a da [&hellip;]<\/p>\n","protected":false},"author":3,"featured_media":21882,"comment_status":"open","ping_status":"open","sticky":false,"template":"","format":"standard","meta":{"_monsterinsights_skip_tracking":false,"_monsterinsights_sitenote_active":false,"_monsterinsights_sitenote_note":"","_monsterinsights_sitenote_category":0,"footnotes":""},"categories":[34],"tags":[],"yoast_head":"<!-- This site is optimized with the Yoast SEO plugin v22.9 - https:\/\/yoast.com\/wordpress\/plugins\/seo\/ -->\n<title>Mais 58 fam\u00edlias do N\u00facleo Concei\u00e7\u00e3o recebem escrituras de seus im\u00f3veis - Portal MF<\/title>\n<meta name=\"robots\" content=\"index, follow, max-snippet:-1, max-image-preview:large, max-video-preview:-1\" \/>\n<link rel=\"canonical\" href=\"https:\/\/portalmf.com.br\/index.php\/2024\/01\/11\/mais-58-familias-do-nucleo-conceicao-recebem-escrituras-de-seus-imoveis\/\" \/>\n<meta property=\"og:locale\" content=\"pt_BR\" \/>\n<meta property=\"og:type\" content=\"article\" \/>\n<meta property=\"og:title\" content=\"Mais 58 fam\u00edlias do N\u00facleo Concei\u00e7\u00e3o recebem escrituras de seus im\u00f3veis - Portal MF\" \/>\n<meta property=\"og:description\" content=\"Na tarde desta quarta-feira (10), ocorreu a segunda fase da entrega de 58 escrituras para os residentes do N\u00facleo Concei\u00e7\u00e3o. A cerim\u00f4nia aconteceu na Escola Municipal Jo\u00e3o Mac\u00e1rio Andrade e foi promovida pela Prefeitura de Feira de Santana, por meio da Secretaria Municipal de Habita\u00e7\u00e3o e Regulariza\u00e7\u00e3o Fundi\u00e1ria, com colabora\u00e7\u00e3o do Tribunal de Justi\u00e7a da [&hellip;]\" \/>\n<meta property=\"og:url\" content=\"https:\/\/portalmf.com.br\/index.php\/2024\/01\/11\/mais-58-familias-do-nucleo-conceicao-recebem-escrituras-de-seus-imoveis\/\" \/>\n<meta property=\"og:site_name\" content=\"Portal MF\" \/>\n<meta property=\"article:author\" content=\"https:\/\/www.facebook.com\/portalmfoficial\" \/>\n<meta property=\"article:published_time\" content=\"2024-01-11T21:49:43+00:00\" \/>\n<meta property=\"article:modified_time\" content=\"2024-01-11T21:49:44+00:00\" \/>\n<meta property=\"og:image\" content=\"https:\/\/portalmf.com.br\/wp-content\/uploads\/2024\/01\/Mais-58-familias-do-Nucleo-Conceicao-recebem-escrituras-de-seus-imoveis.jpg\" \/>\n\t<meta property=\"og:image:width\" content=\"1306\" \/>\n\t<meta property=\"og:image:height\" content=\"661\" \/>\n\t<meta property=\"og:image:type\" content=\"image\/jpeg\" \/>\n<meta name=\"author\" content=\"Reda\u00e7\u00e3o Portal MF\" \/>\n<meta name=\"twitter:card\" content=\"summary_large_image\" \/>\n<meta name=\"twitter:creator\" content=\"@https:\/\/x.com\/portalmfoficial\" \/>\n<meta name=\"twitter:label1\" content=\"Escrito por\" \/>\n\t<meta name=\"twitter:data1\" content=\"Reda\u00e7\u00e3o Portal MF\" \/>\n\t<meta name=\"twitter:label2\" content=\"Est. tempo de leitura\" \/>\n\t<meta name=\"twitter:data2\" content=\"2 minutos\" \/>\n<script type=\"application\/ld+json\" class=\"yoast-schema-graph\">{\"@context\":\"https:\/\/schema.org\",\"@graph\":[{\"@type\":\"WebPage\",\"@id\":\"https:\/\/portalmf.com.br\/index.php\/2024\/01\/11\/mais-58-familias-do-nucleo-conceicao-recebem-escrituras-de-seus-imoveis\/\",\"url\":\"https:\/\/portalmf.com.br\/index.php\/2024\/01\/11\/mais-58-familias-do-nucleo-conceicao-recebem-escrituras-de-seus-imoveis\/\",\"name\":\"Mais 58 fam\u00edlias do N\u00facleo Concei\u00e7\u00e3o recebem escrituras de seus im\u00f3veis - Portal MF\",\"isPartOf\":{\"@id\":\"https:\/\/portalmf.com.br\/#website\"},\"primaryImageOfPage\":{\"@id\":\"https:\/\/portalmf.com.br\/index.php\/2024\/01\/11\/mais-58-familias-do-nucleo-conceicao-recebem-escrituras-de-seus-imoveis\/#primaryimage\"},\"image\":{\"@id\":\"https:\/\/portalmf.com.br\/index.php\/2024\/01\/11\/mais-58-familias-do-nucleo-conceicao-recebem-escrituras-de-seus-imoveis\/#primaryimage\"},\"thumbnailUrl\":\"https:\/\/portalmf.com.br\/wp-content\/uploads\/2024\/01\/Mais-58-familias-do-Nucleo-Conceicao-recebem-escrituras-de-seus-imoveis.jpg\",\"datePublished\":\"2024-01-11T21:49:43+00:00\",\"dateModified\":\"2024-01-11T21:49:44+00:00\",\"author\":{\"@id\":\"https:\/\/portalmf.com.br\/#\/schema\/person\/9ec101baf56233e53520c26de5d6f6f0\"},\"breadcrumb\":{\"@id\":\"https:\/\/portalmf.com.br\/index.php\/2024\/01\/11\/mais-58-familias-do-nucleo-conceicao-recebem-escrituras-de-seus-imoveis\/#breadcrumb\"},\"inLanguage\":\"pt-BR\",\"potentialAction\":[{\"@type\":\"ReadAction\",\"target\":[\"https:\/\/portalmf.com.br\/index.php\/2024\/01\/11\/mais-58-familias-do-nucleo-conceicao-recebem-escrituras-de-seus-imoveis\/\"]}]},{\"@type\":\"ImageObject\",\"inLanguage\":\"pt-BR\",\"@id\":\"https:\/\/portalmf.com.br\/index.php\/2024\/01\/11\/mais-58-familias-do-nucleo-conceicao-recebem-escrituras-de-seus-imoveis\/#primaryimage\",\"url\":\"https:\/\/portalmf.com.br\/wp-content\/uploads\/2024\/01\/Mais-58-familias-do-Nucleo-Conceicao-recebem-escrituras-de-seus-imoveis.jpg\",\"contentUrl\":\"https:\/\/portalmf.com.br\/wp-content\/uploads\/2024\/01\/Mais-58-familias-do-Nucleo-Conceicao-recebem-escrituras-de-seus-imoveis.jpg\",\"width\":1306,\"height\":661},{\"@type\":\"BreadcrumbList\",\"@id\":\"https:\/\/portalmf.com.br\/index.php\/2024\/01\/11\/mais-58-familias-do-nucleo-conceicao-recebem-escrituras-de-seus-imoveis\/#breadcrumb\",\"itemListElement\":[{\"@type\":\"ListItem\",\"position\":1,\"name\":\"In\u00edcio\",\"item\":\"https:\/\/portalmf.com.br\/\"},{\"@type\":\"ListItem\",\"position\":2,\"name\":\"Mais 58 fam\u00edlias do N\u00facleo Concei\u00e7\u00e3o recebem escrituras de seus im\u00f3veis\"}]},{\"@type\":\"WebSite\",\"@id\":\"https:\/\/portalmf.com.br\/#website\",\"url\":\"https:\/\/portalmf.com.br\/\",\"name\":\"Portal MF\",\"description\":\"Voc\u00ea conectado com a informa\u00e7\u00e3o\",\"potentialAction\":[{\"@type\":\"SearchAction\",\"target\":{\"@type\":\"EntryPoint\",\"urlTemplate\":\"https:\/\/portalmf.com.br\/?s={search_term_string}\"},\"query-input\":\"required name=search_term_string\"}],\"inLanguage\":\"pt-BR\"},{\"@type\":\"Person\",\"@id\":\"https:\/\/portalmf.com.br\/#\/schema\/person\/9ec101baf56233e53520c26de5d6f6f0\",\"name\":\"Reda\u00e7\u00e3o Portal MF\",\"image\":{\"@type\":\"ImageObject\",\"inLanguage\":\"pt-BR\",\"@id\":\"https:\/\/portalmf.com.br\/#\/schema\/person\/image\/\",\"url\":\"https:\/\/secure.gravatar.com\/avatar\/41b9aaeb2100835f7c64362330f74c7f?s=96&d=mm&r=g\",\"contentUrl\":\"https:\/\/secure.gravatar.com\/avatar\/41b9aaeb2100835f7c64362330f74c7f?s=96&d=mm&r=g\",\"caption\":\"Reda\u00e7\u00e3o Portal MF\"},\"description\":\"Sejam bem-vindos o portal de informa\u00e7\u00f5es de entretenimento de Feira de Santana, desde 2006 realiza coberturas dos principais eventos com entrevistas exclusivas com as principais personalidades mundiais. Fique conectado tamb\u00e9m nas redes sociais.\",\"sameAs\":[\"http:\/\/www.portalmf.com.br\/\",\"https:\/\/www.facebook.com\/portalmfoficial\",\"https:\/\/www.instagram.com\/portalmf\/\",\"https:\/\/x.com\/https:\/\/x.com\/portalmfoficial\",\"https:\/\/www.youtube.com\/@portalmfoficial\"],\"url\":\"https:\/\/portalmf.com.br\/index.php\/author\/junior\/\"}]}<\/script>\n<!-- \/ Yoast SEO plugin. -->","yoast_head_json":{"title":"Mais 58 fam\u00edlias do N\u00facleo Concei\u00e7\u00e3o recebem escrituras de seus im\u00f3veis - Portal MF","robots":{"index":"index","follow":"follow","max-snippet":"max-snippet:-1","max-image-preview":"max-image-preview:large","max-video-preview":"max-video-preview:-1"},"canonical":"https:\/\/portalmf.com.br\/index.php\/2024\/01\/11\/mais-58-familias-do-nucleo-conceicao-recebem-escrituras-de-seus-imoveis\/","og_locale":"pt_BR","og_type":"article","og_title":"Mais 58 fam\u00edlias do N\u00facleo Concei\u00e7\u00e3o recebem escrituras de seus im\u00f3veis - Portal MF","og_description":"Na tarde desta quarta-feira (10), ocorreu a segunda fase da entrega de 58 escrituras para os residentes do N\u00facleo Concei\u00e7\u00e3o. A cerim\u00f4nia aconteceu na Escola Municipal Jo\u00e3o Mac\u00e1rio Andrade e foi promovida pela Prefeitura de Feira de Santana, por meio da Secretaria Municipal de Habita\u00e7\u00e3o e Regulariza\u00e7\u00e3o Fundi\u00e1ria, com colabora\u00e7\u00e3o do Tribunal de Justi\u00e7a da [&hellip;]","og_url":"https:\/\/portalmf.com.br\/index.php\/2024\/01\/11\/mais-58-familias-do-nucleo-conceicao-recebem-escrituras-de-seus-imoveis\/","og_site_name":"Portal MF","article_author":"https:\/\/www.facebook.com\/portalmfoficial","article_published_time":"2024-01-11T21:49:43+00:00","article_modified_time":"2024-01-11T21:49:44+00:00","og_image":[{"width":1306,"height":661,"url":"https:\/\/portalmf.com.br\/wp-content\/uploads\/2024\/01\/Mais-58-familias-do-Nucleo-Conceicao-recebem-escrituras-de-seus-imoveis.jpg","type":"image\/jpeg"}],"author":"Reda\u00e7\u00e3o Portal MF","twitter_card":"summary_large_image","twitter_creator":"@https:\/\/x.com\/portalmfoficial","twitter_misc":{"Escrito por":"Reda\u00e7\u00e3o Portal MF","Est. tempo de leitura":"2 minutos"},"schema":{"@context":"https:\/\/schema.org","@graph":[{"@type":"WebPage","@id":"https:\/\/portalmf.com.br\/index.php\/2024\/01\/11\/mais-58-familias-do-nucleo-conceicao-recebem-escrituras-de-seus-imoveis\/","url":"https:\/\/portalmf.com.br\/index.php\/2024\/01\/11\/mais-58-familias-do-nucleo-conceicao-recebem-escrituras-de-seus-imoveis\/","name":"Mais 58 fam\u00edlias do N\u00facleo Concei\u00e7\u00e3o recebem escrituras de seus im\u00f3veis - Portal MF","isPartOf":{"@id":"https:\/\/portalmf.com.br\/#website"},"primaryImageOfPage":{"@id":"https:\/\/portalmf.com.br\/index.php\/2024\/01\/11\/mais-58-familias-do-nucleo-conceicao-recebem-escrituras-de-seus-imoveis\/#primaryimage"},"image":{"@id":"https:\/\/portalmf.com.br\/index.php\/2024\/01\/11\/mais-58-familias-do-nucleo-conceicao-recebem-escrituras-de-seus-imoveis\/#primaryimage"},"thumbnailUrl":"https:\/\/portalmf.com.br\/wp-content\/uploads\/2024\/01\/Mais-58-familias-do-Nucleo-Conceicao-recebem-escrituras-de-seus-imoveis.jpg","datePublished":"2024-01-11T21:49:43+00:00","dateModified":"2024-01-11T21:49:44+00:00","author":{"@id":"https:\/\/portalmf.com.br\/#\/schema\/person\/9ec101baf56233e53520c26de5d6f6f0"},"breadcrumb":{"@id":"https:\/\/portalmf.com.br\/index.php\/2024\/01\/11\/mais-58-familias-do-nucleo-conceicao-recebem-escrituras-de-seus-imoveis\/#breadcrumb"},"inLanguage":"pt-BR","potentialAction":[{"@type":"ReadAction","target":["https:\/\/portalmf.com.br\/index.php\/2024\/01\/11\/mais-58-familias-do-nucleo-conceicao-recebem-escrituras-de-seus-imoveis\/"]}]},{"@type":"ImageObject","inLanguage":"pt-BR","@id":"https:\/\/portalmf.com.br\/index.php\/2024\/01\/11\/mais-58-familias-do-nucleo-conceicao-recebem-escrituras-de-seus-imoveis\/#primaryimage","url":"https:\/\/portalmf.com.br\/wp-content\/uploads\/2024\/01\/Mais-58-familias-do-Nucleo-Conceicao-recebem-escrituras-de-seus-imoveis.jpg","contentUrl":"https:\/\/portalmf.com.br\/wp-content\/uploads\/2024\/01\/Mais-58-familias-do-Nucleo-Conceicao-recebem-escrituras-de-seus-imoveis.jpg","width":1306,"height":661},{"@type":"BreadcrumbList","@id":"https:\/\/portalmf.com.br\/index.php\/2024\/01\/11\/mais-58-familias-do-nucleo-conceicao-recebem-escrituras-de-seus-imoveis\/#breadcrumb","itemListElement":[{"@type":"ListItem","position":1,"name":"In\u00edcio","item":"https:\/\/portalmf.com.br\/"},{"@type":"ListItem","position":2,"name":"Mais 58 fam\u00edlias do N\u00facleo Concei\u00e7\u00e3o recebem escrituras de seus im\u00f3veis"}]},{"@type":"WebSite","@id":"https:\/\/portalmf.com.br\/#website","url":"https:\/\/portalmf.com.br\/","name":"Portal MF","description":"Voc\u00ea conectado com a informa\u00e7\u00e3o","potentialAction":[{"@type":"SearchAction","target":{"@type":"EntryPoint","urlTemplate":"https:\/\/portalmf.com.br\/?s={search_term_string}"},"query-input":"required name=search_term_string"}],"inLanguage":"pt-BR"},{"@type":"Person","@id":"https:\/\/portalmf.com.br\/#\/schema\/person\/9ec101baf56233e53520c26de5d6f6f0","name":"Reda\u00e7\u00e3o Portal MF","image":{"@type":"ImageObject","inLanguage":"pt-BR","@id":"https:\/\/portalmf.com.br\/#\/schema\/person\/image\/","url":"https:\/\/secure.gravatar.com\/avatar\/41b9aaeb2100835f7c64362330f74c7f?s=96&d=mm&r=g","contentUrl":"https:\/\/secure.gravatar.com\/avatar\/41b9aaeb2100835f7c64362330f74c7f?s=96&d=mm&r=g","caption":"Reda\u00e7\u00e3o Portal MF"},"description":"Sejam bem-vindos o portal de informa\u00e7\u00f5es de entretenimento de Feira de Santana, desde 2006 realiza coberturas dos principais eventos com entrevistas exclusivas com as principais personalidades mundiais. Fique conectado tamb\u00e9m nas redes sociais.","sameAs":["http:\/\/www.portalmf.com.br\/","https:\/\/www.facebook.com\/portalmfoficial","https:\/\/www.instagram.com\/portalmf\/","https:\/\/x.com\/https:\/\/x.com\/portalmfoficial","https:\/\/www.youtube.com\/@portalmfoficial"],"url":"https:\/\/portalmf.com.br\/index.php\/author\/junior\/"}]}},"_links":{"self":[{"href":"https:\/\/portalmf.com.br\/index.php\/wp-json\/wp\/v2\/posts\/21881"}],"collection":[{"href":"https:\/\/portalmf.com.br\/index.php\/wp-json\/wp\/v2\/posts"}],"about":[{"href":"https:\/\/portalmf.com.br\/index.php\/wp-json\/wp\/v2\/types\/post"}],"author":[{"embeddable":true,"href":"https:\/\/portalmf.com.br\/index.php\/wp-json\/wp\/v2\/users\/3"}],"replies":[{"embeddable":true,"href":"https:\/\/portalmf.com.br\/index.php\/wp-json\/wp\/v2\/comments?post=21881"}],"version-history":[{"count":1,"href":"https:\/\/portalmf.com.br\/index.php\/wp-json\/wp\/v2\/posts\/21881\/revisions"}],"predecessor-version":[{"id":21884,"href":"https:\/\/portalmf.com.br\/index.php\/wp-json\/wp\/v2\/posts\/21881\/revisions\/21884"}],"wp:featuredmedia":[{"embeddable":true,"href":"https:\/\/portalmf.com.br\/index.php\/wp-json\/wp\/v2\/media\/21882"}],"wp:attachment":[{"href":"https:\/\/portalmf.com.br\/index.php\/wp-json\/wp\/v2\/media?parent=21881"}],"wp:term":[{"taxonomy":"category","embeddable":true,"href":"https:\/\/portalmf.com.br\/index.php\/wp-json\/wp\/v2\/categories?post=21881"},{"taxonomy":"post_tag","embeddable":true,"href":"https:\/\/portalmf.com.br\/index.php\/wp-json\/wp\/v2\/tags?post=21881"}],"curies":[{"name":"wp","href":"https:\/\/api.w.org\/{rel}","templated":true}]}}