{"id":21878,"date":"2024-01-11T12:45:00","date_gmt":"2024-01-11T15:45:00","guid":{"rendered":"https:\/\/portalmf.com.br\/?p=21878"},"modified":"2024-01-11T18:46:09","modified_gmt":"2024-01-11T21:46:09","slug":"artesaos-de-feira-agradecem-apoio-da-prefeitura-na-realizacao-das-feiras-do-chapeu-e-natalina","status":"publish","type":"post","link":"https:\/\/portalmf.com.br\/index.php\/2024\/01\/11\/artesaos-de-feira-agradecem-apoio-da-prefeitura-na-realizacao-das-feiras-do-chapeu-e-natalina\/","title":{"rendered":"Artes\u00e3os de Feira agradecem apoio da Prefeitura na realiza\u00e7\u00e3o das feiras do Chap\u00e9u e Natalina"},"content":{"rendered":"\n<p>O apoio da Prefeitura de Feira de Santana na realiza\u00e7\u00e3o das feiras do Chap\u00e9u e Natalina, realizadas nos meses de junho e dezembro, respectivamente, na Pra\u00e7a dos Rem\u00e9dios, teve o reconhecimento da Associa\u00e7\u00e3o dos Artes\u00e3os de Feira de Santana. Na manh\u00e3 desta quinta-feira (11) representantes da entidade foram recebidos pelo chefe de Gabinete, Fanael Ribeiro, no Pa\u00e7o Municipal Maria Quit\u00e9ria, onde externaram o sucesso dos eventos.<\/p>\n\n\n\n<p>\u201cViemos agradecer a parceria do Governo Municipal na realiza\u00e7\u00e3o das feiras. Conseguimos bons resultados nas vendas\u201d, comemorou a presidente da associa\u00e7\u00e3o L\u00edcia Maria Jorge. Os artes\u00e3os destacaram que o local disponibilizado pela Prefeitura foi \u201cexcelente\u201d.<\/p>\n\n\n\n<p>\u201cA Pra\u00e7a dos Rem\u00e9dios \u00e9 um local privilegiado no Centro da cidade onde h\u00e1 um grande fluxo de pessoas circulando diariamente. Isso sem d\u00favidas impulsionou para que tiv\u00e9ssemos bons resultados\u201d, disse.&nbsp;<\/p>\n\n\n\n<p>Nesses eventos foram comercializados produtos da economia criativa, como arranjos, cestos, bonecas de pano, sand\u00e1lias de couro, entre outros itens confeccionados artesanalmente. Tamb\u00e9m teve a participa\u00e7\u00e3o de pequenos empreendedores da agricultura familiar vendendo beiju, bolos, licor, sequilhos e doces.&nbsp;<\/p>\n\n\n\n<p>O chefe de Gabinete reiterou que o Munic\u00edpio est\u00e1 \u00e0 disposi\u00e7\u00e3o de toda comunidade feirense. \u201cA Prefeitura apoia o pequeno empreendedor e estimula iniciativas de gera\u00e7\u00e3o de renda\u201d, pontuou.<\/p>\n\n\n\n<p>Com informa\u00e7\u00f5es da Secom<\/p>\n","protected":false},"excerpt":{"rendered":"<p>O apoio da Prefeitura de Feira de Santana na realiza\u00e7\u00e3o das feiras do Chap\u00e9u e Natalina, realizadas nos meses de junho e dezembro, respectivamente, na Pra\u00e7a dos Rem\u00e9dios, teve o reconhecimento da Associa\u00e7\u00e3o dos Artes\u00e3os de Feira de Santana. Na manh\u00e3 desta quinta-feira (11) representantes da entidade foram recebidos pelo chefe de Gabinete, Fanael Ribeiro, [&hellip;]<\/p>\n","protected":false},"author":3,"featured_media":21879,"comment_status":"open","ping_status":"open","sticky":false,"template":"","format":"standard","meta":{"_monsterinsights_skip_tracking":false,"_monsterinsights_sitenote_active":false,"_monsterinsights_sitenote_note":"","_monsterinsights_sitenote_category":0,"footnotes":""},"categories":[34],"tags":[],"yoast_head":"<!-- This site is optimized with the Yoast SEO plugin v22.9 - https:\/\/yoast.com\/wordpress\/plugins\/seo\/ -->\n<title>Artes\u00e3os de Feira agradecem apoio da Prefeitura na realiza\u00e7\u00e3o das feiras do Chap\u00e9u e Natalina - Portal MF<\/title>\n<meta name=\"robots\" content=\"index, follow, max-snippet:-1, max-image-preview:large, max-video-preview:-1\" \/>\n<link rel=\"canonical\" href=\"https:\/\/portalmf.com.br\/index.php\/2024\/01\/11\/artesaos-de-feira-agradecem-apoio-da-prefeitura-na-realizacao-das-feiras-do-chapeu-e-natalina\/\" \/>\n<meta property=\"og:locale\" content=\"pt_BR\" \/>\n<meta property=\"og:type\" content=\"article\" \/>\n<meta property=\"og:title\" content=\"Artes\u00e3os de Feira agradecem apoio da Prefeitura na realiza\u00e7\u00e3o das feiras do Chap\u00e9u e Natalina - Portal MF\" \/>\n<meta property=\"og:description\" content=\"O apoio da Prefeitura de Feira de Santana na realiza\u00e7\u00e3o das feiras do Chap\u00e9u e Natalina, realizadas nos meses de junho e dezembro, respectivamente, na Pra\u00e7a dos Rem\u00e9dios, teve o reconhecimento da Associa\u00e7\u00e3o dos Artes\u00e3os de Feira de Santana. Na manh\u00e3 desta quinta-feira (11) representantes da entidade foram recebidos pelo chefe de Gabinete, Fanael Ribeiro, [&hellip;]\" \/>\n<meta property=\"og:url\" content=\"https:\/\/portalmf.com.br\/index.php\/2024\/01\/11\/artesaos-de-feira-agradecem-apoio-da-prefeitura-na-realizacao-das-feiras-do-chapeu-e-natalina\/\" \/>\n<meta property=\"og:site_name\" content=\"Portal MF\" \/>\n<meta property=\"article:author\" content=\"https:\/\/www.facebook.com\/portalmfoficial\" \/>\n<meta property=\"article:published_time\" content=\"2024-01-11T15:45:00+00:00\" \/>\n<meta property=\"article:modified_time\" content=\"2024-01-11T21:46:09+00:00\" \/>\n<meta property=\"og:image\" content=\"https:\/\/portalmf.com.br\/wp-content\/uploads\/2024\/01\/Artesaos-de-Feira-agradecem-apoio-da-Prefeitura-na-realizacao-das-feiras-do-Chapeu-e-Natalina.jpg\" \/>\n\t<meta property=\"og:image:width\" content=\"1306\" \/>\n\t<meta property=\"og:image:height\" content=\"661\" \/>\n\t<meta property=\"og:image:type\" content=\"image\/jpeg\" \/>\n<meta name=\"author\" content=\"Reda\u00e7\u00e3o Portal MF\" \/>\n<meta name=\"twitter:card\" content=\"summary_large_image\" \/>\n<meta name=\"twitter:creator\" content=\"@https:\/\/x.com\/portalmfoficial\" \/>\n<meta name=\"twitter:label1\" content=\"Escrito por\" \/>\n\t<meta name=\"twitter:data1\" content=\"Reda\u00e7\u00e3o Portal MF\" \/>\n\t<meta name=\"twitter:label2\" content=\"Est. tempo de leitura\" \/>\n\t<meta name=\"twitter:data2\" content=\"2 minutos\" \/>\n<script type=\"application\/ld+json\" class=\"yoast-schema-graph\">{\"@context\":\"https:\/\/schema.org\",\"@graph\":[{\"@type\":\"WebPage\",\"@id\":\"https:\/\/portalmf.com.br\/index.php\/2024\/01\/11\/artesaos-de-feira-agradecem-apoio-da-prefeitura-na-realizacao-das-feiras-do-chapeu-e-natalina\/\",\"url\":\"https:\/\/portalmf.com.br\/index.php\/2024\/01\/11\/artesaos-de-feira-agradecem-apoio-da-prefeitura-na-realizacao-das-feiras-do-chapeu-e-natalina\/\",\"name\":\"Artes\u00e3os de Feira agradecem apoio da Prefeitura na realiza\u00e7\u00e3o das feiras do Chap\u00e9u e Natalina - Portal MF\",\"isPartOf\":{\"@id\":\"https:\/\/portalmf.com.br\/#website\"},\"primaryImageOfPage\":{\"@id\":\"https:\/\/portalmf.com.br\/index.php\/2024\/01\/11\/artesaos-de-feira-agradecem-apoio-da-prefeitura-na-realizacao-das-feiras-do-chapeu-e-natalina\/#primaryimage\"},\"image\":{\"@id\":\"https:\/\/portalmf.com.br\/index.php\/2024\/01\/11\/artesaos-de-feira-agradecem-apoio-da-prefeitura-na-realizacao-das-feiras-do-chapeu-e-natalina\/#primaryimage\"},\"thumbnailUrl\":\"https:\/\/portalmf.com.br\/wp-content\/uploads\/2024\/01\/Artesaos-de-Feira-agradecem-apoio-da-Prefeitura-na-realizacao-das-feiras-do-Chapeu-e-Natalina.jpg\",\"datePublished\":\"2024-01-11T15:45:00+00:00\",\"dateModified\":\"2024-01-11T21:46:09+00:00\",\"author\":{\"@id\":\"https:\/\/portalmf.com.br\/#\/schema\/person\/9ec101baf56233e53520c26de5d6f6f0\"},\"breadcrumb\":{\"@id\":\"https:\/\/portalmf.com.br\/index.php\/2024\/01\/11\/artesaos-de-feira-agradecem-apoio-da-prefeitura-na-realizacao-das-feiras-do-chapeu-e-natalina\/#breadcrumb\"},\"inLanguage\":\"pt-BR\",\"potentialAction\":[{\"@type\":\"ReadAction\",\"target\":[\"https:\/\/portalmf.com.br\/index.php\/2024\/01\/11\/artesaos-de-feira-agradecem-apoio-da-prefeitura-na-realizacao-das-feiras-do-chapeu-e-natalina\/\"]}]},{\"@type\":\"ImageObject\",\"inLanguage\":\"pt-BR\",\"@id\":\"https:\/\/portalmf.com.br\/index.php\/2024\/01\/11\/artesaos-de-feira-agradecem-apoio-da-prefeitura-na-realizacao-das-feiras-do-chapeu-e-natalina\/#primaryimage\",\"url\":\"https:\/\/portalmf.com.br\/wp-content\/uploads\/2024\/01\/Artesaos-de-Feira-agradecem-apoio-da-Prefeitura-na-realizacao-das-feiras-do-Chapeu-e-Natalina.jpg\",\"contentUrl\":\"https:\/\/portalmf.com.br\/wp-content\/uploads\/2024\/01\/Artesaos-de-Feira-agradecem-apoio-da-Prefeitura-na-realizacao-das-feiras-do-Chapeu-e-Natalina.jpg\",\"width\":1306,\"height\":661},{\"@type\":\"BreadcrumbList\",\"@id\":\"https:\/\/portalmf.com.br\/index.php\/2024\/01\/11\/artesaos-de-feira-agradecem-apoio-da-prefeitura-na-realizacao-das-feiras-do-chapeu-e-natalina\/#breadcrumb\",\"itemListElement\":[{\"@type\":\"ListItem\",\"position\":1,\"name\":\"In\u00edcio\",\"item\":\"https:\/\/portalmf.com.br\/\"},{\"@type\":\"ListItem\",\"position\":2,\"name\":\"Artes\u00e3os de Feira agradecem apoio da Prefeitura na realiza\u00e7\u00e3o das feiras do Chap\u00e9u e Natalina\"}]},{\"@type\":\"WebSite\",\"@id\":\"https:\/\/portalmf.com.br\/#website\",\"url\":\"https:\/\/portalmf.com.br\/\",\"name\":\"Portal MF\",\"description\":\"Voc\u00ea conectado com a informa\u00e7\u00e3o\",\"potentialAction\":[{\"@type\":\"SearchAction\",\"target\":{\"@type\":\"EntryPoint\",\"urlTemplate\":\"https:\/\/portalmf.com.br\/?s={search_term_string}\"},\"query-input\":\"required name=search_term_string\"}],\"inLanguage\":\"pt-BR\"},{\"@type\":\"Person\",\"@id\":\"https:\/\/portalmf.com.br\/#\/schema\/person\/9ec101baf56233e53520c26de5d6f6f0\",\"name\":\"Reda\u00e7\u00e3o Portal MF\",\"image\":{\"@type\":\"ImageObject\",\"inLanguage\":\"pt-BR\",\"@id\":\"https:\/\/portalmf.com.br\/#\/schema\/person\/image\/\",\"url\":\"https:\/\/secure.gravatar.com\/avatar\/41b9aaeb2100835f7c64362330f74c7f?s=96&d=mm&r=g\",\"contentUrl\":\"https:\/\/secure.gravatar.com\/avatar\/41b9aaeb2100835f7c64362330f74c7f?s=96&d=mm&r=g\",\"caption\":\"Reda\u00e7\u00e3o Portal MF\"},\"description\":\"Sejam bem-vindos o portal de informa\u00e7\u00f5es de entretenimento de Feira de Santana, desde 2006 realiza coberturas dos principais eventos com entrevistas exclusivas com as principais personalidades mundiais. Fique conectado tamb\u00e9m nas redes sociais.\",\"sameAs\":[\"http:\/\/www.portalmf.com.br\/\",\"https:\/\/www.facebook.com\/portalmfoficial\",\"https:\/\/www.instagram.com\/portalmf\/\",\"https:\/\/x.com\/https:\/\/x.com\/portalmfoficial\",\"https:\/\/www.youtube.com\/@portalmfoficial\"],\"url\":\"https:\/\/portalmf.com.br\/index.php\/author\/junior\/\"}]}<\/script>\n<!-- \/ Yoast SEO plugin. -->","yoast_head_json":{"title":"Artes\u00e3os de Feira agradecem apoio da Prefeitura na realiza\u00e7\u00e3o das feiras do Chap\u00e9u e Natalina - Portal MF","robots":{"index":"index","follow":"follow","max-snippet":"max-snippet:-1","max-image-preview":"max-image-preview:large","max-video-preview":"max-video-preview:-1"},"canonical":"https:\/\/portalmf.com.br\/index.php\/2024\/01\/11\/artesaos-de-feira-agradecem-apoio-da-prefeitura-na-realizacao-das-feiras-do-chapeu-e-natalina\/","og_locale":"pt_BR","og_type":"article","og_title":"Artes\u00e3os de Feira agradecem apoio da Prefeitura na realiza\u00e7\u00e3o das feiras do Chap\u00e9u e Natalina - Portal MF","og_description":"O apoio da Prefeitura de Feira de Santana na realiza\u00e7\u00e3o das feiras do Chap\u00e9u e Natalina, realizadas nos meses de junho e dezembro, respectivamente, na Pra\u00e7a dos Rem\u00e9dios, teve o reconhecimento da Associa\u00e7\u00e3o dos Artes\u00e3os de Feira de Santana. Na manh\u00e3 desta quinta-feira (11) representantes da entidade foram recebidos pelo chefe de Gabinete, Fanael Ribeiro, [&hellip;]","og_url":"https:\/\/portalmf.com.br\/index.php\/2024\/01\/11\/artesaos-de-feira-agradecem-apoio-da-prefeitura-na-realizacao-das-feiras-do-chapeu-e-natalina\/","og_site_name":"Portal MF","article_author":"https:\/\/www.facebook.com\/portalmfoficial","article_published_time":"2024-01-11T15:45:00+00:00","article_modified_time":"2024-01-11T21:46:09+00:00","og_image":[{"width":1306,"height":661,"url":"https:\/\/portalmf.com.br\/wp-content\/uploads\/2024\/01\/Artesaos-de-Feira-agradecem-apoio-da-Prefeitura-na-realizacao-das-feiras-do-Chapeu-e-Natalina.jpg","type":"image\/jpeg"}],"author":"Reda\u00e7\u00e3o Portal MF","twitter_card":"summary_large_image","twitter_creator":"@https:\/\/x.com\/portalmfoficial","twitter_misc":{"Escrito por":"Reda\u00e7\u00e3o Portal MF","Est. tempo de leitura":"2 minutos"},"schema":{"@context":"https:\/\/schema.org","@graph":[{"@type":"WebPage","@id":"https:\/\/portalmf.com.br\/index.php\/2024\/01\/11\/artesaos-de-feira-agradecem-apoio-da-prefeitura-na-realizacao-das-feiras-do-chapeu-e-natalina\/","url":"https:\/\/portalmf.com.br\/index.php\/2024\/01\/11\/artesaos-de-feira-agradecem-apoio-da-prefeitura-na-realizacao-das-feiras-do-chapeu-e-natalina\/","name":"Artes\u00e3os de Feira agradecem apoio da Prefeitura na realiza\u00e7\u00e3o das feiras do Chap\u00e9u e Natalina - Portal MF","isPartOf":{"@id":"https:\/\/portalmf.com.br\/#website"},"primaryImageOfPage":{"@id":"https:\/\/portalmf.com.br\/index.php\/2024\/01\/11\/artesaos-de-feira-agradecem-apoio-da-prefeitura-na-realizacao-das-feiras-do-chapeu-e-natalina\/#primaryimage"},"image":{"@id":"https:\/\/portalmf.com.br\/index.php\/2024\/01\/11\/artesaos-de-feira-agradecem-apoio-da-prefeitura-na-realizacao-das-feiras-do-chapeu-e-natalina\/#primaryimage"},"thumbnailUrl":"https:\/\/portalmf.com.br\/wp-content\/uploads\/2024\/01\/Artesaos-de-Feira-agradecem-apoio-da-Prefeitura-na-realizacao-das-feiras-do-Chapeu-e-Natalina.jpg","datePublished":"2024-01-11T15:45:00+00:00","dateModified":"2024-01-11T21:46:09+00:00","author":{"@id":"https:\/\/portalmf.com.br\/#\/schema\/person\/9ec101baf56233e53520c26de5d6f6f0"},"breadcrumb":{"@id":"https:\/\/portalmf.com.br\/index.php\/2024\/01\/11\/artesaos-de-feira-agradecem-apoio-da-prefeitura-na-realizacao-das-feiras-do-chapeu-e-natalina\/#breadcrumb"},"inLanguage":"pt-BR","potentialAction":[{"@type":"ReadAction","target":["https:\/\/portalmf.com.br\/index.php\/2024\/01\/11\/artesaos-de-feira-agradecem-apoio-da-prefeitura-na-realizacao-das-feiras-do-chapeu-e-natalina\/"]}]},{"@type":"ImageObject","inLanguage":"pt-BR","@id":"https:\/\/portalmf.com.br\/index.php\/2024\/01\/11\/artesaos-de-feira-agradecem-apoio-da-prefeitura-na-realizacao-das-feiras-do-chapeu-e-natalina\/#primaryimage","url":"https:\/\/portalmf.com.br\/wp-content\/uploads\/2024\/01\/Artesaos-de-Feira-agradecem-apoio-da-Prefeitura-na-realizacao-das-feiras-do-Chapeu-e-Natalina.jpg","contentUrl":"https:\/\/portalmf.com.br\/wp-content\/uploads\/2024\/01\/Artesaos-de-Feira-agradecem-apoio-da-Prefeitura-na-realizacao-das-feiras-do-Chapeu-e-Natalina.jpg","width":1306,"height":661},{"@type":"BreadcrumbList","@id":"https:\/\/portalmf.com.br\/index.php\/2024\/01\/11\/artesaos-de-feira-agradecem-apoio-da-prefeitura-na-realizacao-das-feiras-do-chapeu-e-natalina\/#breadcrumb","itemListElement":[{"@type":"ListItem","position":1,"name":"In\u00edcio","item":"https:\/\/portalmf.com.br\/"},{"@type":"ListItem","position":2,"name":"Artes\u00e3os de Feira agradecem apoio da Prefeitura na realiza\u00e7\u00e3o das feiras do Chap\u00e9u e Natalina"}]},{"@type":"WebSite","@id":"https:\/\/portalmf.com.br\/#website","url":"https:\/\/portalmf.com.br\/","name":"Portal MF","description":"Voc\u00ea conectado com a informa\u00e7\u00e3o","potentialAction":[{"@type":"SearchAction","target":{"@type":"EntryPoint","urlTemplate":"https:\/\/portalmf.com.br\/?s={search_term_string}"},"query-input":"required name=search_term_string"}],"inLanguage":"pt-BR"},{"@type":"Person","@id":"https:\/\/portalmf.com.br\/#\/schema\/person\/9ec101baf56233e53520c26de5d6f6f0","name":"Reda\u00e7\u00e3o Portal MF","image":{"@type":"ImageObject","inLanguage":"pt-BR","@id":"https:\/\/portalmf.com.br\/#\/schema\/person\/image\/","url":"https:\/\/secure.gravatar.com\/avatar\/41b9aaeb2100835f7c64362330f74c7f?s=96&d=mm&r=g","contentUrl":"https:\/\/secure.gravatar.com\/avatar\/41b9aaeb2100835f7c64362330f74c7f?s=96&d=mm&r=g","caption":"Reda\u00e7\u00e3o Portal MF"},"description":"Sejam bem-vindos o portal de informa\u00e7\u00f5es de entretenimento de Feira de Santana, desde 2006 realiza coberturas dos principais eventos com entrevistas exclusivas com as principais personalidades mundiais. Fique conectado tamb\u00e9m nas redes sociais.","sameAs":["http:\/\/www.portalmf.com.br\/","https:\/\/www.facebook.com\/portalmfoficial","https:\/\/www.instagram.com\/portalmf\/","https:\/\/x.com\/https:\/\/x.com\/portalmfoficial","https:\/\/www.youtube.com\/@portalmfoficial"],"url":"https:\/\/portalmf.com.br\/index.php\/author\/junior\/"}]}},"_links":{"self":[{"href":"https:\/\/portalmf.com.br\/index.php\/wp-json\/wp\/v2\/posts\/21878"}],"collection":[{"href":"https:\/\/portalmf.com.br\/index.php\/wp-json\/wp\/v2\/posts"}],"about":[{"href":"https:\/\/portalmf.com.br\/index.php\/wp-json\/wp\/v2\/types\/post"}],"author":[{"embeddable":true,"href":"https:\/\/portalmf.com.br\/index.php\/wp-json\/wp\/v2\/users\/3"}],"replies":[{"embeddable":true,"href":"https:\/\/portalmf.com.br\/index.php\/wp-json\/wp\/v2\/comments?post=21878"}],"version-history":[{"count":1,"href":"https:\/\/portalmf.com.br\/index.php\/wp-json\/wp\/v2\/posts\/21878\/revisions"}],"predecessor-version":[{"id":21880,"href":"https:\/\/portalmf.com.br\/index.php\/wp-json\/wp\/v2\/posts\/21878\/revisions\/21880"}],"wp:featuredmedia":[{"embeddable":true,"href":"https:\/\/portalmf.com.br\/index.php\/wp-json\/wp\/v2\/media\/21879"}],"wp:attachment":[{"href":"https:\/\/portalmf.com.br\/index.php\/wp-json\/wp\/v2\/media?parent=21878"}],"wp:term":[{"taxonomy":"category","embeddable":true,"href":"https:\/\/portalmf.com.br\/index.php\/wp-json\/wp\/v2\/categories?post=21878"},{"taxonomy":"post_tag","embeddable":true,"href":"https:\/\/portalmf.com.br\/index.php\/wp-json\/wp\/v2\/tags?post=21878"}],"curies":[{"name":"wp","href":"https:\/\/api.w.org\/{rel}","templated":true}]}}