{"id":21872,"date":"2024-01-11T14:36:00","date_gmt":"2024-01-11T17:36:00","guid":{"rendered":"https:\/\/portalmf.com.br\/?p=21872"},"modified":"2024-01-11T18:40:18","modified_gmt":"2024-01-11T21:40:18","slug":"no-bonfim-eden-garante-participacao-de-lula-nas-eleicoes-de-salvador-e-na-bahia","status":"publish","type":"post","link":"https:\/\/portalmf.com.br\/index.php\/2024\/01\/11\/no-bonfim-eden-garante-participacao-de-lula-nas-eleicoes-de-salvador-e-na-bahia\/","title":{"rendered":"No Bonfim, \u00c9den garante participa\u00e7\u00e3o de Lula nas elei\u00e7\u00f5es de Salvador e na Bahia"},"content":{"rendered":"\n<p>Presente na Lavagem do Bonfim, nesta quinta-feira, 11, que considera uma das mais importantes festas de Salvador e da Bahia, o presidente do Partido dos Trabalhadores da Bahia, \u00c9den Valadares afirmou que o presidente Lula estar\u00e1 presente nas campanhas eleitorais de 2024 em Salvador, apoiando Geraldo J\u00fanior, pr\u00e9-candidato \u00e0 prefeitura da capital baiana, e os demais pr\u00e9-candidatos das cidades do estado da sua base e do governador Jer\u00f4nimo Rodrigues.<\/p>\n\n\n\n<p><em>&#8220;A Bahia \u00e9 o estado que deu a vit\u00f3ria mais larga para Lula na elei\u00e7\u00e3o passada. Historicamente, a gente deu sempre vit\u00f3rias pra Lula, o povo baiano e a pol\u00edtica na Bahia moram no cora\u00e7\u00e3o do presidente Lula. Tenho certeza que Lula estar\u00e1 conosco tanto em Salvador quanto nas demais cidades. O Lula ajudar\u00e1 n\u00e3o s\u00f3 com seu apoio, mas com sua orienta\u00e7\u00e3o. Lula \u00e9 o nosso principal l\u00edder pol\u00edtico e n\u00e3o vamos fazer nada na Bahia sem conversar com Lulinha&#8221;,<\/em> disse \u00c9den.<\/p>\n\n\n\n<p>Ao comentar que a festa do Bonfim \u00e9 um momento que re\u00fane n\u00e3o s\u00f3 cat\u00f3licos, mas mobiliza a cidadania soteropolitana e baiana, o qual considera num momento de renova\u00e7\u00e3o da f\u00e9, de renova\u00e7\u00e3o da esperan\u00e7a, e que a popula\u00e7\u00e3o est\u00e1 renovando as energias, celebrando, celebrando a democracia, e juntamente ao PT celebrando&nbsp; nossas vit\u00f3rias na Bahia e no Brasil, o presidente disse que a legenda j\u00e1 vem se articulando e trabalhando muito para o PT e os aliados sa\u00edrem vitoriosos no pleito do pr\u00f3ximo ano para transformar a vida dos baianos.<\/p>\n\n\n\n<p><em>&#8220;E j\u00e1 nos preparando para o ano eleitoral para as elei\u00e7\u00f5es municipais. Ent\u00e3o \u00e9 um ano importante e que n\u00e3o \u00e9 definitivo para a elei\u00e7\u00e3o geral de governador e presidente, mas que ajuda a preparar o time, a consolidar o nosso grupo. Ent\u00e3o, acredito que a gente chegou muito bem, o governador bem avaliado, muito bem recepcionado pela popula\u00e7\u00e3o, Jer\u00f4nimo, Geraldo J\u00fanior, que \u00e9 nosso candidato. Pela primeira vez em muitoS anos que nosso grupo chega unido em Salvador, isso por a\u00ed s\u00f3 j\u00e1 \u00e9 uma vit\u00f3ria do governador Jer\u00f4nimo e para a nossa articula\u00e7\u00e3o pol\u00edtica\u201d<\/em>, destacou \u00c9den.<\/p>\n\n\n\n<p>O l\u00edder petista aproveitou ainda para criticar o prefeito da capital baiana, Bruno Reis, que assim como seu antecessor, acredita na vit\u00f3ria antes mesmo de as elei\u00e7\u00f5es terem come\u00e7ado. &#8220;<em>E acho que tira o cavalo da chuva de quem achava que a elei\u00e7\u00e3o em Salvador estava resolvida. Vai ter disputa, disputa pra valer e se a turma do prefeito continuar de salto alto, n\u00f3s vamos eleger Geraldinho prefeito de Salvador&#8221;.<\/em><\/p>\n","protected":false},"excerpt":{"rendered":"<p>Presente na Lavagem do Bonfim, nesta quinta-feira, 11, que considera uma das mais importantes festas de Salvador e da Bahia, o presidente do Partido dos Trabalhadores da Bahia, \u00c9den Valadares afirmou que o presidente Lula estar\u00e1 presente nas campanhas eleitorais de 2024 em Salvador, apoiando Geraldo J\u00fanior, pr\u00e9-candidato \u00e0 prefeitura da capital baiana, e os [&hellip;]<\/p>\n","protected":false},"author":3,"featured_media":21873,"comment_status":"open","ping_status":"open","sticky":false,"template":"","format":"standard","meta":{"_monsterinsights_skip_tracking":false,"_monsterinsights_sitenote_active":false,"_monsterinsights_sitenote_note":"","_monsterinsights_sitenote_category":0,"footnotes":""},"categories":[34],"tags":[],"yoast_head":"<!-- This site is optimized with the Yoast SEO plugin v22.9 - https:\/\/yoast.com\/wordpress\/plugins\/seo\/ -->\n<title>No Bonfim, \u00c9den garante participa\u00e7\u00e3o de Lula nas elei\u00e7\u00f5es de Salvador e na Bahia - Portal MF<\/title>\n<meta name=\"robots\" content=\"index, follow, max-snippet:-1, max-image-preview:large, max-video-preview:-1\" \/>\n<link rel=\"canonical\" href=\"https:\/\/portalmf.com.br\/index.php\/2024\/01\/11\/no-bonfim-eden-garante-participacao-de-lula-nas-eleicoes-de-salvador-e-na-bahia\/\" \/>\n<meta property=\"og:locale\" content=\"pt_BR\" \/>\n<meta property=\"og:type\" content=\"article\" \/>\n<meta property=\"og:title\" content=\"No Bonfim, \u00c9den garante participa\u00e7\u00e3o de Lula nas elei\u00e7\u00f5es de Salvador e na Bahia - Portal MF\" \/>\n<meta property=\"og:description\" content=\"Presente na Lavagem do Bonfim, nesta quinta-feira, 11, que considera uma das mais importantes festas de Salvador e da Bahia, o presidente do Partido dos Trabalhadores da Bahia, \u00c9den Valadares afirmou que o presidente Lula estar\u00e1 presente nas campanhas eleitorais de 2024 em Salvador, apoiando Geraldo J\u00fanior, pr\u00e9-candidato \u00e0 prefeitura da capital baiana, e os [&hellip;]\" \/>\n<meta property=\"og:url\" content=\"https:\/\/portalmf.com.br\/index.php\/2024\/01\/11\/no-bonfim-eden-garante-participacao-de-lula-nas-eleicoes-de-salvador-e-na-bahia\/\" \/>\n<meta property=\"og:site_name\" content=\"Portal MF\" \/>\n<meta property=\"article:author\" content=\"https:\/\/www.facebook.com\/portalmfoficial\" \/>\n<meta property=\"article:published_time\" content=\"2024-01-11T17:36:00+00:00\" \/>\n<meta property=\"article:modified_time\" content=\"2024-01-11T21:40:18+00:00\" \/>\n<meta property=\"og:image\" content=\"https:\/\/portalmf.com.br\/wp-content\/uploads\/2024\/01\/Eden-no-Bonfim.jpg\" \/>\n\t<meta property=\"og:image:width\" content=\"1024\" \/>\n\t<meta property=\"og:image:height\" content=\"683\" \/>\n\t<meta property=\"og:image:type\" content=\"image\/jpeg\" \/>\n<meta name=\"author\" content=\"Reda\u00e7\u00e3o Portal MF\" \/>\n<meta name=\"twitter:card\" content=\"summary_large_image\" \/>\n<meta name=\"twitter:creator\" content=\"@https:\/\/x.com\/portalmfoficial\" \/>\n<meta name=\"twitter:label1\" content=\"Escrito por\" \/>\n\t<meta name=\"twitter:data1\" content=\"Reda\u00e7\u00e3o Portal MF\" \/>\n\t<meta name=\"twitter:label2\" content=\"Est. tempo de leitura\" \/>\n\t<meta name=\"twitter:data2\" content=\"3 minutos\" \/>\n<script type=\"application\/ld+json\" class=\"yoast-schema-graph\">{\"@context\":\"https:\/\/schema.org\",\"@graph\":[{\"@type\":\"WebPage\",\"@id\":\"https:\/\/portalmf.com.br\/index.php\/2024\/01\/11\/no-bonfim-eden-garante-participacao-de-lula-nas-eleicoes-de-salvador-e-na-bahia\/\",\"url\":\"https:\/\/portalmf.com.br\/index.php\/2024\/01\/11\/no-bonfim-eden-garante-participacao-de-lula-nas-eleicoes-de-salvador-e-na-bahia\/\",\"name\":\"No Bonfim, \u00c9den garante participa\u00e7\u00e3o de Lula nas elei\u00e7\u00f5es de Salvador e na Bahia - Portal MF\",\"isPartOf\":{\"@id\":\"https:\/\/portalmf.com.br\/#website\"},\"primaryImageOfPage\":{\"@id\":\"https:\/\/portalmf.com.br\/index.php\/2024\/01\/11\/no-bonfim-eden-garante-participacao-de-lula-nas-eleicoes-de-salvador-e-na-bahia\/#primaryimage\"},\"image\":{\"@id\":\"https:\/\/portalmf.com.br\/index.php\/2024\/01\/11\/no-bonfim-eden-garante-participacao-de-lula-nas-eleicoes-de-salvador-e-na-bahia\/#primaryimage\"},\"thumbnailUrl\":\"https:\/\/portalmf.com.br\/wp-content\/uploads\/2024\/01\/Eden-no-Bonfim.jpg\",\"datePublished\":\"2024-01-11T17:36:00+00:00\",\"dateModified\":\"2024-01-11T21:40:18+00:00\",\"author\":{\"@id\":\"https:\/\/portalmf.com.br\/#\/schema\/person\/9ec101baf56233e53520c26de5d6f6f0\"},\"breadcrumb\":{\"@id\":\"https:\/\/portalmf.com.br\/index.php\/2024\/01\/11\/no-bonfim-eden-garante-participacao-de-lula-nas-eleicoes-de-salvador-e-na-bahia\/#breadcrumb\"},\"inLanguage\":\"pt-BR\",\"potentialAction\":[{\"@type\":\"ReadAction\",\"target\":[\"https:\/\/portalmf.com.br\/index.php\/2024\/01\/11\/no-bonfim-eden-garante-participacao-de-lula-nas-eleicoes-de-salvador-e-na-bahia\/\"]}]},{\"@type\":\"ImageObject\",\"inLanguage\":\"pt-BR\",\"@id\":\"https:\/\/portalmf.com.br\/index.php\/2024\/01\/11\/no-bonfim-eden-garante-participacao-de-lula-nas-eleicoes-de-salvador-e-na-bahia\/#primaryimage\",\"url\":\"https:\/\/portalmf.com.br\/wp-content\/uploads\/2024\/01\/Eden-no-Bonfim.jpg\",\"contentUrl\":\"https:\/\/portalmf.com.br\/wp-content\/uploads\/2024\/01\/Eden-no-Bonfim.jpg\",\"width\":1024,\"height\":683},{\"@type\":\"BreadcrumbList\",\"@id\":\"https:\/\/portalmf.com.br\/index.php\/2024\/01\/11\/no-bonfim-eden-garante-participacao-de-lula-nas-eleicoes-de-salvador-e-na-bahia\/#breadcrumb\",\"itemListElement\":[{\"@type\":\"ListItem\",\"position\":1,\"name\":\"In\u00edcio\",\"item\":\"https:\/\/portalmf.com.br\/\"},{\"@type\":\"ListItem\",\"position\":2,\"name\":\"No Bonfim, \u00c9den garante participa\u00e7\u00e3o de Lula nas elei\u00e7\u00f5es de Salvador e na Bahia\"}]},{\"@type\":\"WebSite\",\"@id\":\"https:\/\/portalmf.com.br\/#website\",\"url\":\"https:\/\/portalmf.com.br\/\",\"name\":\"Portal MF\",\"description\":\"Voc\u00ea conectado com a informa\u00e7\u00e3o\",\"potentialAction\":[{\"@type\":\"SearchAction\",\"target\":{\"@type\":\"EntryPoint\",\"urlTemplate\":\"https:\/\/portalmf.com.br\/?s={search_term_string}\"},\"query-input\":\"required name=search_term_string\"}],\"inLanguage\":\"pt-BR\"},{\"@type\":\"Person\",\"@id\":\"https:\/\/portalmf.com.br\/#\/schema\/person\/9ec101baf56233e53520c26de5d6f6f0\",\"name\":\"Reda\u00e7\u00e3o Portal MF\",\"image\":{\"@type\":\"ImageObject\",\"inLanguage\":\"pt-BR\",\"@id\":\"https:\/\/portalmf.com.br\/#\/schema\/person\/image\/\",\"url\":\"https:\/\/secure.gravatar.com\/avatar\/41b9aaeb2100835f7c64362330f74c7f?s=96&d=mm&r=g\",\"contentUrl\":\"https:\/\/secure.gravatar.com\/avatar\/41b9aaeb2100835f7c64362330f74c7f?s=96&d=mm&r=g\",\"caption\":\"Reda\u00e7\u00e3o Portal MF\"},\"description\":\"Sejam bem-vindos o portal de informa\u00e7\u00f5es de entretenimento de Feira de Santana, desde 2006 realiza coberturas dos principais eventos com entrevistas exclusivas com as principais personalidades mundiais. Fique conectado tamb\u00e9m nas redes sociais.\",\"sameAs\":[\"http:\/\/www.portalmf.com.br\/\",\"https:\/\/www.facebook.com\/portalmfoficial\",\"https:\/\/www.instagram.com\/portalmf\/\",\"https:\/\/x.com\/https:\/\/x.com\/portalmfoficial\",\"https:\/\/www.youtube.com\/@portalmfoficial\"],\"url\":\"https:\/\/portalmf.com.br\/index.php\/author\/junior\/\"}]}<\/script>\n<!-- \/ Yoast SEO plugin. -->","yoast_head_json":{"title":"No Bonfim, \u00c9den garante participa\u00e7\u00e3o de Lula nas elei\u00e7\u00f5es de Salvador e na Bahia - Portal MF","robots":{"index":"index","follow":"follow","max-snippet":"max-snippet:-1","max-image-preview":"max-image-preview:large","max-video-preview":"max-video-preview:-1"},"canonical":"https:\/\/portalmf.com.br\/index.php\/2024\/01\/11\/no-bonfim-eden-garante-participacao-de-lula-nas-eleicoes-de-salvador-e-na-bahia\/","og_locale":"pt_BR","og_type":"article","og_title":"No Bonfim, \u00c9den garante participa\u00e7\u00e3o de Lula nas elei\u00e7\u00f5es de Salvador e na Bahia - Portal MF","og_description":"Presente na Lavagem do Bonfim, nesta quinta-feira, 11, que considera uma das mais importantes festas de Salvador e da Bahia, o presidente do Partido dos Trabalhadores da Bahia, \u00c9den Valadares afirmou que o presidente Lula estar\u00e1 presente nas campanhas eleitorais de 2024 em Salvador, apoiando Geraldo J\u00fanior, pr\u00e9-candidato \u00e0 prefeitura da capital baiana, e os [&hellip;]","og_url":"https:\/\/portalmf.com.br\/index.php\/2024\/01\/11\/no-bonfim-eden-garante-participacao-de-lula-nas-eleicoes-de-salvador-e-na-bahia\/","og_site_name":"Portal MF","article_author":"https:\/\/www.facebook.com\/portalmfoficial","article_published_time":"2024-01-11T17:36:00+00:00","article_modified_time":"2024-01-11T21:40:18+00:00","og_image":[{"width":1024,"height":683,"url":"https:\/\/portalmf.com.br\/wp-content\/uploads\/2024\/01\/Eden-no-Bonfim.jpg","type":"image\/jpeg"}],"author":"Reda\u00e7\u00e3o Portal MF","twitter_card":"summary_large_image","twitter_creator":"@https:\/\/x.com\/portalmfoficial","twitter_misc":{"Escrito por":"Reda\u00e7\u00e3o Portal MF","Est. tempo de leitura":"3 minutos"},"schema":{"@context":"https:\/\/schema.org","@graph":[{"@type":"WebPage","@id":"https:\/\/portalmf.com.br\/index.php\/2024\/01\/11\/no-bonfim-eden-garante-participacao-de-lula-nas-eleicoes-de-salvador-e-na-bahia\/","url":"https:\/\/portalmf.com.br\/index.php\/2024\/01\/11\/no-bonfim-eden-garante-participacao-de-lula-nas-eleicoes-de-salvador-e-na-bahia\/","name":"No Bonfim, \u00c9den garante participa\u00e7\u00e3o de Lula nas elei\u00e7\u00f5es de Salvador e na Bahia - Portal MF","isPartOf":{"@id":"https:\/\/portalmf.com.br\/#website"},"primaryImageOfPage":{"@id":"https:\/\/portalmf.com.br\/index.php\/2024\/01\/11\/no-bonfim-eden-garante-participacao-de-lula-nas-eleicoes-de-salvador-e-na-bahia\/#primaryimage"},"image":{"@id":"https:\/\/portalmf.com.br\/index.php\/2024\/01\/11\/no-bonfim-eden-garante-participacao-de-lula-nas-eleicoes-de-salvador-e-na-bahia\/#primaryimage"},"thumbnailUrl":"https:\/\/portalmf.com.br\/wp-content\/uploads\/2024\/01\/Eden-no-Bonfim.jpg","datePublished":"2024-01-11T17:36:00+00:00","dateModified":"2024-01-11T21:40:18+00:00","author":{"@id":"https:\/\/portalmf.com.br\/#\/schema\/person\/9ec101baf56233e53520c26de5d6f6f0"},"breadcrumb":{"@id":"https:\/\/portalmf.com.br\/index.php\/2024\/01\/11\/no-bonfim-eden-garante-participacao-de-lula-nas-eleicoes-de-salvador-e-na-bahia\/#breadcrumb"},"inLanguage":"pt-BR","potentialAction":[{"@type":"ReadAction","target":["https:\/\/portalmf.com.br\/index.php\/2024\/01\/11\/no-bonfim-eden-garante-participacao-de-lula-nas-eleicoes-de-salvador-e-na-bahia\/"]}]},{"@type":"ImageObject","inLanguage":"pt-BR","@id":"https:\/\/portalmf.com.br\/index.php\/2024\/01\/11\/no-bonfim-eden-garante-participacao-de-lula-nas-eleicoes-de-salvador-e-na-bahia\/#primaryimage","url":"https:\/\/portalmf.com.br\/wp-content\/uploads\/2024\/01\/Eden-no-Bonfim.jpg","contentUrl":"https:\/\/portalmf.com.br\/wp-content\/uploads\/2024\/01\/Eden-no-Bonfim.jpg","width":1024,"height":683},{"@type":"BreadcrumbList","@id":"https:\/\/portalmf.com.br\/index.php\/2024\/01\/11\/no-bonfim-eden-garante-participacao-de-lula-nas-eleicoes-de-salvador-e-na-bahia\/#breadcrumb","itemListElement":[{"@type":"ListItem","position":1,"name":"In\u00edcio","item":"https:\/\/portalmf.com.br\/"},{"@type":"ListItem","position":2,"name":"No Bonfim, \u00c9den garante participa\u00e7\u00e3o de Lula nas elei\u00e7\u00f5es de Salvador e na Bahia"}]},{"@type":"WebSite","@id":"https:\/\/portalmf.com.br\/#website","url":"https:\/\/portalmf.com.br\/","name":"Portal MF","description":"Voc\u00ea conectado com a informa\u00e7\u00e3o","potentialAction":[{"@type":"SearchAction","target":{"@type":"EntryPoint","urlTemplate":"https:\/\/portalmf.com.br\/?s={search_term_string}"},"query-input":"required name=search_term_string"}],"inLanguage":"pt-BR"},{"@type":"Person","@id":"https:\/\/portalmf.com.br\/#\/schema\/person\/9ec101baf56233e53520c26de5d6f6f0","name":"Reda\u00e7\u00e3o Portal MF","image":{"@type":"ImageObject","inLanguage":"pt-BR","@id":"https:\/\/portalmf.com.br\/#\/schema\/person\/image\/","url":"https:\/\/secure.gravatar.com\/avatar\/41b9aaeb2100835f7c64362330f74c7f?s=96&d=mm&r=g","contentUrl":"https:\/\/secure.gravatar.com\/avatar\/41b9aaeb2100835f7c64362330f74c7f?s=96&d=mm&r=g","caption":"Reda\u00e7\u00e3o Portal MF"},"description":"Sejam bem-vindos o portal de informa\u00e7\u00f5es de entretenimento de Feira de Santana, desde 2006 realiza coberturas dos principais eventos com entrevistas exclusivas com as principais personalidades mundiais. Fique conectado tamb\u00e9m nas redes sociais.","sameAs":["http:\/\/www.portalmf.com.br\/","https:\/\/www.facebook.com\/portalmfoficial","https:\/\/www.instagram.com\/portalmf\/","https:\/\/x.com\/https:\/\/x.com\/portalmfoficial","https:\/\/www.youtube.com\/@portalmfoficial"],"url":"https:\/\/portalmf.com.br\/index.php\/author\/junior\/"}]}},"_links":{"self":[{"href":"https:\/\/portalmf.com.br\/index.php\/wp-json\/wp\/v2\/posts\/21872"}],"collection":[{"href":"https:\/\/portalmf.com.br\/index.php\/wp-json\/wp\/v2\/posts"}],"about":[{"href":"https:\/\/portalmf.com.br\/index.php\/wp-json\/wp\/v2\/types\/post"}],"author":[{"embeddable":true,"href":"https:\/\/portalmf.com.br\/index.php\/wp-json\/wp\/v2\/users\/3"}],"replies":[{"embeddable":true,"href":"https:\/\/portalmf.com.br\/index.php\/wp-json\/wp\/v2\/comments?post=21872"}],"version-history":[{"count":1,"href":"https:\/\/portalmf.com.br\/index.php\/wp-json\/wp\/v2\/posts\/21872\/revisions"}],"predecessor-version":[{"id":21874,"href":"https:\/\/portalmf.com.br\/index.php\/wp-json\/wp\/v2\/posts\/21872\/revisions\/21874"}],"wp:featuredmedia":[{"embeddable":true,"href":"https:\/\/portalmf.com.br\/index.php\/wp-json\/wp\/v2\/media\/21873"}],"wp:attachment":[{"href":"https:\/\/portalmf.com.br\/index.php\/wp-json\/wp\/v2\/media?parent=21872"}],"wp:term":[{"taxonomy":"category","embeddable":true,"href":"https:\/\/portalmf.com.br\/index.php\/wp-json\/wp\/v2\/categories?post=21872"},{"taxonomy":"post_tag","embeddable":true,"href":"https:\/\/portalmf.com.br\/index.php\/wp-json\/wp\/v2\/tags?post=21872"}],"curies":[{"name":"wp","href":"https:\/\/api.w.org\/{rel}","templated":true}]}}