{"id":21808,"date":"2024-01-10T20:55:54","date_gmt":"2024-01-10T23:55:54","guid":{"rendered":"https:\/\/portalmf.com.br\/?p=21808"},"modified":"2024-01-10T20:55:57","modified_gmt":"2024-01-10T23:55:57","slug":"eliel-ferreira-filia-se-ao-pdt-para-concorrer-a-prefeitura-de-tanquinho","status":"publish","type":"post","link":"https:\/\/portalmf.com.br\/index.php\/2024\/01\/10\/eliel-ferreira-filia-se-ao-pdt-para-concorrer-a-prefeitura-de-tanquinho\/","title":{"rendered":"Eliel Ferreira filia-se ao PDT para concorrer \u00e0 prefeitura de Tanquinho"},"content":{"rendered":"\n<p>O presidente estadual do PDT, Deputado Federal Felix Mendon\u00e7a, recebeu em seu escrit\u00f3rio pol\u00edtico o publicit\u00e1rio e empres\u00e1rio do ramo art\u00edstico Eliel Ferreira, que acompanhado do suplente de deputado estadual Silva Neto, garantiu o controle da legenda para disputar a elei\u00e7\u00e3o para prefeito no munic\u00edpio de Tanquinho.<\/p>\n\n\n\n<p>O partido ter\u00e1 como presidente Marcel Guimar\u00e3es, neto do ex-prefeito Moacir Brand\u00e3o Pinto, e homem de confian\u00e7a de Eliel Ferreira. Eles ter\u00e3o total apoio do partido e do mandato do deputado Felix Mendon\u00e7a.<\/p>\n\n\n\n<p>A data da filia\u00e7\u00e3o ser\u00e1 anunciada em breve, e promete um grande evento, com a presen\u00e7a de grandes lideran\u00e7as locais e regionais.O ex-prefeito de Feira de Santana, Jos\u00e9 Ronaldo de Carvalho, colaborou com a decis\u00e3o, teceu elogios e assegurou a compet\u00eancia e expertise de Eliel ao deputado Felix Mendon\u00e7a.<\/p>\n","protected":false},"excerpt":{"rendered":"<p>O presidente estadual do PDT, Deputado Federal Felix Mendon\u00e7a, recebeu em seu escrit\u00f3rio pol\u00edtico o publicit\u00e1rio e empres\u00e1rio do ramo art\u00edstico Eliel Ferreira, que acompanhado do suplente de deputado estadual Silva Neto, garantiu o controle da legenda para disputar a elei\u00e7\u00e3o para prefeito no munic\u00edpio de Tanquinho. O partido ter\u00e1 como presidente Marcel Guimar\u00e3es, neto [&hellip;]<\/p>\n","protected":false},"author":3,"featured_media":21809,"comment_status":"open","ping_status":"open","sticky":false,"template":"","format":"standard","meta":{"_monsterinsights_skip_tracking":false,"_monsterinsights_sitenote_active":false,"_monsterinsights_sitenote_note":"","_monsterinsights_sitenote_category":0,"footnotes":""},"categories":[301,34],"tags":[],"yoast_head":"<!-- This site is optimized with the Yoast SEO plugin v22.9 - https:\/\/yoast.com\/wordpress\/plugins\/seo\/ -->\n<title>Eliel Ferreira filia-se ao PDT para concorrer \u00e0 prefeitura de Tanquinho - Portal MF<\/title>\n<meta name=\"robots\" content=\"index, follow, max-snippet:-1, max-image-preview:large, max-video-preview:-1\" \/>\n<link rel=\"canonical\" href=\"https:\/\/portalmf.com.br\/index.php\/2024\/01\/10\/eliel-ferreira-filia-se-ao-pdt-para-concorrer-a-prefeitura-de-tanquinho\/\" \/>\n<meta property=\"og:locale\" content=\"pt_BR\" \/>\n<meta property=\"og:type\" content=\"article\" \/>\n<meta property=\"og:title\" content=\"Eliel Ferreira filia-se ao PDT para concorrer \u00e0 prefeitura de Tanquinho - Portal MF\" \/>\n<meta property=\"og:description\" content=\"O presidente estadual do PDT, Deputado Federal Felix Mendon\u00e7a, recebeu em seu escrit\u00f3rio pol\u00edtico o publicit\u00e1rio e empres\u00e1rio do ramo art\u00edstico Eliel Ferreira, que acompanhado do suplente de deputado estadual Silva Neto, garantiu o controle da legenda para disputar a elei\u00e7\u00e3o para prefeito no munic\u00edpio de Tanquinho. O partido ter\u00e1 como presidente Marcel Guimar\u00e3es, neto [&hellip;]\" \/>\n<meta property=\"og:url\" content=\"https:\/\/portalmf.com.br\/index.php\/2024\/01\/10\/eliel-ferreira-filia-se-ao-pdt-para-concorrer-a-prefeitura-de-tanquinho\/\" \/>\n<meta property=\"og:site_name\" content=\"Portal MF\" \/>\n<meta property=\"article:author\" content=\"https:\/\/www.facebook.com\/portalmfoficial\" \/>\n<meta property=\"article:published_time\" content=\"2024-01-10T23:55:54+00:00\" \/>\n<meta property=\"article:modified_time\" content=\"2024-01-10T23:55:57+00:00\" \/>\n<meta property=\"og:image\" content=\"https:\/\/portalmf.com.br\/wp-content\/uploads\/2024\/01\/IMG-20240110-WA0362.jpg\" \/>\n\t<meta property=\"og:image:width\" content=\"867\" \/>\n\t<meta property=\"og:image:height\" content=\"1156\" \/>\n\t<meta property=\"og:image:type\" content=\"image\/jpeg\" \/>\n<meta name=\"author\" content=\"Reda\u00e7\u00e3o Portal MF\" \/>\n<meta name=\"twitter:card\" content=\"summary_large_image\" \/>\n<meta name=\"twitter:creator\" content=\"@https:\/\/x.com\/portalmfoficial\" \/>\n<meta name=\"twitter:label1\" content=\"Escrito por\" \/>\n\t<meta name=\"twitter:data1\" content=\"Reda\u00e7\u00e3o Portal MF\" \/>\n\t<meta name=\"twitter:label2\" content=\"Est. tempo de leitura\" \/>\n\t<meta name=\"twitter:data2\" content=\"1 minuto\" \/>\n<script type=\"application\/ld+json\" class=\"yoast-schema-graph\">{\"@context\":\"https:\/\/schema.org\",\"@graph\":[{\"@type\":\"WebPage\",\"@id\":\"https:\/\/portalmf.com.br\/index.php\/2024\/01\/10\/eliel-ferreira-filia-se-ao-pdt-para-concorrer-a-prefeitura-de-tanquinho\/\",\"url\":\"https:\/\/portalmf.com.br\/index.php\/2024\/01\/10\/eliel-ferreira-filia-se-ao-pdt-para-concorrer-a-prefeitura-de-tanquinho\/\",\"name\":\"Eliel Ferreira filia-se ao PDT para concorrer \u00e0 prefeitura de Tanquinho - Portal MF\",\"isPartOf\":{\"@id\":\"https:\/\/portalmf.com.br\/#website\"},\"primaryImageOfPage\":{\"@id\":\"https:\/\/portalmf.com.br\/index.php\/2024\/01\/10\/eliel-ferreira-filia-se-ao-pdt-para-concorrer-a-prefeitura-de-tanquinho\/#primaryimage\"},\"image\":{\"@id\":\"https:\/\/portalmf.com.br\/index.php\/2024\/01\/10\/eliel-ferreira-filia-se-ao-pdt-para-concorrer-a-prefeitura-de-tanquinho\/#primaryimage\"},\"thumbnailUrl\":\"https:\/\/portalmf.com.br\/wp-content\/uploads\/2024\/01\/IMG-20240110-WA0362.jpg\",\"datePublished\":\"2024-01-10T23:55:54+00:00\",\"dateModified\":\"2024-01-10T23:55:57+00:00\",\"author\":{\"@id\":\"https:\/\/portalmf.com.br\/#\/schema\/person\/9ec101baf56233e53520c26de5d6f6f0\"},\"breadcrumb\":{\"@id\":\"https:\/\/portalmf.com.br\/index.php\/2024\/01\/10\/eliel-ferreira-filia-se-ao-pdt-para-concorrer-a-prefeitura-de-tanquinho\/#breadcrumb\"},\"inLanguage\":\"pt-BR\",\"potentialAction\":[{\"@type\":\"ReadAction\",\"target\":[\"https:\/\/portalmf.com.br\/index.php\/2024\/01\/10\/eliel-ferreira-filia-se-ao-pdt-para-concorrer-a-prefeitura-de-tanquinho\/\"]}]},{\"@type\":\"ImageObject\",\"inLanguage\":\"pt-BR\",\"@id\":\"https:\/\/portalmf.com.br\/index.php\/2024\/01\/10\/eliel-ferreira-filia-se-ao-pdt-para-concorrer-a-prefeitura-de-tanquinho\/#primaryimage\",\"url\":\"https:\/\/portalmf.com.br\/wp-content\/uploads\/2024\/01\/IMG-20240110-WA0362.jpg\",\"contentUrl\":\"https:\/\/portalmf.com.br\/wp-content\/uploads\/2024\/01\/IMG-20240110-WA0362.jpg\",\"width\":867,\"height\":1156},{\"@type\":\"BreadcrumbList\",\"@id\":\"https:\/\/portalmf.com.br\/index.php\/2024\/01\/10\/eliel-ferreira-filia-se-ao-pdt-para-concorrer-a-prefeitura-de-tanquinho\/#breadcrumb\",\"itemListElement\":[{\"@type\":\"ListItem\",\"position\":1,\"name\":\"In\u00edcio\",\"item\":\"https:\/\/portalmf.com.br\/\"},{\"@type\":\"ListItem\",\"position\":2,\"name\":\"Eliel Ferreira filia-se ao PDT para concorrer \u00e0 prefeitura de Tanquinho\"}]},{\"@type\":\"WebSite\",\"@id\":\"https:\/\/portalmf.com.br\/#website\",\"url\":\"https:\/\/portalmf.com.br\/\",\"name\":\"Portal MF\",\"description\":\"Voc\u00ea conectado com a informa\u00e7\u00e3o\",\"potentialAction\":[{\"@type\":\"SearchAction\",\"target\":{\"@type\":\"EntryPoint\",\"urlTemplate\":\"https:\/\/portalmf.com.br\/?s={search_term_string}\"},\"query-input\":\"required name=search_term_string\"}],\"inLanguage\":\"pt-BR\"},{\"@type\":\"Person\",\"@id\":\"https:\/\/portalmf.com.br\/#\/schema\/person\/9ec101baf56233e53520c26de5d6f6f0\",\"name\":\"Reda\u00e7\u00e3o Portal MF\",\"image\":{\"@type\":\"ImageObject\",\"inLanguage\":\"pt-BR\",\"@id\":\"https:\/\/portalmf.com.br\/#\/schema\/person\/image\/\",\"url\":\"https:\/\/secure.gravatar.com\/avatar\/41b9aaeb2100835f7c64362330f74c7f?s=96&d=mm&r=g\",\"contentUrl\":\"https:\/\/secure.gravatar.com\/avatar\/41b9aaeb2100835f7c64362330f74c7f?s=96&d=mm&r=g\",\"caption\":\"Reda\u00e7\u00e3o Portal MF\"},\"description\":\"Sejam bem-vindos o portal de informa\u00e7\u00f5es de entretenimento de Feira de Santana, desde 2006 realiza coberturas dos principais eventos com entrevistas exclusivas com as principais personalidades mundiais. Fique conectado tamb\u00e9m nas redes sociais.\",\"sameAs\":[\"http:\/\/www.portalmf.com.br\/\",\"https:\/\/www.facebook.com\/portalmfoficial\",\"https:\/\/www.instagram.com\/portalmf\/\",\"https:\/\/x.com\/https:\/\/x.com\/portalmfoficial\",\"https:\/\/www.youtube.com\/@portalmfoficial\"],\"url\":\"https:\/\/portalmf.com.br\/index.php\/author\/junior\/\"}]}<\/script>\n<!-- \/ Yoast SEO plugin. -->","yoast_head_json":{"title":"Eliel Ferreira filia-se ao PDT para concorrer \u00e0 prefeitura de Tanquinho - Portal MF","robots":{"index":"index","follow":"follow","max-snippet":"max-snippet:-1","max-image-preview":"max-image-preview:large","max-video-preview":"max-video-preview:-1"},"canonical":"https:\/\/portalmf.com.br\/index.php\/2024\/01\/10\/eliel-ferreira-filia-se-ao-pdt-para-concorrer-a-prefeitura-de-tanquinho\/","og_locale":"pt_BR","og_type":"article","og_title":"Eliel Ferreira filia-se ao PDT para concorrer \u00e0 prefeitura de Tanquinho - Portal MF","og_description":"O presidente estadual do PDT, Deputado Federal Felix Mendon\u00e7a, recebeu em seu escrit\u00f3rio pol\u00edtico o publicit\u00e1rio e empres\u00e1rio do ramo art\u00edstico Eliel Ferreira, que acompanhado do suplente de deputado estadual Silva Neto, garantiu o controle da legenda para disputar a elei\u00e7\u00e3o para prefeito no munic\u00edpio de Tanquinho. O partido ter\u00e1 como presidente Marcel Guimar\u00e3es, neto [&hellip;]","og_url":"https:\/\/portalmf.com.br\/index.php\/2024\/01\/10\/eliel-ferreira-filia-se-ao-pdt-para-concorrer-a-prefeitura-de-tanquinho\/","og_site_name":"Portal MF","article_author":"https:\/\/www.facebook.com\/portalmfoficial","article_published_time":"2024-01-10T23:55:54+00:00","article_modified_time":"2024-01-10T23:55:57+00:00","og_image":[{"width":867,"height":1156,"url":"https:\/\/portalmf.com.br\/wp-content\/uploads\/2024\/01\/IMG-20240110-WA0362.jpg","type":"image\/jpeg"}],"author":"Reda\u00e7\u00e3o Portal MF","twitter_card":"summary_large_image","twitter_creator":"@https:\/\/x.com\/portalmfoficial","twitter_misc":{"Escrito por":"Reda\u00e7\u00e3o Portal MF","Est. tempo de leitura":"1 minuto"},"schema":{"@context":"https:\/\/schema.org","@graph":[{"@type":"WebPage","@id":"https:\/\/portalmf.com.br\/index.php\/2024\/01\/10\/eliel-ferreira-filia-se-ao-pdt-para-concorrer-a-prefeitura-de-tanquinho\/","url":"https:\/\/portalmf.com.br\/index.php\/2024\/01\/10\/eliel-ferreira-filia-se-ao-pdt-para-concorrer-a-prefeitura-de-tanquinho\/","name":"Eliel Ferreira filia-se ao PDT para concorrer \u00e0 prefeitura de Tanquinho - Portal MF","isPartOf":{"@id":"https:\/\/portalmf.com.br\/#website"},"primaryImageOfPage":{"@id":"https:\/\/portalmf.com.br\/index.php\/2024\/01\/10\/eliel-ferreira-filia-se-ao-pdt-para-concorrer-a-prefeitura-de-tanquinho\/#primaryimage"},"image":{"@id":"https:\/\/portalmf.com.br\/index.php\/2024\/01\/10\/eliel-ferreira-filia-se-ao-pdt-para-concorrer-a-prefeitura-de-tanquinho\/#primaryimage"},"thumbnailUrl":"https:\/\/portalmf.com.br\/wp-content\/uploads\/2024\/01\/IMG-20240110-WA0362.jpg","datePublished":"2024-01-10T23:55:54+00:00","dateModified":"2024-01-10T23:55:57+00:00","author":{"@id":"https:\/\/portalmf.com.br\/#\/schema\/person\/9ec101baf56233e53520c26de5d6f6f0"},"breadcrumb":{"@id":"https:\/\/portalmf.com.br\/index.php\/2024\/01\/10\/eliel-ferreira-filia-se-ao-pdt-para-concorrer-a-prefeitura-de-tanquinho\/#breadcrumb"},"inLanguage":"pt-BR","potentialAction":[{"@type":"ReadAction","target":["https:\/\/portalmf.com.br\/index.php\/2024\/01\/10\/eliel-ferreira-filia-se-ao-pdt-para-concorrer-a-prefeitura-de-tanquinho\/"]}]},{"@type":"ImageObject","inLanguage":"pt-BR","@id":"https:\/\/portalmf.com.br\/index.php\/2024\/01\/10\/eliel-ferreira-filia-se-ao-pdt-para-concorrer-a-prefeitura-de-tanquinho\/#primaryimage","url":"https:\/\/portalmf.com.br\/wp-content\/uploads\/2024\/01\/IMG-20240110-WA0362.jpg","contentUrl":"https:\/\/portalmf.com.br\/wp-content\/uploads\/2024\/01\/IMG-20240110-WA0362.jpg","width":867,"height":1156},{"@type":"BreadcrumbList","@id":"https:\/\/portalmf.com.br\/index.php\/2024\/01\/10\/eliel-ferreira-filia-se-ao-pdt-para-concorrer-a-prefeitura-de-tanquinho\/#breadcrumb","itemListElement":[{"@type":"ListItem","position":1,"name":"In\u00edcio","item":"https:\/\/portalmf.com.br\/"},{"@type":"ListItem","position":2,"name":"Eliel Ferreira filia-se ao PDT para concorrer \u00e0 prefeitura de Tanquinho"}]},{"@type":"WebSite","@id":"https:\/\/portalmf.com.br\/#website","url":"https:\/\/portalmf.com.br\/","name":"Portal MF","description":"Voc\u00ea conectado com a informa\u00e7\u00e3o","potentialAction":[{"@type":"SearchAction","target":{"@type":"EntryPoint","urlTemplate":"https:\/\/portalmf.com.br\/?s={search_term_string}"},"query-input":"required name=search_term_string"}],"inLanguage":"pt-BR"},{"@type":"Person","@id":"https:\/\/portalmf.com.br\/#\/schema\/person\/9ec101baf56233e53520c26de5d6f6f0","name":"Reda\u00e7\u00e3o Portal MF","image":{"@type":"ImageObject","inLanguage":"pt-BR","@id":"https:\/\/portalmf.com.br\/#\/schema\/person\/image\/","url":"https:\/\/secure.gravatar.com\/avatar\/41b9aaeb2100835f7c64362330f74c7f?s=96&d=mm&r=g","contentUrl":"https:\/\/secure.gravatar.com\/avatar\/41b9aaeb2100835f7c64362330f74c7f?s=96&d=mm&r=g","caption":"Reda\u00e7\u00e3o Portal MF"},"description":"Sejam bem-vindos o portal de informa\u00e7\u00f5es de entretenimento de Feira de Santana, desde 2006 realiza coberturas dos principais eventos com entrevistas exclusivas com as principais personalidades mundiais. Fique conectado tamb\u00e9m nas redes sociais.","sameAs":["http:\/\/www.portalmf.com.br\/","https:\/\/www.facebook.com\/portalmfoficial","https:\/\/www.instagram.com\/portalmf\/","https:\/\/x.com\/https:\/\/x.com\/portalmfoficial","https:\/\/www.youtube.com\/@portalmfoficial"],"url":"https:\/\/portalmf.com.br\/index.php\/author\/junior\/"}]}},"_links":{"self":[{"href":"https:\/\/portalmf.com.br\/index.php\/wp-json\/wp\/v2\/posts\/21808"}],"collection":[{"href":"https:\/\/portalmf.com.br\/index.php\/wp-json\/wp\/v2\/posts"}],"about":[{"href":"https:\/\/portalmf.com.br\/index.php\/wp-json\/wp\/v2\/types\/post"}],"author":[{"embeddable":true,"href":"https:\/\/portalmf.com.br\/index.php\/wp-json\/wp\/v2\/users\/3"}],"replies":[{"embeddable":true,"href":"https:\/\/portalmf.com.br\/index.php\/wp-json\/wp\/v2\/comments?post=21808"}],"version-history":[{"count":1,"href":"https:\/\/portalmf.com.br\/index.php\/wp-json\/wp\/v2\/posts\/21808\/revisions"}],"predecessor-version":[{"id":21810,"href":"https:\/\/portalmf.com.br\/index.php\/wp-json\/wp\/v2\/posts\/21808\/revisions\/21810"}],"wp:featuredmedia":[{"embeddable":true,"href":"https:\/\/portalmf.com.br\/index.php\/wp-json\/wp\/v2\/media\/21809"}],"wp:attachment":[{"href":"https:\/\/portalmf.com.br\/index.php\/wp-json\/wp\/v2\/media?parent=21808"}],"wp:term":[{"taxonomy":"category","embeddable":true,"href":"https:\/\/portalmf.com.br\/index.php\/wp-json\/wp\/v2\/categories?post=21808"},{"taxonomy":"post_tag","embeddable":true,"href":"https:\/\/portalmf.com.br\/index.php\/wp-json\/wp\/v2\/tags?post=21808"}],"curies":[{"name":"wp","href":"https:\/\/api.w.org\/{rel}","templated":true}]}}