{"id":21792,"date":"2024-01-09T10:44:00","date_gmt":"2024-01-09T13:44:00","guid":{"rendered":"https:\/\/portalmf.com.br\/?p=21792"},"modified":"2024-01-09T18:47:42","modified_gmt":"2024-01-09T21:47:42","slug":"empresa-instalara-portoes-eletronicos-na-rodoviaria-de-feira-de-santana","status":"publish","type":"post","link":"https:\/\/portalmf.com.br\/index.php\/2024\/01\/09\/empresa-instalara-portoes-eletronicos-na-rodoviaria-de-feira-de-santana\/","title":{"rendered":"Empresa instalar\u00e1 port\u00f5es eletr\u00f4nicos na Rodovi\u00e1ria de Feira de Santana"},"content":{"rendered":"\n<p>A empresa Pauma Administra\u00e7\u00e3o e Servi\u00e7os comunica que ser\u00e1 realizada a instala\u00e7\u00e3o de um port\u00e3o eletr\u00f4nico na sa\u00edda dos \u00f4nibus que servem ao Terminal Rodovi\u00e1rio de Feira de Santana. A obra, que foi informada \u00e0 Agerba (Ag\u00eancia Estadual de Regula\u00e7\u00e3o de Servi\u00e7os P\u00fablicos de Energia, Transportes e Comunica\u00e7\u00f5es da Bahia) e conta com o apoio da Secretaria de Transporte e Tr\u00e2nsito do munic\u00edpio, acontece nos dias 9 e 10 de janeiro de 2024, com o objetivo de melhorar a presta\u00e7\u00e3o de servi\u00e7os aos usu\u00e1rios da esta\u00e7\u00e3o rodovi\u00e1ria e \u00e0 popula\u00e7\u00e3o de modo geral.<\/p>\n\n\n\n<p>Nesse sentido, a opera\u00e7\u00e3o de entrada e sa\u00edda de \u00f4nibus ser\u00e1 efetuada pelo mesmo acesso na r\u00e9gua de entrada, durante o per\u00edodo de implanta\u00e7\u00e3o do port\u00e3o. Por isso, a Pauma solicitou \u00e0s concession\u00e1rias e empresas que utilizam o Terminal Rodovi\u00e1rio de Feira de Santana que tomem as devidas provid\u00eancias para informar aos motoristas, colaboradores e fiscais sobre a mudan\u00e7a de tr\u00e1fego nas opera\u00e7\u00f5es, a fim de evitar maiores transtornos na Avenida Presidente Dutra.<\/p>\n\n\n\n<p>Informa ainda que nesse primeiro momento ser\u00e1 instalado o port\u00e3o eletr\u00f4nico na sa\u00edda e, posteriormente, em um segundo momento, haver\u00e1 a implanta\u00e7\u00e3o do equipamento na entrada do Terminal Rodovi\u00e1rio.<\/p>\n","protected":false},"excerpt":{"rendered":"<p>A empresa Pauma Administra\u00e7\u00e3o e Servi\u00e7os comunica que ser\u00e1 realizada a instala\u00e7\u00e3o de um port\u00e3o eletr\u00f4nico na sa\u00edda dos \u00f4nibus que servem ao Terminal Rodovi\u00e1rio de Feira de Santana. A obra, que foi informada \u00e0 Agerba (Ag\u00eancia Estadual de Regula\u00e7\u00e3o de Servi\u00e7os P\u00fablicos de Energia, Transportes e Comunica\u00e7\u00f5es da Bahia) e conta com o apoio [&hellip;]<\/p>\n","protected":false},"author":3,"featured_media":21793,"comment_status":"open","ping_status":"open","sticky":false,"template":"","format":"standard","meta":{"_monsterinsights_skip_tracking":false,"_monsterinsights_sitenote_active":false,"_monsterinsights_sitenote_note":"","_monsterinsights_sitenote_category":0,"footnotes":""},"categories":[34],"tags":[],"yoast_head":"<!-- This site is optimized with the Yoast SEO plugin v22.9 - https:\/\/yoast.com\/wordpress\/plugins\/seo\/ -->\n<title>Empresa instalar\u00e1 port\u00f5es eletr\u00f4nicos na Rodovi\u00e1ria de Feira de Santana - Portal MF<\/title>\n<meta name=\"robots\" content=\"index, follow, max-snippet:-1, max-image-preview:large, max-video-preview:-1\" \/>\n<link rel=\"canonical\" href=\"https:\/\/portalmf.com.br\/index.php\/2024\/01\/09\/empresa-instalara-portoes-eletronicos-na-rodoviaria-de-feira-de-santana\/\" \/>\n<meta property=\"og:locale\" content=\"pt_BR\" \/>\n<meta property=\"og:type\" content=\"article\" \/>\n<meta property=\"og:title\" content=\"Empresa instalar\u00e1 port\u00f5es eletr\u00f4nicos na Rodovi\u00e1ria de Feira de Santana - Portal MF\" \/>\n<meta property=\"og:description\" content=\"A empresa Pauma Administra\u00e7\u00e3o e Servi\u00e7os comunica que ser\u00e1 realizada a instala\u00e7\u00e3o de um port\u00e3o eletr\u00f4nico na sa\u00edda dos \u00f4nibus que servem ao Terminal Rodovi\u00e1rio de Feira de Santana. A obra, que foi informada \u00e0 Agerba (Ag\u00eancia Estadual de Regula\u00e7\u00e3o de Servi\u00e7os P\u00fablicos de Energia, Transportes e Comunica\u00e7\u00f5es da Bahia) e conta com o apoio [&hellip;]\" \/>\n<meta property=\"og:url\" content=\"https:\/\/portalmf.com.br\/index.php\/2024\/01\/09\/empresa-instalara-portoes-eletronicos-na-rodoviaria-de-feira-de-santana\/\" \/>\n<meta property=\"og:site_name\" content=\"Portal MF\" \/>\n<meta property=\"article:author\" content=\"https:\/\/www.facebook.com\/portalmfoficial\" \/>\n<meta property=\"article:published_time\" content=\"2024-01-09T13:44:00+00:00\" \/>\n<meta property=\"article:modified_time\" content=\"2024-01-09T21:47:42+00:00\" \/>\n<meta property=\"og:image\" content=\"https:\/\/portalmf.com.br\/wp-content\/uploads\/2024\/01\/rodoviaria-de-feira-de-santana-rodoviaria-de-feira-de-santana.jpg\" \/>\n\t<meta property=\"og:image:width\" content=\"420\" \/>\n\t<meta property=\"og:image:height\" content=\"280\" \/>\n\t<meta property=\"og:image:type\" content=\"image\/jpeg\" \/>\n<meta name=\"author\" content=\"Reda\u00e7\u00e3o Portal MF\" \/>\n<meta name=\"twitter:card\" content=\"summary_large_image\" \/>\n<meta name=\"twitter:creator\" content=\"@https:\/\/x.com\/portalmfoficial\" \/>\n<meta name=\"twitter:label1\" content=\"Escrito por\" \/>\n\t<meta name=\"twitter:data1\" content=\"Reda\u00e7\u00e3o Portal MF\" \/>\n\t<meta name=\"twitter:label2\" content=\"Est. tempo de leitura\" \/>\n\t<meta name=\"twitter:data2\" content=\"2 minutos\" \/>\n<script type=\"application\/ld+json\" class=\"yoast-schema-graph\">{\"@context\":\"https:\/\/schema.org\",\"@graph\":[{\"@type\":\"WebPage\",\"@id\":\"https:\/\/portalmf.com.br\/index.php\/2024\/01\/09\/empresa-instalara-portoes-eletronicos-na-rodoviaria-de-feira-de-santana\/\",\"url\":\"https:\/\/portalmf.com.br\/index.php\/2024\/01\/09\/empresa-instalara-portoes-eletronicos-na-rodoviaria-de-feira-de-santana\/\",\"name\":\"Empresa instalar\u00e1 port\u00f5es eletr\u00f4nicos na Rodovi\u00e1ria de Feira de Santana - Portal MF\",\"isPartOf\":{\"@id\":\"https:\/\/portalmf.com.br\/#website\"},\"primaryImageOfPage\":{\"@id\":\"https:\/\/portalmf.com.br\/index.php\/2024\/01\/09\/empresa-instalara-portoes-eletronicos-na-rodoviaria-de-feira-de-santana\/#primaryimage\"},\"image\":{\"@id\":\"https:\/\/portalmf.com.br\/index.php\/2024\/01\/09\/empresa-instalara-portoes-eletronicos-na-rodoviaria-de-feira-de-santana\/#primaryimage\"},\"thumbnailUrl\":\"https:\/\/portalmf.com.br\/wp-content\/uploads\/2024\/01\/rodoviaria-de-feira-de-santana-rodoviaria-de-feira-de-santana.jpg\",\"datePublished\":\"2024-01-09T13:44:00+00:00\",\"dateModified\":\"2024-01-09T21:47:42+00:00\",\"author\":{\"@id\":\"https:\/\/portalmf.com.br\/#\/schema\/person\/9ec101baf56233e53520c26de5d6f6f0\"},\"breadcrumb\":{\"@id\":\"https:\/\/portalmf.com.br\/index.php\/2024\/01\/09\/empresa-instalara-portoes-eletronicos-na-rodoviaria-de-feira-de-santana\/#breadcrumb\"},\"inLanguage\":\"pt-BR\",\"potentialAction\":[{\"@type\":\"ReadAction\",\"target\":[\"https:\/\/portalmf.com.br\/index.php\/2024\/01\/09\/empresa-instalara-portoes-eletronicos-na-rodoviaria-de-feira-de-santana\/\"]}]},{\"@type\":\"ImageObject\",\"inLanguage\":\"pt-BR\",\"@id\":\"https:\/\/portalmf.com.br\/index.php\/2024\/01\/09\/empresa-instalara-portoes-eletronicos-na-rodoviaria-de-feira-de-santana\/#primaryimage\",\"url\":\"https:\/\/portalmf.com.br\/wp-content\/uploads\/2024\/01\/rodoviaria-de-feira-de-santana-rodoviaria-de-feira-de-santana.jpg\",\"contentUrl\":\"https:\/\/portalmf.com.br\/wp-content\/uploads\/2024\/01\/rodoviaria-de-feira-de-santana-rodoviaria-de-feira-de-santana.jpg\",\"width\":420,\"height\":280},{\"@type\":\"BreadcrumbList\",\"@id\":\"https:\/\/portalmf.com.br\/index.php\/2024\/01\/09\/empresa-instalara-portoes-eletronicos-na-rodoviaria-de-feira-de-santana\/#breadcrumb\",\"itemListElement\":[{\"@type\":\"ListItem\",\"position\":1,\"name\":\"In\u00edcio\",\"item\":\"https:\/\/portalmf.com.br\/\"},{\"@type\":\"ListItem\",\"position\":2,\"name\":\"Empresa instalar\u00e1 port\u00f5es eletr\u00f4nicos na Rodovi\u00e1ria de Feira de Santana\"}]},{\"@type\":\"WebSite\",\"@id\":\"https:\/\/portalmf.com.br\/#website\",\"url\":\"https:\/\/portalmf.com.br\/\",\"name\":\"Portal MF\",\"description\":\"Voc\u00ea conectado com a informa\u00e7\u00e3o\",\"potentialAction\":[{\"@type\":\"SearchAction\",\"target\":{\"@type\":\"EntryPoint\",\"urlTemplate\":\"https:\/\/portalmf.com.br\/?s={search_term_string}\"},\"query-input\":\"required name=search_term_string\"}],\"inLanguage\":\"pt-BR\"},{\"@type\":\"Person\",\"@id\":\"https:\/\/portalmf.com.br\/#\/schema\/person\/9ec101baf56233e53520c26de5d6f6f0\",\"name\":\"Reda\u00e7\u00e3o Portal MF\",\"image\":{\"@type\":\"ImageObject\",\"inLanguage\":\"pt-BR\",\"@id\":\"https:\/\/portalmf.com.br\/#\/schema\/person\/image\/\",\"url\":\"https:\/\/secure.gravatar.com\/avatar\/41b9aaeb2100835f7c64362330f74c7f?s=96&d=mm&r=g\",\"contentUrl\":\"https:\/\/secure.gravatar.com\/avatar\/41b9aaeb2100835f7c64362330f74c7f?s=96&d=mm&r=g\",\"caption\":\"Reda\u00e7\u00e3o Portal MF\"},\"description\":\"Sejam bem-vindos o portal de informa\u00e7\u00f5es de entretenimento de Feira de Santana, desde 2006 realiza coberturas dos principais eventos com entrevistas exclusivas com as principais personalidades mundiais. Fique conectado tamb\u00e9m nas redes sociais.\",\"sameAs\":[\"http:\/\/www.portalmf.com.br\/\",\"https:\/\/www.facebook.com\/portalmfoficial\",\"https:\/\/www.instagram.com\/portalmf\/\",\"https:\/\/x.com\/https:\/\/x.com\/portalmfoficial\",\"https:\/\/www.youtube.com\/@portalmfoficial\"],\"url\":\"https:\/\/portalmf.com.br\/index.php\/author\/junior\/\"}]}<\/script>\n<!-- \/ Yoast SEO plugin. -->","yoast_head_json":{"title":"Empresa instalar\u00e1 port\u00f5es eletr\u00f4nicos na Rodovi\u00e1ria de Feira de Santana - Portal MF","robots":{"index":"index","follow":"follow","max-snippet":"max-snippet:-1","max-image-preview":"max-image-preview:large","max-video-preview":"max-video-preview:-1"},"canonical":"https:\/\/portalmf.com.br\/index.php\/2024\/01\/09\/empresa-instalara-portoes-eletronicos-na-rodoviaria-de-feira-de-santana\/","og_locale":"pt_BR","og_type":"article","og_title":"Empresa instalar\u00e1 port\u00f5es eletr\u00f4nicos na Rodovi\u00e1ria de Feira de Santana - Portal MF","og_description":"A empresa Pauma Administra\u00e7\u00e3o e Servi\u00e7os comunica que ser\u00e1 realizada a instala\u00e7\u00e3o de um port\u00e3o eletr\u00f4nico na sa\u00edda dos \u00f4nibus que servem ao Terminal Rodovi\u00e1rio de Feira de Santana. A obra, que foi informada \u00e0 Agerba (Ag\u00eancia Estadual de Regula\u00e7\u00e3o de Servi\u00e7os P\u00fablicos de Energia, Transportes e Comunica\u00e7\u00f5es da Bahia) e conta com o apoio [&hellip;]","og_url":"https:\/\/portalmf.com.br\/index.php\/2024\/01\/09\/empresa-instalara-portoes-eletronicos-na-rodoviaria-de-feira-de-santana\/","og_site_name":"Portal MF","article_author":"https:\/\/www.facebook.com\/portalmfoficial","article_published_time":"2024-01-09T13:44:00+00:00","article_modified_time":"2024-01-09T21:47:42+00:00","og_image":[{"width":420,"height":280,"url":"https:\/\/portalmf.com.br\/wp-content\/uploads\/2024\/01\/rodoviaria-de-feira-de-santana-rodoviaria-de-feira-de-santana.jpg","type":"image\/jpeg"}],"author":"Reda\u00e7\u00e3o Portal MF","twitter_card":"summary_large_image","twitter_creator":"@https:\/\/x.com\/portalmfoficial","twitter_misc":{"Escrito por":"Reda\u00e7\u00e3o Portal MF","Est. tempo de leitura":"2 minutos"},"schema":{"@context":"https:\/\/schema.org","@graph":[{"@type":"WebPage","@id":"https:\/\/portalmf.com.br\/index.php\/2024\/01\/09\/empresa-instalara-portoes-eletronicos-na-rodoviaria-de-feira-de-santana\/","url":"https:\/\/portalmf.com.br\/index.php\/2024\/01\/09\/empresa-instalara-portoes-eletronicos-na-rodoviaria-de-feira-de-santana\/","name":"Empresa instalar\u00e1 port\u00f5es eletr\u00f4nicos na Rodovi\u00e1ria de Feira de Santana - Portal MF","isPartOf":{"@id":"https:\/\/portalmf.com.br\/#website"},"primaryImageOfPage":{"@id":"https:\/\/portalmf.com.br\/index.php\/2024\/01\/09\/empresa-instalara-portoes-eletronicos-na-rodoviaria-de-feira-de-santana\/#primaryimage"},"image":{"@id":"https:\/\/portalmf.com.br\/index.php\/2024\/01\/09\/empresa-instalara-portoes-eletronicos-na-rodoviaria-de-feira-de-santana\/#primaryimage"},"thumbnailUrl":"https:\/\/portalmf.com.br\/wp-content\/uploads\/2024\/01\/rodoviaria-de-feira-de-santana-rodoviaria-de-feira-de-santana.jpg","datePublished":"2024-01-09T13:44:00+00:00","dateModified":"2024-01-09T21:47:42+00:00","author":{"@id":"https:\/\/portalmf.com.br\/#\/schema\/person\/9ec101baf56233e53520c26de5d6f6f0"},"breadcrumb":{"@id":"https:\/\/portalmf.com.br\/index.php\/2024\/01\/09\/empresa-instalara-portoes-eletronicos-na-rodoviaria-de-feira-de-santana\/#breadcrumb"},"inLanguage":"pt-BR","potentialAction":[{"@type":"ReadAction","target":["https:\/\/portalmf.com.br\/index.php\/2024\/01\/09\/empresa-instalara-portoes-eletronicos-na-rodoviaria-de-feira-de-santana\/"]}]},{"@type":"ImageObject","inLanguage":"pt-BR","@id":"https:\/\/portalmf.com.br\/index.php\/2024\/01\/09\/empresa-instalara-portoes-eletronicos-na-rodoviaria-de-feira-de-santana\/#primaryimage","url":"https:\/\/portalmf.com.br\/wp-content\/uploads\/2024\/01\/rodoviaria-de-feira-de-santana-rodoviaria-de-feira-de-santana.jpg","contentUrl":"https:\/\/portalmf.com.br\/wp-content\/uploads\/2024\/01\/rodoviaria-de-feira-de-santana-rodoviaria-de-feira-de-santana.jpg","width":420,"height":280},{"@type":"BreadcrumbList","@id":"https:\/\/portalmf.com.br\/index.php\/2024\/01\/09\/empresa-instalara-portoes-eletronicos-na-rodoviaria-de-feira-de-santana\/#breadcrumb","itemListElement":[{"@type":"ListItem","position":1,"name":"In\u00edcio","item":"https:\/\/portalmf.com.br\/"},{"@type":"ListItem","position":2,"name":"Empresa instalar\u00e1 port\u00f5es eletr\u00f4nicos na Rodovi\u00e1ria de Feira de Santana"}]},{"@type":"WebSite","@id":"https:\/\/portalmf.com.br\/#website","url":"https:\/\/portalmf.com.br\/","name":"Portal MF","description":"Voc\u00ea conectado com a informa\u00e7\u00e3o","potentialAction":[{"@type":"SearchAction","target":{"@type":"EntryPoint","urlTemplate":"https:\/\/portalmf.com.br\/?s={search_term_string}"},"query-input":"required name=search_term_string"}],"inLanguage":"pt-BR"},{"@type":"Person","@id":"https:\/\/portalmf.com.br\/#\/schema\/person\/9ec101baf56233e53520c26de5d6f6f0","name":"Reda\u00e7\u00e3o Portal MF","image":{"@type":"ImageObject","inLanguage":"pt-BR","@id":"https:\/\/portalmf.com.br\/#\/schema\/person\/image\/","url":"https:\/\/secure.gravatar.com\/avatar\/41b9aaeb2100835f7c64362330f74c7f?s=96&d=mm&r=g","contentUrl":"https:\/\/secure.gravatar.com\/avatar\/41b9aaeb2100835f7c64362330f74c7f?s=96&d=mm&r=g","caption":"Reda\u00e7\u00e3o Portal MF"},"description":"Sejam bem-vindos o portal de informa\u00e7\u00f5es de entretenimento de Feira de Santana, desde 2006 realiza coberturas dos principais eventos com entrevistas exclusivas com as principais personalidades mundiais. Fique conectado tamb\u00e9m nas redes sociais.","sameAs":["http:\/\/www.portalmf.com.br\/","https:\/\/www.facebook.com\/portalmfoficial","https:\/\/www.instagram.com\/portalmf\/","https:\/\/x.com\/https:\/\/x.com\/portalmfoficial","https:\/\/www.youtube.com\/@portalmfoficial"],"url":"https:\/\/portalmf.com.br\/index.php\/author\/junior\/"}]}},"_links":{"self":[{"href":"https:\/\/portalmf.com.br\/index.php\/wp-json\/wp\/v2\/posts\/21792"}],"collection":[{"href":"https:\/\/portalmf.com.br\/index.php\/wp-json\/wp\/v2\/posts"}],"about":[{"href":"https:\/\/portalmf.com.br\/index.php\/wp-json\/wp\/v2\/types\/post"}],"author":[{"embeddable":true,"href":"https:\/\/portalmf.com.br\/index.php\/wp-json\/wp\/v2\/users\/3"}],"replies":[{"embeddable":true,"href":"https:\/\/portalmf.com.br\/index.php\/wp-json\/wp\/v2\/comments?post=21792"}],"version-history":[{"count":1,"href":"https:\/\/portalmf.com.br\/index.php\/wp-json\/wp\/v2\/posts\/21792\/revisions"}],"predecessor-version":[{"id":21794,"href":"https:\/\/portalmf.com.br\/index.php\/wp-json\/wp\/v2\/posts\/21792\/revisions\/21794"}],"wp:featuredmedia":[{"embeddable":true,"href":"https:\/\/portalmf.com.br\/index.php\/wp-json\/wp\/v2\/media\/21793"}],"wp:attachment":[{"href":"https:\/\/portalmf.com.br\/index.php\/wp-json\/wp\/v2\/media?parent=21792"}],"wp:term":[{"taxonomy":"category","embeddable":true,"href":"https:\/\/portalmf.com.br\/index.php\/wp-json\/wp\/v2\/categories?post=21792"},{"taxonomy":"post_tag","embeddable":true,"href":"https:\/\/portalmf.com.br\/index.php\/wp-json\/wp\/v2\/tags?post=21792"}],"curies":[{"name":"wp","href":"https:\/\/api.w.org\/{rel}","templated":true}]}}