{"id":21789,"date":"2024-01-09T18:43:45","date_gmt":"2024-01-09T21:43:45","guid":{"rendered":"https:\/\/portalmf.com.br\/?p=21789"},"modified":"2024-01-09T18:43:47","modified_gmt":"2024-01-09T21:43:47","slug":"quedas-de-energia-sao-comuns-em-periodos-de-chuva-e-podem-causar-prejuizos","status":"publish","type":"post","link":"https:\/\/portalmf.com.br\/index.php\/2024\/01\/09\/quedas-de-energia-sao-comuns-em-periodos-de-chuva-e-podem-causar-prejuizos\/","title":{"rendered":"Quedas de energia s\u00e3o comuns em per\u00edodos de chuva e podem causar preju\u00edzos"},"content":{"rendered":"\n<p>As quedas de energia durante chuvas intensas \u00e9 um problema comum que afeta muitas cidades pelo Brasil. O engenheiro mec\u00e2nico Caio Coss\u00fa explica que elas est\u00e3o associadas \u00e0 presen\u00e7a de \u00e1rvores pr\u00f3ximas aos fios de alta tens\u00e3o ou de distribui\u00e7\u00e3o de energia. Neste caso, o maior problema n\u00e3o ocorre devido \u00e0 chuva, mas sim aos fortes ventos que s\u00e3o capazes de derrubar as \u00e1rvores sob a rede el\u00e9trica, rompendo os cabos e impedindo a transmiss\u00e3o de energia el\u00e9trica para as resid\u00eancias e estabelecimentos.<\/p>\n\n\n\n<p><em>&#8211; Outro fator relevante \u00e9 a ocorr\u00eancia de raios nas regi\u00f5es pr\u00f3ximas aos transformadores el\u00e9tricos, causando a sobrecarga do equipamento e danificando-o. Nessa situa\u00e7\u00e3o, \u00e9 comum ouvir estouros e, posteriormente, queda ou picos de energia. Os picos s\u00e3o acompanhados de sobrepotenciais el\u00e9tricos, danificando equipamentos como geladeiras, televis\u00f5es, computadores e micro-<\/em>ondas, acrescenta o engenheiro eletr\u00f4nico e professor, Marco Ant\u00f4nio Gomes Valentim.<\/p>\n\n\n\n<p>Caio Coss\u00fa orienta que ao verificar a queda de uma \u00e1rvore na rede el\u00e9trica, deve-se evitar cort\u00e1-las ou ficar pr\u00f3ximo do local, pois h\u00e1 o risco de os cabos de energia estarem energizados e o contato f\u00edsico pode causar a morte por eletrocuss\u00e3o. Nessa situa\u00e7\u00e3o, a distribuidora deve ser acionada para a poda das \u00e1rvores, garantindo que o corte ocorra de maneira segura, sem riscos para a popula\u00e7\u00e3o. E para evitar a queima de aparelhos el\u00e9tricos, o docente dos cursos de Engenharia da Est\u00e1cio aconselha:<\/p>\n\n\n\n<p>&#8211; Desligue os equipamentos el\u00e9tricos da tomada ou desligue os disjuntores quando uma tempestade estiver ocorrendo; realize o aterramento da casa para proteger os equipamentos el\u00e9tricos da sobrecarga durante os picos de energia, destaca Coss\u00fa.<\/p>\n\n\n\n<p><strong>Concession\u00e1rias devem ressarcir eventuais preju\u00edzos<\/strong><\/p>\n\n\n\n<p>A advogada&nbsp;Izabelle Patitucci comenta que os transtornos e preju\u00edzos causados pelas quedas de energia s\u00e3o diversos, desde aparelhos queimados pela inconst\u00e2ncia el\u00e9trica at\u00e9 alimentos e medicamentos estragados sem a refrigera\u00e7\u00e3o, e para as empresas, eventos e contratos cancelados.<\/p>\n\n\n\n<p>A\u00a0professora do curso de Direito explica que o C\u00f3digo de Defesa do Consumidor (CDC) e as resolu\u00e7\u00f5es da Ag\u00eancia Nacional de Energia El\u00e9trica (Aneel) preveem que o cliente seja compensado, primeiro pelo abatimento na conta de luz pelos dias que ficou sem o servi\u00e7o e tamb\u00e9m com a restitui\u00e7\u00e3o dos valores em caso de preju\u00edzos com eletrodom\u00e9sticos, alimentos e outros.\u00a0<\/p>\n\n\n\n<p><em>&#8211; O consumidor que sofre esse tipo de dano deve procurar um advogado ou a defensoria p\u00fablica de sua cidade com objetivo de pleitear na Justi\u00e7a o ressarcimento dos valores respectivos aos preju\u00edzos, caso a negocia\u00e7\u00e3o direta com a empresa n\u00e3o tenha surtido efeito. Importante ressaltar que as provas ser\u00e3o essenciais para demonstra\u00e7\u00e3o do preju\u00edzo, portanto, esteja preparado para mostrar a realidade dos fatos. Procure seus direitos! -, <\/em>instrui a professora.<\/p>\n","protected":false},"excerpt":{"rendered":"<p>As quedas de energia durante chuvas intensas \u00e9 um problema comum que afeta muitas cidades pelo Brasil. O engenheiro mec\u00e2nico Caio Coss\u00fa explica que elas est\u00e3o associadas \u00e0 presen\u00e7a de \u00e1rvores pr\u00f3ximas aos fios de alta tens\u00e3o ou de distribui\u00e7\u00e3o de energia. Neste caso, o maior problema n\u00e3o ocorre devido \u00e0 chuva, mas sim aos [&hellip;]<\/p>\n","protected":false},"author":3,"featured_media":21790,"comment_status":"open","ping_status":"open","sticky":false,"template":"","format":"standard","meta":{"_monsterinsights_skip_tracking":false,"_monsterinsights_sitenote_active":false,"_monsterinsights_sitenote_note":"","_monsterinsights_sitenote_category":0,"footnotes":""},"categories":[34],"tags":[],"yoast_head":"<!-- This site is optimized with the Yoast SEO plugin v22.9 - https:\/\/yoast.com\/wordpress\/plugins\/seo\/ -->\n<title>Quedas de energia s\u00e3o comuns em per\u00edodos de chuva e podem causar preju\u00edzos - Portal MF<\/title>\n<meta name=\"robots\" content=\"index, follow, max-snippet:-1, max-image-preview:large, max-video-preview:-1\" \/>\n<link rel=\"canonical\" href=\"https:\/\/portalmf.com.br\/index.php\/2024\/01\/09\/quedas-de-energia-sao-comuns-em-periodos-de-chuva-e-podem-causar-prejuizos\/\" \/>\n<meta property=\"og:locale\" content=\"pt_BR\" \/>\n<meta property=\"og:type\" content=\"article\" \/>\n<meta property=\"og:title\" content=\"Quedas de energia s\u00e3o comuns em per\u00edodos de chuva e podem causar preju\u00edzos - Portal MF\" \/>\n<meta property=\"og:description\" content=\"As quedas de energia durante chuvas intensas \u00e9 um problema comum que afeta muitas cidades pelo Brasil. O engenheiro mec\u00e2nico Caio Coss\u00fa explica que elas est\u00e3o associadas \u00e0 presen\u00e7a de \u00e1rvores pr\u00f3ximas aos fios de alta tens\u00e3o ou de distribui\u00e7\u00e3o de energia. Neste caso, o maior problema n\u00e3o ocorre devido \u00e0 chuva, mas sim aos [&hellip;]\" \/>\n<meta property=\"og:url\" content=\"https:\/\/portalmf.com.br\/index.php\/2024\/01\/09\/quedas-de-energia-sao-comuns-em-periodos-de-chuva-e-podem-causar-prejuizos\/\" \/>\n<meta property=\"og:site_name\" content=\"Portal MF\" \/>\n<meta property=\"article:author\" content=\"https:\/\/www.facebook.com\/portalmfoficial\" \/>\n<meta property=\"article:published_time\" content=\"2024-01-09T21:43:45+00:00\" \/>\n<meta property=\"article:modified_time\" content=\"2024-01-09T21:43:47+00:00\" \/>\n<meta property=\"og:image\" content=\"https:\/\/portalmf.com.br\/wp-content\/uploads\/2024\/01\/falta_de_luz_marcello_casal_jr_agencia_brasil-750x430-1.jpeg\" \/>\n\t<meta property=\"og:image:width\" content=\"750\" \/>\n\t<meta property=\"og:image:height\" content=\"430\" \/>\n\t<meta property=\"og:image:type\" content=\"image\/jpeg\" \/>\n<meta name=\"author\" content=\"Reda\u00e7\u00e3o Portal MF\" \/>\n<meta name=\"twitter:card\" content=\"summary_large_image\" \/>\n<meta name=\"twitter:creator\" content=\"@https:\/\/x.com\/portalmfoficial\" \/>\n<meta name=\"twitter:label1\" content=\"Escrito por\" \/>\n\t<meta name=\"twitter:data1\" content=\"Reda\u00e7\u00e3o Portal MF\" \/>\n\t<meta name=\"twitter:label2\" content=\"Est. tempo de leitura\" \/>\n\t<meta name=\"twitter:data2\" content=\"3 minutos\" \/>\n<script type=\"application\/ld+json\" class=\"yoast-schema-graph\">{\"@context\":\"https:\/\/schema.org\",\"@graph\":[{\"@type\":\"WebPage\",\"@id\":\"https:\/\/portalmf.com.br\/index.php\/2024\/01\/09\/quedas-de-energia-sao-comuns-em-periodos-de-chuva-e-podem-causar-prejuizos\/\",\"url\":\"https:\/\/portalmf.com.br\/index.php\/2024\/01\/09\/quedas-de-energia-sao-comuns-em-periodos-de-chuva-e-podem-causar-prejuizos\/\",\"name\":\"Quedas de energia s\u00e3o comuns em per\u00edodos de chuva e podem causar preju\u00edzos - Portal MF\",\"isPartOf\":{\"@id\":\"https:\/\/portalmf.com.br\/#website\"},\"primaryImageOfPage\":{\"@id\":\"https:\/\/portalmf.com.br\/index.php\/2024\/01\/09\/quedas-de-energia-sao-comuns-em-periodos-de-chuva-e-podem-causar-prejuizos\/#primaryimage\"},\"image\":{\"@id\":\"https:\/\/portalmf.com.br\/index.php\/2024\/01\/09\/quedas-de-energia-sao-comuns-em-periodos-de-chuva-e-podem-causar-prejuizos\/#primaryimage\"},\"thumbnailUrl\":\"https:\/\/portalmf.com.br\/wp-content\/uploads\/2024\/01\/falta_de_luz_marcello_casal_jr_agencia_brasil-750x430-1.jpeg\",\"datePublished\":\"2024-01-09T21:43:45+00:00\",\"dateModified\":\"2024-01-09T21:43:47+00:00\",\"author\":{\"@id\":\"https:\/\/portalmf.com.br\/#\/schema\/person\/9ec101baf56233e53520c26de5d6f6f0\"},\"breadcrumb\":{\"@id\":\"https:\/\/portalmf.com.br\/index.php\/2024\/01\/09\/quedas-de-energia-sao-comuns-em-periodos-de-chuva-e-podem-causar-prejuizos\/#breadcrumb\"},\"inLanguage\":\"pt-BR\",\"potentialAction\":[{\"@type\":\"ReadAction\",\"target\":[\"https:\/\/portalmf.com.br\/index.php\/2024\/01\/09\/quedas-de-energia-sao-comuns-em-periodos-de-chuva-e-podem-causar-prejuizos\/\"]}]},{\"@type\":\"ImageObject\",\"inLanguage\":\"pt-BR\",\"@id\":\"https:\/\/portalmf.com.br\/index.php\/2024\/01\/09\/quedas-de-energia-sao-comuns-em-periodos-de-chuva-e-podem-causar-prejuizos\/#primaryimage\",\"url\":\"https:\/\/portalmf.com.br\/wp-content\/uploads\/2024\/01\/falta_de_luz_marcello_casal_jr_agencia_brasil-750x430-1.jpeg\",\"contentUrl\":\"https:\/\/portalmf.com.br\/wp-content\/uploads\/2024\/01\/falta_de_luz_marcello_casal_jr_agencia_brasil-750x430-1.jpeg\",\"width\":750,\"height\":430},{\"@type\":\"BreadcrumbList\",\"@id\":\"https:\/\/portalmf.com.br\/index.php\/2024\/01\/09\/quedas-de-energia-sao-comuns-em-periodos-de-chuva-e-podem-causar-prejuizos\/#breadcrumb\",\"itemListElement\":[{\"@type\":\"ListItem\",\"position\":1,\"name\":\"In\u00edcio\",\"item\":\"https:\/\/portalmf.com.br\/\"},{\"@type\":\"ListItem\",\"position\":2,\"name\":\"Quedas de energia s\u00e3o comuns em per\u00edodos de chuva e podem causar preju\u00edzos\"}]},{\"@type\":\"WebSite\",\"@id\":\"https:\/\/portalmf.com.br\/#website\",\"url\":\"https:\/\/portalmf.com.br\/\",\"name\":\"Portal MF\",\"description\":\"Voc\u00ea conectado com a informa\u00e7\u00e3o\",\"potentialAction\":[{\"@type\":\"SearchAction\",\"target\":{\"@type\":\"EntryPoint\",\"urlTemplate\":\"https:\/\/portalmf.com.br\/?s={search_term_string}\"},\"query-input\":\"required name=search_term_string\"}],\"inLanguage\":\"pt-BR\"},{\"@type\":\"Person\",\"@id\":\"https:\/\/portalmf.com.br\/#\/schema\/person\/9ec101baf56233e53520c26de5d6f6f0\",\"name\":\"Reda\u00e7\u00e3o Portal MF\",\"image\":{\"@type\":\"ImageObject\",\"inLanguage\":\"pt-BR\",\"@id\":\"https:\/\/portalmf.com.br\/#\/schema\/person\/image\/\",\"url\":\"https:\/\/secure.gravatar.com\/avatar\/41b9aaeb2100835f7c64362330f74c7f?s=96&d=mm&r=g\",\"contentUrl\":\"https:\/\/secure.gravatar.com\/avatar\/41b9aaeb2100835f7c64362330f74c7f?s=96&d=mm&r=g\",\"caption\":\"Reda\u00e7\u00e3o Portal MF\"},\"description\":\"Sejam bem-vindos o portal de informa\u00e7\u00f5es de entretenimento de Feira de Santana, desde 2006 realiza coberturas dos principais eventos com entrevistas exclusivas com as principais personalidades mundiais. Fique conectado tamb\u00e9m nas redes sociais.\",\"sameAs\":[\"http:\/\/www.portalmf.com.br\/\",\"https:\/\/www.facebook.com\/portalmfoficial\",\"https:\/\/www.instagram.com\/portalmf\/\",\"https:\/\/x.com\/https:\/\/x.com\/portalmfoficial\",\"https:\/\/www.youtube.com\/@portalmfoficial\"],\"url\":\"https:\/\/portalmf.com.br\/index.php\/author\/junior\/\"}]}<\/script>\n<!-- \/ Yoast SEO plugin. -->","yoast_head_json":{"title":"Quedas de energia s\u00e3o comuns em per\u00edodos de chuva e podem causar preju\u00edzos - Portal MF","robots":{"index":"index","follow":"follow","max-snippet":"max-snippet:-1","max-image-preview":"max-image-preview:large","max-video-preview":"max-video-preview:-1"},"canonical":"https:\/\/portalmf.com.br\/index.php\/2024\/01\/09\/quedas-de-energia-sao-comuns-em-periodos-de-chuva-e-podem-causar-prejuizos\/","og_locale":"pt_BR","og_type":"article","og_title":"Quedas de energia s\u00e3o comuns em per\u00edodos de chuva e podem causar preju\u00edzos - Portal MF","og_description":"As quedas de energia durante chuvas intensas \u00e9 um problema comum que afeta muitas cidades pelo Brasil. O engenheiro mec\u00e2nico Caio Coss\u00fa explica que elas est\u00e3o associadas \u00e0 presen\u00e7a de \u00e1rvores pr\u00f3ximas aos fios de alta tens\u00e3o ou de distribui\u00e7\u00e3o de energia. Neste caso, o maior problema n\u00e3o ocorre devido \u00e0 chuva, mas sim aos [&hellip;]","og_url":"https:\/\/portalmf.com.br\/index.php\/2024\/01\/09\/quedas-de-energia-sao-comuns-em-periodos-de-chuva-e-podem-causar-prejuizos\/","og_site_name":"Portal MF","article_author":"https:\/\/www.facebook.com\/portalmfoficial","article_published_time":"2024-01-09T21:43:45+00:00","article_modified_time":"2024-01-09T21:43:47+00:00","og_image":[{"width":750,"height":430,"url":"https:\/\/portalmf.com.br\/wp-content\/uploads\/2024\/01\/falta_de_luz_marcello_casal_jr_agencia_brasil-750x430-1.jpeg","type":"image\/jpeg"}],"author":"Reda\u00e7\u00e3o Portal MF","twitter_card":"summary_large_image","twitter_creator":"@https:\/\/x.com\/portalmfoficial","twitter_misc":{"Escrito por":"Reda\u00e7\u00e3o Portal MF","Est. tempo de leitura":"3 minutos"},"schema":{"@context":"https:\/\/schema.org","@graph":[{"@type":"WebPage","@id":"https:\/\/portalmf.com.br\/index.php\/2024\/01\/09\/quedas-de-energia-sao-comuns-em-periodos-de-chuva-e-podem-causar-prejuizos\/","url":"https:\/\/portalmf.com.br\/index.php\/2024\/01\/09\/quedas-de-energia-sao-comuns-em-periodos-de-chuva-e-podem-causar-prejuizos\/","name":"Quedas de energia s\u00e3o comuns em per\u00edodos de chuva e podem causar preju\u00edzos - Portal MF","isPartOf":{"@id":"https:\/\/portalmf.com.br\/#website"},"primaryImageOfPage":{"@id":"https:\/\/portalmf.com.br\/index.php\/2024\/01\/09\/quedas-de-energia-sao-comuns-em-periodos-de-chuva-e-podem-causar-prejuizos\/#primaryimage"},"image":{"@id":"https:\/\/portalmf.com.br\/index.php\/2024\/01\/09\/quedas-de-energia-sao-comuns-em-periodos-de-chuva-e-podem-causar-prejuizos\/#primaryimage"},"thumbnailUrl":"https:\/\/portalmf.com.br\/wp-content\/uploads\/2024\/01\/falta_de_luz_marcello_casal_jr_agencia_brasil-750x430-1.jpeg","datePublished":"2024-01-09T21:43:45+00:00","dateModified":"2024-01-09T21:43:47+00:00","author":{"@id":"https:\/\/portalmf.com.br\/#\/schema\/person\/9ec101baf56233e53520c26de5d6f6f0"},"breadcrumb":{"@id":"https:\/\/portalmf.com.br\/index.php\/2024\/01\/09\/quedas-de-energia-sao-comuns-em-periodos-de-chuva-e-podem-causar-prejuizos\/#breadcrumb"},"inLanguage":"pt-BR","potentialAction":[{"@type":"ReadAction","target":["https:\/\/portalmf.com.br\/index.php\/2024\/01\/09\/quedas-de-energia-sao-comuns-em-periodos-de-chuva-e-podem-causar-prejuizos\/"]}]},{"@type":"ImageObject","inLanguage":"pt-BR","@id":"https:\/\/portalmf.com.br\/index.php\/2024\/01\/09\/quedas-de-energia-sao-comuns-em-periodos-de-chuva-e-podem-causar-prejuizos\/#primaryimage","url":"https:\/\/portalmf.com.br\/wp-content\/uploads\/2024\/01\/falta_de_luz_marcello_casal_jr_agencia_brasil-750x430-1.jpeg","contentUrl":"https:\/\/portalmf.com.br\/wp-content\/uploads\/2024\/01\/falta_de_luz_marcello_casal_jr_agencia_brasil-750x430-1.jpeg","width":750,"height":430},{"@type":"BreadcrumbList","@id":"https:\/\/portalmf.com.br\/index.php\/2024\/01\/09\/quedas-de-energia-sao-comuns-em-periodos-de-chuva-e-podem-causar-prejuizos\/#breadcrumb","itemListElement":[{"@type":"ListItem","position":1,"name":"In\u00edcio","item":"https:\/\/portalmf.com.br\/"},{"@type":"ListItem","position":2,"name":"Quedas de energia s\u00e3o comuns em per\u00edodos de chuva e podem causar preju\u00edzos"}]},{"@type":"WebSite","@id":"https:\/\/portalmf.com.br\/#website","url":"https:\/\/portalmf.com.br\/","name":"Portal MF","description":"Voc\u00ea conectado com a informa\u00e7\u00e3o","potentialAction":[{"@type":"SearchAction","target":{"@type":"EntryPoint","urlTemplate":"https:\/\/portalmf.com.br\/?s={search_term_string}"},"query-input":"required name=search_term_string"}],"inLanguage":"pt-BR"},{"@type":"Person","@id":"https:\/\/portalmf.com.br\/#\/schema\/person\/9ec101baf56233e53520c26de5d6f6f0","name":"Reda\u00e7\u00e3o Portal MF","image":{"@type":"ImageObject","inLanguage":"pt-BR","@id":"https:\/\/portalmf.com.br\/#\/schema\/person\/image\/","url":"https:\/\/secure.gravatar.com\/avatar\/41b9aaeb2100835f7c64362330f74c7f?s=96&d=mm&r=g","contentUrl":"https:\/\/secure.gravatar.com\/avatar\/41b9aaeb2100835f7c64362330f74c7f?s=96&d=mm&r=g","caption":"Reda\u00e7\u00e3o Portal MF"},"description":"Sejam bem-vindos o portal de informa\u00e7\u00f5es de entretenimento de Feira de Santana, desde 2006 realiza coberturas dos principais eventos com entrevistas exclusivas com as principais personalidades mundiais. Fique conectado tamb\u00e9m nas redes sociais.","sameAs":["http:\/\/www.portalmf.com.br\/","https:\/\/www.facebook.com\/portalmfoficial","https:\/\/www.instagram.com\/portalmf\/","https:\/\/x.com\/https:\/\/x.com\/portalmfoficial","https:\/\/www.youtube.com\/@portalmfoficial"],"url":"https:\/\/portalmf.com.br\/index.php\/author\/junior\/"}]}},"_links":{"self":[{"href":"https:\/\/portalmf.com.br\/index.php\/wp-json\/wp\/v2\/posts\/21789"}],"collection":[{"href":"https:\/\/portalmf.com.br\/index.php\/wp-json\/wp\/v2\/posts"}],"about":[{"href":"https:\/\/portalmf.com.br\/index.php\/wp-json\/wp\/v2\/types\/post"}],"author":[{"embeddable":true,"href":"https:\/\/portalmf.com.br\/index.php\/wp-json\/wp\/v2\/users\/3"}],"replies":[{"embeddable":true,"href":"https:\/\/portalmf.com.br\/index.php\/wp-json\/wp\/v2\/comments?post=21789"}],"version-history":[{"count":1,"href":"https:\/\/portalmf.com.br\/index.php\/wp-json\/wp\/v2\/posts\/21789\/revisions"}],"predecessor-version":[{"id":21791,"href":"https:\/\/portalmf.com.br\/index.php\/wp-json\/wp\/v2\/posts\/21789\/revisions\/21791"}],"wp:featuredmedia":[{"embeddable":true,"href":"https:\/\/portalmf.com.br\/index.php\/wp-json\/wp\/v2\/media\/21790"}],"wp:attachment":[{"href":"https:\/\/portalmf.com.br\/index.php\/wp-json\/wp\/v2\/media?parent=21789"}],"wp:term":[{"taxonomy":"category","embeddable":true,"href":"https:\/\/portalmf.com.br\/index.php\/wp-json\/wp\/v2\/categories?post=21789"},{"taxonomy":"post_tag","embeddable":true,"href":"https:\/\/portalmf.com.br\/index.php\/wp-json\/wp\/v2\/tags?post=21789"}],"curies":[{"name":"wp","href":"https:\/\/api.w.org\/{rel}","templated":true}]}}