{"id":21719,"date":"2024-01-08T19:08:07","date_gmt":"2024-01-08T22:08:07","guid":{"rendered":"https:\/\/portalmf.com.br\/?p=21719"},"modified":"2024-01-08T19:08:08","modified_gmt":"2024-01-08T22:08:08","slug":"lula-afirma-que-perdao-a-golpistas-soaria-como-impunidade","status":"publish","type":"post","link":"https:\/\/portalmf.com.br\/index.php\/2024\/01\/08\/lula-afirma-que-perdao-a-golpistas-soaria-como-impunidade\/","title":{"rendered":"Lula afirma que perd\u00e3o a golpistas soaria como impunidade"},"content":{"rendered":"\n<p>O presidente Luiz In\u00e1cio Lula da Silva defendeu, nesta segunda-feira (8), uma puni\u00e7\u00e3o exemplar para quem teve qualquer participa\u00e7\u00e3o nos\u00a0atos golpistas de 8 de janeiro do ano passado. Em discurso, Lula afirmou que o perd\u00e3o a essas pessoas \u201csoaria como impunidade\u201d. A declara\u00e7\u00e3o foi dada durante ato em defesa da democracia, realizado no Sal\u00e3o Negro do Congresso Nacional. O evento marcou um ano da depreda\u00e7\u00e3o dos pal\u00e1cios da Pra\u00e7a dos Tr\u00eas Poderes, em Bras\u00edlia.<img decoding=\"async\" src=\"https:\/\/agenciabrasil.ebc.com.br\/ebc.png?id=1575628&amp;o=node\"><img decoding=\"async\" src=\"https:\/\/agenciabrasil.ebc.com.br\/ebc.gif?id=1575628&amp;o=node\"><\/p>\n\n\n\n<p>\u201cTodos aqueles que financiaram, planejaram e executaram a tentativa de golpe devem ser exemplarmente punidos. N\u00e3o h\u00e1 perd\u00e3o para quem atenta contra a democracia, contra seu pa\u00eds e contra o seu pr\u00f3prio povo. O perd\u00e3o soaria como impunidade. E a impunidade, como salvo conduto para novos atos terroristas\u201d, destacou Lula. Ele fez coro \u00e0 mensagem das autoridades presentes no ato.<\/p>\n\n\n\n<p>O evento Democracia Inabalada teve, al\u00e9m de Lula, a presen\u00e7a dos presidentes do Congresso Nacional, Rodrigo Pacheco (PSD-MG), e do Supremo Tribunal Federal (STF), Lu\u00eds Roberto Barroso, al\u00e9m de parlamentares, ministros, ex-ministros e representantes da sociedade civil. A governadora do Rio Grande do Norte, F\u00e1tima Bezerra,\u00a0foi a primeira a discursar, falando em nome dos governadores do pa\u00eds.<\/p>\n\n\n\n<p>Lula tamb\u00e9m observou que a tentativa de deposi\u00e7\u00e3o da democracia, que se baseia no desrespeito ao resultado das elei\u00e7\u00f5es, teria consequ\u00eancias dr\u00e1sticas para a estabilidade pol\u00edtica do pa\u00eds.<\/p>\n\n\n\n<p>\u201cSe a tentativa de golpe fosse bem-sucedida, muito mais do que vidra\u00e7as, m\u00f3veis, obras de arte e objetos hist\u00f3ricos teriam sido roubados ou destru\u00eddos. A vontade soberana do povo brasileiro, expressa nas urnas, teria sido roubada. E a democracia, destru\u00edda. A esta altura, o Brasil estaria mergulhado no caos econ\u00f4mico e social. O combate \u00e0 fome e \u00e0s desigualdades teria voltado \u00e0 estaca zero\u201d, afirmou.<\/p>\n\n\n\n<p>O presidente ainda elogiou a \u201ccoragem de parlamentares, governadores e governadoras, ministros e ministras da Suprema Corte, ministros e ministras de Estado, militares legalistas e, sobretudo, da maioria do povo brasileiro\u201d. Para o presidente, essa coragem garantiu que o dia de hoje fosse de \u201ccelebra\u00e7\u00e3o da vit\u00f3ria da democracia sobre o autoritarismo\u201d.<\/p>\n\n\n\n<p>Aproveitando a presen\u00e7a no Senado, Lula ainda fez men\u00e7\u00e3o aos trabalhadores Pol\u00edcia Legislativa, que se recusaram a aderir ao golpe e defenderam o pr\u00e9dio do Congresso Nacional durante a invas\u00e3o, mesmo em minoria.<\/p>\n\n\n\n<p>Com informa\u00e7\u00f5es da Ag\u00eancia Brasil<\/p>\n","protected":false},"excerpt":{"rendered":"<p>O presidente Luiz In\u00e1cio Lula da Silva defendeu, nesta segunda-feira (8), uma puni\u00e7\u00e3o exemplar para quem teve qualquer participa\u00e7\u00e3o nos\u00a0atos golpistas de 8 de janeiro do ano passado. Em discurso, Lula afirmou que o perd\u00e3o a essas pessoas \u201csoaria como impunidade\u201d. A declara\u00e7\u00e3o foi dada durante ato em defesa da democracia, realizado no Sal\u00e3o Negro [&hellip;]<\/p>\n","protected":false},"author":3,"featured_media":21720,"comment_status":"open","ping_status":"open","sticky":false,"template":"","format":"standard","meta":{"_monsterinsights_skip_tracking":false,"_monsterinsights_sitenote_active":false,"_monsterinsights_sitenote_note":"","_monsterinsights_sitenote_category":0,"footnotes":""},"categories":[34],"tags":[],"yoast_head":"<!-- This site is optimized with the Yoast SEO plugin v22.9 - https:\/\/yoast.com\/wordpress\/plugins\/seo\/ -->\n<title>Lula afirma que perd\u00e3o a golpistas soaria como impunidade - Portal MF<\/title>\n<meta name=\"robots\" content=\"index, follow, max-snippet:-1, max-image-preview:large, max-video-preview:-1\" \/>\n<link rel=\"canonical\" href=\"https:\/\/portalmf.com.br\/index.php\/2024\/01\/08\/lula-afirma-que-perdao-a-golpistas-soaria-como-impunidade\/\" \/>\n<meta property=\"og:locale\" content=\"pt_BR\" \/>\n<meta property=\"og:type\" content=\"article\" \/>\n<meta property=\"og:title\" content=\"Lula afirma que perd\u00e3o a golpistas soaria como impunidade - Portal MF\" \/>\n<meta property=\"og:description\" content=\"O presidente Luiz In\u00e1cio Lula da Silva defendeu, nesta segunda-feira (8), uma puni\u00e7\u00e3o exemplar para quem teve qualquer participa\u00e7\u00e3o nos\u00a0atos golpistas de 8 de janeiro do ano passado. Em discurso, Lula afirmou que o perd\u00e3o a essas pessoas \u201csoaria como impunidade\u201d. A declara\u00e7\u00e3o foi dada durante ato em defesa da democracia, realizado no Sal\u00e3o Negro [&hellip;]\" \/>\n<meta property=\"og:url\" content=\"https:\/\/portalmf.com.br\/index.php\/2024\/01\/08\/lula-afirma-que-perdao-a-golpistas-soaria-como-impunidade\/\" \/>\n<meta property=\"og:site_name\" content=\"Portal MF\" \/>\n<meta property=\"article:author\" content=\"https:\/\/www.facebook.com\/portalmfoficial\" \/>\n<meta property=\"article:published_time\" content=\"2024-01-08T22:08:07+00:00\" \/>\n<meta property=\"article:modified_time\" content=\"2024-01-08T22:08:08+00:00\" \/>\n<meta property=\"og:image\" content=\"https:\/\/portalmf.com.br\/wp-content\/uploads\/2024\/01\/Lula-afirma-que-perdao-a-golpistas-soaria-como-impunidade.jpg\" \/>\n\t<meta property=\"og:image:width\" content=\"1170\" \/>\n\t<meta property=\"og:image:height\" content=\"700\" \/>\n\t<meta property=\"og:image:type\" content=\"image\/jpeg\" \/>\n<meta name=\"author\" content=\"Reda\u00e7\u00e3o Portal MF\" \/>\n<meta name=\"twitter:card\" content=\"summary_large_image\" \/>\n<meta name=\"twitter:creator\" content=\"@https:\/\/x.com\/portalmfoficial\" \/>\n<meta name=\"twitter:label1\" content=\"Escrito por\" \/>\n\t<meta name=\"twitter:data1\" content=\"Reda\u00e7\u00e3o Portal MF\" \/>\n\t<meta name=\"twitter:label2\" content=\"Est. tempo de leitura\" \/>\n\t<meta name=\"twitter:data2\" content=\"3 minutos\" \/>\n<script type=\"application\/ld+json\" class=\"yoast-schema-graph\">{\"@context\":\"https:\/\/schema.org\",\"@graph\":[{\"@type\":\"WebPage\",\"@id\":\"https:\/\/portalmf.com.br\/index.php\/2024\/01\/08\/lula-afirma-que-perdao-a-golpistas-soaria-como-impunidade\/\",\"url\":\"https:\/\/portalmf.com.br\/index.php\/2024\/01\/08\/lula-afirma-que-perdao-a-golpistas-soaria-como-impunidade\/\",\"name\":\"Lula afirma que perd\u00e3o a golpistas soaria como impunidade - Portal MF\",\"isPartOf\":{\"@id\":\"https:\/\/portalmf.com.br\/#website\"},\"primaryImageOfPage\":{\"@id\":\"https:\/\/portalmf.com.br\/index.php\/2024\/01\/08\/lula-afirma-que-perdao-a-golpistas-soaria-como-impunidade\/#primaryimage\"},\"image\":{\"@id\":\"https:\/\/portalmf.com.br\/index.php\/2024\/01\/08\/lula-afirma-que-perdao-a-golpistas-soaria-como-impunidade\/#primaryimage\"},\"thumbnailUrl\":\"https:\/\/portalmf.com.br\/wp-content\/uploads\/2024\/01\/Lula-afirma-que-perdao-a-golpistas-soaria-como-impunidade.jpg\",\"datePublished\":\"2024-01-08T22:08:07+00:00\",\"dateModified\":\"2024-01-08T22:08:08+00:00\",\"author\":{\"@id\":\"https:\/\/portalmf.com.br\/#\/schema\/person\/9ec101baf56233e53520c26de5d6f6f0\"},\"breadcrumb\":{\"@id\":\"https:\/\/portalmf.com.br\/index.php\/2024\/01\/08\/lula-afirma-que-perdao-a-golpistas-soaria-como-impunidade\/#breadcrumb\"},\"inLanguage\":\"pt-BR\",\"potentialAction\":[{\"@type\":\"ReadAction\",\"target\":[\"https:\/\/portalmf.com.br\/index.php\/2024\/01\/08\/lula-afirma-que-perdao-a-golpistas-soaria-como-impunidade\/\"]}]},{\"@type\":\"ImageObject\",\"inLanguage\":\"pt-BR\",\"@id\":\"https:\/\/portalmf.com.br\/index.php\/2024\/01\/08\/lula-afirma-que-perdao-a-golpistas-soaria-como-impunidade\/#primaryimage\",\"url\":\"https:\/\/portalmf.com.br\/wp-content\/uploads\/2024\/01\/Lula-afirma-que-perdao-a-golpistas-soaria-como-impunidade.jpg\",\"contentUrl\":\"https:\/\/portalmf.com.br\/wp-content\/uploads\/2024\/01\/Lula-afirma-que-perdao-a-golpistas-soaria-como-impunidade.jpg\",\"width\":1170,\"height\":700},{\"@type\":\"BreadcrumbList\",\"@id\":\"https:\/\/portalmf.com.br\/index.php\/2024\/01\/08\/lula-afirma-que-perdao-a-golpistas-soaria-como-impunidade\/#breadcrumb\",\"itemListElement\":[{\"@type\":\"ListItem\",\"position\":1,\"name\":\"In\u00edcio\",\"item\":\"https:\/\/portalmf.com.br\/\"},{\"@type\":\"ListItem\",\"position\":2,\"name\":\"Lula afirma que perd\u00e3o a golpistas soaria como impunidade\"}]},{\"@type\":\"WebSite\",\"@id\":\"https:\/\/portalmf.com.br\/#website\",\"url\":\"https:\/\/portalmf.com.br\/\",\"name\":\"Portal MF\",\"description\":\"Voc\u00ea conectado com a informa\u00e7\u00e3o\",\"potentialAction\":[{\"@type\":\"SearchAction\",\"target\":{\"@type\":\"EntryPoint\",\"urlTemplate\":\"https:\/\/portalmf.com.br\/?s={search_term_string}\"},\"query-input\":\"required name=search_term_string\"}],\"inLanguage\":\"pt-BR\"},{\"@type\":\"Person\",\"@id\":\"https:\/\/portalmf.com.br\/#\/schema\/person\/9ec101baf56233e53520c26de5d6f6f0\",\"name\":\"Reda\u00e7\u00e3o Portal MF\",\"image\":{\"@type\":\"ImageObject\",\"inLanguage\":\"pt-BR\",\"@id\":\"https:\/\/portalmf.com.br\/#\/schema\/person\/image\/\",\"url\":\"https:\/\/secure.gravatar.com\/avatar\/41b9aaeb2100835f7c64362330f74c7f?s=96&d=mm&r=g\",\"contentUrl\":\"https:\/\/secure.gravatar.com\/avatar\/41b9aaeb2100835f7c64362330f74c7f?s=96&d=mm&r=g\",\"caption\":\"Reda\u00e7\u00e3o Portal MF\"},\"description\":\"Sejam bem-vindos o portal de informa\u00e7\u00f5es de entretenimento de Feira de Santana, desde 2006 realiza coberturas dos principais eventos com entrevistas exclusivas com as principais personalidades mundiais. Fique conectado tamb\u00e9m nas redes sociais.\",\"sameAs\":[\"http:\/\/www.portalmf.com.br\/\",\"https:\/\/www.facebook.com\/portalmfoficial\",\"https:\/\/www.instagram.com\/portalmf\/\",\"https:\/\/x.com\/https:\/\/x.com\/portalmfoficial\",\"https:\/\/www.youtube.com\/@portalmfoficial\"],\"url\":\"https:\/\/portalmf.com.br\/index.php\/author\/junior\/\"}]}<\/script>\n<!-- \/ Yoast SEO plugin. -->","yoast_head_json":{"title":"Lula afirma que perd\u00e3o a golpistas soaria como impunidade - Portal MF","robots":{"index":"index","follow":"follow","max-snippet":"max-snippet:-1","max-image-preview":"max-image-preview:large","max-video-preview":"max-video-preview:-1"},"canonical":"https:\/\/portalmf.com.br\/index.php\/2024\/01\/08\/lula-afirma-que-perdao-a-golpistas-soaria-como-impunidade\/","og_locale":"pt_BR","og_type":"article","og_title":"Lula afirma que perd\u00e3o a golpistas soaria como impunidade - Portal MF","og_description":"O presidente Luiz In\u00e1cio Lula da Silva defendeu, nesta segunda-feira (8), uma puni\u00e7\u00e3o exemplar para quem teve qualquer participa\u00e7\u00e3o nos\u00a0atos golpistas de 8 de janeiro do ano passado. Em discurso, Lula afirmou que o perd\u00e3o a essas pessoas \u201csoaria como impunidade\u201d. A declara\u00e7\u00e3o foi dada durante ato em defesa da democracia, realizado no Sal\u00e3o Negro [&hellip;]","og_url":"https:\/\/portalmf.com.br\/index.php\/2024\/01\/08\/lula-afirma-que-perdao-a-golpistas-soaria-como-impunidade\/","og_site_name":"Portal MF","article_author":"https:\/\/www.facebook.com\/portalmfoficial","article_published_time":"2024-01-08T22:08:07+00:00","article_modified_time":"2024-01-08T22:08:08+00:00","og_image":[{"width":1170,"height":700,"url":"https:\/\/portalmf.com.br\/wp-content\/uploads\/2024\/01\/Lula-afirma-que-perdao-a-golpistas-soaria-como-impunidade.jpg","type":"image\/jpeg"}],"author":"Reda\u00e7\u00e3o Portal MF","twitter_card":"summary_large_image","twitter_creator":"@https:\/\/x.com\/portalmfoficial","twitter_misc":{"Escrito por":"Reda\u00e7\u00e3o Portal MF","Est. tempo de leitura":"3 minutos"},"schema":{"@context":"https:\/\/schema.org","@graph":[{"@type":"WebPage","@id":"https:\/\/portalmf.com.br\/index.php\/2024\/01\/08\/lula-afirma-que-perdao-a-golpistas-soaria-como-impunidade\/","url":"https:\/\/portalmf.com.br\/index.php\/2024\/01\/08\/lula-afirma-que-perdao-a-golpistas-soaria-como-impunidade\/","name":"Lula afirma que perd\u00e3o a golpistas soaria como impunidade - Portal MF","isPartOf":{"@id":"https:\/\/portalmf.com.br\/#website"},"primaryImageOfPage":{"@id":"https:\/\/portalmf.com.br\/index.php\/2024\/01\/08\/lula-afirma-que-perdao-a-golpistas-soaria-como-impunidade\/#primaryimage"},"image":{"@id":"https:\/\/portalmf.com.br\/index.php\/2024\/01\/08\/lula-afirma-que-perdao-a-golpistas-soaria-como-impunidade\/#primaryimage"},"thumbnailUrl":"https:\/\/portalmf.com.br\/wp-content\/uploads\/2024\/01\/Lula-afirma-que-perdao-a-golpistas-soaria-como-impunidade.jpg","datePublished":"2024-01-08T22:08:07+00:00","dateModified":"2024-01-08T22:08:08+00:00","author":{"@id":"https:\/\/portalmf.com.br\/#\/schema\/person\/9ec101baf56233e53520c26de5d6f6f0"},"breadcrumb":{"@id":"https:\/\/portalmf.com.br\/index.php\/2024\/01\/08\/lula-afirma-que-perdao-a-golpistas-soaria-como-impunidade\/#breadcrumb"},"inLanguage":"pt-BR","potentialAction":[{"@type":"ReadAction","target":["https:\/\/portalmf.com.br\/index.php\/2024\/01\/08\/lula-afirma-que-perdao-a-golpistas-soaria-como-impunidade\/"]}]},{"@type":"ImageObject","inLanguage":"pt-BR","@id":"https:\/\/portalmf.com.br\/index.php\/2024\/01\/08\/lula-afirma-que-perdao-a-golpistas-soaria-como-impunidade\/#primaryimage","url":"https:\/\/portalmf.com.br\/wp-content\/uploads\/2024\/01\/Lula-afirma-que-perdao-a-golpistas-soaria-como-impunidade.jpg","contentUrl":"https:\/\/portalmf.com.br\/wp-content\/uploads\/2024\/01\/Lula-afirma-que-perdao-a-golpistas-soaria-como-impunidade.jpg","width":1170,"height":700},{"@type":"BreadcrumbList","@id":"https:\/\/portalmf.com.br\/index.php\/2024\/01\/08\/lula-afirma-que-perdao-a-golpistas-soaria-como-impunidade\/#breadcrumb","itemListElement":[{"@type":"ListItem","position":1,"name":"In\u00edcio","item":"https:\/\/portalmf.com.br\/"},{"@type":"ListItem","position":2,"name":"Lula afirma que perd\u00e3o a golpistas soaria como impunidade"}]},{"@type":"WebSite","@id":"https:\/\/portalmf.com.br\/#website","url":"https:\/\/portalmf.com.br\/","name":"Portal MF","description":"Voc\u00ea conectado com a informa\u00e7\u00e3o","potentialAction":[{"@type":"SearchAction","target":{"@type":"EntryPoint","urlTemplate":"https:\/\/portalmf.com.br\/?s={search_term_string}"},"query-input":"required name=search_term_string"}],"inLanguage":"pt-BR"},{"@type":"Person","@id":"https:\/\/portalmf.com.br\/#\/schema\/person\/9ec101baf56233e53520c26de5d6f6f0","name":"Reda\u00e7\u00e3o Portal MF","image":{"@type":"ImageObject","inLanguage":"pt-BR","@id":"https:\/\/portalmf.com.br\/#\/schema\/person\/image\/","url":"https:\/\/secure.gravatar.com\/avatar\/41b9aaeb2100835f7c64362330f74c7f?s=96&d=mm&r=g","contentUrl":"https:\/\/secure.gravatar.com\/avatar\/41b9aaeb2100835f7c64362330f74c7f?s=96&d=mm&r=g","caption":"Reda\u00e7\u00e3o Portal MF"},"description":"Sejam bem-vindos o portal de informa\u00e7\u00f5es de entretenimento de Feira de Santana, desde 2006 realiza coberturas dos principais eventos com entrevistas exclusivas com as principais personalidades mundiais. Fique conectado tamb\u00e9m nas redes sociais.","sameAs":["http:\/\/www.portalmf.com.br\/","https:\/\/www.facebook.com\/portalmfoficial","https:\/\/www.instagram.com\/portalmf\/","https:\/\/x.com\/https:\/\/x.com\/portalmfoficial","https:\/\/www.youtube.com\/@portalmfoficial"],"url":"https:\/\/portalmf.com.br\/index.php\/author\/junior\/"}]}},"_links":{"self":[{"href":"https:\/\/portalmf.com.br\/index.php\/wp-json\/wp\/v2\/posts\/21719"}],"collection":[{"href":"https:\/\/portalmf.com.br\/index.php\/wp-json\/wp\/v2\/posts"}],"about":[{"href":"https:\/\/portalmf.com.br\/index.php\/wp-json\/wp\/v2\/types\/post"}],"author":[{"embeddable":true,"href":"https:\/\/portalmf.com.br\/index.php\/wp-json\/wp\/v2\/users\/3"}],"replies":[{"embeddable":true,"href":"https:\/\/portalmf.com.br\/index.php\/wp-json\/wp\/v2\/comments?post=21719"}],"version-history":[{"count":1,"href":"https:\/\/portalmf.com.br\/index.php\/wp-json\/wp\/v2\/posts\/21719\/revisions"}],"predecessor-version":[{"id":21721,"href":"https:\/\/portalmf.com.br\/index.php\/wp-json\/wp\/v2\/posts\/21719\/revisions\/21721"}],"wp:featuredmedia":[{"embeddable":true,"href":"https:\/\/portalmf.com.br\/index.php\/wp-json\/wp\/v2\/media\/21720"}],"wp:attachment":[{"href":"https:\/\/portalmf.com.br\/index.php\/wp-json\/wp\/v2\/media?parent=21719"}],"wp:term":[{"taxonomy":"category","embeddable":true,"href":"https:\/\/portalmf.com.br\/index.php\/wp-json\/wp\/v2\/categories?post=21719"},{"taxonomy":"post_tag","embeddable":true,"href":"https:\/\/portalmf.com.br\/index.php\/wp-json\/wp\/v2\/tags?post=21719"}],"curies":[{"name":"wp","href":"https:\/\/api.w.org\/{rel}","templated":true}]}}