{"id":21713,"date":"2024-01-08T19:02:34","date_gmt":"2024-01-08T22:02:34","guid":{"rendered":"https:\/\/portalmf.com.br\/?p=21713"},"modified":"2024-01-08T19:02:35","modified_gmt":"2024-01-08T22:02:35","slug":"procon-divulga-primeira-pesquisa-de-precos-de-materiais-escolares-do-ano","status":"publish","type":"post","link":"https:\/\/portalmf.com.br\/index.php\/2024\/01\/08\/procon-divulga-primeira-pesquisa-de-precos-de-materiais-escolares-do-ano\/","title":{"rendered":"PROCON divulga primeira pesquisa de pre\u00e7os de materiais escolares do ano"},"content":{"rendered":"\n<p>A Superintend\u00eancia Municipal de Prote\u00e7\u00e3o e Defesa do Consumidor (PROCON-FSA) divulgou nesta segunda-feira (8) a primeira pesquisa de pre\u00e7os de materiais escolares do ano. A pesquisa, realizada em quatro estabelecimentos comerciais da cidade, constatou uma varia\u00e7\u00e3o de pre\u00e7os que pode chegar a mais de 40% em alguns itens.<\/p>\n\n\n\n<p>A pesquisa foi realizada nos dias 3&nbsp;e 5&nbsp;de janeiro e considerou os pre\u00e7os de 28 itens, como cadernos, l\u00e1pis, borrachas, canetas, apontadores, estojo, r\u00e9gua, entre outros. As cota\u00e7\u00f5es foram realizadas nas quatro maiores lojas do segmento na cidade: Maskate, Bahia Papelaria, Livraria Dom Pedro II e Dinubia Papelaria.&nbsp;<\/p>\n\n\n\n<p>Entre os itens com maior varia\u00e7\u00e3o de pre\u00e7o est\u00e1 o caderno espiral de 96 folhas de capa dura da marca Tilibra. O produto foi encontrado a R$ 6,89 na Dinubia Papelaria e a R$ 11,90 na Maskate, uma diferen\u00e7a de 72%.<\/p>\n\n\n\n<p>Outro item com varia\u00e7\u00e3o significativa de pre\u00e7os \u00e9 o caderno escolar de 10 mat\u00e9rias de capa dura da marca Tilibra. O produto foi encontrado a R$ 13,19 na Maskate e a R$ 22 reais na Livraria Dom Pedro II, uma diferen\u00e7a de 67%.<\/p>\n\n\n\n<p>A unidade do l\u00e1pis tamb\u00e9m apresentou uma varia\u00e7\u00e3o significativa de pre\u00e7os. O produto foi encontrado a R$ 0,30 centavos na Bahia Papelaria e a R$ 1 real na Livraria Dom Pedro II, uma diferen\u00e7a de 233%.<\/p>\n\n\n\n<p>O Procon orienta os consumidores a pesquisar os pre\u00e7os dos materiais escolares antes de realizar as compras.&nbsp;O superintendente do Procon, Maur\u00edcio Carvalho, esclarece que a finalidade desta pesquisa \u00e9 proporcionar uma refer\u00eancia valiosa para os consumidores. &#8220;Dessa forma, o consumidor economiza tempo e realiza uma escolha mais acertada. O Procon desempenha um papel crucial ao oferecer um servi\u00e7o essencial, garantindo que o consumidor tenha acesso f\u00e1cil e seguro a informa\u00e7\u00f5es que assegurem seus direitos&#8221;, destaca.<\/p>\n\n\n\n<p><a href=\"https:\/\/feiradesantana.ba.gov.br\/arquivos\/25151440SN08012024.pdf\"><strong>CLIQUE E CONFIRA PESQUISA COMPLETA<\/strong><\/a><\/p>\n\n\n\n<p>Com informa\u00e7\u00f5es da Secom<\/p>\n","protected":false},"excerpt":{"rendered":"<p>A Superintend\u00eancia Municipal de Prote\u00e7\u00e3o e Defesa do Consumidor (PROCON-FSA) divulgou nesta segunda-feira (8) a primeira pesquisa de pre\u00e7os de materiais escolares do ano. A pesquisa, realizada em quatro estabelecimentos comerciais da cidade, constatou uma varia\u00e7\u00e3o de pre\u00e7os que pode chegar a mais de 40% em alguns itens. A pesquisa foi realizada nos dias 3&nbsp;e [&hellip;]<\/p>\n","protected":false},"author":3,"featured_media":21714,"comment_status":"open","ping_status":"open","sticky":false,"template":"","format":"standard","meta":{"_monsterinsights_skip_tracking":false,"_monsterinsights_sitenote_active":false,"_monsterinsights_sitenote_note":"","_monsterinsights_sitenote_category":0,"footnotes":""},"categories":[34],"tags":[],"yoast_head":"<!-- This site is optimized with the Yoast SEO plugin v22.9 - https:\/\/yoast.com\/wordpress\/plugins\/seo\/ -->\n<title>PROCON divulga primeira pesquisa de pre\u00e7os de materiais escolares do ano - Portal MF<\/title>\n<meta name=\"robots\" content=\"index, follow, max-snippet:-1, max-image-preview:large, max-video-preview:-1\" \/>\n<link rel=\"canonical\" href=\"https:\/\/portalmf.com.br\/index.php\/2024\/01\/08\/procon-divulga-primeira-pesquisa-de-precos-de-materiais-escolares-do-ano\/\" \/>\n<meta property=\"og:locale\" content=\"pt_BR\" \/>\n<meta property=\"og:type\" content=\"article\" \/>\n<meta property=\"og:title\" content=\"PROCON divulga primeira pesquisa de pre\u00e7os de materiais escolares do ano - Portal MF\" \/>\n<meta property=\"og:description\" content=\"A Superintend\u00eancia Municipal de Prote\u00e7\u00e3o e Defesa do Consumidor (PROCON-FSA) divulgou nesta segunda-feira (8) a primeira pesquisa de pre\u00e7os de materiais escolares do ano. A pesquisa, realizada em quatro estabelecimentos comerciais da cidade, constatou uma varia\u00e7\u00e3o de pre\u00e7os que pode chegar a mais de 40% em alguns itens. A pesquisa foi realizada nos dias 3&nbsp;e [&hellip;]\" \/>\n<meta property=\"og:url\" content=\"https:\/\/portalmf.com.br\/index.php\/2024\/01\/08\/procon-divulga-primeira-pesquisa-de-precos-de-materiais-escolares-do-ano\/\" \/>\n<meta property=\"og:site_name\" content=\"Portal MF\" \/>\n<meta property=\"article:author\" content=\"https:\/\/www.facebook.com\/portalmfoficial\" \/>\n<meta property=\"article:published_time\" content=\"2024-01-08T22:02:34+00:00\" \/>\n<meta property=\"article:modified_time\" content=\"2024-01-08T22:02:35+00:00\" \/>\n<meta property=\"og:image\" content=\"https:\/\/portalmf.com.br\/wp-content\/uploads\/2024\/01\/PROCON-divulga-primeira-pesquisa-de-precos-de-materiais-escolares-do-ano.jpg\" \/>\n\t<meta property=\"og:image:width\" content=\"1306\" \/>\n\t<meta property=\"og:image:height\" content=\"660\" \/>\n\t<meta property=\"og:image:type\" content=\"image\/jpeg\" \/>\n<meta name=\"author\" content=\"Reda\u00e7\u00e3o Portal MF\" \/>\n<meta name=\"twitter:card\" content=\"summary_large_image\" \/>\n<meta name=\"twitter:creator\" content=\"@https:\/\/x.com\/portalmfoficial\" \/>\n<meta name=\"twitter:label1\" content=\"Escrito por\" \/>\n\t<meta name=\"twitter:data1\" content=\"Reda\u00e7\u00e3o Portal MF\" \/>\n\t<meta name=\"twitter:label2\" content=\"Est. tempo de leitura\" \/>\n\t<meta name=\"twitter:data2\" content=\"2 minutos\" \/>\n<script type=\"application\/ld+json\" class=\"yoast-schema-graph\">{\"@context\":\"https:\/\/schema.org\",\"@graph\":[{\"@type\":\"WebPage\",\"@id\":\"https:\/\/portalmf.com.br\/index.php\/2024\/01\/08\/procon-divulga-primeira-pesquisa-de-precos-de-materiais-escolares-do-ano\/\",\"url\":\"https:\/\/portalmf.com.br\/index.php\/2024\/01\/08\/procon-divulga-primeira-pesquisa-de-precos-de-materiais-escolares-do-ano\/\",\"name\":\"PROCON divulga primeira pesquisa de pre\u00e7os de materiais escolares do ano - Portal MF\",\"isPartOf\":{\"@id\":\"https:\/\/portalmf.com.br\/#website\"},\"primaryImageOfPage\":{\"@id\":\"https:\/\/portalmf.com.br\/index.php\/2024\/01\/08\/procon-divulga-primeira-pesquisa-de-precos-de-materiais-escolares-do-ano\/#primaryimage\"},\"image\":{\"@id\":\"https:\/\/portalmf.com.br\/index.php\/2024\/01\/08\/procon-divulga-primeira-pesquisa-de-precos-de-materiais-escolares-do-ano\/#primaryimage\"},\"thumbnailUrl\":\"https:\/\/portalmf.com.br\/wp-content\/uploads\/2024\/01\/PROCON-divulga-primeira-pesquisa-de-precos-de-materiais-escolares-do-ano.jpg\",\"datePublished\":\"2024-01-08T22:02:34+00:00\",\"dateModified\":\"2024-01-08T22:02:35+00:00\",\"author\":{\"@id\":\"https:\/\/portalmf.com.br\/#\/schema\/person\/9ec101baf56233e53520c26de5d6f6f0\"},\"breadcrumb\":{\"@id\":\"https:\/\/portalmf.com.br\/index.php\/2024\/01\/08\/procon-divulga-primeira-pesquisa-de-precos-de-materiais-escolares-do-ano\/#breadcrumb\"},\"inLanguage\":\"pt-BR\",\"potentialAction\":[{\"@type\":\"ReadAction\",\"target\":[\"https:\/\/portalmf.com.br\/index.php\/2024\/01\/08\/procon-divulga-primeira-pesquisa-de-precos-de-materiais-escolares-do-ano\/\"]}]},{\"@type\":\"ImageObject\",\"inLanguage\":\"pt-BR\",\"@id\":\"https:\/\/portalmf.com.br\/index.php\/2024\/01\/08\/procon-divulga-primeira-pesquisa-de-precos-de-materiais-escolares-do-ano\/#primaryimage\",\"url\":\"https:\/\/portalmf.com.br\/wp-content\/uploads\/2024\/01\/PROCON-divulga-primeira-pesquisa-de-precos-de-materiais-escolares-do-ano.jpg\",\"contentUrl\":\"https:\/\/portalmf.com.br\/wp-content\/uploads\/2024\/01\/PROCON-divulga-primeira-pesquisa-de-precos-de-materiais-escolares-do-ano.jpg\",\"width\":1306,\"height\":660},{\"@type\":\"BreadcrumbList\",\"@id\":\"https:\/\/portalmf.com.br\/index.php\/2024\/01\/08\/procon-divulga-primeira-pesquisa-de-precos-de-materiais-escolares-do-ano\/#breadcrumb\",\"itemListElement\":[{\"@type\":\"ListItem\",\"position\":1,\"name\":\"In\u00edcio\",\"item\":\"https:\/\/portalmf.com.br\/\"},{\"@type\":\"ListItem\",\"position\":2,\"name\":\"PROCON divulga primeira pesquisa de pre\u00e7os de materiais escolares do ano\"}]},{\"@type\":\"WebSite\",\"@id\":\"https:\/\/portalmf.com.br\/#website\",\"url\":\"https:\/\/portalmf.com.br\/\",\"name\":\"Portal MF\",\"description\":\"Voc\u00ea conectado com a informa\u00e7\u00e3o\",\"potentialAction\":[{\"@type\":\"SearchAction\",\"target\":{\"@type\":\"EntryPoint\",\"urlTemplate\":\"https:\/\/portalmf.com.br\/?s={search_term_string}\"},\"query-input\":\"required name=search_term_string\"}],\"inLanguage\":\"pt-BR\"},{\"@type\":\"Person\",\"@id\":\"https:\/\/portalmf.com.br\/#\/schema\/person\/9ec101baf56233e53520c26de5d6f6f0\",\"name\":\"Reda\u00e7\u00e3o Portal MF\",\"image\":{\"@type\":\"ImageObject\",\"inLanguage\":\"pt-BR\",\"@id\":\"https:\/\/portalmf.com.br\/#\/schema\/person\/image\/\",\"url\":\"https:\/\/secure.gravatar.com\/avatar\/41b9aaeb2100835f7c64362330f74c7f?s=96&d=mm&r=g\",\"contentUrl\":\"https:\/\/secure.gravatar.com\/avatar\/41b9aaeb2100835f7c64362330f74c7f?s=96&d=mm&r=g\",\"caption\":\"Reda\u00e7\u00e3o Portal MF\"},\"description\":\"Sejam bem-vindos o portal de informa\u00e7\u00f5es de entretenimento de Feira de Santana, desde 2006 realiza coberturas dos principais eventos com entrevistas exclusivas com as principais personalidades mundiais. Fique conectado tamb\u00e9m nas redes sociais.\",\"sameAs\":[\"http:\/\/www.portalmf.com.br\/\",\"https:\/\/www.facebook.com\/portalmfoficial\",\"https:\/\/www.instagram.com\/portalmf\/\",\"https:\/\/x.com\/https:\/\/x.com\/portalmfoficial\",\"https:\/\/www.youtube.com\/@portalmfoficial\"],\"url\":\"https:\/\/portalmf.com.br\/index.php\/author\/junior\/\"}]}<\/script>\n<!-- \/ Yoast SEO plugin. -->","yoast_head_json":{"title":"PROCON divulga primeira pesquisa de pre\u00e7os de materiais escolares do ano - Portal MF","robots":{"index":"index","follow":"follow","max-snippet":"max-snippet:-1","max-image-preview":"max-image-preview:large","max-video-preview":"max-video-preview:-1"},"canonical":"https:\/\/portalmf.com.br\/index.php\/2024\/01\/08\/procon-divulga-primeira-pesquisa-de-precos-de-materiais-escolares-do-ano\/","og_locale":"pt_BR","og_type":"article","og_title":"PROCON divulga primeira pesquisa de pre\u00e7os de materiais escolares do ano - Portal MF","og_description":"A Superintend\u00eancia Municipal de Prote\u00e7\u00e3o e Defesa do Consumidor (PROCON-FSA) divulgou nesta segunda-feira (8) a primeira pesquisa de pre\u00e7os de materiais escolares do ano. A pesquisa, realizada em quatro estabelecimentos comerciais da cidade, constatou uma varia\u00e7\u00e3o de pre\u00e7os que pode chegar a mais de 40% em alguns itens. A pesquisa foi realizada nos dias 3&nbsp;e [&hellip;]","og_url":"https:\/\/portalmf.com.br\/index.php\/2024\/01\/08\/procon-divulga-primeira-pesquisa-de-precos-de-materiais-escolares-do-ano\/","og_site_name":"Portal MF","article_author":"https:\/\/www.facebook.com\/portalmfoficial","article_published_time":"2024-01-08T22:02:34+00:00","article_modified_time":"2024-01-08T22:02:35+00:00","og_image":[{"width":1306,"height":660,"url":"https:\/\/portalmf.com.br\/wp-content\/uploads\/2024\/01\/PROCON-divulga-primeira-pesquisa-de-precos-de-materiais-escolares-do-ano.jpg","type":"image\/jpeg"}],"author":"Reda\u00e7\u00e3o Portal MF","twitter_card":"summary_large_image","twitter_creator":"@https:\/\/x.com\/portalmfoficial","twitter_misc":{"Escrito por":"Reda\u00e7\u00e3o Portal MF","Est. tempo de leitura":"2 minutos"},"schema":{"@context":"https:\/\/schema.org","@graph":[{"@type":"WebPage","@id":"https:\/\/portalmf.com.br\/index.php\/2024\/01\/08\/procon-divulga-primeira-pesquisa-de-precos-de-materiais-escolares-do-ano\/","url":"https:\/\/portalmf.com.br\/index.php\/2024\/01\/08\/procon-divulga-primeira-pesquisa-de-precos-de-materiais-escolares-do-ano\/","name":"PROCON divulga primeira pesquisa de pre\u00e7os de materiais escolares do ano - Portal MF","isPartOf":{"@id":"https:\/\/portalmf.com.br\/#website"},"primaryImageOfPage":{"@id":"https:\/\/portalmf.com.br\/index.php\/2024\/01\/08\/procon-divulga-primeira-pesquisa-de-precos-de-materiais-escolares-do-ano\/#primaryimage"},"image":{"@id":"https:\/\/portalmf.com.br\/index.php\/2024\/01\/08\/procon-divulga-primeira-pesquisa-de-precos-de-materiais-escolares-do-ano\/#primaryimage"},"thumbnailUrl":"https:\/\/portalmf.com.br\/wp-content\/uploads\/2024\/01\/PROCON-divulga-primeira-pesquisa-de-precos-de-materiais-escolares-do-ano.jpg","datePublished":"2024-01-08T22:02:34+00:00","dateModified":"2024-01-08T22:02:35+00:00","author":{"@id":"https:\/\/portalmf.com.br\/#\/schema\/person\/9ec101baf56233e53520c26de5d6f6f0"},"breadcrumb":{"@id":"https:\/\/portalmf.com.br\/index.php\/2024\/01\/08\/procon-divulga-primeira-pesquisa-de-precos-de-materiais-escolares-do-ano\/#breadcrumb"},"inLanguage":"pt-BR","potentialAction":[{"@type":"ReadAction","target":["https:\/\/portalmf.com.br\/index.php\/2024\/01\/08\/procon-divulga-primeira-pesquisa-de-precos-de-materiais-escolares-do-ano\/"]}]},{"@type":"ImageObject","inLanguage":"pt-BR","@id":"https:\/\/portalmf.com.br\/index.php\/2024\/01\/08\/procon-divulga-primeira-pesquisa-de-precos-de-materiais-escolares-do-ano\/#primaryimage","url":"https:\/\/portalmf.com.br\/wp-content\/uploads\/2024\/01\/PROCON-divulga-primeira-pesquisa-de-precos-de-materiais-escolares-do-ano.jpg","contentUrl":"https:\/\/portalmf.com.br\/wp-content\/uploads\/2024\/01\/PROCON-divulga-primeira-pesquisa-de-precos-de-materiais-escolares-do-ano.jpg","width":1306,"height":660},{"@type":"BreadcrumbList","@id":"https:\/\/portalmf.com.br\/index.php\/2024\/01\/08\/procon-divulga-primeira-pesquisa-de-precos-de-materiais-escolares-do-ano\/#breadcrumb","itemListElement":[{"@type":"ListItem","position":1,"name":"In\u00edcio","item":"https:\/\/portalmf.com.br\/"},{"@type":"ListItem","position":2,"name":"PROCON divulga primeira pesquisa de pre\u00e7os de materiais escolares do ano"}]},{"@type":"WebSite","@id":"https:\/\/portalmf.com.br\/#website","url":"https:\/\/portalmf.com.br\/","name":"Portal MF","description":"Voc\u00ea conectado com a informa\u00e7\u00e3o","potentialAction":[{"@type":"SearchAction","target":{"@type":"EntryPoint","urlTemplate":"https:\/\/portalmf.com.br\/?s={search_term_string}"},"query-input":"required name=search_term_string"}],"inLanguage":"pt-BR"},{"@type":"Person","@id":"https:\/\/portalmf.com.br\/#\/schema\/person\/9ec101baf56233e53520c26de5d6f6f0","name":"Reda\u00e7\u00e3o Portal MF","image":{"@type":"ImageObject","inLanguage":"pt-BR","@id":"https:\/\/portalmf.com.br\/#\/schema\/person\/image\/","url":"https:\/\/secure.gravatar.com\/avatar\/41b9aaeb2100835f7c64362330f74c7f?s=96&d=mm&r=g","contentUrl":"https:\/\/secure.gravatar.com\/avatar\/41b9aaeb2100835f7c64362330f74c7f?s=96&d=mm&r=g","caption":"Reda\u00e7\u00e3o Portal MF"},"description":"Sejam bem-vindos o portal de informa\u00e7\u00f5es de entretenimento de Feira de Santana, desde 2006 realiza coberturas dos principais eventos com entrevistas exclusivas com as principais personalidades mundiais. Fique conectado tamb\u00e9m nas redes sociais.","sameAs":["http:\/\/www.portalmf.com.br\/","https:\/\/www.facebook.com\/portalmfoficial","https:\/\/www.instagram.com\/portalmf\/","https:\/\/x.com\/https:\/\/x.com\/portalmfoficial","https:\/\/www.youtube.com\/@portalmfoficial"],"url":"https:\/\/portalmf.com.br\/index.php\/author\/junior\/"}]}},"_links":{"self":[{"href":"https:\/\/portalmf.com.br\/index.php\/wp-json\/wp\/v2\/posts\/21713"}],"collection":[{"href":"https:\/\/portalmf.com.br\/index.php\/wp-json\/wp\/v2\/posts"}],"about":[{"href":"https:\/\/portalmf.com.br\/index.php\/wp-json\/wp\/v2\/types\/post"}],"author":[{"embeddable":true,"href":"https:\/\/portalmf.com.br\/index.php\/wp-json\/wp\/v2\/users\/3"}],"replies":[{"embeddable":true,"href":"https:\/\/portalmf.com.br\/index.php\/wp-json\/wp\/v2\/comments?post=21713"}],"version-history":[{"count":1,"href":"https:\/\/portalmf.com.br\/index.php\/wp-json\/wp\/v2\/posts\/21713\/revisions"}],"predecessor-version":[{"id":21715,"href":"https:\/\/portalmf.com.br\/index.php\/wp-json\/wp\/v2\/posts\/21713\/revisions\/21715"}],"wp:featuredmedia":[{"embeddable":true,"href":"https:\/\/portalmf.com.br\/index.php\/wp-json\/wp\/v2\/media\/21714"}],"wp:attachment":[{"href":"https:\/\/portalmf.com.br\/index.php\/wp-json\/wp\/v2\/media?parent=21713"}],"wp:term":[{"taxonomy":"category","embeddable":true,"href":"https:\/\/portalmf.com.br\/index.php\/wp-json\/wp\/v2\/categories?post=21713"},{"taxonomy":"post_tag","embeddable":true,"href":"https:\/\/portalmf.com.br\/index.php\/wp-json\/wp\/v2\/tags?post=21713"}],"curies":[{"name":"wp","href":"https:\/\/api.w.org\/{rel}","templated":true}]}}