{"id":21710,"date":"2024-01-08T18:59:41","date_gmt":"2024-01-08T21:59:41","guid":{"rendered":"https:\/\/portalmf.com.br\/?p=21710"},"modified":"2024-01-08T18:59:46","modified_gmt":"2024-01-08T21:59:46","slug":"comeca-obra-de-novo-muro-no-parque-de-exposicao","status":"publish","type":"post","link":"https:\/\/portalmf.com.br\/index.php\/2024\/01\/08\/comeca-obra-de-novo-muro-no-parque-de-exposicao\/","title":{"rendered":"Come\u00e7a obra de novo muro no Parque de Exposi\u00e7\u00e3o"},"content":{"rendered":"\n<p>A obra de constru\u00e7\u00e3o de um novo muro no Parque de Exposi\u00e7\u00e3o Jo\u00e3o Martins da Silva come\u00e7ou nesta segunda-feira (8). A previs\u00e3o \u00e9 que a obra seja conclu\u00edda em 60 dias.<\/p>\n\n\n\n<p>A constru\u00e7\u00e3o faz parte de um processo de restaura\u00e7\u00e3o do parque. Al\u00e9m da edifica\u00e7\u00e3o do muro, tamb\u00e9m est\u00e1 sendo feita uma licita\u00e7\u00e3o para reforma e restaura\u00e7\u00e3o dos pavilh\u00f5es, currais, baias, pinturas e instala\u00e7\u00f5es el\u00e9tricas do parque.<\/p>\n\n\n\n<p>O secret\u00e1rio de Agricultura, Recursos H\u00eddricos e Desenvolvimento Rural, Alexandre Monteiro, visitou o parque nesta segunda-feira e afirmou que as obras de reparo come\u00e7aram efetivamente. &#8220;Come\u00e7amos hoje e na pr\u00f3xima semana n\u00f3s estaremos soltando a licita\u00e7\u00e3o da reforma completa dos pavilh\u00f5es, currais, redes hidro sanit\u00e1rias e el\u00e9tricas do parque para que no m\u00eas de setembro tenhamos a Expofeira&#8221;, finalizou Monteiro.<\/p>\n\n\n\n<p>A expectativa \u00e9 que as obras de restaura\u00e7\u00e3o do Parque de Exposi\u00e7\u00e3o Jo\u00e3o Martins da Silva sejam conclu\u00eddas at\u00e9 setembro, quando ser\u00e1 realizada a Expofeira 2024.<\/p>\n\n\n\n<p>Com informa\u00e7\u00f5es da Secom<\/p>\n","protected":false},"excerpt":{"rendered":"<p>A obra de constru\u00e7\u00e3o de um novo muro no Parque de Exposi\u00e7\u00e3o Jo\u00e3o Martins da Silva come\u00e7ou nesta segunda-feira (8). A previs\u00e3o \u00e9 que a obra seja conclu\u00edda em 60 dias. A constru\u00e7\u00e3o faz parte de um processo de restaura\u00e7\u00e3o do parque. Al\u00e9m da edifica\u00e7\u00e3o do muro, tamb\u00e9m est\u00e1 sendo feita uma licita\u00e7\u00e3o para reforma [&hellip;]<\/p>\n","protected":false},"author":3,"featured_media":21711,"comment_status":"open","ping_status":"open","sticky":false,"template":"","format":"standard","meta":{"_monsterinsights_skip_tracking":false,"_monsterinsights_sitenote_active":false,"_monsterinsights_sitenote_note":"","_monsterinsights_sitenote_category":0,"footnotes":""},"categories":[34],"tags":[],"yoast_head":"<!-- This site is optimized with the Yoast SEO plugin v22.9 - https:\/\/yoast.com\/wordpress\/plugins\/seo\/ -->\n<title>Come\u00e7a obra de novo muro no Parque de Exposi\u00e7\u00e3o - Portal MF<\/title>\n<meta name=\"robots\" content=\"index, follow, max-snippet:-1, max-image-preview:large, max-video-preview:-1\" \/>\n<link rel=\"canonical\" href=\"https:\/\/portalmf.com.br\/index.php\/2024\/01\/08\/comeca-obra-de-novo-muro-no-parque-de-exposicao\/\" \/>\n<meta property=\"og:locale\" content=\"pt_BR\" \/>\n<meta property=\"og:type\" content=\"article\" \/>\n<meta property=\"og:title\" content=\"Come\u00e7a obra de novo muro no Parque de Exposi\u00e7\u00e3o - Portal MF\" \/>\n<meta property=\"og:description\" content=\"A obra de constru\u00e7\u00e3o de um novo muro no Parque de Exposi\u00e7\u00e3o Jo\u00e3o Martins da Silva come\u00e7ou nesta segunda-feira (8). A previs\u00e3o \u00e9 que a obra seja conclu\u00edda em 60 dias. A constru\u00e7\u00e3o faz parte de um processo de restaura\u00e7\u00e3o do parque. Al\u00e9m da edifica\u00e7\u00e3o do muro, tamb\u00e9m est\u00e1 sendo feita uma licita\u00e7\u00e3o para reforma [&hellip;]\" \/>\n<meta property=\"og:url\" content=\"https:\/\/portalmf.com.br\/index.php\/2024\/01\/08\/comeca-obra-de-novo-muro-no-parque-de-exposicao\/\" \/>\n<meta property=\"og:site_name\" content=\"Portal MF\" \/>\n<meta property=\"article:author\" content=\"https:\/\/www.facebook.com\/portalmfoficial\" \/>\n<meta property=\"article:published_time\" content=\"2024-01-08T21:59:41+00:00\" \/>\n<meta property=\"article:modified_time\" content=\"2024-01-08T21:59:46+00:00\" \/>\n<meta property=\"og:image\" content=\"https:\/\/portalmf.com.br\/wp-content\/uploads\/2024\/01\/Comeca-obra-de-novo-muro-no-Parque-de-Exposicao.jpg\" \/>\n\t<meta property=\"og:image:width\" content=\"1306\" \/>\n\t<meta property=\"og:image:height\" content=\"734\" \/>\n\t<meta property=\"og:image:type\" content=\"image\/jpeg\" \/>\n<meta name=\"author\" content=\"Reda\u00e7\u00e3o Portal MF\" \/>\n<meta name=\"twitter:card\" content=\"summary_large_image\" \/>\n<meta name=\"twitter:creator\" content=\"@https:\/\/x.com\/portalmfoficial\" \/>\n<meta name=\"twitter:label1\" content=\"Escrito por\" \/>\n\t<meta name=\"twitter:data1\" content=\"Reda\u00e7\u00e3o Portal MF\" \/>\n\t<meta name=\"twitter:label2\" content=\"Est. tempo de leitura\" \/>\n\t<meta name=\"twitter:data2\" content=\"1 minuto\" \/>\n<script type=\"application\/ld+json\" class=\"yoast-schema-graph\">{\"@context\":\"https:\/\/schema.org\",\"@graph\":[{\"@type\":\"WebPage\",\"@id\":\"https:\/\/portalmf.com.br\/index.php\/2024\/01\/08\/comeca-obra-de-novo-muro-no-parque-de-exposicao\/\",\"url\":\"https:\/\/portalmf.com.br\/index.php\/2024\/01\/08\/comeca-obra-de-novo-muro-no-parque-de-exposicao\/\",\"name\":\"Come\u00e7a obra de novo muro no Parque de Exposi\u00e7\u00e3o - Portal MF\",\"isPartOf\":{\"@id\":\"https:\/\/portalmf.com.br\/#website\"},\"primaryImageOfPage\":{\"@id\":\"https:\/\/portalmf.com.br\/index.php\/2024\/01\/08\/comeca-obra-de-novo-muro-no-parque-de-exposicao\/#primaryimage\"},\"image\":{\"@id\":\"https:\/\/portalmf.com.br\/index.php\/2024\/01\/08\/comeca-obra-de-novo-muro-no-parque-de-exposicao\/#primaryimage\"},\"thumbnailUrl\":\"https:\/\/portalmf.com.br\/wp-content\/uploads\/2024\/01\/Comeca-obra-de-novo-muro-no-Parque-de-Exposicao.jpg\",\"datePublished\":\"2024-01-08T21:59:41+00:00\",\"dateModified\":\"2024-01-08T21:59:46+00:00\",\"author\":{\"@id\":\"https:\/\/portalmf.com.br\/#\/schema\/person\/9ec101baf56233e53520c26de5d6f6f0\"},\"breadcrumb\":{\"@id\":\"https:\/\/portalmf.com.br\/index.php\/2024\/01\/08\/comeca-obra-de-novo-muro-no-parque-de-exposicao\/#breadcrumb\"},\"inLanguage\":\"pt-BR\",\"potentialAction\":[{\"@type\":\"ReadAction\",\"target\":[\"https:\/\/portalmf.com.br\/index.php\/2024\/01\/08\/comeca-obra-de-novo-muro-no-parque-de-exposicao\/\"]}]},{\"@type\":\"ImageObject\",\"inLanguage\":\"pt-BR\",\"@id\":\"https:\/\/portalmf.com.br\/index.php\/2024\/01\/08\/comeca-obra-de-novo-muro-no-parque-de-exposicao\/#primaryimage\",\"url\":\"https:\/\/portalmf.com.br\/wp-content\/uploads\/2024\/01\/Comeca-obra-de-novo-muro-no-Parque-de-Exposicao.jpg\",\"contentUrl\":\"https:\/\/portalmf.com.br\/wp-content\/uploads\/2024\/01\/Comeca-obra-de-novo-muro-no-Parque-de-Exposicao.jpg\",\"width\":1306,\"height\":734},{\"@type\":\"BreadcrumbList\",\"@id\":\"https:\/\/portalmf.com.br\/index.php\/2024\/01\/08\/comeca-obra-de-novo-muro-no-parque-de-exposicao\/#breadcrumb\",\"itemListElement\":[{\"@type\":\"ListItem\",\"position\":1,\"name\":\"In\u00edcio\",\"item\":\"https:\/\/portalmf.com.br\/\"},{\"@type\":\"ListItem\",\"position\":2,\"name\":\"Come\u00e7a obra de novo muro no Parque de Exposi\u00e7\u00e3o\"}]},{\"@type\":\"WebSite\",\"@id\":\"https:\/\/portalmf.com.br\/#website\",\"url\":\"https:\/\/portalmf.com.br\/\",\"name\":\"Portal MF\",\"description\":\"Voc\u00ea conectado com a informa\u00e7\u00e3o\",\"potentialAction\":[{\"@type\":\"SearchAction\",\"target\":{\"@type\":\"EntryPoint\",\"urlTemplate\":\"https:\/\/portalmf.com.br\/?s={search_term_string}\"},\"query-input\":\"required name=search_term_string\"}],\"inLanguage\":\"pt-BR\"},{\"@type\":\"Person\",\"@id\":\"https:\/\/portalmf.com.br\/#\/schema\/person\/9ec101baf56233e53520c26de5d6f6f0\",\"name\":\"Reda\u00e7\u00e3o Portal MF\",\"image\":{\"@type\":\"ImageObject\",\"inLanguage\":\"pt-BR\",\"@id\":\"https:\/\/portalmf.com.br\/#\/schema\/person\/image\/\",\"url\":\"https:\/\/secure.gravatar.com\/avatar\/41b9aaeb2100835f7c64362330f74c7f?s=96&d=mm&r=g\",\"contentUrl\":\"https:\/\/secure.gravatar.com\/avatar\/41b9aaeb2100835f7c64362330f74c7f?s=96&d=mm&r=g\",\"caption\":\"Reda\u00e7\u00e3o Portal MF\"},\"description\":\"Sejam bem-vindos o portal de informa\u00e7\u00f5es de entretenimento de Feira de Santana, desde 2006 realiza coberturas dos principais eventos com entrevistas exclusivas com as principais personalidades mundiais. Fique conectado tamb\u00e9m nas redes sociais.\",\"sameAs\":[\"http:\/\/www.portalmf.com.br\/\",\"https:\/\/www.facebook.com\/portalmfoficial\",\"https:\/\/www.instagram.com\/portalmf\/\",\"https:\/\/x.com\/https:\/\/x.com\/portalmfoficial\",\"https:\/\/www.youtube.com\/@portalmfoficial\"],\"url\":\"https:\/\/portalmf.com.br\/index.php\/author\/junior\/\"}]}<\/script>\n<!-- \/ Yoast SEO plugin. -->","yoast_head_json":{"title":"Come\u00e7a obra de novo muro no Parque de Exposi\u00e7\u00e3o - Portal MF","robots":{"index":"index","follow":"follow","max-snippet":"max-snippet:-1","max-image-preview":"max-image-preview:large","max-video-preview":"max-video-preview:-1"},"canonical":"https:\/\/portalmf.com.br\/index.php\/2024\/01\/08\/comeca-obra-de-novo-muro-no-parque-de-exposicao\/","og_locale":"pt_BR","og_type":"article","og_title":"Come\u00e7a obra de novo muro no Parque de Exposi\u00e7\u00e3o - Portal MF","og_description":"A obra de constru\u00e7\u00e3o de um novo muro no Parque de Exposi\u00e7\u00e3o Jo\u00e3o Martins da Silva come\u00e7ou nesta segunda-feira (8). A previs\u00e3o \u00e9 que a obra seja conclu\u00edda em 60 dias. A constru\u00e7\u00e3o faz parte de um processo de restaura\u00e7\u00e3o do parque. Al\u00e9m da edifica\u00e7\u00e3o do muro, tamb\u00e9m est\u00e1 sendo feita uma licita\u00e7\u00e3o para reforma [&hellip;]","og_url":"https:\/\/portalmf.com.br\/index.php\/2024\/01\/08\/comeca-obra-de-novo-muro-no-parque-de-exposicao\/","og_site_name":"Portal MF","article_author":"https:\/\/www.facebook.com\/portalmfoficial","article_published_time":"2024-01-08T21:59:41+00:00","article_modified_time":"2024-01-08T21:59:46+00:00","og_image":[{"width":1306,"height":734,"url":"https:\/\/portalmf.com.br\/wp-content\/uploads\/2024\/01\/Comeca-obra-de-novo-muro-no-Parque-de-Exposicao.jpg","type":"image\/jpeg"}],"author":"Reda\u00e7\u00e3o Portal MF","twitter_card":"summary_large_image","twitter_creator":"@https:\/\/x.com\/portalmfoficial","twitter_misc":{"Escrito por":"Reda\u00e7\u00e3o Portal MF","Est. tempo de leitura":"1 minuto"},"schema":{"@context":"https:\/\/schema.org","@graph":[{"@type":"WebPage","@id":"https:\/\/portalmf.com.br\/index.php\/2024\/01\/08\/comeca-obra-de-novo-muro-no-parque-de-exposicao\/","url":"https:\/\/portalmf.com.br\/index.php\/2024\/01\/08\/comeca-obra-de-novo-muro-no-parque-de-exposicao\/","name":"Come\u00e7a obra de novo muro no Parque de Exposi\u00e7\u00e3o - Portal MF","isPartOf":{"@id":"https:\/\/portalmf.com.br\/#website"},"primaryImageOfPage":{"@id":"https:\/\/portalmf.com.br\/index.php\/2024\/01\/08\/comeca-obra-de-novo-muro-no-parque-de-exposicao\/#primaryimage"},"image":{"@id":"https:\/\/portalmf.com.br\/index.php\/2024\/01\/08\/comeca-obra-de-novo-muro-no-parque-de-exposicao\/#primaryimage"},"thumbnailUrl":"https:\/\/portalmf.com.br\/wp-content\/uploads\/2024\/01\/Comeca-obra-de-novo-muro-no-Parque-de-Exposicao.jpg","datePublished":"2024-01-08T21:59:41+00:00","dateModified":"2024-01-08T21:59:46+00:00","author":{"@id":"https:\/\/portalmf.com.br\/#\/schema\/person\/9ec101baf56233e53520c26de5d6f6f0"},"breadcrumb":{"@id":"https:\/\/portalmf.com.br\/index.php\/2024\/01\/08\/comeca-obra-de-novo-muro-no-parque-de-exposicao\/#breadcrumb"},"inLanguage":"pt-BR","potentialAction":[{"@type":"ReadAction","target":["https:\/\/portalmf.com.br\/index.php\/2024\/01\/08\/comeca-obra-de-novo-muro-no-parque-de-exposicao\/"]}]},{"@type":"ImageObject","inLanguage":"pt-BR","@id":"https:\/\/portalmf.com.br\/index.php\/2024\/01\/08\/comeca-obra-de-novo-muro-no-parque-de-exposicao\/#primaryimage","url":"https:\/\/portalmf.com.br\/wp-content\/uploads\/2024\/01\/Comeca-obra-de-novo-muro-no-Parque-de-Exposicao.jpg","contentUrl":"https:\/\/portalmf.com.br\/wp-content\/uploads\/2024\/01\/Comeca-obra-de-novo-muro-no-Parque-de-Exposicao.jpg","width":1306,"height":734},{"@type":"BreadcrumbList","@id":"https:\/\/portalmf.com.br\/index.php\/2024\/01\/08\/comeca-obra-de-novo-muro-no-parque-de-exposicao\/#breadcrumb","itemListElement":[{"@type":"ListItem","position":1,"name":"In\u00edcio","item":"https:\/\/portalmf.com.br\/"},{"@type":"ListItem","position":2,"name":"Come\u00e7a obra de novo muro no Parque de Exposi\u00e7\u00e3o"}]},{"@type":"WebSite","@id":"https:\/\/portalmf.com.br\/#website","url":"https:\/\/portalmf.com.br\/","name":"Portal MF","description":"Voc\u00ea conectado com a informa\u00e7\u00e3o","potentialAction":[{"@type":"SearchAction","target":{"@type":"EntryPoint","urlTemplate":"https:\/\/portalmf.com.br\/?s={search_term_string}"},"query-input":"required name=search_term_string"}],"inLanguage":"pt-BR"},{"@type":"Person","@id":"https:\/\/portalmf.com.br\/#\/schema\/person\/9ec101baf56233e53520c26de5d6f6f0","name":"Reda\u00e7\u00e3o Portal MF","image":{"@type":"ImageObject","inLanguage":"pt-BR","@id":"https:\/\/portalmf.com.br\/#\/schema\/person\/image\/","url":"https:\/\/secure.gravatar.com\/avatar\/41b9aaeb2100835f7c64362330f74c7f?s=96&d=mm&r=g","contentUrl":"https:\/\/secure.gravatar.com\/avatar\/41b9aaeb2100835f7c64362330f74c7f?s=96&d=mm&r=g","caption":"Reda\u00e7\u00e3o Portal MF"},"description":"Sejam bem-vindos o portal de informa\u00e7\u00f5es de entretenimento de Feira de Santana, desde 2006 realiza coberturas dos principais eventos com entrevistas exclusivas com as principais personalidades mundiais. Fique conectado tamb\u00e9m nas redes sociais.","sameAs":["http:\/\/www.portalmf.com.br\/","https:\/\/www.facebook.com\/portalmfoficial","https:\/\/www.instagram.com\/portalmf\/","https:\/\/x.com\/https:\/\/x.com\/portalmfoficial","https:\/\/www.youtube.com\/@portalmfoficial"],"url":"https:\/\/portalmf.com.br\/index.php\/author\/junior\/"}]}},"_links":{"self":[{"href":"https:\/\/portalmf.com.br\/index.php\/wp-json\/wp\/v2\/posts\/21710"}],"collection":[{"href":"https:\/\/portalmf.com.br\/index.php\/wp-json\/wp\/v2\/posts"}],"about":[{"href":"https:\/\/portalmf.com.br\/index.php\/wp-json\/wp\/v2\/types\/post"}],"author":[{"embeddable":true,"href":"https:\/\/portalmf.com.br\/index.php\/wp-json\/wp\/v2\/users\/3"}],"replies":[{"embeddable":true,"href":"https:\/\/portalmf.com.br\/index.php\/wp-json\/wp\/v2\/comments?post=21710"}],"version-history":[{"count":1,"href":"https:\/\/portalmf.com.br\/index.php\/wp-json\/wp\/v2\/posts\/21710\/revisions"}],"predecessor-version":[{"id":21712,"href":"https:\/\/portalmf.com.br\/index.php\/wp-json\/wp\/v2\/posts\/21710\/revisions\/21712"}],"wp:featuredmedia":[{"embeddable":true,"href":"https:\/\/portalmf.com.br\/index.php\/wp-json\/wp\/v2\/media\/21711"}],"wp:attachment":[{"href":"https:\/\/portalmf.com.br\/index.php\/wp-json\/wp\/v2\/media?parent=21710"}],"wp:term":[{"taxonomy":"category","embeddable":true,"href":"https:\/\/portalmf.com.br\/index.php\/wp-json\/wp\/v2\/categories?post=21710"},{"taxonomy":"post_tag","embeddable":true,"href":"https:\/\/portalmf.com.br\/index.php\/wp-json\/wp\/v2\/tags?post=21710"}],"curies":[{"name":"wp","href":"https:\/\/api.w.org\/{rel}","templated":true}]}}