{"id":21673,"date":"2024-01-08T08:10:00","date_gmt":"2024-01-08T11:10:00","guid":{"rendered":"https:\/\/portalmf.com.br\/?p=21673"},"modified":"2024-01-08T18:14:07","modified_gmt":"2024-01-08T21:14:07","slug":"em-ato-do-8-de-janeiro-pt-bahia-reafirma-a-importancia-da-luta-pela-democracia","status":"publish","type":"post","link":"https:\/\/portalmf.com.br\/index.php\/2024\/01\/08\/em-ato-do-8-de-janeiro-pt-bahia-reafirma-a-importancia-da-luta-pela-democracia\/","title":{"rendered":"Em ato do 8 de Janeiro, PT Bahia reafirma a import\u00e2ncia da luta pela democracia"},"content":{"rendered":"\n<p>Presentes no ato do 8 de Janeiro, organizado por movimentos sociais, centrais sindicais e entidades do poder p\u00fablico em rep\u00fadio aos ataques golpistas em Bras\u00edlia, em 2023, parlamentares e membros da Executiva do Partido dos Trabalhadores da Bahia refor\u00e7aram a necessidade de uma luta constante pela democracia no Brasil. Os petistas destacaram ainda a import\u00e2ncia de unir esfor\u00e7os para combater o extremismo, o \u00f3dio, o fascismo no pa\u00eds e as ame\u00e7as \u00e0 estabilidade e soberania pol\u00edticas.&nbsp;<\/p>\n\n\n\n<p>Realizado na Assembleia Legislativa da Bahia (Alba), na manh\u00e3 desta segunda-feira, 08, o &#8220;Ato em defesa da democracia brasileira: A Bahia se une!&#8221; contou com a presen\u00e7a do governador do Estado, Jer\u00f4nimo Rodrigues, dos vereadores petistas Marta Rodrigues e Su\u00edca, dos deputados estaduais do PT, Robinson Almeida, Rosemberg Pinto, F\u00e1tima Nunes, Maria Del Carmen, Neusa Cadore, J\u00fanior Muniz, al\u00e9m de secret\u00e1rios de Estado, como Bruno Monteiro (Cultura) Felipe Freitas (Justi\u00e7a e Direitos Humanos), Fabya Reis (Assist\u00eancia e Desenvolvimento Social) e Luis Caetano (Rela\u00e7\u00f5es Institucionais), dentre outros.&nbsp;<\/p>\n\n\n\n<p>Vice-presidente do PT Bahia, J\u00e9ssica Sinai afirmou que o ato realizado na Bahia se soma e refor\u00e7a todos os outros que est\u00e3o sendo realizados hoje no pa\u00eds em defesa da democracia. &#8220;O pa\u00eds aprendeu muito com aquela situa\u00e7\u00e3o, e n\u00e3o \u00e9 \u00e0 toa que aqui no estado estamos reunindo nesse ato diversos movimentos sociais, dirigentes partid\u00e1rios, agentes governamentais e pol\u00edticos exatamente para reafirmar que a democracia \u00e9 fundamental para a constru\u00e7\u00e3o de uma na\u00e7\u00e3o. Ent\u00e3o a Bahia est\u00e1 unida junto a outros diversos segmentos no Brasil para defender a democracia&#8221; ressaltou a dirigente.&nbsp;<\/p>\n\n\n\n<p>A membra da Executiva Estadual do PT Bahia e presidente da CUT, Maria Firmino, a Leninha, destacou a unidade dos movimentos sociais, sindicais e de setores do governo um ano ap\u00f3s os ataques em Bras\u00edlia e disse que a democracia precisa ser defendida por todos. <\/p>\n\n\n\n<p><em>&#8220;A democracia n\u00e3o somos s\u00f3 n\u00f3s do movimento social que tem que defender um governo que \u00e9 democr\u00e1tico, que \u00e9 popular. Um governo que preza pela democracia tem que vir mesmo a p\u00fablico dizer que vamos lutar at\u00e9 o \u00faltimo momento para salvaguardar a nossa democracia, que \u00e9 t\u00e3o jovem, que foi t\u00e3o duramente atacada. Ent\u00e3o esse dia de hoje tem um simbolismo: ap\u00f3s um ano dizer que nunca mais ningu\u00e9m se ouse a atacar nossa democracia, os poderes constitu\u00eddos&#8221;,<\/em> afirma Leninha.<\/p>\n\n\n\n<p>Vereadora de Salvador pelo PT, Marta Rodrigues defendeu a realiza\u00e7\u00e3o do ato para que &#8220;nunca mais volte a acontecer no pa\u00eds essa tentativa de golpe como a que aconteceu&#8221;. <\/p>\n\n\n\n<p><em>&#8220;Se as institui\u00e7\u00f5es, o presidente Lula, o Minist\u00e9rio P\u00fablico, o STF n\u00e3o tivessem sido c\u00e9leres a gente poderia ter vivido momentos ainda mais dram\u00e1ticos no pa\u00eds, mas ainda bem que houve esse celeridade e a gente conseguiu ver um ano depois como n\u00f3s avan\u00e7amos, mas a gente precisa avan\u00e7ar ainda mais contra o discurso do \u00f3dio, da viol\u00eancia, das fake news, porque tudo isso antes vinha com muita intensidade, ainda continua, mas n\u00e3o tanto&#8221;,<\/em> disse Marta, ao acrescentar: <em>&#8220;Uma outra pauta que quero colocar para o nosso partido e \u00e9 o que a gente tamb\u00e9m faz no dia a dia \u00e9 a gente levar muito esse debate da democracia na educa\u00e7\u00e3o. \u00c9 atrav\u00e9s da educa\u00e7\u00e3o tamb\u00e9m que a gente vai avan\u00e7ando e os nosso jovens v\u00e3o entendendo tamb\u00e9m como esse processo \u00e9 fundamental para a gente no pa\u00eds&#8221;.<\/em><\/p>\n","protected":false},"excerpt":{"rendered":"<p>Presentes no ato do 8 de Janeiro, organizado por movimentos sociais, centrais sindicais e entidades do poder p\u00fablico em rep\u00fadio aos ataques golpistas em Bras\u00edlia, em 2023, parlamentares e membros da Executiva do Partido dos Trabalhadores da Bahia refor\u00e7aram a necessidade de uma luta constante pela democracia no Brasil. Os petistas destacaram ainda a import\u00e2ncia [&hellip;]<\/p>\n","protected":false},"author":3,"featured_media":21674,"comment_status":"open","ping_status":"open","sticky":false,"template":"","format":"standard","meta":{"_monsterinsights_skip_tracking":false,"_monsterinsights_sitenote_active":false,"_monsterinsights_sitenote_note":"","_monsterinsights_sitenote_category":0,"footnotes":""},"categories":[34],"tags":[],"yoast_head":"<!-- This site is optimized with the Yoast SEO plugin v22.9 - https:\/\/yoast.com\/wordpress\/plugins\/seo\/ -->\n<title>Em ato do 8 de Janeiro, PT Bahia reafirma a import\u00e2ncia da luta pela democracia - Portal MF<\/title>\n<meta name=\"robots\" content=\"index, follow, max-snippet:-1, max-image-preview:large, max-video-preview:-1\" \/>\n<link rel=\"canonical\" href=\"https:\/\/portalmf.com.br\/index.php\/2024\/01\/08\/em-ato-do-8-de-janeiro-pt-bahia-reafirma-a-importancia-da-luta-pela-democracia\/\" \/>\n<meta property=\"og:locale\" content=\"pt_BR\" \/>\n<meta property=\"og:type\" content=\"article\" \/>\n<meta property=\"og:title\" content=\"Em ato do 8 de Janeiro, PT Bahia reafirma a import\u00e2ncia da luta pela democracia - Portal MF\" \/>\n<meta property=\"og:description\" content=\"Presentes no ato do 8 de Janeiro, organizado por movimentos sociais, centrais sindicais e entidades do poder p\u00fablico em rep\u00fadio aos ataques golpistas em Bras\u00edlia, em 2023, parlamentares e membros da Executiva do Partido dos Trabalhadores da Bahia refor\u00e7aram a necessidade de uma luta constante pela democracia no Brasil. Os petistas destacaram ainda a import\u00e2ncia [&hellip;]\" \/>\n<meta property=\"og:url\" content=\"https:\/\/portalmf.com.br\/index.php\/2024\/01\/08\/em-ato-do-8-de-janeiro-pt-bahia-reafirma-a-importancia-da-luta-pela-democracia\/\" \/>\n<meta property=\"og:site_name\" content=\"Portal MF\" \/>\n<meta property=\"article:author\" content=\"https:\/\/www.facebook.com\/portalmfoficial\" \/>\n<meta property=\"article:published_time\" content=\"2024-01-08T11:10:00+00:00\" \/>\n<meta property=\"article:modified_time\" content=\"2024-01-08T21:14:07+00:00\" \/>\n<meta property=\"og:image\" content=\"https:\/\/portalmf.com.br\/wp-content\/uploads\/2024\/01\/WhatsApp-Image-2024-01-08-at-10.50.32-1.jpeg\" \/>\n\t<meta property=\"og:image:width\" content=\"1280\" \/>\n\t<meta property=\"og:image:height\" content=\"853\" \/>\n\t<meta property=\"og:image:type\" content=\"image\/jpeg\" \/>\n<meta name=\"author\" content=\"Reda\u00e7\u00e3o Portal MF\" \/>\n<meta name=\"twitter:card\" content=\"summary_large_image\" \/>\n<meta name=\"twitter:creator\" content=\"@https:\/\/x.com\/portalmfoficial\" \/>\n<meta name=\"twitter:label1\" content=\"Escrito por\" \/>\n\t<meta name=\"twitter:data1\" content=\"Reda\u00e7\u00e3o Portal MF\" \/>\n\t<meta name=\"twitter:label2\" content=\"Est. tempo de leitura\" \/>\n\t<meta name=\"twitter:data2\" content=\"4 minutos\" \/>\n<script type=\"application\/ld+json\" class=\"yoast-schema-graph\">{\"@context\":\"https:\/\/schema.org\",\"@graph\":[{\"@type\":\"WebPage\",\"@id\":\"https:\/\/portalmf.com.br\/index.php\/2024\/01\/08\/em-ato-do-8-de-janeiro-pt-bahia-reafirma-a-importancia-da-luta-pela-democracia\/\",\"url\":\"https:\/\/portalmf.com.br\/index.php\/2024\/01\/08\/em-ato-do-8-de-janeiro-pt-bahia-reafirma-a-importancia-da-luta-pela-democracia\/\",\"name\":\"Em ato do 8 de Janeiro, PT Bahia reafirma a import\u00e2ncia da luta pela democracia - Portal MF\",\"isPartOf\":{\"@id\":\"https:\/\/portalmf.com.br\/#website\"},\"primaryImageOfPage\":{\"@id\":\"https:\/\/portalmf.com.br\/index.php\/2024\/01\/08\/em-ato-do-8-de-janeiro-pt-bahia-reafirma-a-importancia-da-luta-pela-democracia\/#primaryimage\"},\"image\":{\"@id\":\"https:\/\/portalmf.com.br\/index.php\/2024\/01\/08\/em-ato-do-8-de-janeiro-pt-bahia-reafirma-a-importancia-da-luta-pela-democracia\/#primaryimage\"},\"thumbnailUrl\":\"https:\/\/portalmf.com.br\/wp-content\/uploads\/2024\/01\/WhatsApp-Image-2024-01-08-at-10.50.32-1.jpeg\",\"datePublished\":\"2024-01-08T11:10:00+00:00\",\"dateModified\":\"2024-01-08T21:14:07+00:00\",\"author\":{\"@id\":\"https:\/\/portalmf.com.br\/#\/schema\/person\/9ec101baf56233e53520c26de5d6f6f0\"},\"breadcrumb\":{\"@id\":\"https:\/\/portalmf.com.br\/index.php\/2024\/01\/08\/em-ato-do-8-de-janeiro-pt-bahia-reafirma-a-importancia-da-luta-pela-democracia\/#breadcrumb\"},\"inLanguage\":\"pt-BR\",\"potentialAction\":[{\"@type\":\"ReadAction\",\"target\":[\"https:\/\/portalmf.com.br\/index.php\/2024\/01\/08\/em-ato-do-8-de-janeiro-pt-bahia-reafirma-a-importancia-da-luta-pela-democracia\/\"]}]},{\"@type\":\"ImageObject\",\"inLanguage\":\"pt-BR\",\"@id\":\"https:\/\/portalmf.com.br\/index.php\/2024\/01\/08\/em-ato-do-8-de-janeiro-pt-bahia-reafirma-a-importancia-da-luta-pela-democracia\/#primaryimage\",\"url\":\"https:\/\/portalmf.com.br\/wp-content\/uploads\/2024\/01\/WhatsApp-Image-2024-01-08-at-10.50.32-1.jpeg\",\"contentUrl\":\"https:\/\/portalmf.com.br\/wp-content\/uploads\/2024\/01\/WhatsApp-Image-2024-01-08-at-10.50.32-1.jpeg\",\"width\":1280,\"height\":853},{\"@type\":\"BreadcrumbList\",\"@id\":\"https:\/\/portalmf.com.br\/index.php\/2024\/01\/08\/em-ato-do-8-de-janeiro-pt-bahia-reafirma-a-importancia-da-luta-pela-democracia\/#breadcrumb\",\"itemListElement\":[{\"@type\":\"ListItem\",\"position\":1,\"name\":\"In\u00edcio\",\"item\":\"https:\/\/portalmf.com.br\/\"},{\"@type\":\"ListItem\",\"position\":2,\"name\":\"Em ato do 8 de Janeiro, PT Bahia reafirma a import\u00e2ncia da luta pela democracia\"}]},{\"@type\":\"WebSite\",\"@id\":\"https:\/\/portalmf.com.br\/#website\",\"url\":\"https:\/\/portalmf.com.br\/\",\"name\":\"Portal MF\",\"description\":\"Voc\u00ea conectado com a informa\u00e7\u00e3o\",\"potentialAction\":[{\"@type\":\"SearchAction\",\"target\":{\"@type\":\"EntryPoint\",\"urlTemplate\":\"https:\/\/portalmf.com.br\/?s={search_term_string}\"},\"query-input\":\"required name=search_term_string\"}],\"inLanguage\":\"pt-BR\"},{\"@type\":\"Person\",\"@id\":\"https:\/\/portalmf.com.br\/#\/schema\/person\/9ec101baf56233e53520c26de5d6f6f0\",\"name\":\"Reda\u00e7\u00e3o Portal MF\",\"image\":{\"@type\":\"ImageObject\",\"inLanguage\":\"pt-BR\",\"@id\":\"https:\/\/portalmf.com.br\/#\/schema\/person\/image\/\",\"url\":\"https:\/\/secure.gravatar.com\/avatar\/41b9aaeb2100835f7c64362330f74c7f?s=96&d=mm&r=g\",\"contentUrl\":\"https:\/\/secure.gravatar.com\/avatar\/41b9aaeb2100835f7c64362330f74c7f?s=96&d=mm&r=g\",\"caption\":\"Reda\u00e7\u00e3o Portal MF\"},\"description\":\"Sejam bem-vindos o portal de informa\u00e7\u00f5es de entretenimento de Feira de Santana, desde 2006 realiza coberturas dos principais eventos com entrevistas exclusivas com as principais personalidades mundiais. Fique conectado tamb\u00e9m nas redes sociais.\",\"sameAs\":[\"http:\/\/www.portalmf.com.br\/\",\"https:\/\/www.facebook.com\/portalmfoficial\",\"https:\/\/www.instagram.com\/portalmf\/\",\"https:\/\/x.com\/https:\/\/x.com\/portalmfoficial\",\"https:\/\/www.youtube.com\/@portalmfoficial\"],\"url\":\"https:\/\/portalmf.com.br\/index.php\/author\/junior\/\"}]}<\/script>\n<!-- \/ Yoast SEO plugin. -->","yoast_head_json":{"title":"Em ato do 8 de Janeiro, PT Bahia reafirma a import\u00e2ncia da luta pela democracia - Portal MF","robots":{"index":"index","follow":"follow","max-snippet":"max-snippet:-1","max-image-preview":"max-image-preview:large","max-video-preview":"max-video-preview:-1"},"canonical":"https:\/\/portalmf.com.br\/index.php\/2024\/01\/08\/em-ato-do-8-de-janeiro-pt-bahia-reafirma-a-importancia-da-luta-pela-democracia\/","og_locale":"pt_BR","og_type":"article","og_title":"Em ato do 8 de Janeiro, PT Bahia reafirma a import\u00e2ncia da luta pela democracia - Portal MF","og_description":"Presentes no ato do 8 de Janeiro, organizado por movimentos sociais, centrais sindicais e entidades do poder p\u00fablico em rep\u00fadio aos ataques golpistas em Bras\u00edlia, em 2023, parlamentares e membros da Executiva do Partido dos Trabalhadores da Bahia refor\u00e7aram a necessidade de uma luta constante pela democracia no Brasil. Os petistas destacaram ainda a import\u00e2ncia [&hellip;]","og_url":"https:\/\/portalmf.com.br\/index.php\/2024\/01\/08\/em-ato-do-8-de-janeiro-pt-bahia-reafirma-a-importancia-da-luta-pela-democracia\/","og_site_name":"Portal MF","article_author":"https:\/\/www.facebook.com\/portalmfoficial","article_published_time":"2024-01-08T11:10:00+00:00","article_modified_time":"2024-01-08T21:14:07+00:00","og_image":[{"width":1280,"height":853,"url":"https:\/\/portalmf.com.br\/wp-content\/uploads\/2024\/01\/WhatsApp-Image-2024-01-08-at-10.50.32-1.jpeg","type":"image\/jpeg"}],"author":"Reda\u00e7\u00e3o Portal MF","twitter_card":"summary_large_image","twitter_creator":"@https:\/\/x.com\/portalmfoficial","twitter_misc":{"Escrito por":"Reda\u00e7\u00e3o Portal MF","Est. tempo de leitura":"4 minutos"},"schema":{"@context":"https:\/\/schema.org","@graph":[{"@type":"WebPage","@id":"https:\/\/portalmf.com.br\/index.php\/2024\/01\/08\/em-ato-do-8-de-janeiro-pt-bahia-reafirma-a-importancia-da-luta-pela-democracia\/","url":"https:\/\/portalmf.com.br\/index.php\/2024\/01\/08\/em-ato-do-8-de-janeiro-pt-bahia-reafirma-a-importancia-da-luta-pela-democracia\/","name":"Em ato do 8 de Janeiro, PT Bahia reafirma a import\u00e2ncia da luta pela democracia - Portal MF","isPartOf":{"@id":"https:\/\/portalmf.com.br\/#website"},"primaryImageOfPage":{"@id":"https:\/\/portalmf.com.br\/index.php\/2024\/01\/08\/em-ato-do-8-de-janeiro-pt-bahia-reafirma-a-importancia-da-luta-pela-democracia\/#primaryimage"},"image":{"@id":"https:\/\/portalmf.com.br\/index.php\/2024\/01\/08\/em-ato-do-8-de-janeiro-pt-bahia-reafirma-a-importancia-da-luta-pela-democracia\/#primaryimage"},"thumbnailUrl":"https:\/\/portalmf.com.br\/wp-content\/uploads\/2024\/01\/WhatsApp-Image-2024-01-08-at-10.50.32-1.jpeg","datePublished":"2024-01-08T11:10:00+00:00","dateModified":"2024-01-08T21:14:07+00:00","author":{"@id":"https:\/\/portalmf.com.br\/#\/schema\/person\/9ec101baf56233e53520c26de5d6f6f0"},"breadcrumb":{"@id":"https:\/\/portalmf.com.br\/index.php\/2024\/01\/08\/em-ato-do-8-de-janeiro-pt-bahia-reafirma-a-importancia-da-luta-pela-democracia\/#breadcrumb"},"inLanguage":"pt-BR","potentialAction":[{"@type":"ReadAction","target":["https:\/\/portalmf.com.br\/index.php\/2024\/01\/08\/em-ato-do-8-de-janeiro-pt-bahia-reafirma-a-importancia-da-luta-pela-democracia\/"]}]},{"@type":"ImageObject","inLanguage":"pt-BR","@id":"https:\/\/portalmf.com.br\/index.php\/2024\/01\/08\/em-ato-do-8-de-janeiro-pt-bahia-reafirma-a-importancia-da-luta-pela-democracia\/#primaryimage","url":"https:\/\/portalmf.com.br\/wp-content\/uploads\/2024\/01\/WhatsApp-Image-2024-01-08-at-10.50.32-1.jpeg","contentUrl":"https:\/\/portalmf.com.br\/wp-content\/uploads\/2024\/01\/WhatsApp-Image-2024-01-08-at-10.50.32-1.jpeg","width":1280,"height":853},{"@type":"BreadcrumbList","@id":"https:\/\/portalmf.com.br\/index.php\/2024\/01\/08\/em-ato-do-8-de-janeiro-pt-bahia-reafirma-a-importancia-da-luta-pela-democracia\/#breadcrumb","itemListElement":[{"@type":"ListItem","position":1,"name":"In\u00edcio","item":"https:\/\/portalmf.com.br\/"},{"@type":"ListItem","position":2,"name":"Em ato do 8 de Janeiro, PT Bahia reafirma a import\u00e2ncia da luta pela democracia"}]},{"@type":"WebSite","@id":"https:\/\/portalmf.com.br\/#website","url":"https:\/\/portalmf.com.br\/","name":"Portal MF","description":"Voc\u00ea conectado com a informa\u00e7\u00e3o","potentialAction":[{"@type":"SearchAction","target":{"@type":"EntryPoint","urlTemplate":"https:\/\/portalmf.com.br\/?s={search_term_string}"},"query-input":"required name=search_term_string"}],"inLanguage":"pt-BR"},{"@type":"Person","@id":"https:\/\/portalmf.com.br\/#\/schema\/person\/9ec101baf56233e53520c26de5d6f6f0","name":"Reda\u00e7\u00e3o Portal MF","image":{"@type":"ImageObject","inLanguage":"pt-BR","@id":"https:\/\/portalmf.com.br\/#\/schema\/person\/image\/","url":"https:\/\/secure.gravatar.com\/avatar\/41b9aaeb2100835f7c64362330f74c7f?s=96&d=mm&r=g","contentUrl":"https:\/\/secure.gravatar.com\/avatar\/41b9aaeb2100835f7c64362330f74c7f?s=96&d=mm&r=g","caption":"Reda\u00e7\u00e3o Portal MF"},"description":"Sejam bem-vindos o portal de informa\u00e7\u00f5es de entretenimento de Feira de Santana, desde 2006 realiza coberturas dos principais eventos com entrevistas exclusivas com as principais personalidades mundiais. Fique conectado tamb\u00e9m nas redes sociais.","sameAs":["http:\/\/www.portalmf.com.br\/","https:\/\/www.facebook.com\/portalmfoficial","https:\/\/www.instagram.com\/portalmf\/","https:\/\/x.com\/https:\/\/x.com\/portalmfoficial","https:\/\/www.youtube.com\/@portalmfoficial"],"url":"https:\/\/portalmf.com.br\/index.php\/author\/junior\/"}]}},"_links":{"self":[{"href":"https:\/\/portalmf.com.br\/index.php\/wp-json\/wp\/v2\/posts\/21673"}],"collection":[{"href":"https:\/\/portalmf.com.br\/index.php\/wp-json\/wp\/v2\/posts"}],"about":[{"href":"https:\/\/portalmf.com.br\/index.php\/wp-json\/wp\/v2\/types\/post"}],"author":[{"embeddable":true,"href":"https:\/\/portalmf.com.br\/index.php\/wp-json\/wp\/v2\/users\/3"}],"replies":[{"embeddable":true,"href":"https:\/\/portalmf.com.br\/index.php\/wp-json\/wp\/v2\/comments?post=21673"}],"version-history":[{"count":1,"href":"https:\/\/portalmf.com.br\/index.php\/wp-json\/wp\/v2\/posts\/21673\/revisions"}],"predecessor-version":[{"id":21675,"href":"https:\/\/portalmf.com.br\/index.php\/wp-json\/wp\/v2\/posts\/21673\/revisions\/21675"}],"wp:featuredmedia":[{"embeddable":true,"href":"https:\/\/portalmf.com.br\/index.php\/wp-json\/wp\/v2\/media\/21674"}],"wp:attachment":[{"href":"https:\/\/portalmf.com.br\/index.php\/wp-json\/wp\/v2\/media?parent=21673"}],"wp:term":[{"taxonomy":"category","embeddable":true,"href":"https:\/\/portalmf.com.br\/index.php\/wp-json\/wp\/v2\/categories?post=21673"},{"taxonomy":"post_tag","embeddable":true,"href":"https:\/\/portalmf.com.br\/index.php\/wp-json\/wp\/v2\/tags?post=21673"}],"curies":[{"name":"wp","href":"https:\/\/api.w.org\/{rel}","templated":true}]}}