{"id":21667,"date":"2024-01-08T17:31:43","date_gmt":"2024-01-08T20:31:43","guid":{"rendered":"https:\/\/portalmf.com.br\/?p=21667"},"modified":"2024-01-08T17:31:46","modified_gmt":"2024-01-08T20:31:46","slug":"como-se-estrutura-a-camara-de-feira-de-santana-a-maior-do-interior-do-estado","status":"publish","type":"post","link":"https:\/\/portalmf.com.br\/index.php\/2024\/01\/08\/como-se-estrutura-a-camara-de-feira-de-santana-a-maior-do-interior-do-estado\/","title":{"rendered":"Como se estrutura a C\u00e2mara de Feira de Santana, a maior do interior do Estado"},"content":{"rendered":"\n<p>Apresentar \u00e0 popula\u00e7\u00e3o os detalhes de como funciona a C\u00e2mara, desde suas compet\u00eancias &nbsp;at\u00e9 as fun\u00e7\u00f5es de suas diversas ger\u00eancias e divis\u00f5es, chegando ao que \u00e9 mais crucial: os servi\u00e7os que o Poder Legislativo Municipal oferece ao cidad\u00e3o e de que forma ele pode acess\u00e1-los. Este \u00e9 o objetivo de uma s\u00e9rie de mat\u00e9rias jornal\u00edsticas produzida pela Assessoria de Comunica\u00e7\u00e3o Social da Casa da Cidadania e divulgada a partir desta segunda-feira (8).<\/p>\n\n\n\n<p>A C\u00e2mara de Feira de Santana, segunda maior cidade do Estado, com 616 mil habitantes e maior que v\u00e1rias capitais, \u00e9 constitu\u00edda de 21 vereadores. Este \u00e9 o \u00faltimo ano da atual legislatura, que finaliza em 31 de dezembro. As elei\u00e7\u00f5es para o pr\u00f3ximo quatri\u00eanio acontecem em 3 de outubro.<\/p>\n\n\n\n<p>O Legislativo &nbsp;forma com o Executivo e o Judici\u00e1rio a trinca dos poderes &nbsp;municipais, que de acordo com a Constitui\u00e7\u00e3o Federal, devem atuar em harmonia, por\u00e9m respeitando-se a independ\u00eancia e autonomia entre si. A cada bi\u00eanio, a C\u00e2mara elege uma nova Mesa Diretora, com presidente e dois vices-presidentes, mais o primeiro, segundo e terceiro secret\u00e1rios. Atualmente, e pela primeira vez em sua hist\u00f3ria, o Legislativo Feirense tem no comando uma mulher, a vereadora Eremita Mota (PSDB).<\/p>\n\n\n\n<p>Em Feira de Santana, a C\u00e2mara realiza tr\u00eas sess\u00f5es legislativas ordin\u00e1rias semanais, para discuss\u00e3o e vota\u00e7\u00e3o das diversas mat\u00e9rias em tramita\u00e7\u00e3o \u2013 \u00e0s ter\u00e7as, quartas e quintas, a partir das 8h30min. H\u00e1 tamb\u00e9m sess\u00f5es extraordin\u00e1rias, quando convocadas, para discuss\u00e3o e vota\u00e7\u00e3o de projetos em situa\u00e7\u00f5es excepcionais; sess\u00f5es especiais, geralmente em raz\u00e3o de eventos e datas espec\u00edficos; audi\u00eancias p\u00fablicas, para debate de temas os mais diversos, de relevante interesse; e sess\u00f5es solenes, em geral, voltadas para homenagens.<\/p>\n\n\n\n<p>Primeira do Nordeste e uma das pioneiras &nbsp;no pa\u00eds a implantar a Tribuna Livre, a C\u00e2mara feirense oferece o espa\u00e7o a representantes da sociedade civil que, mediante inscri\u00e7\u00e3o, podem se manifestar livremente, desde que n\u00e3o faltem com o respeito.<\/p>\n\n\n\n<p>Na estrutura da C\u00e2mara, s\u00e3o v\u00e1rias as comiss\u00f5es permanentes, respons\u00e1veis n\u00e3o apenas por dar parecer a propostas em tramita\u00e7\u00e3o, mas tamb\u00e9m para atuar em defesa do interesse p\u00fablico, como as que tratam de sa\u00fade, educa\u00e7\u00e3o, cultura, transporte, defesa do consumidor e prote\u00e7\u00e3o \u00e0 mulher.<\/p>\n\n\n\n<p>O Legislativo \u00e9 respons\u00e1vel pela aprecia\u00e7\u00e3o de projetos que podem impactar &nbsp;na vida das pessoas, com destaque para dois &nbsp;deles, por pautar o destino da cidade.&nbsp; Ambos votados anualmente, sendo que a &nbsp;Lei de Diretrizes Or\u00e7ament\u00e1rias, logo no in\u00edcio de cada exerc\u00edcio legislativo, estabelece as prioridades da gest\u00e3o. A Lei Or\u00e7ament\u00e1ria, por sua vez, deve ser aprovada antes do in\u00edcio do recesso parlamentar de fim de ano. Complementar da LDO, ela detalha cada investimento a ser feito pela Administra\u00e7\u00e3o Municipal, no exerc\u00edcio seguinte.<\/p>\n\n\n\n<p>Em sua administra\u00e7\u00e3o, a C\u00e2mara conta com v\u00e1rios organismos que garantem a sua opera\u00e7\u00e3o, diariamente, a exemplo da Ger\u00eancia Legislativa, que trata do ordenamento das mat\u00e9rias (projetos, requerimentos, etc) de iniciativa parlamentar. A organiza\u00e7\u00e3o interna das atividades, conta com as divis\u00f5es de Recursos Humanos, Controladoria, Contabilidade, Inform\u00e1tica, entre outras, al\u00e9m da Diretoria Geral.<\/p>\n\n\n\n<p>S\u00e3o diversos os setores que visam, tamb\u00e9m, o atendimento \u00e0 sociedade. Um deles \u00e9 &nbsp;a Ouvidoria, que aproxima a C\u00e2mara &nbsp;do p\u00fablico, espa\u00e7o permanente para reclama\u00e7\u00f5es e sugest\u00f5es de toda natureza. O Arquivo do Legislativo guarda documentos dos prim\u00f3rdios de Feira de Santana. A &nbsp; Assessoria de Comunica\u00e7\u00e3o Social \u00e9 respons\u00e1vel por divulgar e dar publicidade aos atos deste Poder.<\/p>\n\n\n\n<p>Com o objetivo de melhor atender ao p\u00fablico, a C\u00e2mara est\u00e1 realizando uma grande reforma em seu pr\u00e9dio anexo do Legislativo. Uma quantidade expressiva de cidad\u00e3os visitam o local diariamente, para dialogar com os vereadores. Tamb\u00e9m a\u00a0 pr\u00f3pria sede da Casa da Cidadania, um\u00a0 im\u00f3vel de valor memorial para a cidade e tombado pelo IPAC, receber\u00e1 melhorias, a exemplo da troca das cadeiras das galerias, onde as pessoas assistem \u00e0s sess\u00f5es.<\/p>\n\n\n\n<p>Com informa\u00e7\u00f5es da Ascom<\/p>\n","protected":false},"excerpt":{"rendered":"<p>Apresentar \u00e0 popula\u00e7\u00e3o os detalhes de como funciona a C\u00e2mara, desde suas compet\u00eancias &nbsp;at\u00e9 as fun\u00e7\u00f5es de suas diversas ger\u00eancias e divis\u00f5es, chegando ao que \u00e9 mais crucial: os servi\u00e7os que o Poder Legislativo Municipal oferece ao cidad\u00e3o e de que forma ele pode acess\u00e1-los. Este \u00e9 o objetivo de uma s\u00e9rie de mat\u00e9rias jornal\u00edsticas [&hellip;]<\/p>\n","protected":false},"author":3,"featured_media":21668,"comment_status":"open","ping_status":"open","sticky":false,"template":"","format":"standard","meta":{"_monsterinsights_skip_tracking":false,"_monsterinsights_sitenote_active":false,"_monsterinsights_sitenote_note":"","_monsterinsights_sitenote_category":0,"footnotes":""},"categories":[34],"tags":[],"yoast_head":"<!-- This site is optimized with the Yoast SEO plugin v22.9 - https:\/\/yoast.com\/wordpress\/plugins\/seo\/ -->\n<title>Como se estrutura a C\u00e2mara de Feira de Santana, a maior do interior do Estado - Portal MF<\/title>\n<meta name=\"robots\" content=\"index, follow, max-snippet:-1, max-image-preview:large, max-video-preview:-1\" \/>\n<link rel=\"canonical\" href=\"https:\/\/portalmf.com.br\/index.php\/2024\/01\/08\/como-se-estrutura-a-camara-de-feira-de-santana-a-maior-do-interior-do-estado\/\" \/>\n<meta property=\"og:locale\" content=\"pt_BR\" \/>\n<meta property=\"og:type\" content=\"article\" \/>\n<meta property=\"og:title\" content=\"Como se estrutura a C\u00e2mara de Feira de Santana, a maior do interior do Estado - Portal MF\" \/>\n<meta property=\"og:description\" content=\"Apresentar \u00e0 popula\u00e7\u00e3o os detalhes de como funciona a C\u00e2mara, desde suas compet\u00eancias &nbsp;at\u00e9 as fun\u00e7\u00f5es de suas diversas ger\u00eancias e divis\u00f5es, chegando ao que \u00e9 mais crucial: os servi\u00e7os que o Poder Legislativo Municipal oferece ao cidad\u00e3o e de que forma ele pode acess\u00e1-los. Este \u00e9 o objetivo de uma s\u00e9rie de mat\u00e9rias jornal\u00edsticas [&hellip;]\" \/>\n<meta property=\"og:url\" content=\"https:\/\/portalmf.com.br\/index.php\/2024\/01\/08\/como-se-estrutura-a-camara-de-feira-de-santana-a-maior-do-interior-do-estado\/\" \/>\n<meta property=\"og:site_name\" content=\"Portal MF\" \/>\n<meta property=\"article:author\" content=\"https:\/\/www.facebook.com\/portalmfoficial\" \/>\n<meta property=\"article:published_time\" content=\"2024-01-08T20:31:43+00:00\" \/>\n<meta property=\"article:modified_time\" content=\"2024-01-08T20:31:46+00:00\" \/>\n<meta property=\"og:image\" content=\"https:\/\/portalmf.com.br\/wp-content\/uploads\/2024\/01\/camara-de-vereadores.jpeg\" \/>\n\t<meta property=\"og:image:width\" content=\"1306\" \/>\n\t<meta property=\"og:image:height\" content=\"870\" \/>\n\t<meta property=\"og:image:type\" content=\"image\/jpeg\" \/>\n<meta name=\"author\" content=\"Reda\u00e7\u00e3o Portal MF\" \/>\n<meta name=\"twitter:card\" content=\"summary_large_image\" \/>\n<meta name=\"twitter:creator\" content=\"@https:\/\/x.com\/portalmfoficial\" \/>\n<meta name=\"twitter:label1\" content=\"Escrito por\" \/>\n\t<meta name=\"twitter:data1\" content=\"Reda\u00e7\u00e3o Portal MF\" \/>\n\t<meta name=\"twitter:label2\" content=\"Est. tempo de leitura\" \/>\n\t<meta name=\"twitter:data2\" content=\"4 minutos\" \/>\n<script type=\"application\/ld+json\" class=\"yoast-schema-graph\">{\"@context\":\"https:\/\/schema.org\",\"@graph\":[{\"@type\":\"WebPage\",\"@id\":\"https:\/\/portalmf.com.br\/index.php\/2024\/01\/08\/como-se-estrutura-a-camara-de-feira-de-santana-a-maior-do-interior-do-estado\/\",\"url\":\"https:\/\/portalmf.com.br\/index.php\/2024\/01\/08\/como-se-estrutura-a-camara-de-feira-de-santana-a-maior-do-interior-do-estado\/\",\"name\":\"Como se estrutura a C\u00e2mara de Feira de Santana, a maior do interior do Estado - Portal MF\",\"isPartOf\":{\"@id\":\"https:\/\/portalmf.com.br\/#website\"},\"primaryImageOfPage\":{\"@id\":\"https:\/\/portalmf.com.br\/index.php\/2024\/01\/08\/como-se-estrutura-a-camara-de-feira-de-santana-a-maior-do-interior-do-estado\/#primaryimage\"},\"image\":{\"@id\":\"https:\/\/portalmf.com.br\/index.php\/2024\/01\/08\/como-se-estrutura-a-camara-de-feira-de-santana-a-maior-do-interior-do-estado\/#primaryimage\"},\"thumbnailUrl\":\"https:\/\/portalmf.com.br\/wp-content\/uploads\/2024\/01\/camara-de-vereadores.jpeg\",\"datePublished\":\"2024-01-08T20:31:43+00:00\",\"dateModified\":\"2024-01-08T20:31:46+00:00\",\"author\":{\"@id\":\"https:\/\/portalmf.com.br\/#\/schema\/person\/9ec101baf56233e53520c26de5d6f6f0\"},\"breadcrumb\":{\"@id\":\"https:\/\/portalmf.com.br\/index.php\/2024\/01\/08\/como-se-estrutura-a-camara-de-feira-de-santana-a-maior-do-interior-do-estado\/#breadcrumb\"},\"inLanguage\":\"pt-BR\",\"potentialAction\":[{\"@type\":\"ReadAction\",\"target\":[\"https:\/\/portalmf.com.br\/index.php\/2024\/01\/08\/como-se-estrutura-a-camara-de-feira-de-santana-a-maior-do-interior-do-estado\/\"]}]},{\"@type\":\"ImageObject\",\"inLanguage\":\"pt-BR\",\"@id\":\"https:\/\/portalmf.com.br\/index.php\/2024\/01\/08\/como-se-estrutura-a-camara-de-feira-de-santana-a-maior-do-interior-do-estado\/#primaryimage\",\"url\":\"https:\/\/portalmf.com.br\/wp-content\/uploads\/2024\/01\/camara-de-vereadores.jpeg\",\"contentUrl\":\"https:\/\/portalmf.com.br\/wp-content\/uploads\/2024\/01\/camara-de-vereadores.jpeg\",\"width\":1306,\"height\":870},{\"@type\":\"BreadcrumbList\",\"@id\":\"https:\/\/portalmf.com.br\/index.php\/2024\/01\/08\/como-se-estrutura-a-camara-de-feira-de-santana-a-maior-do-interior-do-estado\/#breadcrumb\",\"itemListElement\":[{\"@type\":\"ListItem\",\"position\":1,\"name\":\"In\u00edcio\",\"item\":\"https:\/\/portalmf.com.br\/\"},{\"@type\":\"ListItem\",\"position\":2,\"name\":\"Como se estrutura a C\u00e2mara de Feira de Santana, a maior do interior do Estado\"}]},{\"@type\":\"WebSite\",\"@id\":\"https:\/\/portalmf.com.br\/#website\",\"url\":\"https:\/\/portalmf.com.br\/\",\"name\":\"Portal MF\",\"description\":\"Voc\u00ea conectado com a informa\u00e7\u00e3o\",\"potentialAction\":[{\"@type\":\"SearchAction\",\"target\":{\"@type\":\"EntryPoint\",\"urlTemplate\":\"https:\/\/portalmf.com.br\/?s={search_term_string}\"},\"query-input\":\"required name=search_term_string\"}],\"inLanguage\":\"pt-BR\"},{\"@type\":\"Person\",\"@id\":\"https:\/\/portalmf.com.br\/#\/schema\/person\/9ec101baf56233e53520c26de5d6f6f0\",\"name\":\"Reda\u00e7\u00e3o Portal MF\",\"image\":{\"@type\":\"ImageObject\",\"inLanguage\":\"pt-BR\",\"@id\":\"https:\/\/portalmf.com.br\/#\/schema\/person\/image\/\",\"url\":\"https:\/\/secure.gravatar.com\/avatar\/41b9aaeb2100835f7c64362330f74c7f?s=96&d=mm&r=g\",\"contentUrl\":\"https:\/\/secure.gravatar.com\/avatar\/41b9aaeb2100835f7c64362330f74c7f?s=96&d=mm&r=g\",\"caption\":\"Reda\u00e7\u00e3o Portal MF\"},\"description\":\"Sejam bem-vindos o portal de informa\u00e7\u00f5es de entretenimento de Feira de Santana, desde 2006 realiza coberturas dos principais eventos com entrevistas exclusivas com as principais personalidades mundiais. Fique conectado tamb\u00e9m nas redes sociais.\",\"sameAs\":[\"http:\/\/www.portalmf.com.br\/\",\"https:\/\/www.facebook.com\/portalmfoficial\",\"https:\/\/www.instagram.com\/portalmf\/\",\"https:\/\/x.com\/https:\/\/x.com\/portalmfoficial\",\"https:\/\/www.youtube.com\/@portalmfoficial\"],\"url\":\"https:\/\/portalmf.com.br\/index.php\/author\/junior\/\"}]}<\/script>\n<!-- \/ Yoast SEO plugin. -->","yoast_head_json":{"title":"Como se estrutura a C\u00e2mara de Feira de Santana, a maior do interior do Estado - Portal MF","robots":{"index":"index","follow":"follow","max-snippet":"max-snippet:-1","max-image-preview":"max-image-preview:large","max-video-preview":"max-video-preview:-1"},"canonical":"https:\/\/portalmf.com.br\/index.php\/2024\/01\/08\/como-se-estrutura-a-camara-de-feira-de-santana-a-maior-do-interior-do-estado\/","og_locale":"pt_BR","og_type":"article","og_title":"Como se estrutura a C\u00e2mara de Feira de Santana, a maior do interior do Estado - Portal MF","og_description":"Apresentar \u00e0 popula\u00e7\u00e3o os detalhes de como funciona a C\u00e2mara, desde suas compet\u00eancias &nbsp;at\u00e9 as fun\u00e7\u00f5es de suas diversas ger\u00eancias e divis\u00f5es, chegando ao que \u00e9 mais crucial: os servi\u00e7os que o Poder Legislativo Municipal oferece ao cidad\u00e3o e de que forma ele pode acess\u00e1-los. Este \u00e9 o objetivo de uma s\u00e9rie de mat\u00e9rias jornal\u00edsticas [&hellip;]","og_url":"https:\/\/portalmf.com.br\/index.php\/2024\/01\/08\/como-se-estrutura-a-camara-de-feira-de-santana-a-maior-do-interior-do-estado\/","og_site_name":"Portal MF","article_author":"https:\/\/www.facebook.com\/portalmfoficial","article_published_time":"2024-01-08T20:31:43+00:00","article_modified_time":"2024-01-08T20:31:46+00:00","og_image":[{"width":1306,"height":870,"url":"https:\/\/portalmf.com.br\/wp-content\/uploads\/2024\/01\/camara-de-vereadores.jpeg","type":"image\/jpeg"}],"author":"Reda\u00e7\u00e3o Portal MF","twitter_card":"summary_large_image","twitter_creator":"@https:\/\/x.com\/portalmfoficial","twitter_misc":{"Escrito por":"Reda\u00e7\u00e3o Portal MF","Est. tempo de leitura":"4 minutos"},"schema":{"@context":"https:\/\/schema.org","@graph":[{"@type":"WebPage","@id":"https:\/\/portalmf.com.br\/index.php\/2024\/01\/08\/como-se-estrutura-a-camara-de-feira-de-santana-a-maior-do-interior-do-estado\/","url":"https:\/\/portalmf.com.br\/index.php\/2024\/01\/08\/como-se-estrutura-a-camara-de-feira-de-santana-a-maior-do-interior-do-estado\/","name":"Como se estrutura a C\u00e2mara de Feira de Santana, a maior do interior do Estado - Portal MF","isPartOf":{"@id":"https:\/\/portalmf.com.br\/#website"},"primaryImageOfPage":{"@id":"https:\/\/portalmf.com.br\/index.php\/2024\/01\/08\/como-se-estrutura-a-camara-de-feira-de-santana-a-maior-do-interior-do-estado\/#primaryimage"},"image":{"@id":"https:\/\/portalmf.com.br\/index.php\/2024\/01\/08\/como-se-estrutura-a-camara-de-feira-de-santana-a-maior-do-interior-do-estado\/#primaryimage"},"thumbnailUrl":"https:\/\/portalmf.com.br\/wp-content\/uploads\/2024\/01\/camara-de-vereadores.jpeg","datePublished":"2024-01-08T20:31:43+00:00","dateModified":"2024-01-08T20:31:46+00:00","author":{"@id":"https:\/\/portalmf.com.br\/#\/schema\/person\/9ec101baf56233e53520c26de5d6f6f0"},"breadcrumb":{"@id":"https:\/\/portalmf.com.br\/index.php\/2024\/01\/08\/como-se-estrutura-a-camara-de-feira-de-santana-a-maior-do-interior-do-estado\/#breadcrumb"},"inLanguage":"pt-BR","potentialAction":[{"@type":"ReadAction","target":["https:\/\/portalmf.com.br\/index.php\/2024\/01\/08\/como-se-estrutura-a-camara-de-feira-de-santana-a-maior-do-interior-do-estado\/"]}]},{"@type":"ImageObject","inLanguage":"pt-BR","@id":"https:\/\/portalmf.com.br\/index.php\/2024\/01\/08\/como-se-estrutura-a-camara-de-feira-de-santana-a-maior-do-interior-do-estado\/#primaryimage","url":"https:\/\/portalmf.com.br\/wp-content\/uploads\/2024\/01\/camara-de-vereadores.jpeg","contentUrl":"https:\/\/portalmf.com.br\/wp-content\/uploads\/2024\/01\/camara-de-vereadores.jpeg","width":1306,"height":870},{"@type":"BreadcrumbList","@id":"https:\/\/portalmf.com.br\/index.php\/2024\/01\/08\/como-se-estrutura-a-camara-de-feira-de-santana-a-maior-do-interior-do-estado\/#breadcrumb","itemListElement":[{"@type":"ListItem","position":1,"name":"In\u00edcio","item":"https:\/\/portalmf.com.br\/"},{"@type":"ListItem","position":2,"name":"Como se estrutura a C\u00e2mara de Feira de Santana, a maior do interior do Estado"}]},{"@type":"WebSite","@id":"https:\/\/portalmf.com.br\/#website","url":"https:\/\/portalmf.com.br\/","name":"Portal MF","description":"Voc\u00ea conectado com a informa\u00e7\u00e3o","potentialAction":[{"@type":"SearchAction","target":{"@type":"EntryPoint","urlTemplate":"https:\/\/portalmf.com.br\/?s={search_term_string}"},"query-input":"required name=search_term_string"}],"inLanguage":"pt-BR"},{"@type":"Person","@id":"https:\/\/portalmf.com.br\/#\/schema\/person\/9ec101baf56233e53520c26de5d6f6f0","name":"Reda\u00e7\u00e3o Portal MF","image":{"@type":"ImageObject","inLanguage":"pt-BR","@id":"https:\/\/portalmf.com.br\/#\/schema\/person\/image\/","url":"https:\/\/secure.gravatar.com\/avatar\/41b9aaeb2100835f7c64362330f74c7f?s=96&d=mm&r=g","contentUrl":"https:\/\/secure.gravatar.com\/avatar\/41b9aaeb2100835f7c64362330f74c7f?s=96&d=mm&r=g","caption":"Reda\u00e7\u00e3o Portal MF"},"description":"Sejam bem-vindos o portal de informa\u00e7\u00f5es de entretenimento de Feira de Santana, desde 2006 realiza coberturas dos principais eventos com entrevistas exclusivas com as principais personalidades mundiais. Fique conectado tamb\u00e9m nas redes sociais.","sameAs":["http:\/\/www.portalmf.com.br\/","https:\/\/www.facebook.com\/portalmfoficial","https:\/\/www.instagram.com\/portalmf\/","https:\/\/x.com\/https:\/\/x.com\/portalmfoficial","https:\/\/www.youtube.com\/@portalmfoficial"],"url":"https:\/\/portalmf.com.br\/index.php\/author\/junior\/"}]}},"_links":{"self":[{"href":"https:\/\/portalmf.com.br\/index.php\/wp-json\/wp\/v2\/posts\/21667"}],"collection":[{"href":"https:\/\/portalmf.com.br\/index.php\/wp-json\/wp\/v2\/posts"}],"about":[{"href":"https:\/\/portalmf.com.br\/index.php\/wp-json\/wp\/v2\/types\/post"}],"author":[{"embeddable":true,"href":"https:\/\/portalmf.com.br\/index.php\/wp-json\/wp\/v2\/users\/3"}],"replies":[{"embeddable":true,"href":"https:\/\/portalmf.com.br\/index.php\/wp-json\/wp\/v2\/comments?post=21667"}],"version-history":[{"count":1,"href":"https:\/\/portalmf.com.br\/index.php\/wp-json\/wp\/v2\/posts\/21667\/revisions"}],"predecessor-version":[{"id":21669,"href":"https:\/\/portalmf.com.br\/index.php\/wp-json\/wp\/v2\/posts\/21667\/revisions\/21669"}],"wp:featuredmedia":[{"embeddable":true,"href":"https:\/\/portalmf.com.br\/index.php\/wp-json\/wp\/v2\/media\/21668"}],"wp:attachment":[{"href":"https:\/\/portalmf.com.br\/index.php\/wp-json\/wp\/v2\/media?parent=21667"}],"wp:term":[{"taxonomy":"category","embeddable":true,"href":"https:\/\/portalmf.com.br\/index.php\/wp-json\/wp\/v2\/categories?post=21667"},{"taxonomy":"post_tag","embeddable":true,"href":"https:\/\/portalmf.com.br\/index.php\/wp-json\/wp\/v2\/tags?post=21667"}],"curies":[{"name":"wp","href":"https:\/\/api.w.org\/{rel}","templated":true}]}}