{"id":21555,"date":"2024-01-05T14:48:32","date_gmt":"2024-01-05T17:48:32","guid":{"rendered":"https:\/\/portalmf.com.br\/?p=21555"},"modified":"2024-01-05T14:48:35","modified_gmt":"2024-01-05T17:48:35","slug":"2024-comeca-como-terminou-2023-sem-politicas-publicas-para-combater-bandidagem-diz-neto-apos-morte-de-jovem","status":"publish","type":"post","link":"https:\/\/portalmf.com.br\/index.php\/2024\/01\/05\/2024-comeca-como-terminou-2023-sem-politicas-publicas-para-combater-bandidagem-diz-neto-apos-morte-de-jovem\/","title":{"rendered":"\u20192024 come\u00e7a como terminou 2023: sem pol\u00edticas p\u00fablicas para combater bandidagem\u2019, diz Neto ap\u00f3s morte de jovem"},"content":{"rendered":"\n<p>Ap\u00f3s a morte de um jovem de 18 anos na \u00faltima quarta-feira (3), na Praia de Cabu\u00e7u, distrito de Saubara, no Rec\u00f4ncavo baiano, o ex-prefeito de Salvador e secret\u00e1rio-geral do Uni\u00e3o Brasil, ACM Neto, cobrou ao governador da Bahia, Jer\u00f4nimo Rodrigues (PT), a implanta\u00e7\u00e3o de pol\u00edticas p\u00fablicas para a \u00e1rea de seguran\u00e7a p\u00fablica. A v\u00edtima foi assassinada por utilizar uma camisa do desenho animado Mickey Mouse.<\/p>\n\n\n\n<p>\u201c2024 come\u00e7a da mesma forma que terminou 2023: com aus\u00eancia de pol\u00edticas p\u00fablicas para combater a bandidagem na Bahia. Um jovem de 18 anos foi morto em plena praia de Cabu\u00e7u por utilizar uma camisa de desenho animado. Isso \u00e9 inadmiss\u00edvel\u201d, afirmou, em suas redes sociais.<\/p>\n\n\n\n<p>Neto tamb\u00e9m prop\u00f4s a constru\u00e7\u00e3o de pres\u00eddios de seguran\u00e7a m\u00e1xima no estado. \u201cO governador precisa chamar para si a responsabilidade, construir pres\u00eddios de seguran\u00e7a m\u00e1xima e investir em tecnologia para evitar que atos terr\u00edveis continuem tirando a vida dos baianos\u201d, completou.<\/p>\n\n\n\n<p>Segundo a pol\u00edcia, a v\u00edtima teria sido assassinada por um grupo de seis suspeitos. A corpora\u00e7\u00e3o afirmou que o s\u00edmbolo do rato (Mickey) seria vinculado a uma fac\u00e7\u00e3o criminosa. A principal suspeita \u00e9 de que o jovem tenha sido v\u00edtima de um grupo rival.<\/p>\n","protected":false},"excerpt":{"rendered":"<p>Ap\u00f3s a morte de um jovem de 18 anos na \u00faltima quarta-feira (3), na Praia de Cabu\u00e7u, distrito de Saubara, no Rec\u00f4ncavo baiano, o ex-prefeito de Salvador e secret\u00e1rio-geral do Uni\u00e3o Brasil, ACM Neto, cobrou ao governador da Bahia, Jer\u00f4nimo Rodrigues (PT), a implanta\u00e7\u00e3o de pol\u00edticas p\u00fablicas para a \u00e1rea de seguran\u00e7a p\u00fablica. A v\u00edtima [&hellip;]<\/p>\n","protected":false},"author":3,"featured_media":21556,"comment_status":"open","ping_status":"open","sticky":false,"template":"","format":"standard","meta":{"_monsterinsights_skip_tracking":false,"_monsterinsights_sitenote_active":false,"_monsterinsights_sitenote_note":"","_monsterinsights_sitenote_category":0,"footnotes":""},"categories":[34],"tags":[],"yoast_head":"<!-- This site is optimized with the Yoast SEO plugin v22.9 - https:\/\/yoast.com\/wordpress\/plugins\/seo\/ -->\n<title>\u20192024 come\u00e7a como terminou 2023: sem pol\u00edticas p\u00fablicas para combater bandidagem\u2019, diz Neto ap\u00f3s morte de jovem - Portal MF<\/title>\n<meta name=\"robots\" content=\"index, follow, max-snippet:-1, max-image-preview:large, max-video-preview:-1\" \/>\n<link rel=\"canonical\" href=\"https:\/\/portalmf.com.br\/index.php\/2024\/01\/05\/2024-comeca-como-terminou-2023-sem-politicas-publicas-para-combater-bandidagem-diz-neto-apos-morte-de-jovem\/\" \/>\n<meta property=\"og:locale\" content=\"pt_BR\" \/>\n<meta property=\"og:type\" content=\"article\" \/>\n<meta property=\"og:title\" content=\"\u20192024 come\u00e7a como terminou 2023: sem pol\u00edticas p\u00fablicas para combater bandidagem\u2019, diz Neto ap\u00f3s morte de jovem - Portal MF\" \/>\n<meta property=\"og:description\" content=\"Ap\u00f3s a morte de um jovem de 18 anos na \u00faltima quarta-feira (3), na Praia de Cabu\u00e7u, distrito de Saubara, no Rec\u00f4ncavo baiano, o ex-prefeito de Salvador e secret\u00e1rio-geral do Uni\u00e3o Brasil, ACM Neto, cobrou ao governador da Bahia, Jer\u00f4nimo Rodrigues (PT), a implanta\u00e7\u00e3o de pol\u00edticas p\u00fablicas para a \u00e1rea de seguran\u00e7a p\u00fablica. A v\u00edtima [&hellip;]\" \/>\n<meta property=\"og:url\" content=\"https:\/\/portalmf.com.br\/index.php\/2024\/01\/05\/2024-comeca-como-terminou-2023-sem-politicas-publicas-para-combater-bandidagem-diz-neto-apos-morte-de-jovem\/\" \/>\n<meta property=\"og:site_name\" content=\"Portal MF\" \/>\n<meta property=\"article:author\" content=\"https:\/\/www.facebook.com\/portalmfoficial\" \/>\n<meta property=\"article:published_time\" content=\"2024-01-05T17:48:32+00:00\" \/>\n<meta property=\"article:modified_time\" content=\"2024-01-05T17:48:35+00:00\" \/>\n<meta property=\"og:image\" content=\"https:\/\/portalmf.com.br\/wp-content\/uploads\/2024\/01\/ACM-NETO.jpeg\" \/>\n\t<meta property=\"og:image:width\" content=\"1600\" \/>\n\t<meta property=\"og:image:height\" content=\"1068\" \/>\n\t<meta property=\"og:image:type\" content=\"image\/jpeg\" \/>\n<meta name=\"author\" content=\"Reda\u00e7\u00e3o Portal MF\" \/>\n<meta name=\"twitter:card\" content=\"summary_large_image\" \/>\n<meta name=\"twitter:creator\" content=\"@https:\/\/x.com\/portalmfoficial\" \/>\n<meta name=\"twitter:label1\" content=\"Escrito por\" \/>\n\t<meta name=\"twitter:data1\" content=\"Reda\u00e7\u00e3o Portal MF\" \/>\n\t<meta name=\"twitter:label2\" content=\"Est. tempo de leitura\" \/>\n\t<meta name=\"twitter:data2\" content=\"2 minutos\" \/>\n<script type=\"application\/ld+json\" class=\"yoast-schema-graph\">{\"@context\":\"https:\/\/schema.org\",\"@graph\":[{\"@type\":\"WebPage\",\"@id\":\"https:\/\/portalmf.com.br\/index.php\/2024\/01\/05\/2024-comeca-como-terminou-2023-sem-politicas-publicas-para-combater-bandidagem-diz-neto-apos-morte-de-jovem\/\",\"url\":\"https:\/\/portalmf.com.br\/index.php\/2024\/01\/05\/2024-comeca-como-terminou-2023-sem-politicas-publicas-para-combater-bandidagem-diz-neto-apos-morte-de-jovem\/\",\"name\":\"\u20192024 come\u00e7a como terminou 2023: sem pol\u00edticas p\u00fablicas para combater bandidagem\u2019, diz Neto ap\u00f3s morte de jovem - Portal MF\",\"isPartOf\":{\"@id\":\"https:\/\/portalmf.com.br\/#website\"},\"primaryImageOfPage\":{\"@id\":\"https:\/\/portalmf.com.br\/index.php\/2024\/01\/05\/2024-comeca-como-terminou-2023-sem-politicas-publicas-para-combater-bandidagem-diz-neto-apos-morte-de-jovem\/#primaryimage\"},\"image\":{\"@id\":\"https:\/\/portalmf.com.br\/index.php\/2024\/01\/05\/2024-comeca-como-terminou-2023-sem-politicas-publicas-para-combater-bandidagem-diz-neto-apos-morte-de-jovem\/#primaryimage\"},\"thumbnailUrl\":\"https:\/\/portalmf.com.br\/wp-content\/uploads\/2024\/01\/ACM-NETO.jpeg\",\"datePublished\":\"2024-01-05T17:48:32+00:00\",\"dateModified\":\"2024-01-05T17:48:35+00:00\",\"author\":{\"@id\":\"https:\/\/portalmf.com.br\/#\/schema\/person\/9ec101baf56233e53520c26de5d6f6f0\"},\"breadcrumb\":{\"@id\":\"https:\/\/portalmf.com.br\/index.php\/2024\/01\/05\/2024-comeca-como-terminou-2023-sem-politicas-publicas-para-combater-bandidagem-diz-neto-apos-morte-de-jovem\/#breadcrumb\"},\"inLanguage\":\"pt-BR\",\"potentialAction\":[{\"@type\":\"ReadAction\",\"target\":[\"https:\/\/portalmf.com.br\/index.php\/2024\/01\/05\/2024-comeca-como-terminou-2023-sem-politicas-publicas-para-combater-bandidagem-diz-neto-apos-morte-de-jovem\/\"]}]},{\"@type\":\"ImageObject\",\"inLanguage\":\"pt-BR\",\"@id\":\"https:\/\/portalmf.com.br\/index.php\/2024\/01\/05\/2024-comeca-como-terminou-2023-sem-politicas-publicas-para-combater-bandidagem-diz-neto-apos-morte-de-jovem\/#primaryimage\",\"url\":\"https:\/\/portalmf.com.br\/wp-content\/uploads\/2024\/01\/ACM-NETO.jpeg\",\"contentUrl\":\"https:\/\/portalmf.com.br\/wp-content\/uploads\/2024\/01\/ACM-NETO.jpeg\",\"width\":1600,\"height\":1068},{\"@type\":\"BreadcrumbList\",\"@id\":\"https:\/\/portalmf.com.br\/index.php\/2024\/01\/05\/2024-comeca-como-terminou-2023-sem-politicas-publicas-para-combater-bandidagem-diz-neto-apos-morte-de-jovem\/#breadcrumb\",\"itemListElement\":[{\"@type\":\"ListItem\",\"position\":1,\"name\":\"In\u00edcio\",\"item\":\"https:\/\/portalmf.com.br\/\"},{\"@type\":\"ListItem\",\"position\":2,\"name\":\"\u20192024 come\u00e7a como terminou 2023: sem pol\u00edticas p\u00fablicas para combater bandidagem\u2019, diz Neto ap\u00f3s morte de jovem\"}]},{\"@type\":\"WebSite\",\"@id\":\"https:\/\/portalmf.com.br\/#website\",\"url\":\"https:\/\/portalmf.com.br\/\",\"name\":\"Portal MF\",\"description\":\"Voc\u00ea conectado com a informa\u00e7\u00e3o\",\"potentialAction\":[{\"@type\":\"SearchAction\",\"target\":{\"@type\":\"EntryPoint\",\"urlTemplate\":\"https:\/\/portalmf.com.br\/?s={search_term_string}\"},\"query-input\":\"required name=search_term_string\"}],\"inLanguage\":\"pt-BR\"},{\"@type\":\"Person\",\"@id\":\"https:\/\/portalmf.com.br\/#\/schema\/person\/9ec101baf56233e53520c26de5d6f6f0\",\"name\":\"Reda\u00e7\u00e3o Portal MF\",\"image\":{\"@type\":\"ImageObject\",\"inLanguage\":\"pt-BR\",\"@id\":\"https:\/\/portalmf.com.br\/#\/schema\/person\/image\/\",\"url\":\"https:\/\/secure.gravatar.com\/avatar\/41b9aaeb2100835f7c64362330f74c7f?s=96&d=mm&r=g\",\"contentUrl\":\"https:\/\/secure.gravatar.com\/avatar\/41b9aaeb2100835f7c64362330f74c7f?s=96&d=mm&r=g\",\"caption\":\"Reda\u00e7\u00e3o Portal MF\"},\"description\":\"Sejam bem-vindos o portal de informa\u00e7\u00f5es de entretenimento de Feira de Santana, desde 2006 realiza coberturas dos principais eventos com entrevistas exclusivas com as principais personalidades mundiais. Fique conectado tamb\u00e9m nas redes sociais.\",\"sameAs\":[\"http:\/\/www.portalmf.com.br\/\",\"https:\/\/www.facebook.com\/portalmfoficial\",\"https:\/\/www.instagram.com\/portalmf\/\",\"https:\/\/x.com\/https:\/\/x.com\/portalmfoficial\",\"https:\/\/www.youtube.com\/@portalmfoficial\"],\"url\":\"https:\/\/portalmf.com.br\/index.php\/author\/junior\/\"}]}<\/script>\n<!-- \/ Yoast SEO plugin. -->","yoast_head_json":{"title":"\u20192024 come\u00e7a como terminou 2023: sem pol\u00edticas p\u00fablicas para combater bandidagem\u2019, diz Neto ap\u00f3s morte de jovem - Portal MF","robots":{"index":"index","follow":"follow","max-snippet":"max-snippet:-1","max-image-preview":"max-image-preview:large","max-video-preview":"max-video-preview:-1"},"canonical":"https:\/\/portalmf.com.br\/index.php\/2024\/01\/05\/2024-comeca-como-terminou-2023-sem-politicas-publicas-para-combater-bandidagem-diz-neto-apos-morte-de-jovem\/","og_locale":"pt_BR","og_type":"article","og_title":"\u20192024 come\u00e7a como terminou 2023: sem pol\u00edticas p\u00fablicas para combater bandidagem\u2019, diz Neto ap\u00f3s morte de jovem - Portal MF","og_description":"Ap\u00f3s a morte de um jovem de 18 anos na \u00faltima quarta-feira (3), na Praia de Cabu\u00e7u, distrito de Saubara, no Rec\u00f4ncavo baiano, o ex-prefeito de Salvador e secret\u00e1rio-geral do Uni\u00e3o Brasil, ACM Neto, cobrou ao governador da Bahia, Jer\u00f4nimo Rodrigues (PT), a implanta\u00e7\u00e3o de pol\u00edticas p\u00fablicas para a \u00e1rea de seguran\u00e7a p\u00fablica. A v\u00edtima [&hellip;]","og_url":"https:\/\/portalmf.com.br\/index.php\/2024\/01\/05\/2024-comeca-como-terminou-2023-sem-politicas-publicas-para-combater-bandidagem-diz-neto-apos-morte-de-jovem\/","og_site_name":"Portal MF","article_author":"https:\/\/www.facebook.com\/portalmfoficial","article_published_time":"2024-01-05T17:48:32+00:00","article_modified_time":"2024-01-05T17:48:35+00:00","og_image":[{"width":1600,"height":1068,"url":"https:\/\/portalmf.com.br\/wp-content\/uploads\/2024\/01\/ACM-NETO.jpeg","type":"image\/jpeg"}],"author":"Reda\u00e7\u00e3o Portal MF","twitter_card":"summary_large_image","twitter_creator":"@https:\/\/x.com\/portalmfoficial","twitter_misc":{"Escrito por":"Reda\u00e7\u00e3o Portal MF","Est. tempo de leitura":"2 minutos"},"schema":{"@context":"https:\/\/schema.org","@graph":[{"@type":"WebPage","@id":"https:\/\/portalmf.com.br\/index.php\/2024\/01\/05\/2024-comeca-como-terminou-2023-sem-politicas-publicas-para-combater-bandidagem-diz-neto-apos-morte-de-jovem\/","url":"https:\/\/portalmf.com.br\/index.php\/2024\/01\/05\/2024-comeca-como-terminou-2023-sem-politicas-publicas-para-combater-bandidagem-diz-neto-apos-morte-de-jovem\/","name":"\u20192024 come\u00e7a como terminou 2023: sem pol\u00edticas p\u00fablicas para combater bandidagem\u2019, diz Neto ap\u00f3s morte de jovem - Portal MF","isPartOf":{"@id":"https:\/\/portalmf.com.br\/#website"},"primaryImageOfPage":{"@id":"https:\/\/portalmf.com.br\/index.php\/2024\/01\/05\/2024-comeca-como-terminou-2023-sem-politicas-publicas-para-combater-bandidagem-diz-neto-apos-morte-de-jovem\/#primaryimage"},"image":{"@id":"https:\/\/portalmf.com.br\/index.php\/2024\/01\/05\/2024-comeca-como-terminou-2023-sem-politicas-publicas-para-combater-bandidagem-diz-neto-apos-morte-de-jovem\/#primaryimage"},"thumbnailUrl":"https:\/\/portalmf.com.br\/wp-content\/uploads\/2024\/01\/ACM-NETO.jpeg","datePublished":"2024-01-05T17:48:32+00:00","dateModified":"2024-01-05T17:48:35+00:00","author":{"@id":"https:\/\/portalmf.com.br\/#\/schema\/person\/9ec101baf56233e53520c26de5d6f6f0"},"breadcrumb":{"@id":"https:\/\/portalmf.com.br\/index.php\/2024\/01\/05\/2024-comeca-como-terminou-2023-sem-politicas-publicas-para-combater-bandidagem-diz-neto-apos-morte-de-jovem\/#breadcrumb"},"inLanguage":"pt-BR","potentialAction":[{"@type":"ReadAction","target":["https:\/\/portalmf.com.br\/index.php\/2024\/01\/05\/2024-comeca-como-terminou-2023-sem-politicas-publicas-para-combater-bandidagem-diz-neto-apos-morte-de-jovem\/"]}]},{"@type":"ImageObject","inLanguage":"pt-BR","@id":"https:\/\/portalmf.com.br\/index.php\/2024\/01\/05\/2024-comeca-como-terminou-2023-sem-politicas-publicas-para-combater-bandidagem-diz-neto-apos-morte-de-jovem\/#primaryimage","url":"https:\/\/portalmf.com.br\/wp-content\/uploads\/2024\/01\/ACM-NETO.jpeg","contentUrl":"https:\/\/portalmf.com.br\/wp-content\/uploads\/2024\/01\/ACM-NETO.jpeg","width":1600,"height":1068},{"@type":"BreadcrumbList","@id":"https:\/\/portalmf.com.br\/index.php\/2024\/01\/05\/2024-comeca-como-terminou-2023-sem-politicas-publicas-para-combater-bandidagem-diz-neto-apos-morte-de-jovem\/#breadcrumb","itemListElement":[{"@type":"ListItem","position":1,"name":"In\u00edcio","item":"https:\/\/portalmf.com.br\/"},{"@type":"ListItem","position":2,"name":"\u20192024 come\u00e7a como terminou 2023: sem pol\u00edticas p\u00fablicas para combater bandidagem\u2019, diz Neto ap\u00f3s morte de jovem"}]},{"@type":"WebSite","@id":"https:\/\/portalmf.com.br\/#website","url":"https:\/\/portalmf.com.br\/","name":"Portal MF","description":"Voc\u00ea conectado com a informa\u00e7\u00e3o","potentialAction":[{"@type":"SearchAction","target":{"@type":"EntryPoint","urlTemplate":"https:\/\/portalmf.com.br\/?s={search_term_string}"},"query-input":"required name=search_term_string"}],"inLanguage":"pt-BR"},{"@type":"Person","@id":"https:\/\/portalmf.com.br\/#\/schema\/person\/9ec101baf56233e53520c26de5d6f6f0","name":"Reda\u00e7\u00e3o Portal MF","image":{"@type":"ImageObject","inLanguage":"pt-BR","@id":"https:\/\/portalmf.com.br\/#\/schema\/person\/image\/","url":"https:\/\/secure.gravatar.com\/avatar\/41b9aaeb2100835f7c64362330f74c7f?s=96&d=mm&r=g","contentUrl":"https:\/\/secure.gravatar.com\/avatar\/41b9aaeb2100835f7c64362330f74c7f?s=96&d=mm&r=g","caption":"Reda\u00e7\u00e3o Portal MF"},"description":"Sejam bem-vindos o portal de informa\u00e7\u00f5es de entretenimento de Feira de Santana, desde 2006 realiza coberturas dos principais eventos com entrevistas exclusivas com as principais personalidades mundiais. Fique conectado tamb\u00e9m nas redes sociais.","sameAs":["http:\/\/www.portalmf.com.br\/","https:\/\/www.facebook.com\/portalmfoficial","https:\/\/www.instagram.com\/portalmf\/","https:\/\/x.com\/https:\/\/x.com\/portalmfoficial","https:\/\/www.youtube.com\/@portalmfoficial"],"url":"https:\/\/portalmf.com.br\/index.php\/author\/junior\/"}]}},"_links":{"self":[{"href":"https:\/\/portalmf.com.br\/index.php\/wp-json\/wp\/v2\/posts\/21555"}],"collection":[{"href":"https:\/\/portalmf.com.br\/index.php\/wp-json\/wp\/v2\/posts"}],"about":[{"href":"https:\/\/portalmf.com.br\/index.php\/wp-json\/wp\/v2\/types\/post"}],"author":[{"embeddable":true,"href":"https:\/\/portalmf.com.br\/index.php\/wp-json\/wp\/v2\/users\/3"}],"replies":[{"embeddable":true,"href":"https:\/\/portalmf.com.br\/index.php\/wp-json\/wp\/v2\/comments?post=21555"}],"version-history":[{"count":1,"href":"https:\/\/portalmf.com.br\/index.php\/wp-json\/wp\/v2\/posts\/21555\/revisions"}],"predecessor-version":[{"id":21557,"href":"https:\/\/portalmf.com.br\/index.php\/wp-json\/wp\/v2\/posts\/21555\/revisions\/21557"}],"wp:featuredmedia":[{"embeddable":true,"href":"https:\/\/portalmf.com.br\/index.php\/wp-json\/wp\/v2\/media\/21556"}],"wp:attachment":[{"href":"https:\/\/portalmf.com.br\/index.php\/wp-json\/wp\/v2\/media?parent=21555"}],"wp:term":[{"taxonomy":"category","embeddable":true,"href":"https:\/\/portalmf.com.br\/index.php\/wp-json\/wp\/v2\/categories?post=21555"},{"taxonomy":"post_tag","embeddable":true,"href":"https:\/\/portalmf.com.br\/index.php\/wp-json\/wp\/v2\/tags?post=21555"}],"curies":[{"name":"wp","href":"https:\/\/api.w.org\/{rel}","templated":true}]}}