{"id":21543,"date":"2024-01-04T17:00:10","date_gmt":"2024-01-04T20:00:10","guid":{"rendered":"https:\/\/portalmf.com.br\/?p=21543"},"modified":"2024-01-04T17:00:11","modified_gmt":"2024-01-04T20:00:11","slug":"o-pt-estara-de-corpo-e-alma-e-com-dedicacao-total-a-candidatura-de-geraldinho-afirma-presidente-do-pt-bahia-2","status":"publish","type":"post","link":"https:\/\/portalmf.com.br\/index.php\/2024\/01\/04\/o-pt-estara-de-corpo-e-alma-e-com-dedicacao-total-a-candidatura-de-geraldinho-afirma-presidente-do-pt-bahia-2\/","title":{"rendered":"&#8220;O PT estar\u00e1 de corpo e alma e com dedica\u00e7\u00e3o total \u00e0 candidatura de Geraldinho\u201d, afirma presidente do PT Bahia"},"content":{"rendered":"\n<p>Em entrevista ao programa Linha de Frente, da TV Aratu, veiculada nesta quinta-feira, 04, o presidente do Partido dos Trabalhadores da Bahia, \u00c9den Valadares, afirmou que o partido ir\u00e1 se dedicar em n\u00e3o s\u00f3 apoiar como participar ativamente da campanha do vice-governador Geraldo J\u00fanior, pr\u00e9-candidato da base do governador Jer\u00f4nimo Rodrigues, \u00e0 prefeitura de Salvador. Na entrevista, o dirigente partid\u00e1rio disse acreditar que os partidos que comp\u00f5em o arco de alian\u00e7as do governador apoiem o PT nas principais maiores cidades da Bahia \u2013 Feira de Santana, Vit\u00f3ria da Conquista e Cama\u00e7ari.<\/p>\n\n\n\n<p><em>\u201cCom a responsabilidade que temos de ser o partido do presidente Lula e do governador da Bahia no quinto mandato, quem tem o presidente da Rep\u00fablica e quem tem pela quinta vez o governador, tem que saber ser apoiado e saber apoiar. N\u00f3s teremos provavelmente o apoio da nossa base nas principais cidades da Bahia \u2013 Feira de Santana, Vit\u00f3ria da Conquista, Cama\u00e7ari \u2013 reivindicando para o PT essas candidaturas. Em Salvador, entendemos que a maioria dos partidos e das nossas principais lideran\u00e7as \u00e9 que Geraldo J\u00fanior estava em uma condi\u00e7\u00e3o um pouco melhor do que Ol\u00edvia Santana (PCdoB) e Robinson Almeida (PT) para colocar o nome\u201d,<\/em> afirmou \u00c9den, ao dizer que objetivo do grupo era manter a base a unida.<\/p>\n\n\n\n<p><em>\u201cN\u00f3s sempre defendemos o nome de Robinson desde que fosse para unificar o grupo. Se algu\u00e9m unifica melhor, a\u00ed n\u00f3s temos que manter, digamos, o motor girando porque o PT tem campanha de vereador para fazer, o PT quer ter participa\u00e7\u00e3o no programa de governo de Geraldinho, o PT quer ajudar a dirigir a campanha, quer ter participa\u00e7\u00e3o na mobiliza\u00e7\u00e3o. Presen\u00e7a de rua n\u00f3s faremos na campanha de Geraldo como far\u00edamos na de Robinson ou de outro candidato nosso, at\u00e9 porque Geraldo \u00e9 o candidato de Lula, \u00e9 o candidato de Jer\u00f4nimo. Sendo assim, o PT estar\u00e1 de corpo e alma e com dedica\u00e7\u00e3o total \u00e0 candidatura de Geraldinho\u201d, <\/em>acrescentou \u00c9den.<\/p>\n\n\n\n<p>O dirigente partid\u00e1rio ressaltou ainda que, al\u00e9m de apoiar a candidatura de Geraldo J\u00fanior, o PT vai trabalhar para ampliar o n\u00famero de vereadores n\u00e3o s\u00f3 em Salvador como em todo o estado nas elei\u00e7\u00f5es municipais de 2024. O petista explicou ainda que o fato de o PT n\u00e3o ter um candidato na cabe\u00e7a de chapa, como em Salvador, por exemplo, n\u00e3o interfere nos votos que ser\u00e3o dados aos vereadores, ainda mais com o advento do instituto da Federa\u00e7\u00e3o, que come\u00e7ar\u00e1 a valer nas elei\u00e7\u00f5es municipais a partir do pr\u00f3ximo ano.<\/p>\n\n\n\n<p><em>\u201cNa elei\u00e7\u00e3o passada, Lula ganhou na Bahia com quatro milh\u00f5es e meio de votos, Jer\u00f4nimo teve quatro milh\u00f5es e meio de votos para governador. Ou seja, n\u00f3s ganhamos para presidente e para governador, mas a vota\u00e7\u00e3o na legenda do 13 caiu\u201d, disse \u00c9den para explicar que n\u00e3o h\u00e1 uma rela\u00e7\u00e3o necessariamente direta entre a representa\u00e7\u00e3o na chapa majorit\u00e1ria e o aumento de votos para o legislativo. Sobre a Federa\u00e7\u00e3o, \u00c9den afirmou que \u201ctem que pegar tr\u00eas partidos grandes e tradicionais da esquerda como s\u00e3o o PCdoB, PV e PT e montar uma t\u00e1tica eleitoral, uma chapa de vereadores que alcance o maior n\u00famero de segmentos da sociedade, de categorias, de trabalhadores, de bases de comunidades numa distribui\u00e7\u00e3o espacial, regional territorial que ocupe a cidade, mas que tamb\u00e9m consiga dialogar com as mulheres, com o movimento negro, com a universidade. Ent\u00e3o tem o desafio grande\u201d, <\/em>disse.<\/p>\n","protected":false},"excerpt":{"rendered":"<p>Em entrevista ao programa Linha de Frente, da TV Aratu, veiculada nesta quinta-feira, 04, o presidente do Partido dos Trabalhadores da Bahia, \u00c9den Valadares, afirmou que o partido ir\u00e1 se dedicar em n\u00e3o s\u00f3 apoiar como participar ativamente da campanha do vice-governador Geraldo J\u00fanior, pr\u00e9-candidato da base do governador Jer\u00f4nimo Rodrigues, \u00e0 prefeitura de Salvador. [&hellip;]<\/p>\n","protected":false},"author":3,"featured_media":21544,"comment_status":"open","ping_status":"open","sticky":false,"template":"","format":"standard","meta":{"_monsterinsights_skip_tracking":false,"_monsterinsights_sitenote_active":false,"_monsterinsights_sitenote_note":"","_monsterinsights_sitenote_category":0,"footnotes":""},"categories":[34],"tags":[],"yoast_head":"<!-- This site is optimized with the Yoast SEO plugin v22.9 - https:\/\/yoast.com\/wordpress\/plugins\/seo\/ -->\n<title>&quot;O PT estar\u00e1 de corpo e alma e com dedica\u00e7\u00e3o total \u00e0 candidatura de Geraldinho\u201d, afirma presidente do PT Bahia - Portal MF<\/title>\n<meta name=\"robots\" content=\"index, follow, max-snippet:-1, max-image-preview:large, max-video-preview:-1\" \/>\n<link rel=\"canonical\" href=\"https:\/\/portalmf.com.br\/index.php\/2024\/01\/04\/o-pt-estara-de-corpo-e-alma-e-com-dedicacao-total-a-candidatura-de-geraldinho-afirma-presidente-do-pt-bahia-2\/\" \/>\n<meta property=\"og:locale\" content=\"pt_BR\" \/>\n<meta property=\"og:type\" content=\"article\" \/>\n<meta property=\"og:title\" content=\"&quot;O PT estar\u00e1 de corpo e alma e com dedica\u00e7\u00e3o total \u00e0 candidatura de Geraldinho\u201d, afirma presidente do PT Bahia - Portal MF\" \/>\n<meta property=\"og:description\" content=\"Em entrevista ao programa Linha de Frente, da TV Aratu, veiculada nesta quinta-feira, 04, o presidente do Partido dos Trabalhadores da Bahia, \u00c9den Valadares, afirmou que o partido ir\u00e1 se dedicar em n\u00e3o s\u00f3 apoiar como participar ativamente da campanha do vice-governador Geraldo J\u00fanior, pr\u00e9-candidato da base do governador Jer\u00f4nimo Rodrigues, \u00e0 prefeitura de Salvador. [&hellip;]\" \/>\n<meta property=\"og:url\" content=\"https:\/\/portalmf.com.br\/index.php\/2024\/01\/04\/o-pt-estara-de-corpo-e-alma-e-com-dedicacao-total-a-candidatura-de-geraldinho-afirma-presidente-do-pt-bahia-2\/\" \/>\n<meta property=\"og:site_name\" content=\"Portal MF\" \/>\n<meta property=\"article:author\" content=\"https:\/\/www.facebook.com\/portalmfoficial\" \/>\n<meta property=\"article:published_time\" content=\"2024-01-04T20:00:10+00:00\" \/>\n<meta property=\"article:modified_time\" content=\"2024-01-04T20:00:11+00:00\" \/>\n<meta property=\"og:image\" content=\"https:\/\/portalmf.com.br\/wp-content\/uploads\/2024\/01\/Eden-no-programa-Linha-de-Frente.jpg\" \/>\n\t<meta property=\"og:image:width\" content=\"1011\" \/>\n\t<meta property=\"og:image:height\" content=\"711\" \/>\n\t<meta property=\"og:image:type\" content=\"image\/jpeg\" \/>\n<meta name=\"author\" content=\"Reda\u00e7\u00e3o Portal MF\" \/>\n<meta name=\"twitter:card\" content=\"summary_large_image\" \/>\n<meta name=\"twitter:creator\" content=\"@https:\/\/x.com\/portalmfoficial\" \/>\n<meta name=\"twitter:label1\" content=\"Escrito por\" \/>\n\t<meta name=\"twitter:data1\" content=\"Reda\u00e7\u00e3o Portal MF\" \/>\n\t<meta name=\"twitter:label2\" content=\"Est. tempo de leitura\" \/>\n\t<meta name=\"twitter:data2\" content=\"4 minutos\" \/>\n<script type=\"application\/ld+json\" class=\"yoast-schema-graph\">{\"@context\":\"https:\/\/schema.org\",\"@graph\":[{\"@type\":\"WebPage\",\"@id\":\"https:\/\/portalmf.com.br\/index.php\/2024\/01\/04\/o-pt-estara-de-corpo-e-alma-e-com-dedicacao-total-a-candidatura-de-geraldinho-afirma-presidente-do-pt-bahia-2\/\",\"url\":\"https:\/\/portalmf.com.br\/index.php\/2024\/01\/04\/o-pt-estara-de-corpo-e-alma-e-com-dedicacao-total-a-candidatura-de-geraldinho-afirma-presidente-do-pt-bahia-2\/\",\"name\":\"\\\"O PT estar\u00e1 de corpo e alma e com dedica\u00e7\u00e3o total \u00e0 candidatura de Geraldinho\u201d, afirma presidente do PT Bahia - Portal MF\",\"isPartOf\":{\"@id\":\"https:\/\/portalmf.com.br\/#website\"},\"primaryImageOfPage\":{\"@id\":\"https:\/\/portalmf.com.br\/index.php\/2024\/01\/04\/o-pt-estara-de-corpo-e-alma-e-com-dedicacao-total-a-candidatura-de-geraldinho-afirma-presidente-do-pt-bahia-2\/#primaryimage\"},\"image\":{\"@id\":\"https:\/\/portalmf.com.br\/index.php\/2024\/01\/04\/o-pt-estara-de-corpo-e-alma-e-com-dedicacao-total-a-candidatura-de-geraldinho-afirma-presidente-do-pt-bahia-2\/#primaryimage\"},\"thumbnailUrl\":\"https:\/\/portalmf.com.br\/wp-content\/uploads\/2024\/01\/Eden-no-programa-Linha-de-Frente.jpg\",\"datePublished\":\"2024-01-04T20:00:10+00:00\",\"dateModified\":\"2024-01-04T20:00:11+00:00\",\"author\":{\"@id\":\"https:\/\/portalmf.com.br\/#\/schema\/person\/9ec101baf56233e53520c26de5d6f6f0\"},\"breadcrumb\":{\"@id\":\"https:\/\/portalmf.com.br\/index.php\/2024\/01\/04\/o-pt-estara-de-corpo-e-alma-e-com-dedicacao-total-a-candidatura-de-geraldinho-afirma-presidente-do-pt-bahia-2\/#breadcrumb\"},\"inLanguage\":\"pt-BR\",\"potentialAction\":[{\"@type\":\"ReadAction\",\"target\":[\"https:\/\/portalmf.com.br\/index.php\/2024\/01\/04\/o-pt-estara-de-corpo-e-alma-e-com-dedicacao-total-a-candidatura-de-geraldinho-afirma-presidente-do-pt-bahia-2\/\"]}]},{\"@type\":\"ImageObject\",\"inLanguage\":\"pt-BR\",\"@id\":\"https:\/\/portalmf.com.br\/index.php\/2024\/01\/04\/o-pt-estara-de-corpo-e-alma-e-com-dedicacao-total-a-candidatura-de-geraldinho-afirma-presidente-do-pt-bahia-2\/#primaryimage\",\"url\":\"https:\/\/portalmf.com.br\/wp-content\/uploads\/2024\/01\/Eden-no-programa-Linha-de-Frente.jpg\",\"contentUrl\":\"https:\/\/portalmf.com.br\/wp-content\/uploads\/2024\/01\/Eden-no-programa-Linha-de-Frente.jpg\",\"width\":1011,\"height\":711},{\"@type\":\"BreadcrumbList\",\"@id\":\"https:\/\/portalmf.com.br\/index.php\/2024\/01\/04\/o-pt-estara-de-corpo-e-alma-e-com-dedicacao-total-a-candidatura-de-geraldinho-afirma-presidente-do-pt-bahia-2\/#breadcrumb\",\"itemListElement\":[{\"@type\":\"ListItem\",\"position\":1,\"name\":\"In\u00edcio\",\"item\":\"https:\/\/portalmf.com.br\/\"},{\"@type\":\"ListItem\",\"position\":2,\"name\":\"&#8220;O PT estar\u00e1 de corpo e alma e com dedica\u00e7\u00e3o total \u00e0 candidatura de Geraldinho\u201d, afirma presidente do PT Bahia\"}]},{\"@type\":\"WebSite\",\"@id\":\"https:\/\/portalmf.com.br\/#website\",\"url\":\"https:\/\/portalmf.com.br\/\",\"name\":\"Portal MF\",\"description\":\"Voc\u00ea conectado com a informa\u00e7\u00e3o\",\"potentialAction\":[{\"@type\":\"SearchAction\",\"target\":{\"@type\":\"EntryPoint\",\"urlTemplate\":\"https:\/\/portalmf.com.br\/?s={search_term_string}\"},\"query-input\":\"required name=search_term_string\"}],\"inLanguage\":\"pt-BR\"},{\"@type\":\"Person\",\"@id\":\"https:\/\/portalmf.com.br\/#\/schema\/person\/9ec101baf56233e53520c26de5d6f6f0\",\"name\":\"Reda\u00e7\u00e3o Portal MF\",\"image\":{\"@type\":\"ImageObject\",\"inLanguage\":\"pt-BR\",\"@id\":\"https:\/\/portalmf.com.br\/#\/schema\/person\/image\/\",\"url\":\"https:\/\/secure.gravatar.com\/avatar\/41b9aaeb2100835f7c64362330f74c7f?s=96&d=mm&r=g\",\"contentUrl\":\"https:\/\/secure.gravatar.com\/avatar\/41b9aaeb2100835f7c64362330f74c7f?s=96&d=mm&r=g\",\"caption\":\"Reda\u00e7\u00e3o Portal MF\"},\"description\":\"Sejam bem-vindos o portal de informa\u00e7\u00f5es de entretenimento de Feira de Santana, desde 2006 realiza coberturas dos principais eventos com entrevistas exclusivas com as principais personalidades mundiais. Fique conectado tamb\u00e9m nas redes sociais.\",\"sameAs\":[\"http:\/\/www.portalmf.com.br\/\",\"https:\/\/www.facebook.com\/portalmfoficial\",\"https:\/\/www.instagram.com\/portalmf\/\",\"https:\/\/x.com\/https:\/\/x.com\/portalmfoficial\",\"https:\/\/www.youtube.com\/@portalmfoficial\"],\"url\":\"https:\/\/portalmf.com.br\/index.php\/author\/junior\/\"}]}<\/script>\n<!-- \/ Yoast SEO plugin. -->","yoast_head_json":{"title":"\"O PT estar\u00e1 de corpo e alma e com dedica\u00e7\u00e3o total \u00e0 candidatura de Geraldinho\u201d, afirma presidente do PT Bahia - Portal MF","robots":{"index":"index","follow":"follow","max-snippet":"max-snippet:-1","max-image-preview":"max-image-preview:large","max-video-preview":"max-video-preview:-1"},"canonical":"https:\/\/portalmf.com.br\/index.php\/2024\/01\/04\/o-pt-estara-de-corpo-e-alma-e-com-dedicacao-total-a-candidatura-de-geraldinho-afirma-presidente-do-pt-bahia-2\/","og_locale":"pt_BR","og_type":"article","og_title":"\"O PT estar\u00e1 de corpo e alma e com dedica\u00e7\u00e3o total \u00e0 candidatura de Geraldinho\u201d, afirma presidente do PT Bahia - Portal MF","og_description":"Em entrevista ao programa Linha de Frente, da TV Aratu, veiculada nesta quinta-feira, 04, o presidente do Partido dos Trabalhadores da Bahia, \u00c9den Valadares, afirmou que o partido ir\u00e1 se dedicar em n\u00e3o s\u00f3 apoiar como participar ativamente da campanha do vice-governador Geraldo J\u00fanior, pr\u00e9-candidato da base do governador Jer\u00f4nimo Rodrigues, \u00e0 prefeitura de Salvador. [&hellip;]","og_url":"https:\/\/portalmf.com.br\/index.php\/2024\/01\/04\/o-pt-estara-de-corpo-e-alma-e-com-dedicacao-total-a-candidatura-de-geraldinho-afirma-presidente-do-pt-bahia-2\/","og_site_name":"Portal MF","article_author":"https:\/\/www.facebook.com\/portalmfoficial","article_published_time":"2024-01-04T20:00:10+00:00","article_modified_time":"2024-01-04T20:00:11+00:00","og_image":[{"width":1011,"height":711,"url":"https:\/\/portalmf.com.br\/wp-content\/uploads\/2024\/01\/Eden-no-programa-Linha-de-Frente.jpg","type":"image\/jpeg"}],"author":"Reda\u00e7\u00e3o Portal MF","twitter_card":"summary_large_image","twitter_creator":"@https:\/\/x.com\/portalmfoficial","twitter_misc":{"Escrito por":"Reda\u00e7\u00e3o Portal MF","Est. tempo de leitura":"4 minutos"},"schema":{"@context":"https:\/\/schema.org","@graph":[{"@type":"WebPage","@id":"https:\/\/portalmf.com.br\/index.php\/2024\/01\/04\/o-pt-estara-de-corpo-e-alma-e-com-dedicacao-total-a-candidatura-de-geraldinho-afirma-presidente-do-pt-bahia-2\/","url":"https:\/\/portalmf.com.br\/index.php\/2024\/01\/04\/o-pt-estara-de-corpo-e-alma-e-com-dedicacao-total-a-candidatura-de-geraldinho-afirma-presidente-do-pt-bahia-2\/","name":"\"O PT estar\u00e1 de corpo e alma e com dedica\u00e7\u00e3o total \u00e0 candidatura de Geraldinho\u201d, afirma presidente do PT Bahia - Portal MF","isPartOf":{"@id":"https:\/\/portalmf.com.br\/#website"},"primaryImageOfPage":{"@id":"https:\/\/portalmf.com.br\/index.php\/2024\/01\/04\/o-pt-estara-de-corpo-e-alma-e-com-dedicacao-total-a-candidatura-de-geraldinho-afirma-presidente-do-pt-bahia-2\/#primaryimage"},"image":{"@id":"https:\/\/portalmf.com.br\/index.php\/2024\/01\/04\/o-pt-estara-de-corpo-e-alma-e-com-dedicacao-total-a-candidatura-de-geraldinho-afirma-presidente-do-pt-bahia-2\/#primaryimage"},"thumbnailUrl":"https:\/\/portalmf.com.br\/wp-content\/uploads\/2024\/01\/Eden-no-programa-Linha-de-Frente.jpg","datePublished":"2024-01-04T20:00:10+00:00","dateModified":"2024-01-04T20:00:11+00:00","author":{"@id":"https:\/\/portalmf.com.br\/#\/schema\/person\/9ec101baf56233e53520c26de5d6f6f0"},"breadcrumb":{"@id":"https:\/\/portalmf.com.br\/index.php\/2024\/01\/04\/o-pt-estara-de-corpo-e-alma-e-com-dedicacao-total-a-candidatura-de-geraldinho-afirma-presidente-do-pt-bahia-2\/#breadcrumb"},"inLanguage":"pt-BR","potentialAction":[{"@type":"ReadAction","target":["https:\/\/portalmf.com.br\/index.php\/2024\/01\/04\/o-pt-estara-de-corpo-e-alma-e-com-dedicacao-total-a-candidatura-de-geraldinho-afirma-presidente-do-pt-bahia-2\/"]}]},{"@type":"ImageObject","inLanguage":"pt-BR","@id":"https:\/\/portalmf.com.br\/index.php\/2024\/01\/04\/o-pt-estara-de-corpo-e-alma-e-com-dedicacao-total-a-candidatura-de-geraldinho-afirma-presidente-do-pt-bahia-2\/#primaryimage","url":"https:\/\/portalmf.com.br\/wp-content\/uploads\/2024\/01\/Eden-no-programa-Linha-de-Frente.jpg","contentUrl":"https:\/\/portalmf.com.br\/wp-content\/uploads\/2024\/01\/Eden-no-programa-Linha-de-Frente.jpg","width":1011,"height":711},{"@type":"BreadcrumbList","@id":"https:\/\/portalmf.com.br\/index.php\/2024\/01\/04\/o-pt-estara-de-corpo-e-alma-e-com-dedicacao-total-a-candidatura-de-geraldinho-afirma-presidente-do-pt-bahia-2\/#breadcrumb","itemListElement":[{"@type":"ListItem","position":1,"name":"In\u00edcio","item":"https:\/\/portalmf.com.br\/"},{"@type":"ListItem","position":2,"name":"&#8220;O PT estar\u00e1 de corpo e alma e com dedica\u00e7\u00e3o total \u00e0 candidatura de Geraldinho\u201d, afirma presidente do PT Bahia"}]},{"@type":"WebSite","@id":"https:\/\/portalmf.com.br\/#website","url":"https:\/\/portalmf.com.br\/","name":"Portal MF","description":"Voc\u00ea conectado com a informa\u00e7\u00e3o","potentialAction":[{"@type":"SearchAction","target":{"@type":"EntryPoint","urlTemplate":"https:\/\/portalmf.com.br\/?s={search_term_string}"},"query-input":"required name=search_term_string"}],"inLanguage":"pt-BR"},{"@type":"Person","@id":"https:\/\/portalmf.com.br\/#\/schema\/person\/9ec101baf56233e53520c26de5d6f6f0","name":"Reda\u00e7\u00e3o Portal MF","image":{"@type":"ImageObject","inLanguage":"pt-BR","@id":"https:\/\/portalmf.com.br\/#\/schema\/person\/image\/","url":"https:\/\/secure.gravatar.com\/avatar\/41b9aaeb2100835f7c64362330f74c7f?s=96&d=mm&r=g","contentUrl":"https:\/\/secure.gravatar.com\/avatar\/41b9aaeb2100835f7c64362330f74c7f?s=96&d=mm&r=g","caption":"Reda\u00e7\u00e3o Portal MF"},"description":"Sejam bem-vindos o portal de informa\u00e7\u00f5es de entretenimento de Feira de Santana, desde 2006 realiza coberturas dos principais eventos com entrevistas exclusivas com as principais personalidades mundiais. Fique conectado tamb\u00e9m nas redes sociais.","sameAs":["http:\/\/www.portalmf.com.br\/","https:\/\/www.facebook.com\/portalmfoficial","https:\/\/www.instagram.com\/portalmf\/","https:\/\/x.com\/https:\/\/x.com\/portalmfoficial","https:\/\/www.youtube.com\/@portalmfoficial"],"url":"https:\/\/portalmf.com.br\/index.php\/author\/junior\/"}]}},"_links":{"self":[{"href":"https:\/\/portalmf.com.br\/index.php\/wp-json\/wp\/v2\/posts\/21543"}],"collection":[{"href":"https:\/\/portalmf.com.br\/index.php\/wp-json\/wp\/v2\/posts"}],"about":[{"href":"https:\/\/portalmf.com.br\/index.php\/wp-json\/wp\/v2\/types\/post"}],"author":[{"embeddable":true,"href":"https:\/\/portalmf.com.br\/index.php\/wp-json\/wp\/v2\/users\/3"}],"replies":[{"embeddable":true,"href":"https:\/\/portalmf.com.br\/index.php\/wp-json\/wp\/v2\/comments?post=21543"}],"version-history":[{"count":1,"href":"https:\/\/portalmf.com.br\/index.php\/wp-json\/wp\/v2\/posts\/21543\/revisions"}],"predecessor-version":[{"id":21545,"href":"https:\/\/portalmf.com.br\/index.php\/wp-json\/wp\/v2\/posts\/21543\/revisions\/21545"}],"wp:featuredmedia":[{"embeddable":true,"href":"https:\/\/portalmf.com.br\/index.php\/wp-json\/wp\/v2\/media\/21544"}],"wp:attachment":[{"href":"https:\/\/portalmf.com.br\/index.php\/wp-json\/wp\/v2\/media?parent=21543"}],"wp:term":[{"taxonomy":"category","embeddable":true,"href":"https:\/\/portalmf.com.br\/index.php\/wp-json\/wp\/v2\/categories?post=21543"},{"taxonomy":"post_tag","embeddable":true,"href":"https:\/\/portalmf.com.br\/index.php\/wp-json\/wp\/v2\/tags?post=21543"}],"curies":[{"name":"wp","href":"https:\/\/api.w.org\/{rel}","templated":true}]}}