{"id":21540,"date":"2024-01-04T16:58:00","date_gmt":"2024-01-04T19:58:00","guid":{"rendered":"https:\/\/portalmf.com.br\/?p=21540"},"modified":"2024-01-04T16:58:01","modified_gmt":"2024-01-04T19:58:01","slug":"prefeitura-segue-com-servicos-de-reparos-tapa-buracos-e-reformas-de-pracas","status":"publish","type":"post","link":"https:\/\/portalmf.com.br\/index.php\/2024\/01\/04\/prefeitura-segue-com-servicos-de-reparos-tapa-buracos-e-reformas-de-pracas\/","title":{"rendered":"Prefeitura segue com servi\u00e7os de reparos, tapa-buracos e reformas de pra\u00e7as"},"content":{"rendered":"\n<p>A Superintend\u00eancia de Opera\u00e7\u00f5es e Manuten\u00e7\u00e3o (SOMA) est\u00e1 intensificando seus esfor\u00e7os para aprimorar a infraestrutura vi\u00e1ria local, seguindo um cronograma rigoroso. Nos \u00faltimos dias, v\u00e1rios bairros foram contemplados com a finaliza\u00e7\u00e3o bem-sucedida dos servi\u00e7os de reparo em vias asfaltadas, utilizando o dur\u00e1vel e qualitativo Concreto Betuminoso Usinado a Quente (CBUQ).<\/p>\n\n\n\n<p><strong>Os trabalhos de reparo em CBUQ foram conclu\u00eddos nas seguintes localidades:<\/strong><\/p>\n\n\n\n<ul>\n<li>Rua Monsenhor Moises do Couto e Rua Antonio de Carvalho &#8211; Campo Limpo (Conclu\u00edda)<\/li>\n\n\n\n<li>Avenida Maria Quit\u00e9ria e Rua Carlos Valadares &#8211; Queimadinha (Conclu\u00edda)<\/li>\n\n\n\n<li>Rua Petron\u00edlio Pinto &#8211; Bara\u00fanas (Conclu\u00edda)<\/li>\n<\/ul>\n\n\n\n<p><strong>Atualmente, a equipe da SOMA est\u00e1 focada na revitaliza\u00e7\u00e3o de vias com reparos em paralelo, em andamento nas seguintes \u00e1reas:<\/strong><\/p>\n\n\n\n<ul>\n<li>Rua Motoclube &#8211; Parque Ip\u00ea (Em andamento)<\/li>\n\n\n\n<li>Rua C &#8211; Condom\u00ednio Vida Nova &#8211; Asa Branca (Em andamento)<\/li>\n\n\n\n<li>Rua C &#8211; Condom\u00ednio Vida Nova &#8211; Asa Branca (Em andamento)<\/li>\n<\/ul>\n\n\n\n<p><strong>Al\u00e9m disso, a Superintend\u00eancia est\u00e1 empenhada na requalifica\u00e7\u00e3o de pra\u00e7as, com destaque para:<\/strong><\/p>\n\n\n\n<ul>\n<li>Pra\u00e7a do Muchila &#8211; Muchila (Em andamento)<\/li>\n\n\n\n<li>Pra\u00e7a de Dona Pomba &#8211; Rua Nova (Em andamento)<\/li>\n\n\n\n<li>Pra\u00e7a de Ja\u00edba &#8211; Ja\u00edba (Conclu\u00edda)<\/li>\n<\/ul>\n\n\n\n<p>Com informa\u00e7\u00f5es da Secom<\/p>\n","protected":false},"excerpt":{"rendered":"<p>A Superintend\u00eancia de Opera\u00e7\u00f5es e Manuten\u00e7\u00e3o (SOMA) est\u00e1 intensificando seus esfor\u00e7os para aprimorar a infraestrutura vi\u00e1ria local, seguindo um cronograma rigoroso. Nos \u00faltimos dias, v\u00e1rios bairros foram contemplados com a finaliza\u00e7\u00e3o bem-sucedida dos servi\u00e7os de reparo em vias asfaltadas, utilizando o dur\u00e1vel e qualitativo Concreto Betuminoso Usinado a Quente (CBUQ). Os trabalhos de reparo em [&hellip;]<\/p>\n","protected":false},"author":3,"featured_media":21541,"comment_status":"open","ping_status":"open","sticky":false,"template":"","format":"standard","meta":{"_monsterinsights_skip_tracking":false,"_monsterinsights_sitenote_active":false,"_monsterinsights_sitenote_note":"","_monsterinsights_sitenote_category":0,"footnotes":""},"categories":[34],"tags":[],"yoast_head":"<!-- This site is optimized with the Yoast SEO plugin v22.9 - https:\/\/yoast.com\/wordpress\/plugins\/seo\/ -->\n<title>Prefeitura segue com servi\u00e7os de reparos, tapa-buracos e reformas de pra\u00e7as - Portal MF<\/title>\n<meta name=\"robots\" content=\"index, follow, max-snippet:-1, max-image-preview:large, max-video-preview:-1\" \/>\n<link rel=\"canonical\" href=\"https:\/\/portalmf.com.br\/index.php\/2024\/01\/04\/prefeitura-segue-com-servicos-de-reparos-tapa-buracos-e-reformas-de-pracas\/\" \/>\n<meta property=\"og:locale\" content=\"pt_BR\" \/>\n<meta property=\"og:type\" content=\"article\" \/>\n<meta property=\"og:title\" content=\"Prefeitura segue com servi\u00e7os de reparos, tapa-buracos e reformas de pra\u00e7as - Portal MF\" \/>\n<meta property=\"og:description\" content=\"A Superintend\u00eancia de Opera\u00e7\u00f5es e Manuten\u00e7\u00e3o (SOMA) est\u00e1 intensificando seus esfor\u00e7os para aprimorar a infraestrutura vi\u00e1ria local, seguindo um cronograma rigoroso. Nos \u00faltimos dias, v\u00e1rios bairros foram contemplados com a finaliza\u00e7\u00e3o bem-sucedida dos servi\u00e7os de reparo em vias asfaltadas, utilizando o dur\u00e1vel e qualitativo Concreto Betuminoso Usinado a Quente (CBUQ). Os trabalhos de reparo em [&hellip;]\" \/>\n<meta property=\"og:url\" content=\"https:\/\/portalmf.com.br\/index.php\/2024\/01\/04\/prefeitura-segue-com-servicos-de-reparos-tapa-buracos-e-reformas-de-pracas\/\" \/>\n<meta property=\"og:site_name\" content=\"Portal MF\" \/>\n<meta property=\"article:author\" content=\"https:\/\/www.facebook.com\/portalmfoficial\" \/>\n<meta property=\"article:published_time\" content=\"2024-01-04T19:58:00+00:00\" \/>\n<meta property=\"article:modified_time\" content=\"2024-01-04T19:58:01+00:00\" \/>\n<meta property=\"og:image\" content=\"https:\/\/portalmf.com.br\/wp-content\/uploads\/2024\/01\/04012024154819.jpg\" \/>\n\t<meta property=\"og:image:width\" content=\"1306\" \/>\n\t<meta property=\"og:image:height\" content=\"660\" \/>\n\t<meta property=\"og:image:type\" content=\"image\/jpeg\" \/>\n<meta name=\"author\" content=\"Reda\u00e7\u00e3o Portal MF\" \/>\n<meta name=\"twitter:card\" content=\"summary_large_image\" \/>\n<meta name=\"twitter:creator\" content=\"@https:\/\/x.com\/portalmfoficial\" \/>\n<meta name=\"twitter:label1\" content=\"Escrito por\" \/>\n\t<meta name=\"twitter:data1\" content=\"Reda\u00e7\u00e3o Portal MF\" \/>\n\t<meta name=\"twitter:label2\" content=\"Est. tempo de leitura\" \/>\n\t<meta name=\"twitter:data2\" content=\"1 minuto\" \/>\n<script type=\"application\/ld+json\" class=\"yoast-schema-graph\">{\"@context\":\"https:\/\/schema.org\",\"@graph\":[{\"@type\":\"WebPage\",\"@id\":\"https:\/\/portalmf.com.br\/index.php\/2024\/01\/04\/prefeitura-segue-com-servicos-de-reparos-tapa-buracos-e-reformas-de-pracas\/\",\"url\":\"https:\/\/portalmf.com.br\/index.php\/2024\/01\/04\/prefeitura-segue-com-servicos-de-reparos-tapa-buracos-e-reformas-de-pracas\/\",\"name\":\"Prefeitura segue com servi\u00e7os de reparos, tapa-buracos e reformas de pra\u00e7as - Portal MF\",\"isPartOf\":{\"@id\":\"https:\/\/portalmf.com.br\/#website\"},\"primaryImageOfPage\":{\"@id\":\"https:\/\/portalmf.com.br\/index.php\/2024\/01\/04\/prefeitura-segue-com-servicos-de-reparos-tapa-buracos-e-reformas-de-pracas\/#primaryimage\"},\"image\":{\"@id\":\"https:\/\/portalmf.com.br\/index.php\/2024\/01\/04\/prefeitura-segue-com-servicos-de-reparos-tapa-buracos-e-reformas-de-pracas\/#primaryimage\"},\"thumbnailUrl\":\"https:\/\/portalmf.com.br\/wp-content\/uploads\/2024\/01\/04012024154819.jpg\",\"datePublished\":\"2024-01-04T19:58:00+00:00\",\"dateModified\":\"2024-01-04T19:58:01+00:00\",\"author\":{\"@id\":\"https:\/\/portalmf.com.br\/#\/schema\/person\/9ec101baf56233e53520c26de5d6f6f0\"},\"breadcrumb\":{\"@id\":\"https:\/\/portalmf.com.br\/index.php\/2024\/01\/04\/prefeitura-segue-com-servicos-de-reparos-tapa-buracos-e-reformas-de-pracas\/#breadcrumb\"},\"inLanguage\":\"pt-BR\",\"potentialAction\":[{\"@type\":\"ReadAction\",\"target\":[\"https:\/\/portalmf.com.br\/index.php\/2024\/01\/04\/prefeitura-segue-com-servicos-de-reparos-tapa-buracos-e-reformas-de-pracas\/\"]}]},{\"@type\":\"ImageObject\",\"inLanguage\":\"pt-BR\",\"@id\":\"https:\/\/portalmf.com.br\/index.php\/2024\/01\/04\/prefeitura-segue-com-servicos-de-reparos-tapa-buracos-e-reformas-de-pracas\/#primaryimage\",\"url\":\"https:\/\/portalmf.com.br\/wp-content\/uploads\/2024\/01\/04012024154819.jpg\",\"contentUrl\":\"https:\/\/portalmf.com.br\/wp-content\/uploads\/2024\/01\/04012024154819.jpg\",\"width\":1306,\"height\":660},{\"@type\":\"BreadcrumbList\",\"@id\":\"https:\/\/portalmf.com.br\/index.php\/2024\/01\/04\/prefeitura-segue-com-servicos-de-reparos-tapa-buracos-e-reformas-de-pracas\/#breadcrumb\",\"itemListElement\":[{\"@type\":\"ListItem\",\"position\":1,\"name\":\"In\u00edcio\",\"item\":\"https:\/\/portalmf.com.br\/\"},{\"@type\":\"ListItem\",\"position\":2,\"name\":\"Prefeitura segue com servi\u00e7os de reparos, tapa-buracos e reformas de pra\u00e7as\"}]},{\"@type\":\"WebSite\",\"@id\":\"https:\/\/portalmf.com.br\/#website\",\"url\":\"https:\/\/portalmf.com.br\/\",\"name\":\"Portal MF\",\"description\":\"Voc\u00ea conectado com a informa\u00e7\u00e3o\",\"potentialAction\":[{\"@type\":\"SearchAction\",\"target\":{\"@type\":\"EntryPoint\",\"urlTemplate\":\"https:\/\/portalmf.com.br\/?s={search_term_string}\"},\"query-input\":\"required name=search_term_string\"}],\"inLanguage\":\"pt-BR\"},{\"@type\":\"Person\",\"@id\":\"https:\/\/portalmf.com.br\/#\/schema\/person\/9ec101baf56233e53520c26de5d6f6f0\",\"name\":\"Reda\u00e7\u00e3o Portal MF\",\"image\":{\"@type\":\"ImageObject\",\"inLanguage\":\"pt-BR\",\"@id\":\"https:\/\/portalmf.com.br\/#\/schema\/person\/image\/\",\"url\":\"https:\/\/secure.gravatar.com\/avatar\/41b9aaeb2100835f7c64362330f74c7f?s=96&d=mm&r=g\",\"contentUrl\":\"https:\/\/secure.gravatar.com\/avatar\/41b9aaeb2100835f7c64362330f74c7f?s=96&d=mm&r=g\",\"caption\":\"Reda\u00e7\u00e3o Portal MF\"},\"description\":\"Sejam bem-vindos o portal de informa\u00e7\u00f5es de entretenimento de Feira de Santana, desde 2006 realiza coberturas dos principais eventos com entrevistas exclusivas com as principais personalidades mundiais. Fique conectado tamb\u00e9m nas redes sociais.\",\"sameAs\":[\"http:\/\/www.portalmf.com.br\/\",\"https:\/\/www.facebook.com\/portalmfoficial\",\"https:\/\/www.instagram.com\/portalmf\/\",\"https:\/\/x.com\/https:\/\/x.com\/portalmfoficial\",\"https:\/\/www.youtube.com\/@portalmfoficial\"],\"url\":\"https:\/\/portalmf.com.br\/index.php\/author\/junior\/\"}]}<\/script>\n<!-- \/ Yoast SEO plugin. -->","yoast_head_json":{"title":"Prefeitura segue com servi\u00e7os de reparos, tapa-buracos e reformas de pra\u00e7as - Portal MF","robots":{"index":"index","follow":"follow","max-snippet":"max-snippet:-1","max-image-preview":"max-image-preview:large","max-video-preview":"max-video-preview:-1"},"canonical":"https:\/\/portalmf.com.br\/index.php\/2024\/01\/04\/prefeitura-segue-com-servicos-de-reparos-tapa-buracos-e-reformas-de-pracas\/","og_locale":"pt_BR","og_type":"article","og_title":"Prefeitura segue com servi\u00e7os de reparos, tapa-buracos e reformas de pra\u00e7as - Portal MF","og_description":"A Superintend\u00eancia de Opera\u00e7\u00f5es e Manuten\u00e7\u00e3o (SOMA) est\u00e1 intensificando seus esfor\u00e7os para aprimorar a infraestrutura vi\u00e1ria local, seguindo um cronograma rigoroso. Nos \u00faltimos dias, v\u00e1rios bairros foram contemplados com a finaliza\u00e7\u00e3o bem-sucedida dos servi\u00e7os de reparo em vias asfaltadas, utilizando o dur\u00e1vel e qualitativo Concreto Betuminoso Usinado a Quente (CBUQ). Os trabalhos de reparo em [&hellip;]","og_url":"https:\/\/portalmf.com.br\/index.php\/2024\/01\/04\/prefeitura-segue-com-servicos-de-reparos-tapa-buracos-e-reformas-de-pracas\/","og_site_name":"Portal MF","article_author":"https:\/\/www.facebook.com\/portalmfoficial","article_published_time":"2024-01-04T19:58:00+00:00","article_modified_time":"2024-01-04T19:58:01+00:00","og_image":[{"width":1306,"height":660,"url":"https:\/\/portalmf.com.br\/wp-content\/uploads\/2024\/01\/04012024154819.jpg","type":"image\/jpeg"}],"author":"Reda\u00e7\u00e3o Portal MF","twitter_card":"summary_large_image","twitter_creator":"@https:\/\/x.com\/portalmfoficial","twitter_misc":{"Escrito por":"Reda\u00e7\u00e3o Portal MF","Est. tempo de leitura":"1 minuto"},"schema":{"@context":"https:\/\/schema.org","@graph":[{"@type":"WebPage","@id":"https:\/\/portalmf.com.br\/index.php\/2024\/01\/04\/prefeitura-segue-com-servicos-de-reparos-tapa-buracos-e-reformas-de-pracas\/","url":"https:\/\/portalmf.com.br\/index.php\/2024\/01\/04\/prefeitura-segue-com-servicos-de-reparos-tapa-buracos-e-reformas-de-pracas\/","name":"Prefeitura segue com servi\u00e7os de reparos, tapa-buracos e reformas de pra\u00e7as - Portal MF","isPartOf":{"@id":"https:\/\/portalmf.com.br\/#website"},"primaryImageOfPage":{"@id":"https:\/\/portalmf.com.br\/index.php\/2024\/01\/04\/prefeitura-segue-com-servicos-de-reparos-tapa-buracos-e-reformas-de-pracas\/#primaryimage"},"image":{"@id":"https:\/\/portalmf.com.br\/index.php\/2024\/01\/04\/prefeitura-segue-com-servicos-de-reparos-tapa-buracos-e-reformas-de-pracas\/#primaryimage"},"thumbnailUrl":"https:\/\/portalmf.com.br\/wp-content\/uploads\/2024\/01\/04012024154819.jpg","datePublished":"2024-01-04T19:58:00+00:00","dateModified":"2024-01-04T19:58:01+00:00","author":{"@id":"https:\/\/portalmf.com.br\/#\/schema\/person\/9ec101baf56233e53520c26de5d6f6f0"},"breadcrumb":{"@id":"https:\/\/portalmf.com.br\/index.php\/2024\/01\/04\/prefeitura-segue-com-servicos-de-reparos-tapa-buracos-e-reformas-de-pracas\/#breadcrumb"},"inLanguage":"pt-BR","potentialAction":[{"@type":"ReadAction","target":["https:\/\/portalmf.com.br\/index.php\/2024\/01\/04\/prefeitura-segue-com-servicos-de-reparos-tapa-buracos-e-reformas-de-pracas\/"]}]},{"@type":"ImageObject","inLanguage":"pt-BR","@id":"https:\/\/portalmf.com.br\/index.php\/2024\/01\/04\/prefeitura-segue-com-servicos-de-reparos-tapa-buracos-e-reformas-de-pracas\/#primaryimage","url":"https:\/\/portalmf.com.br\/wp-content\/uploads\/2024\/01\/04012024154819.jpg","contentUrl":"https:\/\/portalmf.com.br\/wp-content\/uploads\/2024\/01\/04012024154819.jpg","width":1306,"height":660},{"@type":"BreadcrumbList","@id":"https:\/\/portalmf.com.br\/index.php\/2024\/01\/04\/prefeitura-segue-com-servicos-de-reparos-tapa-buracos-e-reformas-de-pracas\/#breadcrumb","itemListElement":[{"@type":"ListItem","position":1,"name":"In\u00edcio","item":"https:\/\/portalmf.com.br\/"},{"@type":"ListItem","position":2,"name":"Prefeitura segue com servi\u00e7os de reparos, tapa-buracos e reformas de pra\u00e7as"}]},{"@type":"WebSite","@id":"https:\/\/portalmf.com.br\/#website","url":"https:\/\/portalmf.com.br\/","name":"Portal MF","description":"Voc\u00ea conectado com a informa\u00e7\u00e3o","potentialAction":[{"@type":"SearchAction","target":{"@type":"EntryPoint","urlTemplate":"https:\/\/portalmf.com.br\/?s={search_term_string}"},"query-input":"required name=search_term_string"}],"inLanguage":"pt-BR"},{"@type":"Person","@id":"https:\/\/portalmf.com.br\/#\/schema\/person\/9ec101baf56233e53520c26de5d6f6f0","name":"Reda\u00e7\u00e3o Portal MF","image":{"@type":"ImageObject","inLanguage":"pt-BR","@id":"https:\/\/portalmf.com.br\/#\/schema\/person\/image\/","url":"https:\/\/secure.gravatar.com\/avatar\/41b9aaeb2100835f7c64362330f74c7f?s=96&d=mm&r=g","contentUrl":"https:\/\/secure.gravatar.com\/avatar\/41b9aaeb2100835f7c64362330f74c7f?s=96&d=mm&r=g","caption":"Reda\u00e7\u00e3o Portal MF"},"description":"Sejam bem-vindos o portal de informa\u00e7\u00f5es de entretenimento de Feira de Santana, desde 2006 realiza coberturas dos principais eventos com entrevistas exclusivas com as principais personalidades mundiais. Fique conectado tamb\u00e9m nas redes sociais.","sameAs":["http:\/\/www.portalmf.com.br\/","https:\/\/www.facebook.com\/portalmfoficial","https:\/\/www.instagram.com\/portalmf\/","https:\/\/x.com\/https:\/\/x.com\/portalmfoficial","https:\/\/www.youtube.com\/@portalmfoficial"],"url":"https:\/\/portalmf.com.br\/index.php\/author\/junior\/"}]}},"_links":{"self":[{"href":"https:\/\/portalmf.com.br\/index.php\/wp-json\/wp\/v2\/posts\/21540"}],"collection":[{"href":"https:\/\/portalmf.com.br\/index.php\/wp-json\/wp\/v2\/posts"}],"about":[{"href":"https:\/\/portalmf.com.br\/index.php\/wp-json\/wp\/v2\/types\/post"}],"author":[{"embeddable":true,"href":"https:\/\/portalmf.com.br\/index.php\/wp-json\/wp\/v2\/users\/3"}],"replies":[{"embeddable":true,"href":"https:\/\/portalmf.com.br\/index.php\/wp-json\/wp\/v2\/comments?post=21540"}],"version-history":[{"count":1,"href":"https:\/\/portalmf.com.br\/index.php\/wp-json\/wp\/v2\/posts\/21540\/revisions"}],"predecessor-version":[{"id":21542,"href":"https:\/\/portalmf.com.br\/index.php\/wp-json\/wp\/v2\/posts\/21540\/revisions\/21542"}],"wp:featuredmedia":[{"embeddable":true,"href":"https:\/\/portalmf.com.br\/index.php\/wp-json\/wp\/v2\/media\/21541"}],"wp:attachment":[{"href":"https:\/\/portalmf.com.br\/index.php\/wp-json\/wp\/v2\/media?parent=21540"}],"wp:term":[{"taxonomy":"category","embeddable":true,"href":"https:\/\/portalmf.com.br\/index.php\/wp-json\/wp\/v2\/categories?post=21540"},{"taxonomy":"post_tag","embeddable":true,"href":"https:\/\/portalmf.com.br\/index.php\/wp-json\/wp\/v2\/tags?post=21540"}],"curies":[{"name":"wp","href":"https:\/\/api.w.org\/{rel}","templated":true}]}}