{"id":21537,"date":"2024-01-04T16:55:24","date_gmt":"2024-01-04T19:55:24","guid":{"rendered":"https:\/\/portalmf.com.br\/?p=21537"},"modified":"2024-01-04T16:55:27","modified_gmt":"2024-01-04T19:55:27","slug":"o-pt-estara-de-corpo-e-alma-e-com-dedicacao-total-a-candidatura-de-geraldinho-afirma-presidente-do-pt-bahia","status":"publish","type":"post","link":"https:\/\/portalmf.com.br\/index.php\/2024\/01\/04\/o-pt-estara-de-corpo-e-alma-e-com-dedicacao-total-a-candidatura-de-geraldinho-afirma-presidente-do-pt-bahia\/","title":{"rendered":"&#8220;O PT estar\u00e1 de corpo e alma e com dedica\u00e7\u00e3o total \u00e0 candidatura de Geraldinho\u201d, afirma presidente do PT Bahia"},"content":{"rendered":"\n<p>O prefeito Colbert Martins Filho assinou o Decreto n\u00ba 13.231, que altera dispositivos do regulamento da Zona Azul da cidade, proporcionando melhorias significativas no sistema de estacionamento rotativo controlado para ve\u00edculos em vias e logradouros p\u00fablicos. Com essa atualiza\u00e7\u00e3o, a Zona Azul contar\u00e1 com mais de 8 mil vagas dispon\u00edveis para carros e motos, e as tarifas come\u00e7ar\u00e3o a partir de R$ 1,00.<\/p>\n\n\n\n<p>As mudan\u00e7as estabelecidas pelo decreto envolvem diversos aspectos do regulamento vigente, com foco na amplia\u00e7\u00e3o da oferta de vagas e na adequa\u00e7\u00e3o das tarifas, tornando o estacionamento rotativo mais acess\u00edvel \u00e0 popula\u00e7\u00e3o. Algumas das principais altera\u00e7\u00f5es incluem:<\/p>\n\n\n\n<p><strong>Prazo de concess\u00e3o estendido:<\/strong>&nbsp;O prazo de concess\u00e3o das vagas na Zona Azul foi estendido para 240 meses, permitindo a prorroga\u00e7\u00e3o por mais 180 meses, desde que atendam aos requisitos legais e haja interesse da Administra\u00e7\u00e3o.<\/p>\n\n\n\n<p><strong>Tarifas mais acess\u00edveis:&nbsp;<\/strong>A Tarifa B\u00e1sica de Utiliza\u00e7\u00e3o para carros regulares foi fixada em R$ 2,50 para 60 minutos, enquanto motocicletas ter\u00e3o tarifa de apenas R$ 1,00 pelo mesmo per\u00edodo. Al\u00e9m disso, ser\u00e1 poss\u00edvel efetuar o pagamento de valores m\u00faltiplos ou fra\u00e7\u00f5es, proporcionalmente \u00e0 tarifa b\u00e1sica, com o valor m\u00ednimo correspondente a 30 minutos e o m\u00e1ximo a 2 horas de ocupa\u00e7\u00e3o.<\/p>\n\n\n\n<p><strong>Flexibilidade de renova\u00e7\u00e3o:&nbsp;<\/strong>O ve\u00edculo estacionado na Zona Azul poder\u00e1 utilizar novo per\u00edodo em outra vaga, desde que n\u00e3o seja aquela ocupada nas \u00faltimas 4 horas, proporcionando maior flexibilidade aos motoristas.<\/p>\n\n\n\n<p>Ademais, o decreto revoga alguns dispositivos do regulamento anterior, aprimorando a operacionaliza\u00e7\u00e3o da Zona Azul e garantindo uma melhor experi\u00eancia para os usu\u00e1rios. O Anexo \u00danico do decreto lista os logradouros integrantes do Sistema de Estacionamento Rotativo Controlado, totalizando 6.398 vagas para autom\u00f3veis e 1.687 para motos.\u00a0<strong>(<a href=\"https:\/\/feiradesantana.ba.gov.br\/arquivos\/2585742P404012024.pdf\">CLIQUE LISTA COMPLETA NO LINK ABAIXO<\/a>)<\/strong><\/p>\n\n\n\n<p>Com informa\u00e7\u00f5es da Secom<\/p>\n","protected":false},"excerpt":{"rendered":"<p>O prefeito Colbert Martins Filho assinou o Decreto n\u00ba 13.231, que altera dispositivos do regulamento da Zona Azul da cidade, proporcionando melhorias significativas no sistema de estacionamento rotativo controlado para ve\u00edculos em vias e logradouros p\u00fablicos. Com essa atualiza\u00e7\u00e3o, a Zona Azul contar\u00e1 com mais de 8 mil vagas dispon\u00edveis para carros e motos, e [&hellip;]<\/p>\n","protected":false},"author":3,"featured_media":21538,"comment_status":"open","ping_status":"open","sticky":false,"template":"","format":"standard","meta":{"_monsterinsights_skip_tracking":false,"_monsterinsights_sitenote_active":false,"_monsterinsights_sitenote_note":"","_monsterinsights_sitenote_category":0,"footnotes":""},"categories":[34],"tags":[],"yoast_head":"<!-- This site is optimized with the Yoast SEO plugin v22.9 - https:\/\/yoast.com\/wordpress\/plugins\/seo\/ -->\n<title>&quot;O PT estar\u00e1 de corpo e alma e com dedica\u00e7\u00e3o total \u00e0 candidatura de Geraldinho\u201d, afirma presidente do PT Bahia - Portal MF<\/title>\n<meta name=\"robots\" content=\"index, follow, max-snippet:-1, max-image-preview:large, max-video-preview:-1\" \/>\n<link rel=\"canonical\" href=\"https:\/\/portalmf.com.br\/index.php\/2024\/01\/04\/o-pt-estara-de-corpo-e-alma-e-com-dedicacao-total-a-candidatura-de-geraldinho-afirma-presidente-do-pt-bahia\/\" \/>\n<meta property=\"og:locale\" content=\"pt_BR\" \/>\n<meta property=\"og:type\" content=\"article\" \/>\n<meta property=\"og:title\" content=\"&quot;O PT estar\u00e1 de corpo e alma e com dedica\u00e7\u00e3o total \u00e0 candidatura de Geraldinho\u201d, afirma presidente do PT Bahia - Portal MF\" \/>\n<meta property=\"og:description\" content=\"O prefeito Colbert Martins Filho assinou o Decreto n\u00ba 13.231, que altera dispositivos do regulamento da Zona Azul da cidade, proporcionando melhorias significativas no sistema de estacionamento rotativo controlado para ve\u00edculos em vias e logradouros p\u00fablicos. Com essa atualiza\u00e7\u00e3o, a Zona Azul contar\u00e1 com mais de 8 mil vagas dispon\u00edveis para carros e motos, e [&hellip;]\" \/>\n<meta property=\"og:url\" content=\"https:\/\/portalmf.com.br\/index.php\/2024\/01\/04\/o-pt-estara-de-corpo-e-alma-e-com-dedicacao-total-a-candidatura-de-geraldinho-afirma-presidente-do-pt-bahia\/\" \/>\n<meta property=\"og:site_name\" content=\"Portal MF\" \/>\n<meta property=\"article:author\" content=\"https:\/\/www.facebook.com\/portalmfoficial\" \/>\n<meta property=\"article:published_time\" content=\"2024-01-04T19:55:24+00:00\" \/>\n<meta property=\"article:modified_time\" content=\"2024-01-04T19:55:27+00:00\" \/>\n<meta property=\"og:image\" content=\"https:\/\/portalmf.com.br\/wp-content\/uploads\/2024\/01\/04012024085604.jpg\" \/>\n\t<meta property=\"og:image:width\" content=\"1306\" \/>\n\t<meta property=\"og:image:height\" content=\"672\" \/>\n\t<meta property=\"og:image:type\" content=\"image\/jpeg\" \/>\n<meta name=\"author\" content=\"Reda\u00e7\u00e3o Portal MF\" \/>\n<meta name=\"twitter:card\" content=\"summary_large_image\" \/>\n<meta name=\"twitter:creator\" content=\"@https:\/\/x.com\/portalmfoficial\" \/>\n<meta name=\"twitter:label1\" content=\"Escrito por\" \/>\n\t<meta name=\"twitter:data1\" content=\"Reda\u00e7\u00e3o Portal MF\" \/>\n\t<meta name=\"twitter:label2\" content=\"Est. tempo de leitura\" \/>\n\t<meta name=\"twitter:data2\" content=\"2 minutos\" \/>\n<script type=\"application\/ld+json\" class=\"yoast-schema-graph\">{\"@context\":\"https:\/\/schema.org\",\"@graph\":[{\"@type\":\"WebPage\",\"@id\":\"https:\/\/portalmf.com.br\/index.php\/2024\/01\/04\/o-pt-estara-de-corpo-e-alma-e-com-dedicacao-total-a-candidatura-de-geraldinho-afirma-presidente-do-pt-bahia\/\",\"url\":\"https:\/\/portalmf.com.br\/index.php\/2024\/01\/04\/o-pt-estara-de-corpo-e-alma-e-com-dedicacao-total-a-candidatura-de-geraldinho-afirma-presidente-do-pt-bahia\/\",\"name\":\"\\\"O PT estar\u00e1 de corpo e alma e com dedica\u00e7\u00e3o total \u00e0 candidatura de Geraldinho\u201d, afirma presidente do PT Bahia - Portal MF\",\"isPartOf\":{\"@id\":\"https:\/\/portalmf.com.br\/#website\"},\"primaryImageOfPage\":{\"@id\":\"https:\/\/portalmf.com.br\/index.php\/2024\/01\/04\/o-pt-estara-de-corpo-e-alma-e-com-dedicacao-total-a-candidatura-de-geraldinho-afirma-presidente-do-pt-bahia\/#primaryimage\"},\"image\":{\"@id\":\"https:\/\/portalmf.com.br\/index.php\/2024\/01\/04\/o-pt-estara-de-corpo-e-alma-e-com-dedicacao-total-a-candidatura-de-geraldinho-afirma-presidente-do-pt-bahia\/#primaryimage\"},\"thumbnailUrl\":\"https:\/\/portalmf.com.br\/wp-content\/uploads\/2024\/01\/04012024085604.jpg\",\"datePublished\":\"2024-01-04T19:55:24+00:00\",\"dateModified\":\"2024-01-04T19:55:27+00:00\",\"author\":{\"@id\":\"https:\/\/portalmf.com.br\/#\/schema\/person\/9ec101baf56233e53520c26de5d6f6f0\"},\"breadcrumb\":{\"@id\":\"https:\/\/portalmf.com.br\/index.php\/2024\/01\/04\/o-pt-estara-de-corpo-e-alma-e-com-dedicacao-total-a-candidatura-de-geraldinho-afirma-presidente-do-pt-bahia\/#breadcrumb\"},\"inLanguage\":\"pt-BR\",\"potentialAction\":[{\"@type\":\"ReadAction\",\"target\":[\"https:\/\/portalmf.com.br\/index.php\/2024\/01\/04\/o-pt-estara-de-corpo-e-alma-e-com-dedicacao-total-a-candidatura-de-geraldinho-afirma-presidente-do-pt-bahia\/\"]}]},{\"@type\":\"ImageObject\",\"inLanguage\":\"pt-BR\",\"@id\":\"https:\/\/portalmf.com.br\/index.php\/2024\/01\/04\/o-pt-estara-de-corpo-e-alma-e-com-dedicacao-total-a-candidatura-de-geraldinho-afirma-presidente-do-pt-bahia\/#primaryimage\",\"url\":\"https:\/\/portalmf.com.br\/wp-content\/uploads\/2024\/01\/04012024085604.jpg\",\"contentUrl\":\"https:\/\/portalmf.com.br\/wp-content\/uploads\/2024\/01\/04012024085604.jpg\",\"width\":1306,\"height\":672},{\"@type\":\"BreadcrumbList\",\"@id\":\"https:\/\/portalmf.com.br\/index.php\/2024\/01\/04\/o-pt-estara-de-corpo-e-alma-e-com-dedicacao-total-a-candidatura-de-geraldinho-afirma-presidente-do-pt-bahia\/#breadcrumb\",\"itemListElement\":[{\"@type\":\"ListItem\",\"position\":1,\"name\":\"In\u00edcio\",\"item\":\"https:\/\/portalmf.com.br\/\"},{\"@type\":\"ListItem\",\"position\":2,\"name\":\"&#8220;O PT estar\u00e1 de corpo e alma e com dedica\u00e7\u00e3o total \u00e0 candidatura de Geraldinho\u201d, afirma presidente do PT Bahia\"}]},{\"@type\":\"WebSite\",\"@id\":\"https:\/\/portalmf.com.br\/#website\",\"url\":\"https:\/\/portalmf.com.br\/\",\"name\":\"Portal MF\",\"description\":\"Voc\u00ea conectado com a informa\u00e7\u00e3o\",\"potentialAction\":[{\"@type\":\"SearchAction\",\"target\":{\"@type\":\"EntryPoint\",\"urlTemplate\":\"https:\/\/portalmf.com.br\/?s={search_term_string}\"},\"query-input\":\"required name=search_term_string\"}],\"inLanguage\":\"pt-BR\"},{\"@type\":\"Person\",\"@id\":\"https:\/\/portalmf.com.br\/#\/schema\/person\/9ec101baf56233e53520c26de5d6f6f0\",\"name\":\"Reda\u00e7\u00e3o Portal MF\",\"image\":{\"@type\":\"ImageObject\",\"inLanguage\":\"pt-BR\",\"@id\":\"https:\/\/portalmf.com.br\/#\/schema\/person\/image\/\",\"url\":\"https:\/\/secure.gravatar.com\/avatar\/41b9aaeb2100835f7c64362330f74c7f?s=96&d=mm&r=g\",\"contentUrl\":\"https:\/\/secure.gravatar.com\/avatar\/41b9aaeb2100835f7c64362330f74c7f?s=96&d=mm&r=g\",\"caption\":\"Reda\u00e7\u00e3o Portal MF\"},\"description\":\"Sejam bem-vindos o portal de informa\u00e7\u00f5es de entretenimento de Feira de Santana, desde 2006 realiza coberturas dos principais eventos com entrevistas exclusivas com as principais personalidades mundiais. Fique conectado tamb\u00e9m nas redes sociais.\",\"sameAs\":[\"http:\/\/www.portalmf.com.br\/\",\"https:\/\/www.facebook.com\/portalmfoficial\",\"https:\/\/www.instagram.com\/portalmf\/\",\"https:\/\/x.com\/https:\/\/x.com\/portalmfoficial\",\"https:\/\/www.youtube.com\/@portalmfoficial\"],\"url\":\"https:\/\/portalmf.com.br\/index.php\/author\/junior\/\"}]}<\/script>\n<!-- \/ Yoast SEO plugin. -->","yoast_head_json":{"title":"\"O PT estar\u00e1 de corpo e alma e com dedica\u00e7\u00e3o total \u00e0 candidatura de Geraldinho\u201d, afirma presidente do PT Bahia - Portal MF","robots":{"index":"index","follow":"follow","max-snippet":"max-snippet:-1","max-image-preview":"max-image-preview:large","max-video-preview":"max-video-preview:-1"},"canonical":"https:\/\/portalmf.com.br\/index.php\/2024\/01\/04\/o-pt-estara-de-corpo-e-alma-e-com-dedicacao-total-a-candidatura-de-geraldinho-afirma-presidente-do-pt-bahia\/","og_locale":"pt_BR","og_type":"article","og_title":"\"O PT estar\u00e1 de corpo e alma e com dedica\u00e7\u00e3o total \u00e0 candidatura de Geraldinho\u201d, afirma presidente do PT Bahia - Portal MF","og_description":"O prefeito Colbert Martins Filho assinou o Decreto n\u00ba 13.231, que altera dispositivos do regulamento da Zona Azul da cidade, proporcionando melhorias significativas no sistema de estacionamento rotativo controlado para ve\u00edculos em vias e logradouros p\u00fablicos. Com essa atualiza\u00e7\u00e3o, a Zona Azul contar\u00e1 com mais de 8 mil vagas dispon\u00edveis para carros e motos, e [&hellip;]","og_url":"https:\/\/portalmf.com.br\/index.php\/2024\/01\/04\/o-pt-estara-de-corpo-e-alma-e-com-dedicacao-total-a-candidatura-de-geraldinho-afirma-presidente-do-pt-bahia\/","og_site_name":"Portal MF","article_author":"https:\/\/www.facebook.com\/portalmfoficial","article_published_time":"2024-01-04T19:55:24+00:00","article_modified_time":"2024-01-04T19:55:27+00:00","og_image":[{"width":1306,"height":672,"url":"https:\/\/portalmf.com.br\/wp-content\/uploads\/2024\/01\/04012024085604.jpg","type":"image\/jpeg"}],"author":"Reda\u00e7\u00e3o Portal MF","twitter_card":"summary_large_image","twitter_creator":"@https:\/\/x.com\/portalmfoficial","twitter_misc":{"Escrito por":"Reda\u00e7\u00e3o Portal MF","Est. tempo de leitura":"2 minutos"},"schema":{"@context":"https:\/\/schema.org","@graph":[{"@type":"WebPage","@id":"https:\/\/portalmf.com.br\/index.php\/2024\/01\/04\/o-pt-estara-de-corpo-e-alma-e-com-dedicacao-total-a-candidatura-de-geraldinho-afirma-presidente-do-pt-bahia\/","url":"https:\/\/portalmf.com.br\/index.php\/2024\/01\/04\/o-pt-estara-de-corpo-e-alma-e-com-dedicacao-total-a-candidatura-de-geraldinho-afirma-presidente-do-pt-bahia\/","name":"\"O PT estar\u00e1 de corpo e alma e com dedica\u00e7\u00e3o total \u00e0 candidatura de Geraldinho\u201d, afirma presidente do PT Bahia - Portal MF","isPartOf":{"@id":"https:\/\/portalmf.com.br\/#website"},"primaryImageOfPage":{"@id":"https:\/\/portalmf.com.br\/index.php\/2024\/01\/04\/o-pt-estara-de-corpo-e-alma-e-com-dedicacao-total-a-candidatura-de-geraldinho-afirma-presidente-do-pt-bahia\/#primaryimage"},"image":{"@id":"https:\/\/portalmf.com.br\/index.php\/2024\/01\/04\/o-pt-estara-de-corpo-e-alma-e-com-dedicacao-total-a-candidatura-de-geraldinho-afirma-presidente-do-pt-bahia\/#primaryimage"},"thumbnailUrl":"https:\/\/portalmf.com.br\/wp-content\/uploads\/2024\/01\/04012024085604.jpg","datePublished":"2024-01-04T19:55:24+00:00","dateModified":"2024-01-04T19:55:27+00:00","author":{"@id":"https:\/\/portalmf.com.br\/#\/schema\/person\/9ec101baf56233e53520c26de5d6f6f0"},"breadcrumb":{"@id":"https:\/\/portalmf.com.br\/index.php\/2024\/01\/04\/o-pt-estara-de-corpo-e-alma-e-com-dedicacao-total-a-candidatura-de-geraldinho-afirma-presidente-do-pt-bahia\/#breadcrumb"},"inLanguage":"pt-BR","potentialAction":[{"@type":"ReadAction","target":["https:\/\/portalmf.com.br\/index.php\/2024\/01\/04\/o-pt-estara-de-corpo-e-alma-e-com-dedicacao-total-a-candidatura-de-geraldinho-afirma-presidente-do-pt-bahia\/"]}]},{"@type":"ImageObject","inLanguage":"pt-BR","@id":"https:\/\/portalmf.com.br\/index.php\/2024\/01\/04\/o-pt-estara-de-corpo-e-alma-e-com-dedicacao-total-a-candidatura-de-geraldinho-afirma-presidente-do-pt-bahia\/#primaryimage","url":"https:\/\/portalmf.com.br\/wp-content\/uploads\/2024\/01\/04012024085604.jpg","contentUrl":"https:\/\/portalmf.com.br\/wp-content\/uploads\/2024\/01\/04012024085604.jpg","width":1306,"height":672},{"@type":"BreadcrumbList","@id":"https:\/\/portalmf.com.br\/index.php\/2024\/01\/04\/o-pt-estara-de-corpo-e-alma-e-com-dedicacao-total-a-candidatura-de-geraldinho-afirma-presidente-do-pt-bahia\/#breadcrumb","itemListElement":[{"@type":"ListItem","position":1,"name":"In\u00edcio","item":"https:\/\/portalmf.com.br\/"},{"@type":"ListItem","position":2,"name":"&#8220;O PT estar\u00e1 de corpo e alma e com dedica\u00e7\u00e3o total \u00e0 candidatura de Geraldinho\u201d, afirma presidente do PT Bahia"}]},{"@type":"WebSite","@id":"https:\/\/portalmf.com.br\/#website","url":"https:\/\/portalmf.com.br\/","name":"Portal MF","description":"Voc\u00ea conectado com a informa\u00e7\u00e3o","potentialAction":[{"@type":"SearchAction","target":{"@type":"EntryPoint","urlTemplate":"https:\/\/portalmf.com.br\/?s={search_term_string}"},"query-input":"required name=search_term_string"}],"inLanguage":"pt-BR"},{"@type":"Person","@id":"https:\/\/portalmf.com.br\/#\/schema\/person\/9ec101baf56233e53520c26de5d6f6f0","name":"Reda\u00e7\u00e3o Portal MF","image":{"@type":"ImageObject","inLanguage":"pt-BR","@id":"https:\/\/portalmf.com.br\/#\/schema\/person\/image\/","url":"https:\/\/secure.gravatar.com\/avatar\/41b9aaeb2100835f7c64362330f74c7f?s=96&d=mm&r=g","contentUrl":"https:\/\/secure.gravatar.com\/avatar\/41b9aaeb2100835f7c64362330f74c7f?s=96&d=mm&r=g","caption":"Reda\u00e7\u00e3o Portal MF"},"description":"Sejam bem-vindos o portal de informa\u00e7\u00f5es de entretenimento de Feira de Santana, desde 2006 realiza coberturas dos principais eventos com entrevistas exclusivas com as principais personalidades mundiais. Fique conectado tamb\u00e9m nas redes sociais.","sameAs":["http:\/\/www.portalmf.com.br\/","https:\/\/www.facebook.com\/portalmfoficial","https:\/\/www.instagram.com\/portalmf\/","https:\/\/x.com\/https:\/\/x.com\/portalmfoficial","https:\/\/www.youtube.com\/@portalmfoficial"],"url":"https:\/\/portalmf.com.br\/index.php\/author\/junior\/"}]}},"_links":{"self":[{"href":"https:\/\/portalmf.com.br\/index.php\/wp-json\/wp\/v2\/posts\/21537"}],"collection":[{"href":"https:\/\/portalmf.com.br\/index.php\/wp-json\/wp\/v2\/posts"}],"about":[{"href":"https:\/\/portalmf.com.br\/index.php\/wp-json\/wp\/v2\/types\/post"}],"author":[{"embeddable":true,"href":"https:\/\/portalmf.com.br\/index.php\/wp-json\/wp\/v2\/users\/3"}],"replies":[{"embeddable":true,"href":"https:\/\/portalmf.com.br\/index.php\/wp-json\/wp\/v2\/comments?post=21537"}],"version-history":[{"count":1,"href":"https:\/\/portalmf.com.br\/index.php\/wp-json\/wp\/v2\/posts\/21537\/revisions"}],"predecessor-version":[{"id":21539,"href":"https:\/\/portalmf.com.br\/index.php\/wp-json\/wp\/v2\/posts\/21537\/revisions\/21539"}],"wp:featuredmedia":[{"embeddable":true,"href":"https:\/\/portalmf.com.br\/index.php\/wp-json\/wp\/v2\/media\/21538"}],"wp:attachment":[{"href":"https:\/\/portalmf.com.br\/index.php\/wp-json\/wp\/v2\/media?parent=21537"}],"wp:term":[{"taxonomy":"category","embeddable":true,"href":"https:\/\/portalmf.com.br\/index.php\/wp-json\/wp\/v2\/categories?post=21537"},{"taxonomy":"post_tag","embeddable":true,"href":"https:\/\/portalmf.com.br\/index.php\/wp-json\/wp\/v2\/tags?post=21537"}],"curies":[{"name":"wp","href":"https:\/\/api.w.org\/{rel}","templated":true}]}}