{"id":21525,"date":"2024-01-04T16:33:37","date_gmt":"2024-01-04T19:33:37","guid":{"rendered":"https:\/\/portalmf.com.br\/?p=21525"},"modified":"2024-01-04T16:33:38","modified_gmt":"2024-01-04T19:33:38","slug":"referencia-para-o-extremo-sul-hospital-costa-das-baleias-sera-entregue-ainda-no-primeiro-trimestre-de-2024","status":"publish","type":"post","link":"https:\/\/portalmf.com.br\/index.php\/2024\/01\/04\/referencia-para-o-extremo-sul-hospital-costa-das-baleias-sera-entregue-ainda-no-primeiro-trimestre-de-2024\/","title":{"rendered":"Refer\u00eancia para o Extremo Sul, Hospital Costa das Baleias ser\u00e1 entregue ainda no primeiro trimestre de 2024"},"content":{"rendered":"\n<p>O trabalho para a inaugura\u00e7\u00e3o do Hospital Estadual Costa das Baleias (HECB), em Teixeira de Freitas, segue intenso. A unidade do Governo da Bahia, que integrar\u00e1 a rede de assist\u00eancia da Secretaria da Sa\u00fade do Estado (Sesab) e ser\u00e1 entregue ainda no primeiro trimestre de 2024, j\u00e1 recebeu parte dos equipamentos que ser\u00e3o utilizados pela equipe de sa\u00fade e pela popula\u00e7\u00e3o.<\/p>\n\n\n\n<p>Estruturado com perfil de Hospital Geral de Refer\u00eancia Macrorregional, o HECB contar\u00e1 com 216 leitos, sendo 30 de Unidade de Terapia Intensiva (UTI), e vai funcionar com oferta de servi\u00e7os 100% via Sistema \u00danico de Sa\u00fade (SUS), com pacientes admitidos atrav\u00e9s da Central Estadual de Regula\u00e7\u00e3o.<\/p>\n\n\n\n<p>\u201cTenho acompanhado a chegada dos equipamentos e a finaliza\u00e7\u00e3o das obras do Costa das Baleias. A nossa expectativa de entregar esse equipamento de alta tecnologia e ver a melhoria na assist\u00eancia \u00e0 sa\u00fade da popula\u00e7\u00e3o da regi\u00e3o s\u00f3 cresce na medida em que vemos o hospital ficando pronto\u201d, afirma a secret\u00e1ria da Sa\u00fade, Roberta Santana. \u201cO Costa das Baleias ser\u00e1 uma refer\u00eancia para o Extremo Sul da Bahia e contribuir\u00e1 decisivamente para a nossa estrat\u00e9gia de regionaliza\u00e7\u00e3o da sa\u00fade\u201d, explica.<\/p>\n\n\n\n<p>Ao todo, seis caminh\u00f5es de equipamentos foram descarregados no hospital, inclusive durante as festividades de fim de ano. Macas, camas, autoclaves, aparelhos de raio-x, arm\u00e1rios, cabine de seguran\u00e7a biol\u00f3gica, entre outros equipamentos m\u00e9dicos e mobili\u00e1rio, j\u00e1 est\u00e3o na unidade.<\/p>\n\n\n\n<p>O Costa das Baleias, que ir\u00e1 ampliar a Rede de Aten\u00e7\u00e3o \u00e0s Pessoas com Doen\u00e7as Cr\u00f4nicas e a Rede de Aten\u00e7\u00e3o \u00e0s Urg\u00eancias do Estado, teve um investimento de mais de R$ 150 milh\u00f5es somente nas obras f\u00edsicas e ter\u00e1 atendimento e diagn\u00f3stico nas especialidades de cardiologia, oncologia, neurocirurgia, traumato-ortopedia, pediatria e sa\u00fade mental, entre outras, e contar\u00e1 com modernos equipamentos para exames de diagn\u00f3stico como resson\u00e2ncia magn\u00e9tica, mamografia, angiografia e raio-x.<\/p>\n","protected":false},"excerpt":{"rendered":"<p>O trabalho para a inaugura\u00e7\u00e3o do Hospital Estadual Costa das Baleias (HECB), em Teixeira de Freitas, segue intenso. A unidade do Governo da Bahia, que integrar\u00e1 a rede de assist\u00eancia da Secretaria da Sa\u00fade do Estado (Sesab) e ser\u00e1 entregue ainda no primeiro trimestre de 2024, j\u00e1 recebeu parte dos equipamentos que ser\u00e3o utilizados pela [&hellip;]<\/p>\n","protected":false},"author":3,"featured_media":21526,"comment_status":"open","ping_status":"open","sticky":false,"template":"","format":"standard","meta":{"_monsterinsights_skip_tracking":false,"_monsterinsights_sitenote_active":false,"_monsterinsights_sitenote_note":"","_monsterinsights_sitenote_category":0,"footnotes":""},"categories":[34],"tags":[],"yoast_head":"<!-- This site is optimized with the Yoast SEO plugin v22.9 - https:\/\/yoast.com\/wordpress\/plugins\/seo\/ -->\n<title>Refer\u00eancia para o Extremo Sul, Hospital Costa das Baleias ser\u00e1 entregue ainda no primeiro trimestre de 2024 - Portal MF<\/title>\n<meta name=\"robots\" content=\"index, follow, max-snippet:-1, max-image-preview:large, max-video-preview:-1\" \/>\n<link rel=\"canonical\" href=\"https:\/\/portalmf.com.br\/index.php\/2024\/01\/04\/referencia-para-o-extremo-sul-hospital-costa-das-baleias-sera-entregue-ainda-no-primeiro-trimestre-de-2024\/\" \/>\n<meta property=\"og:locale\" content=\"pt_BR\" \/>\n<meta property=\"og:type\" content=\"article\" \/>\n<meta property=\"og:title\" content=\"Refer\u00eancia para o Extremo Sul, Hospital Costa das Baleias ser\u00e1 entregue ainda no primeiro trimestre de 2024 - Portal MF\" \/>\n<meta property=\"og:description\" content=\"O trabalho para a inaugura\u00e7\u00e3o do Hospital Estadual Costa das Baleias (HECB), em Teixeira de Freitas, segue intenso. A unidade do Governo da Bahia, que integrar\u00e1 a rede de assist\u00eancia da Secretaria da Sa\u00fade do Estado (Sesab) e ser\u00e1 entregue ainda no primeiro trimestre de 2024, j\u00e1 recebeu parte dos equipamentos que ser\u00e3o utilizados pela [&hellip;]\" \/>\n<meta property=\"og:url\" content=\"https:\/\/portalmf.com.br\/index.php\/2024\/01\/04\/referencia-para-o-extremo-sul-hospital-costa-das-baleias-sera-entregue-ainda-no-primeiro-trimestre-de-2024\/\" \/>\n<meta property=\"og:site_name\" content=\"Portal MF\" \/>\n<meta property=\"article:author\" content=\"https:\/\/www.facebook.com\/portalmfoficial\" \/>\n<meta property=\"article:published_time\" content=\"2024-01-04T19:33:37+00:00\" \/>\n<meta property=\"article:modified_time\" content=\"2024-01-04T19:33:38+00:00\" \/>\n<meta property=\"og:image\" content=\"https:\/\/portalmf.com.br\/wp-content\/uploads\/2024\/01\/Referencia-para-o-Extremo-Sul-Hospital-Costa-das-Baleias-sera-entregue-ainda-no-primeiro-trimestre-de-2024.jpeg\" \/>\n\t<meta property=\"og:image:width\" content=\"2560\" \/>\n\t<meta property=\"og:image:height\" content=\"1920\" \/>\n\t<meta property=\"og:image:type\" content=\"image\/jpeg\" \/>\n<meta name=\"author\" content=\"Reda\u00e7\u00e3o Portal MF\" \/>\n<meta name=\"twitter:card\" content=\"summary_large_image\" \/>\n<meta name=\"twitter:creator\" content=\"@https:\/\/x.com\/portalmfoficial\" \/>\n<meta name=\"twitter:label1\" content=\"Escrito por\" \/>\n\t<meta name=\"twitter:data1\" content=\"Reda\u00e7\u00e3o Portal MF\" \/>\n\t<meta name=\"twitter:label2\" content=\"Est. tempo de leitura\" \/>\n\t<meta name=\"twitter:data2\" content=\"2 minutos\" \/>\n<script type=\"application\/ld+json\" class=\"yoast-schema-graph\">{\"@context\":\"https:\/\/schema.org\",\"@graph\":[{\"@type\":\"WebPage\",\"@id\":\"https:\/\/portalmf.com.br\/index.php\/2024\/01\/04\/referencia-para-o-extremo-sul-hospital-costa-das-baleias-sera-entregue-ainda-no-primeiro-trimestre-de-2024\/\",\"url\":\"https:\/\/portalmf.com.br\/index.php\/2024\/01\/04\/referencia-para-o-extremo-sul-hospital-costa-das-baleias-sera-entregue-ainda-no-primeiro-trimestre-de-2024\/\",\"name\":\"Refer\u00eancia para o Extremo Sul, Hospital Costa das Baleias ser\u00e1 entregue ainda no primeiro trimestre de 2024 - Portal MF\",\"isPartOf\":{\"@id\":\"https:\/\/portalmf.com.br\/#website\"},\"primaryImageOfPage\":{\"@id\":\"https:\/\/portalmf.com.br\/index.php\/2024\/01\/04\/referencia-para-o-extremo-sul-hospital-costa-das-baleias-sera-entregue-ainda-no-primeiro-trimestre-de-2024\/#primaryimage\"},\"image\":{\"@id\":\"https:\/\/portalmf.com.br\/index.php\/2024\/01\/04\/referencia-para-o-extremo-sul-hospital-costa-das-baleias-sera-entregue-ainda-no-primeiro-trimestre-de-2024\/#primaryimage\"},\"thumbnailUrl\":\"https:\/\/portalmf.com.br\/wp-content\/uploads\/2024\/01\/Referencia-para-o-Extremo-Sul-Hospital-Costa-das-Baleias-sera-entregue-ainda-no-primeiro-trimestre-de-2024.jpeg\",\"datePublished\":\"2024-01-04T19:33:37+00:00\",\"dateModified\":\"2024-01-04T19:33:38+00:00\",\"author\":{\"@id\":\"https:\/\/portalmf.com.br\/#\/schema\/person\/9ec101baf56233e53520c26de5d6f6f0\"},\"breadcrumb\":{\"@id\":\"https:\/\/portalmf.com.br\/index.php\/2024\/01\/04\/referencia-para-o-extremo-sul-hospital-costa-das-baleias-sera-entregue-ainda-no-primeiro-trimestre-de-2024\/#breadcrumb\"},\"inLanguage\":\"pt-BR\",\"potentialAction\":[{\"@type\":\"ReadAction\",\"target\":[\"https:\/\/portalmf.com.br\/index.php\/2024\/01\/04\/referencia-para-o-extremo-sul-hospital-costa-das-baleias-sera-entregue-ainda-no-primeiro-trimestre-de-2024\/\"]}]},{\"@type\":\"ImageObject\",\"inLanguage\":\"pt-BR\",\"@id\":\"https:\/\/portalmf.com.br\/index.php\/2024\/01\/04\/referencia-para-o-extremo-sul-hospital-costa-das-baleias-sera-entregue-ainda-no-primeiro-trimestre-de-2024\/#primaryimage\",\"url\":\"https:\/\/portalmf.com.br\/wp-content\/uploads\/2024\/01\/Referencia-para-o-Extremo-Sul-Hospital-Costa-das-Baleias-sera-entregue-ainda-no-primeiro-trimestre-de-2024.jpeg\",\"contentUrl\":\"https:\/\/portalmf.com.br\/wp-content\/uploads\/2024\/01\/Referencia-para-o-Extremo-Sul-Hospital-Costa-das-Baleias-sera-entregue-ainda-no-primeiro-trimestre-de-2024.jpeg\",\"width\":2560,\"height\":1920},{\"@type\":\"BreadcrumbList\",\"@id\":\"https:\/\/portalmf.com.br\/index.php\/2024\/01\/04\/referencia-para-o-extremo-sul-hospital-costa-das-baleias-sera-entregue-ainda-no-primeiro-trimestre-de-2024\/#breadcrumb\",\"itemListElement\":[{\"@type\":\"ListItem\",\"position\":1,\"name\":\"In\u00edcio\",\"item\":\"https:\/\/portalmf.com.br\/\"},{\"@type\":\"ListItem\",\"position\":2,\"name\":\"Refer\u00eancia para o Extremo Sul, Hospital Costa das Baleias ser\u00e1 entregue ainda no primeiro trimestre de 2024\"}]},{\"@type\":\"WebSite\",\"@id\":\"https:\/\/portalmf.com.br\/#website\",\"url\":\"https:\/\/portalmf.com.br\/\",\"name\":\"Portal MF\",\"description\":\"Voc\u00ea conectado com a informa\u00e7\u00e3o\",\"potentialAction\":[{\"@type\":\"SearchAction\",\"target\":{\"@type\":\"EntryPoint\",\"urlTemplate\":\"https:\/\/portalmf.com.br\/?s={search_term_string}\"},\"query-input\":\"required name=search_term_string\"}],\"inLanguage\":\"pt-BR\"},{\"@type\":\"Person\",\"@id\":\"https:\/\/portalmf.com.br\/#\/schema\/person\/9ec101baf56233e53520c26de5d6f6f0\",\"name\":\"Reda\u00e7\u00e3o Portal MF\",\"image\":{\"@type\":\"ImageObject\",\"inLanguage\":\"pt-BR\",\"@id\":\"https:\/\/portalmf.com.br\/#\/schema\/person\/image\/\",\"url\":\"https:\/\/secure.gravatar.com\/avatar\/41b9aaeb2100835f7c64362330f74c7f?s=96&d=mm&r=g\",\"contentUrl\":\"https:\/\/secure.gravatar.com\/avatar\/41b9aaeb2100835f7c64362330f74c7f?s=96&d=mm&r=g\",\"caption\":\"Reda\u00e7\u00e3o Portal MF\"},\"description\":\"Sejam bem-vindos o portal de informa\u00e7\u00f5es de entretenimento de Feira de Santana, desde 2006 realiza coberturas dos principais eventos com entrevistas exclusivas com as principais personalidades mundiais. Fique conectado tamb\u00e9m nas redes sociais.\",\"sameAs\":[\"http:\/\/www.portalmf.com.br\/\",\"https:\/\/www.facebook.com\/portalmfoficial\",\"https:\/\/www.instagram.com\/portalmf\/\",\"https:\/\/x.com\/https:\/\/x.com\/portalmfoficial\",\"https:\/\/www.youtube.com\/@portalmfoficial\"],\"url\":\"https:\/\/portalmf.com.br\/index.php\/author\/junior\/\"}]}<\/script>\n<!-- \/ Yoast SEO plugin. -->","yoast_head_json":{"title":"Refer\u00eancia para o Extremo Sul, Hospital Costa das Baleias ser\u00e1 entregue ainda no primeiro trimestre de 2024 - Portal MF","robots":{"index":"index","follow":"follow","max-snippet":"max-snippet:-1","max-image-preview":"max-image-preview:large","max-video-preview":"max-video-preview:-1"},"canonical":"https:\/\/portalmf.com.br\/index.php\/2024\/01\/04\/referencia-para-o-extremo-sul-hospital-costa-das-baleias-sera-entregue-ainda-no-primeiro-trimestre-de-2024\/","og_locale":"pt_BR","og_type":"article","og_title":"Refer\u00eancia para o Extremo Sul, Hospital Costa das Baleias ser\u00e1 entregue ainda no primeiro trimestre de 2024 - Portal MF","og_description":"O trabalho para a inaugura\u00e7\u00e3o do Hospital Estadual Costa das Baleias (HECB), em Teixeira de Freitas, segue intenso. A unidade do Governo da Bahia, que integrar\u00e1 a rede de assist\u00eancia da Secretaria da Sa\u00fade do Estado (Sesab) e ser\u00e1 entregue ainda no primeiro trimestre de 2024, j\u00e1 recebeu parte dos equipamentos que ser\u00e3o utilizados pela [&hellip;]","og_url":"https:\/\/portalmf.com.br\/index.php\/2024\/01\/04\/referencia-para-o-extremo-sul-hospital-costa-das-baleias-sera-entregue-ainda-no-primeiro-trimestre-de-2024\/","og_site_name":"Portal MF","article_author":"https:\/\/www.facebook.com\/portalmfoficial","article_published_time":"2024-01-04T19:33:37+00:00","article_modified_time":"2024-01-04T19:33:38+00:00","og_image":[{"width":2560,"height":1920,"url":"https:\/\/portalmf.com.br\/wp-content\/uploads\/2024\/01\/Referencia-para-o-Extremo-Sul-Hospital-Costa-das-Baleias-sera-entregue-ainda-no-primeiro-trimestre-de-2024.jpeg","type":"image\/jpeg"}],"author":"Reda\u00e7\u00e3o Portal MF","twitter_card":"summary_large_image","twitter_creator":"@https:\/\/x.com\/portalmfoficial","twitter_misc":{"Escrito por":"Reda\u00e7\u00e3o Portal MF","Est. tempo de leitura":"2 minutos"},"schema":{"@context":"https:\/\/schema.org","@graph":[{"@type":"WebPage","@id":"https:\/\/portalmf.com.br\/index.php\/2024\/01\/04\/referencia-para-o-extremo-sul-hospital-costa-das-baleias-sera-entregue-ainda-no-primeiro-trimestre-de-2024\/","url":"https:\/\/portalmf.com.br\/index.php\/2024\/01\/04\/referencia-para-o-extremo-sul-hospital-costa-das-baleias-sera-entregue-ainda-no-primeiro-trimestre-de-2024\/","name":"Refer\u00eancia para o Extremo Sul, Hospital Costa das Baleias ser\u00e1 entregue ainda no primeiro trimestre de 2024 - Portal MF","isPartOf":{"@id":"https:\/\/portalmf.com.br\/#website"},"primaryImageOfPage":{"@id":"https:\/\/portalmf.com.br\/index.php\/2024\/01\/04\/referencia-para-o-extremo-sul-hospital-costa-das-baleias-sera-entregue-ainda-no-primeiro-trimestre-de-2024\/#primaryimage"},"image":{"@id":"https:\/\/portalmf.com.br\/index.php\/2024\/01\/04\/referencia-para-o-extremo-sul-hospital-costa-das-baleias-sera-entregue-ainda-no-primeiro-trimestre-de-2024\/#primaryimage"},"thumbnailUrl":"https:\/\/portalmf.com.br\/wp-content\/uploads\/2024\/01\/Referencia-para-o-Extremo-Sul-Hospital-Costa-das-Baleias-sera-entregue-ainda-no-primeiro-trimestre-de-2024.jpeg","datePublished":"2024-01-04T19:33:37+00:00","dateModified":"2024-01-04T19:33:38+00:00","author":{"@id":"https:\/\/portalmf.com.br\/#\/schema\/person\/9ec101baf56233e53520c26de5d6f6f0"},"breadcrumb":{"@id":"https:\/\/portalmf.com.br\/index.php\/2024\/01\/04\/referencia-para-o-extremo-sul-hospital-costa-das-baleias-sera-entregue-ainda-no-primeiro-trimestre-de-2024\/#breadcrumb"},"inLanguage":"pt-BR","potentialAction":[{"@type":"ReadAction","target":["https:\/\/portalmf.com.br\/index.php\/2024\/01\/04\/referencia-para-o-extremo-sul-hospital-costa-das-baleias-sera-entregue-ainda-no-primeiro-trimestre-de-2024\/"]}]},{"@type":"ImageObject","inLanguage":"pt-BR","@id":"https:\/\/portalmf.com.br\/index.php\/2024\/01\/04\/referencia-para-o-extremo-sul-hospital-costa-das-baleias-sera-entregue-ainda-no-primeiro-trimestre-de-2024\/#primaryimage","url":"https:\/\/portalmf.com.br\/wp-content\/uploads\/2024\/01\/Referencia-para-o-Extremo-Sul-Hospital-Costa-das-Baleias-sera-entregue-ainda-no-primeiro-trimestre-de-2024.jpeg","contentUrl":"https:\/\/portalmf.com.br\/wp-content\/uploads\/2024\/01\/Referencia-para-o-Extremo-Sul-Hospital-Costa-das-Baleias-sera-entregue-ainda-no-primeiro-trimestre-de-2024.jpeg","width":2560,"height":1920},{"@type":"BreadcrumbList","@id":"https:\/\/portalmf.com.br\/index.php\/2024\/01\/04\/referencia-para-o-extremo-sul-hospital-costa-das-baleias-sera-entregue-ainda-no-primeiro-trimestre-de-2024\/#breadcrumb","itemListElement":[{"@type":"ListItem","position":1,"name":"In\u00edcio","item":"https:\/\/portalmf.com.br\/"},{"@type":"ListItem","position":2,"name":"Refer\u00eancia para o Extremo Sul, Hospital Costa das Baleias ser\u00e1 entregue ainda no primeiro trimestre de 2024"}]},{"@type":"WebSite","@id":"https:\/\/portalmf.com.br\/#website","url":"https:\/\/portalmf.com.br\/","name":"Portal MF","description":"Voc\u00ea conectado com a informa\u00e7\u00e3o","potentialAction":[{"@type":"SearchAction","target":{"@type":"EntryPoint","urlTemplate":"https:\/\/portalmf.com.br\/?s={search_term_string}"},"query-input":"required name=search_term_string"}],"inLanguage":"pt-BR"},{"@type":"Person","@id":"https:\/\/portalmf.com.br\/#\/schema\/person\/9ec101baf56233e53520c26de5d6f6f0","name":"Reda\u00e7\u00e3o Portal MF","image":{"@type":"ImageObject","inLanguage":"pt-BR","@id":"https:\/\/portalmf.com.br\/#\/schema\/person\/image\/","url":"https:\/\/secure.gravatar.com\/avatar\/41b9aaeb2100835f7c64362330f74c7f?s=96&d=mm&r=g","contentUrl":"https:\/\/secure.gravatar.com\/avatar\/41b9aaeb2100835f7c64362330f74c7f?s=96&d=mm&r=g","caption":"Reda\u00e7\u00e3o Portal MF"},"description":"Sejam bem-vindos o portal de informa\u00e7\u00f5es de entretenimento de Feira de Santana, desde 2006 realiza coberturas dos principais eventos com entrevistas exclusivas com as principais personalidades mundiais. Fique conectado tamb\u00e9m nas redes sociais.","sameAs":["http:\/\/www.portalmf.com.br\/","https:\/\/www.facebook.com\/portalmfoficial","https:\/\/www.instagram.com\/portalmf\/","https:\/\/x.com\/https:\/\/x.com\/portalmfoficial","https:\/\/www.youtube.com\/@portalmfoficial"],"url":"https:\/\/portalmf.com.br\/index.php\/author\/junior\/"}]}},"_links":{"self":[{"href":"https:\/\/portalmf.com.br\/index.php\/wp-json\/wp\/v2\/posts\/21525"}],"collection":[{"href":"https:\/\/portalmf.com.br\/index.php\/wp-json\/wp\/v2\/posts"}],"about":[{"href":"https:\/\/portalmf.com.br\/index.php\/wp-json\/wp\/v2\/types\/post"}],"author":[{"embeddable":true,"href":"https:\/\/portalmf.com.br\/index.php\/wp-json\/wp\/v2\/users\/3"}],"replies":[{"embeddable":true,"href":"https:\/\/portalmf.com.br\/index.php\/wp-json\/wp\/v2\/comments?post=21525"}],"version-history":[{"count":1,"href":"https:\/\/portalmf.com.br\/index.php\/wp-json\/wp\/v2\/posts\/21525\/revisions"}],"predecessor-version":[{"id":21527,"href":"https:\/\/portalmf.com.br\/index.php\/wp-json\/wp\/v2\/posts\/21525\/revisions\/21527"}],"wp:featuredmedia":[{"embeddable":true,"href":"https:\/\/portalmf.com.br\/index.php\/wp-json\/wp\/v2\/media\/21526"}],"wp:attachment":[{"href":"https:\/\/portalmf.com.br\/index.php\/wp-json\/wp\/v2\/media?parent=21525"}],"wp:term":[{"taxonomy":"category","embeddable":true,"href":"https:\/\/portalmf.com.br\/index.php\/wp-json\/wp\/v2\/categories?post=21525"},{"taxonomy":"post_tag","embeddable":true,"href":"https:\/\/portalmf.com.br\/index.php\/wp-json\/wp\/v2\/tags?post=21525"}],"curies":[{"name":"wp","href":"https:\/\/api.w.org\/{rel}","templated":true}]}}