{"id":21517,"date":"2024-01-04T16:00:59","date_gmt":"2024-01-04T19:00:59","guid":{"rendered":"https:\/\/portalmf.com.br\/?p=21517"},"modified":"2024-01-04T16:01:02","modified_gmt":"2024-01-04T19:01:02","slug":"pt-filia-ex-deputado-tito-para-fortalecer-projeto-do-partido-em-barreiras","status":"publish","type":"post","link":"https:\/\/portalmf.com.br\/index.php\/2024\/01\/04\/pt-filia-ex-deputado-tito-para-fortalecer-projeto-do-partido-em-barreiras\/","title":{"rendered":"PT filia ex-deputado Tito para fortalecer projeto do partido em Barreiras"},"content":{"rendered":"\n<p>O Partido dos Trabalhadores filiou o ex-deputado federal Tito ap\u00f3s diversas negocia\u00e7\u00f5es e intensos di\u00e1logos do ex-parlamentar com o Diret\u00f3rio Municipal de Barreiras. Com a filia\u00e7\u00e3o do ex-deputado, que apoiou o governador Jer\u00f4nimo Rodrigues e o presidente Lula nas elei\u00e7\u00f5es gerais de 2022, o partido avan\u00e7a para fortalecer seus quadros com novas lideran\u00e7as alinhadas ao seu projeto pol\u00edtico na cidade.<\/p>\n\n\n\n<p>Presidenta do PT de Barreiras, que deu in\u00edcio \u00e0s negocia\u00e7\u00f5es para filia\u00e7\u00e3o do ex parlamentar \u00e0 legenda, a Professora Nilza Martins afirmou que a chegada de Tito representa o in\u00edcio de uma caminhada para fortalecer o projeto do partido no munic\u00edpio, em conson\u00e2ncia com as gest\u00f5es do governador Jer\u00f4nimo e do presidente Lula. \u201cTito se soma \u00e0 nossa defesa da democracia, o aprofundamento e amplia\u00e7\u00e3o dos programas sociais, o modo petista de governar, o or\u00e7amento participativo, as pol\u00edticas de Lula e Jer\u00f4nimo\u201d.<\/p>\n\n\n\n<p>O presidente estadual do PT Bahia, \u00c9den Valadares, destacou que a filia\u00e7\u00e3o do ex-deputado \u00e9 muito bem-vinda. \u201cApoiador de Lula e Jer\u00f4nimo, caminhou conosco em 2022 n\u00e3o apenas em Barreiras como por todo o Oeste, tenho certeza que sua chegada engrossa as fileiras de luta do PT e, com a condu\u00e7\u00e3o da presidenta Professora Nilza, iniciaremos um processo de di\u00e1logo franco e fraterno com todos os partidos e for\u00e7as pol\u00edticas que querem ver Barreiras no mesmo caminho da Bahia e do Brasil, unificados em um mesmo palanque\u201d, disse.<\/p>\n\n\n\n<p>O ex-deputado, por sua vez, falou da sua responsabilidade ao se filiar ao PT, do seu comprometimento com os moradores e o munic\u00edpio de Barreiras e do seu empenho para o partido vencer as elei\u00e7\u00f5es em 2024 no munic\u00edpio. \u201cAo PT, a sua Dire\u00e7\u00e3o Municipal e a sua Dire\u00e7\u00e3o Estadual, nosso reconhecimento pela acolhida e nossa disposi\u00e7\u00e3o para contribuir com uma grande vit\u00f3ria nas pr\u00f3ximas elei\u00e7\u00f5es municipais. A Barreiras, minha querida cidade, toda a minha for\u00e7a e determina\u00e7\u00e3o! Com muita f\u00e9, coragem e de m\u00e3os dadas com todos os barreirenses de boa vontade, a certeza de que uma for\u00e7a superior nos orientar\u00e1 na condu\u00e7\u00e3o ao seu grande destino: desenvolvimento para proporcionar melhor qualidade de vida para nossa popula\u00e7\u00e3o barreirense\u201d.<\/p>\n","protected":false},"excerpt":{"rendered":"<p>O Partido dos Trabalhadores filiou o ex-deputado federal Tito ap\u00f3s diversas negocia\u00e7\u00f5es e intensos di\u00e1logos do ex-parlamentar com o Diret\u00f3rio Municipal de Barreiras. Com a filia\u00e7\u00e3o do ex-deputado, que apoiou o governador Jer\u00f4nimo Rodrigues e o presidente Lula nas elei\u00e7\u00f5es gerais de 2022, o partido avan\u00e7a para fortalecer seus quadros com novas lideran\u00e7as alinhadas ao [&hellip;]<\/p>\n","protected":false},"author":3,"featured_media":21518,"comment_status":"open","ping_status":"open","sticky":false,"template":"","format":"standard","meta":{"_monsterinsights_skip_tracking":false,"_monsterinsights_sitenote_active":false,"_monsterinsights_sitenote_note":"","_monsterinsights_sitenote_category":0,"footnotes":""},"categories":[34],"tags":[],"yoast_head":"<!-- This site is optimized with the Yoast SEO plugin v22.9 - https:\/\/yoast.com\/wordpress\/plugins\/seo\/ -->\n<title>PT filia ex-deputado Tito para fortalecer projeto do partido em Barreiras - Portal MF<\/title>\n<meta name=\"robots\" content=\"index, follow, max-snippet:-1, max-image-preview:large, max-video-preview:-1\" \/>\n<link rel=\"canonical\" href=\"https:\/\/portalmf.com.br\/index.php\/2024\/01\/04\/pt-filia-ex-deputado-tito-para-fortalecer-projeto-do-partido-em-barreiras\/\" \/>\n<meta property=\"og:locale\" content=\"pt_BR\" \/>\n<meta property=\"og:type\" content=\"article\" \/>\n<meta property=\"og:title\" content=\"PT filia ex-deputado Tito para fortalecer projeto do partido em Barreiras - Portal MF\" \/>\n<meta property=\"og:description\" content=\"O Partido dos Trabalhadores filiou o ex-deputado federal Tito ap\u00f3s diversas negocia\u00e7\u00f5es e intensos di\u00e1logos do ex-parlamentar com o Diret\u00f3rio Municipal de Barreiras. Com a filia\u00e7\u00e3o do ex-deputado, que apoiou o governador Jer\u00f4nimo Rodrigues e o presidente Lula nas elei\u00e7\u00f5es gerais de 2022, o partido avan\u00e7a para fortalecer seus quadros com novas lideran\u00e7as alinhadas ao [&hellip;]\" \/>\n<meta property=\"og:url\" content=\"https:\/\/portalmf.com.br\/index.php\/2024\/01\/04\/pt-filia-ex-deputado-tito-para-fortalecer-projeto-do-partido-em-barreiras\/\" \/>\n<meta property=\"og:site_name\" content=\"Portal MF\" \/>\n<meta property=\"article:author\" content=\"https:\/\/www.facebook.com\/portalmfoficial\" \/>\n<meta property=\"article:published_time\" content=\"2024-01-04T19:00:59+00:00\" \/>\n<meta property=\"article:modified_time\" content=\"2024-01-04T19:01:02+00:00\" \/>\n<meta property=\"og:image\" content=\"https:\/\/portalmf.com.br\/wp-content\/uploads\/2024\/01\/Ex-deputado-Tito.jpg\" \/>\n\t<meta property=\"og:image:width\" content=\"900\" \/>\n\t<meta property=\"og:image:height\" content=\"722\" \/>\n\t<meta property=\"og:image:type\" content=\"image\/jpeg\" \/>\n<meta name=\"author\" content=\"Reda\u00e7\u00e3o Portal MF\" \/>\n<meta name=\"twitter:card\" content=\"summary_large_image\" \/>\n<meta name=\"twitter:creator\" content=\"@https:\/\/x.com\/portalmfoficial\" \/>\n<meta name=\"twitter:label1\" content=\"Escrito por\" \/>\n\t<meta name=\"twitter:data1\" content=\"Reda\u00e7\u00e3o Portal MF\" \/>\n\t<meta name=\"twitter:label2\" content=\"Est. tempo de leitura\" \/>\n\t<meta name=\"twitter:data2\" content=\"2 minutos\" \/>\n<script type=\"application\/ld+json\" class=\"yoast-schema-graph\">{\"@context\":\"https:\/\/schema.org\",\"@graph\":[{\"@type\":\"WebPage\",\"@id\":\"https:\/\/portalmf.com.br\/index.php\/2024\/01\/04\/pt-filia-ex-deputado-tito-para-fortalecer-projeto-do-partido-em-barreiras\/\",\"url\":\"https:\/\/portalmf.com.br\/index.php\/2024\/01\/04\/pt-filia-ex-deputado-tito-para-fortalecer-projeto-do-partido-em-barreiras\/\",\"name\":\"PT filia ex-deputado Tito para fortalecer projeto do partido em Barreiras - Portal MF\",\"isPartOf\":{\"@id\":\"https:\/\/portalmf.com.br\/#website\"},\"primaryImageOfPage\":{\"@id\":\"https:\/\/portalmf.com.br\/index.php\/2024\/01\/04\/pt-filia-ex-deputado-tito-para-fortalecer-projeto-do-partido-em-barreiras\/#primaryimage\"},\"image\":{\"@id\":\"https:\/\/portalmf.com.br\/index.php\/2024\/01\/04\/pt-filia-ex-deputado-tito-para-fortalecer-projeto-do-partido-em-barreiras\/#primaryimage\"},\"thumbnailUrl\":\"https:\/\/portalmf.com.br\/wp-content\/uploads\/2024\/01\/Ex-deputado-Tito.jpg\",\"datePublished\":\"2024-01-04T19:00:59+00:00\",\"dateModified\":\"2024-01-04T19:01:02+00:00\",\"author\":{\"@id\":\"https:\/\/portalmf.com.br\/#\/schema\/person\/9ec101baf56233e53520c26de5d6f6f0\"},\"breadcrumb\":{\"@id\":\"https:\/\/portalmf.com.br\/index.php\/2024\/01\/04\/pt-filia-ex-deputado-tito-para-fortalecer-projeto-do-partido-em-barreiras\/#breadcrumb\"},\"inLanguage\":\"pt-BR\",\"potentialAction\":[{\"@type\":\"ReadAction\",\"target\":[\"https:\/\/portalmf.com.br\/index.php\/2024\/01\/04\/pt-filia-ex-deputado-tito-para-fortalecer-projeto-do-partido-em-barreiras\/\"]}]},{\"@type\":\"ImageObject\",\"inLanguage\":\"pt-BR\",\"@id\":\"https:\/\/portalmf.com.br\/index.php\/2024\/01\/04\/pt-filia-ex-deputado-tito-para-fortalecer-projeto-do-partido-em-barreiras\/#primaryimage\",\"url\":\"https:\/\/portalmf.com.br\/wp-content\/uploads\/2024\/01\/Ex-deputado-Tito.jpg\",\"contentUrl\":\"https:\/\/portalmf.com.br\/wp-content\/uploads\/2024\/01\/Ex-deputado-Tito.jpg\",\"width\":900,\"height\":722},{\"@type\":\"BreadcrumbList\",\"@id\":\"https:\/\/portalmf.com.br\/index.php\/2024\/01\/04\/pt-filia-ex-deputado-tito-para-fortalecer-projeto-do-partido-em-barreiras\/#breadcrumb\",\"itemListElement\":[{\"@type\":\"ListItem\",\"position\":1,\"name\":\"In\u00edcio\",\"item\":\"https:\/\/portalmf.com.br\/\"},{\"@type\":\"ListItem\",\"position\":2,\"name\":\"PT filia ex-deputado Tito para fortalecer projeto do partido em Barreiras\"}]},{\"@type\":\"WebSite\",\"@id\":\"https:\/\/portalmf.com.br\/#website\",\"url\":\"https:\/\/portalmf.com.br\/\",\"name\":\"Portal MF\",\"description\":\"Voc\u00ea conectado com a informa\u00e7\u00e3o\",\"potentialAction\":[{\"@type\":\"SearchAction\",\"target\":{\"@type\":\"EntryPoint\",\"urlTemplate\":\"https:\/\/portalmf.com.br\/?s={search_term_string}\"},\"query-input\":\"required name=search_term_string\"}],\"inLanguage\":\"pt-BR\"},{\"@type\":\"Person\",\"@id\":\"https:\/\/portalmf.com.br\/#\/schema\/person\/9ec101baf56233e53520c26de5d6f6f0\",\"name\":\"Reda\u00e7\u00e3o Portal MF\",\"image\":{\"@type\":\"ImageObject\",\"inLanguage\":\"pt-BR\",\"@id\":\"https:\/\/portalmf.com.br\/#\/schema\/person\/image\/\",\"url\":\"https:\/\/secure.gravatar.com\/avatar\/41b9aaeb2100835f7c64362330f74c7f?s=96&d=mm&r=g\",\"contentUrl\":\"https:\/\/secure.gravatar.com\/avatar\/41b9aaeb2100835f7c64362330f74c7f?s=96&d=mm&r=g\",\"caption\":\"Reda\u00e7\u00e3o Portal MF\"},\"description\":\"Sejam bem-vindos o portal de informa\u00e7\u00f5es de entretenimento de Feira de Santana, desde 2006 realiza coberturas dos principais eventos com entrevistas exclusivas com as principais personalidades mundiais. Fique conectado tamb\u00e9m nas redes sociais.\",\"sameAs\":[\"http:\/\/www.portalmf.com.br\/\",\"https:\/\/www.facebook.com\/portalmfoficial\",\"https:\/\/www.instagram.com\/portalmf\/\",\"https:\/\/x.com\/https:\/\/x.com\/portalmfoficial\",\"https:\/\/www.youtube.com\/@portalmfoficial\"],\"url\":\"https:\/\/portalmf.com.br\/index.php\/author\/junior\/\"}]}<\/script>\n<!-- \/ Yoast SEO plugin. -->","yoast_head_json":{"title":"PT filia ex-deputado Tito para fortalecer projeto do partido em Barreiras - Portal MF","robots":{"index":"index","follow":"follow","max-snippet":"max-snippet:-1","max-image-preview":"max-image-preview:large","max-video-preview":"max-video-preview:-1"},"canonical":"https:\/\/portalmf.com.br\/index.php\/2024\/01\/04\/pt-filia-ex-deputado-tito-para-fortalecer-projeto-do-partido-em-barreiras\/","og_locale":"pt_BR","og_type":"article","og_title":"PT filia ex-deputado Tito para fortalecer projeto do partido em Barreiras - Portal MF","og_description":"O Partido dos Trabalhadores filiou o ex-deputado federal Tito ap\u00f3s diversas negocia\u00e7\u00f5es e intensos di\u00e1logos do ex-parlamentar com o Diret\u00f3rio Municipal de Barreiras. Com a filia\u00e7\u00e3o do ex-deputado, que apoiou o governador Jer\u00f4nimo Rodrigues e o presidente Lula nas elei\u00e7\u00f5es gerais de 2022, o partido avan\u00e7a para fortalecer seus quadros com novas lideran\u00e7as alinhadas ao [&hellip;]","og_url":"https:\/\/portalmf.com.br\/index.php\/2024\/01\/04\/pt-filia-ex-deputado-tito-para-fortalecer-projeto-do-partido-em-barreiras\/","og_site_name":"Portal MF","article_author":"https:\/\/www.facebook.com\/portalmfoficial","article_published_time":"2024-01-04T19:00:59+00:00","article_modified_time":"2024-01-04T19:01:02+00:00","og_image":[{"width":900,"height":722,"url":"https:\/\/portalmf.com.br\/wp-content\/uploads\/2024\/01\/Ex-deputado-Tito.jpg","type":"image\/jpeg"}],"author":"Reda\u00e7\u00e3o Portal MF","twitter_card":"summary_large_image","twitter_creator":"@https:\/\/x.com\/portalmfoficial","twitter_misc":{"Escrito por":"Reda\u00e7\u00e3o Portal MF","Est. tempo de leitura":"2 minutos"},"schema":{"@context":"https:\/\/schema.org","@graph":[{"@type":"WebPage","@id":"https:\/\/portalmf.com.br\/index.php\/2024\/01\/04\/pt-filia-ex-deputado-tito-para-fortalecer-projeto-do-partido-em-barreiras\/","url":"https:\/\/portalmf.com.br\/index.php\/2024\/01\/04\/pt-filia-ex-deputado-tito-para-fortalecer-projeto-do-partido-em-barreiras\/","name":"PT filia ex-deputado Tito para fortalecer projeto do partido em Barreiras - Portal MF","isPartOf":{"@id":"https:\/\/portalmf.com.br\/#website"},"primaryImageOfPage":{"@id":"https:\/\/portalmf.com.br\/index.php\/2024\/01\/04\/pt-filia-ex-deputado-tito-para-fortalecer-projeto-do-partido-em-barreiras\/#primaryimage"},"image":{"@id":"https:\/\/portalmf.com.br\/index.php\/2024\/01\/04\/pt-filia-ex-deputado-tito-para-fortalecer-projeto-do-partido-em-barreiras\/#primaryimage"},"thumbnailUrl":"https:\/\/portalmf.com.br\/wp-content\/uploads\/2024\/01\/Ex-deputado-Tito.jpg","datePublished":"2024-01-04T19:00:59+00:00","dateModified":"2024-01-04T19:01:02+00:00","author":{"@id":"https:\/\/portalmf.com.br\/#\/schema\/person\/9ec101baf56233e53520c26de5d6f6f0"},"breadcrumb":{"@id":"https:\/\/portalmf.com.br\/index.php\/2024\/01\/04\/pt-filia-ex-deputado-tito-para-fortalecer-projeto-do-partido-em-barreiras\/#breadcrumb"},"inLanguage":"pt-BR","potentialAction":[{"@type":"ReadAction","target":["https:\/\/portalmf.com.br\/index.php\/2024\/01\/04\/pt-filia-ex-deputado-tito-para-fortalecer-projeto-do-partido-em-barreiras\/"]}]},{"@type":"ImageObject","inLanguage":"pt-BR","@id":"https:\/\/portalmf.com.br\/index.php\/2024\/01\/04\/pt-filia-ex-deputado-tito-para-fortalecer-projeto-do-partido-em-barreiras\/#primaryimage","url":"https:\/\/portalmf.com.br\/wp-content\/uploads\/2024\/01\/Ex-deputado-Tito.jpg","contentUrl":"https:\/\/portalmf.com.br\/wp-content\/uploads\/2024\/01\/Ex-deputado-Tito.jpg","width":900,"height":722},{"@type":"BreadcrumbList","@id":"https:\/\/portalmf.com.br\/index.php\/2024\/01\/04\/pt-filia-ex-deputado-tito-para-fortalecer-projeto-do-partido-em-barreiras\/#breadcrumb","itemListElement":[{"@type":"ListItem","position":1,"name":"In\u00edcio","item":"https:\/\/portalmf.com.br\/"},{"@type":"ListItem","position":2,"name":"PT filia ex-deputado Tito para fortalecer projeto do partido em Barreiras"}]},{"@type":"WebSite","@id":"https:\/\/portalmf.com.br\/#website","url":"https:\/\/portalmf.com.br\/","name":"Portal MF","description":"Voc\u00ea conectado com a informa\u00e7\u00e3o","potentialAction":[{"@type":"SearchAction","target":{"@type":"EntryPoint","urlTemplate":"https:\/\/portalmf.com.br\/?s={search_term_string}"},"query-input":"required name=search_term_string"}],"inLanguage":"pt-BR"},{"@type":"Person","@id":"https:\/\/portalmf.com.br\/#\/schema\/person\/9ec101baf56233e53520c26de5d6f6f0","name":"Reda\u00e7\u00e3o Portal MF","image":{"@type":"ImageObject","inLanguage":"pt-BR","@id":"https:\/\/portalmf.com.br\/#\/schema\/person\/image\/","url":"https:\/\/secure.gravatar.com\/avatar\/41b9aaeb2100835f7c64362330f74c7f?s=96&d=mm&r=g","contentUrl":"https:\/\/secure.gravatar.com\/avatar\/41b9aaeb2100835f7c64362330f74c7f?s=96&d=mm&r=g","caption":"Reda\u00e7\u00e3o Portal MF"},"description":"Sejam bem-vindos o portal de informa\u00e7\u00f5es de entretenimento de Feira de Santana, desde 2006 realiza coberturas dos principais eventos com entrevistas exclusivas com as principais personalidades mundiais. Fique conectado tamb\u00e9m nas redes sociais.","sameAs":["http:\/\/www.portalmf.com.br\/","https:\/\/www.facebook.com\/portalmfoficial","https:\/\/www.instagram.com\/portalmf\/","https:\/\/x.com\/https:\/\/x.com\/portalmfoficial","https:\/\/www.youtube.com\/@portalmfoficial"],"url":"https:\/\/portalmf.com.br\/index.php\/author\/junior\/"}]}},"_links":{"self":[{"href":"https:\/\/portalmf.com.br\/index.php\/wp-json\/wp\/v2\/posts\/21517"}],"collection":[{"href":"https:\/\/portalmf.com.br\/index.php\/wp-json\/wp\/v2\/posts"}],"about":[{"href":"https:\/\/portalmf.com.br\/index.php\/wp-json\/wp\/v2\/types\/post"}],"author":[{"embeddable":true,"href":"https:\/\/portalmf.com.br\/index.php\/wp-json\/wp\/v2\/users\/3"}],"replies":[{"embeddable":true,"href":"https:\/\/portalmf.com.br\/index.php\/wp-json\/wp\/v2\/comments?post=21517"}],"version-history":[{"count":1,"href":"https:\/\/portalmf.com.br\/index.php\/wp-json\/wp\/v2\/posts\/21517\/revisions"}],"predecessor-version":[{"id":21519,"href":"https:\/\/portalmf.com.br\/index.php\/wp-json\/wp\/v2\/posts\/21517\/revisions\/21519"}],"wp:featuredmedia":[{"embeddable":true,"href":"https:\/\/portalmf.com.br\/index.php\/wp-json\/wp\/v2\/media\/21518"}],"wp:attachment":[{"href":"https:\/\/portalmf.com.br\/index.php\/wp-json\/wp\/v2\/media?parent=21517"}],"wp:term":[{"taxonomy":"category","embeddable":true,"href":"https:\/\/portalmf.com.br\/index.php\/wp-json\/wp\/v2\/categories?post=21517"},{"taxonomy":"post_tag","embeddable":true,"href":"https:\/\/portalmf.com.br\/index.php\/wp-json\/wp\/v2\/tags?post=21517"}],"curies":[{"name":"wp","href":"https:\/\/api.w.org\/{rel}","templated":true}]}}