{"id":21449,"date":"2024-01-02T19:21:30","date_gmt":"2024-01-02T22:21:30","guid":{"rendered":"https:\/\/portalmf.com.br\/?p=21449"},"modified":"2024-01-02T19:21:31","modified_gmt":"2024-01-02T22:21:31","slug":"saque-aniversario-do-fgts-em-2024-ja-esta-disponivel","status":"publish","type":"post","link":"https:\/\/portalmf.com.br\/index.php\/2024\/01\/02\/saque-aniversario-do-fgts-em-2024-ja-esta-disponivel\/","title":{"rendered":"Saque-anivers\u00e1rio do FGTS em 2024 j\u00e1 est\u00e1 dispon\u00edvel"},"content":{"rendered":"\n<p>Os trabalhadores que optarem pelo saque-anivers\u00e1rio do Fundo de Garantia do Tempo de Servi\u00e7o (FGTS) aos poucos come\u00e7am a ter acesso \u00e0 cota de 2024. As retiradas ocorrem conforme o m\u00eas de anivers\u00e1rio do trabalhador. Os cotistas nascidos em janeiro podem fazer o saque a partir desta ter\u00e7a-feira (2).<img decoding=\"async\" src=\"https:\/\/agenciabrasil.ebc.com.br\/ebc.png?id=1574831&amp;o=node\"><img decoding=\"async\" src=\"https:\/\/agenciabrasil.ebc.com.br\/ebc.gif?id=1574831&amp;o=node\"><\/p>\n\n\n\n<p>Criada em 2019 e em vigor desde 2020, essa modalidade permite a retirada de parte do saldo de qualquer conta ativa ou inativa do fundo a cada ano, no m\u00eas de anivers\u00e1rio. Em troca, o trabalhador n\u00e3o poder\u00e1 sacar o valor depositado pela empresa em caso de demiss\u00e3o sem justa causa, apenas a multa rescis\u00f3ria.<\/p>\n\n\n\n<p>O governo pretende mudar essa regra e permitir o saque do saldo total da conta nas demiss\u00f5es sem justa causa, como ocorre com quem n\u00e3o aderiu ao saque-anivers\u00e1rio. Em dezembro, o ministro do Trabalho e Emprego, Luiz Marinho, afirmou que&nbsp;<a href=\"https:\/\/agenciabrasil.ebc.com.br\/economia\/noticia\/2023-12\/regulamentacao-do-trabalho-por-aplicativos-deve-sair-em-janeiro\" target=\"_blank\" rel=\"noreferrer noopener\">pretende enviar<\/a>, at\u00e9 mar\u00e7o, o projeto de lei com as altera\u00e7\u00f5es.<\/p>\n\n\n\n<p>Segundo o balan\u00e7o mais recente da Caixa Econ\u00f4mica Federal, divulgado em setembro, cerca de 32,7 milh\u00f5es de pessoas aderiram ao saque-anivers\u00e1rio. Desse total, 16,9 milh\u00f5es contrataram financiamento usando esses recursos como garantia. At\u00e9 agosto, o total emprestado pelos bancos nessa modalidade somava R$ 111,4 bilh\u00f5es.<\/p>\n\n\n\n<p>O per\u00edodo de saques come\u00e7a no primeiro dia \u00fatil do m\u00eas de anivers\u00e1rio do trabalhador. Os valores ficam dispon\u00edveis at\u00e9 o \u00faltimo dia \u00fatil do segundo m\u00eas subsequente. Caso o dinheiro n\u00e3o seja retirado no prazo, volta para as contas do FGTS em nome do trabalhador.<\/p>\n\n\n\n<h2 class=\"wp-block-heading\">Confira o calend\u00e1rio do saque-anivers\u00e1rio em 2024<\/h2>\n\n\n\n<figure class=\"wp-block-image\"><img decoding=\"async\" src=\"https:\/\/imagens.ebc.com.br\/Jrsg1c4LXjBRM5rkhM79bpNMSqU=\/754x0\/smart\/https:\/\/agenciabrasil.ebc.com.br\/sites\/default\/files\/thumbnails\/image\/tabela1_1.jpg?itok=D6RvMJSO\" alt=\"Saque-anivers\u00e1rio do FGTS em 2024 j\u00e1 est\u00e1 dispon\u00edvel\" title=\"Arte\/EBC\"\/><\/figure>\n\n\n\n<h6 class=\"wp-block-heading\"><strong>Arte\/EBC<\/strong><\/h6>\n\n\n\n<h2 class=\"wp-block-heading\">Ades\u00e3o<\/h2>\n\n\n\n<p>A ades\u00e3o a esse tipo de modalidade \u00e9 volunt\u00e1ria e pode ser feita por meio do aplicativo oficial do FGTS, dispon\u00edvel para&nbsp;<em>smartphones<\/em>&nbsp;e&nbsp;<em>tablets<\/em>&nbsp;dos sistemas Android e iOS. O processo tamb\u00e9m pode ser feito nas ag\u00eancias do banco. Se quiser receber o dinheiro no mesmo ano, o trabalhador dever\u00e1 optar pelo saque-anivers\u00e1rio at\u00e9 o \u00faltimo dia do m\u00eas de nascimento. Caso contr\u00e1rio, s\u00f3 receber\u00e1 a partir do ano seguinte.<\/p>\n\n\n\n<p>Ao retirar uma parcela do FGTS a cada ano, o trabalhador deixar\u00e1 de receber o valor depositado pela empresa caso seja demitido sem justa causa. O pagamento da multa de 40% nessas situa\u00e7\u00f5es est\u00e1 mantido. As demais possibilidades de saque do FGTS \u2013 como compra de im\u00f3veis, aposentadoria e doen\u00e7as graves \u2013 n\u00e3o s\u00e3o afetadas pelo saque-anivers\u00e1rio.<\/p>\n\n\n\n<h2 class=\"wp-block-heading\">Cuidados<\/h2>\n\n\n\n<p>A qualquer momento, o trabalhador pode desistir do saque-anivers\u00e1rio e voltar para a modalidade tradicional, que s\u00f3 permite a retirada em casos especiais, como demiss\u00e3o sem justa causa, aposentadoria, doen\u00e7a grave ou compra de im\u00f3veis.<\/p>\n\n\n\n<p>A decis\u00e3o, por\u00e9m, exige cuidado. Ao voltar para o saque tradicional, o trabalhador ficar\u00e1 dois anos sem poder sacar o saldo da conta no FGTS, mesmo em caso de demiss\u00e3o. Se for dispensado, receber\u00e1 apenas a multa de 40%.<\/p>\n\n\n\n<h2 class=\"wp-block-heading\">Como sacar<\/h2>\n\n\n\n<p>A Caixa orienta o resgate por meio do aplicativo FGTS. Nesse caso, o trabalhador pode programar a transfer\u00eancia do dinheiro para qualquer conta em seu nome, independentemente do banco. A opera\u00e7\u00e3o n\u00e3o tem custo.<\/p>\n\n\n\n<p>As retiradas podem ser feitas nas casas lot\u00e9ricas, caso esses estabelecimentos estejam abertos, e terminais de autoatendimento para quem tem senha do Cart\u00e3o Cidad\u00e3o. Quem tem Cart\u00e3o Cidad\u00e3o e senha pode sacar nos correspondentes Caixa Aqui, caso esses estabelecimentos estejam autorizados a abrir. Basta apresentar documento de identifica\u00e7\u00e3o.<\/p>\n\n\n\n<h2 class=\"wp-block-heading\">Valores<\/h2>\n\n\n\n<p>O valor a que o trabalhador que aderiu ao saque-anivers\u00e1rio tem direito a retirar a cada ano depende do saldo em cada conta do FGTS. Para contas com saldo de at\u00e9 R$ 500, poder\u00e3o ser retirados 50% do total. A partir da\u00ed, o percentual cai, mas ser\u00e1 pago&nbsp;um valor fixo adicional, que aumenta conforme o saldo total. O c\u00e1lculo ocorre da seguinte forma:<\/p>\n\n\n\n<figure class=\"wp-block-image\"><img decoding=\"async\" src=\"https:\/\/imagens.ebc.com.br\/_VtCqj5BFPOh69cHNdHVdl-HPnU=\/754x0\/smart\/https:\/\/agenciabrasil.ebc.com.br\/sites\/default\/files\/thumbnails\/image\/tabela2_1.jpg?itok=mZS7Fmax\" alt=\"Saque-anivers\u00e1rio do FGTS em 2024 j\u00e1 est\u00e1 dispon\u00edvel\" title=\"Arte\/EBC\"\/><\/figure>\n\n\n\n<p>Com informa\u00e7\u00f5es da Ag\u00eancia Brasil<\/p>\n","protected":false},"excerpt":{"rendered":"<p>Os trabalhadores que optarem pelo saque-anivers\u00e1rio do Fundo de Garantia do Tempo de Servi\u00e7o (FGTS) aos poucos come\u00e7am a ter acesso \u00e0 cota de 2024. As retiradas ocorrem conforme o m\u00eas de anivers\u00e1rio do trabalhador. Os cotistas nascidos em janeiro podem fazer o saque a partir desta ter\u00e7a-feira (2). Criada em 2019 e em vigor [&hellip;]<\/p>\n","protected":false},"author":3,"featured_media":21450,"comment_status":"open","ping_status":"open","sticky":false,"template":"","format":"standard","meta":{"_monsterinsights_skip_tracking":false,"_monsterinsights_sitenote_active":false,"_monsterinsights_sitenote_note":"","_monsterinsights_sitenote_category":0,"footnotes":""},"categories":[34],"tags":[],"yoast_head":"<!-- This site is optimized with the Yoast SEO plugin v22.9 - https:\/\/yoast.com\/wordpress\/plugins\/seo\/ -->\n<title>Saque-anivers\u00e1rio do FGTS em 2024 j\u00e1 est\u00e1 dispon\u00edvel - Portal MF<\/title>\n<meta name=\"robots\" content=\"index, follow, max-snippet:-1, max-image-preview:large, max-video-preview:-1\" \/>\n<link rel=\"canonical\" href=\"https:\/\/portalmf.com.br\/index.php\/2024\/01\/02\/saque-aniversario-do-fgts-em-2024-ja-esta-disponivel\/\" \/>\n<meta property=\"og:locale\" content=\"pt_BR\" \/>\n<meta property=\"og:type\" content=\"article\" \/>\n<meta property=\"og:title\" content=\"Saque-anivers\u00e1rio do FGTS em 2024 j\u00e1 est\u00e1 dispon\u00edvel - Portal MF\" \/>\n<meta property=\"og:description\" content=\"Os trabalhadores que optarem pelo saque-anivers\u00e1rio do Fundo de Garantia do Tempo de Servi\u00e7o (FGTS) aos poucos come\u00e7am a ter acesso \u00e0 cota de 2024. As retiradas ocorrem conforme o m\u00eas de anivers\u00e1rio do trabalhador. Os cotistas nascidos em janeiro podem fazer o saque a partir desta ter\u00e7a-feira (2). Criada em 2019 e em vigor [&hellip;]\" \/>\n<meta property=\"og:url\" content=\"https:\/\/portalmf.com.br\/index.php\/2024\/01\/02\/saque-aniversario-do-fgts-em-2024-ja-esta-disponivel\/\" \/>\n<meta property=\"og:site_name\" content=\"Portal MF\" \/>\n<meta property=\"article:author\" content=\"https:\/\/www.facebook.com\/portalmfoficial\" \/>\n<meta property=\"article:published_time\" content=\"2024-01-02T22:21:30+00:00\" \/>\n<meta property=\"article:modified_time\" content=\"2024-01-02T22:21:31+00:00\" \/>\n<meta property=\"og:image\" content=\"https:\/\/portalmf.com.br\/wp-content\/uploads\/2024\/01\/Saque-aniversario-do-FGTS-em-2024-ja-esta-disponivel.jpg\" \/>\n\t<meta property=\"og:image:width\" content=\"1170\" \/>\n\t<meta property=\"og:image:height\" content=\"700\" \/>\n\t<meta property=\"og:image:type\" content=\"image\/jpeg\" \/>\n<meta name=\"author\" content=\"Reda\u00e7\u00e3o Portal MF\" \/>\n<meta name=\"twitter:card\" content=\"summary_large_image\" \/>\n<meta name=\"twitter:creator\" content=\"@https:\/\/x.com\/portalmfoficial\" \/>\n<meta name=\"twitter:label1\" content=\"Escrito por\" \/>\n\t<meta name=\"twitter:data1\" content=\"Reda\u00e7\u00e3o Portal MF\" \/>\n\t<meta name=\"twitter:label2\" content=\"Est. tempo de leitura\" \/>\n\t<meta name=\"twitter:data2\" content=\"5 minutos\" \/>\n<script type=\"application\/ld+json\" class=\"yoast-schema-graph\">{\"@context\":\"https:\/\/schema.org\",\"@graph\":[{\"@type\":\"WebPage\",\"@id\":\"https:\/\/portalmf.com.br\/index.php\/2024\/01\/02\/saque-aniversario-do-fgts-em-2024-ja-esta-disponivel\/\",\"url\":\"https:\/\/portalmf.com.br\/index.php\/2024\/01\/02\/saque-aniversario-do-fgts-em-2024-ja-esta-disponivel\/\",\"name\":\"Saque-anivers\u00e1rio do FGTS em 2024 j\u00e1 est\u00e1 dispon\u00edvel - Portal MF\",\"isPartOf\":{\"@id\":\"https:\/\/portalmf.com.br\/#website\"},\"primaryImageOfPage\":{\"@id\":\"https:\/\/portalmf.com.br\/index.php\/2024\/01\/02\/saque-aniversario-do-fgts-em-2024-ja-esta-disponivel\/#primaryimage\"},\"image\":{\"@id\":\"https:\/\/portalmf.com.br\/index.php\/2024\/01\/02\/saque-aniversario-do-fgts-em-2024-ja-esta-disponivel\/#primaryimage\"},\"thumbnailUrl\":\"https:\/\/portalmf.com.br\/wp-content\/uploads\/2024\/01\/Saque-aniversario-do-FGTS-em-2024-ja-esta-disponivel.jpg\",\"datePublished\":\"2024-01-02T22:21:30+00:00\",\"dateModified\":\"2024-01-02T22:21:31+00:00\",\"author\":{\"@id\":\"https:\/\/portalmf.com.br\/#\/schema\/person\/9ec101baf56233e53520c26de5d6f6f0\"},\"breadcrumb\":{\"@id\":\"https:\/\/portalmf.com.br\/index.php\/2024\/01\/02\/saque-aniversario-do-fgts-em-2024-ja-esta-disponivel\/#breadcrumb\"},\"inLanguage\":\"pt-BR\",\"potentialAction\":[{\"@type\":\"ReadAction\",\"target\":[\"https:\/\/portalmf.com.br\/index.php\/2024\/01\/02\/saque-aniversario-do-fgts-em-2024-ja-esta-disponivel\/\"]}]},{\"@type\":\"ImageObject\",\"inLanguage\":\"pt-BR\",\"@id\":\"https:\/\/portalmf.com.br\/index.php\/2024\/01\/02\/saque-aniversario-do-fgts-em-2024-ja-esta-disponivel\/#primaryimage\",\"url\":\"https:\/\/portalmf.com.br\/wp-content\/uploads\/2024\/01\/Saque-aniversario-do-FGTS-em-2024-ja-esta-disponivel.jpg\",\"contentUrl\":\"https:\/\/portalmf.com.br\/wp-content\/uploads\/2024\/01\/Saque-aniversario-do-FGTS-em-2024-ja-esta-disponivel.jpg\",\"width\":1170,\"height\":700},{\"@type\":\"BreadcrumbList\",\"@id\":\"https:\/\/portalmf.com.br\/index.php\/2024\/01\/02\/saque-aniversario-do-fgts-em-2024-ja-esta-disponivel\/#breadcrumb\",\"itemListElement\":[{\"@type\":\"ListItem\",\"position\":1,\"name\":\"In\u00edcio\",\"item\":\"https:\/\/portalmf.com.br\/\"},{\"@type\":\"ListItem\",\"position\":2,\"name\":\"Saque-anivers\u00e1rio do FGTS em 2024 j\u00e1 est\u00e1 dispon\u00edvel\"}]},{\"@type\":\"WebSite\",\"@id\":\"https:\/\/portalmf.com.br\/#website\",\"url\":\"https:\/\/portalmf.com.br\/\",\"name\":\"Portal MF\",\"description\":\"Voc\u00ea conectado com a informa\u00e7\u00e3o\",\"potentialAction\":[{\"@type\":\"SearchAction\",\"target\":{\"@type\":\"EntryPoint\",\"urlTemplate\":\"https:\/\/portalmf.com.br\/?s={search_term_string}\"},\"query-input\":\"required name=search_term_string\"}],\"inLanguage\":\"pt-BR\"},{\"@type\":\"Person\",\"@id\":\"https:\/\/portalmf.com.br\/#\/schema\/person\/9ec101baf56233e53520c26de5d6f6f0\",\"name\":\"Reda\u00e7\u00e3o Portal MF\",\"image\":{\"@type\":\"ImageObject\",\"inLanguage\":\"pt-BR\",\"@id\":\"https:\/\/portalmf.com.br\/#\/schema\/person\/image\/\",\"url\":\"https:\/\/secure.gravatar.com\/avatar\/41b9aaeb2100835f7c64362330f74c7f?s=96&d=mm&r=g\",\"contentUrl\":\"https:\/\/secure.gravatar.com\/avatar\/41b9aaeb2100835f7c64362330f74c7f?s=96&d=mm&r=g\",\"caption\":\"Reda\u00e7\u00e3o Portal MF\"},\"description\":\"Sejam bem-vindos o portal de informa\u00e7\u00f5es de entretenimento de Feira de Santana, desde 2006 realiza coberturas dos principais eventos com entrevistas exclusivas com as principais personalidades mundiais. Fique conectado tamb\u00e9m nas redes sociais.\",\"sameAs\":[\"http:\/\/www.portalmf.com.br\/\",\"https:\/\/www.facebook.com\/portalmfoficial\",\"https:\/\/www.instagram.com\/portalmf\/\",\"https:\/\/x.com\/https:\/\/x.com\/portalmfoficial\",\"https:\/\/www.youtube.com\/@portalmfoficial\"],\"url\":\"https:\/\/portalmf.com.br\/index.php\/author\/junior\/\"}]}<\/script>\n<!-- \/ Yoast SEO plugin. -->","yoast_head_json":{"title":"Saque-anivers\u00e1rio do FGTS em 2024 j\u00e1 est\u00e1 dispon\u00edvel - Portal MF","robots":{"index":"index","follow":"follow","max-snippet":"max-snippet:-1","max-image-preview":"max-image-preview:large","max-video-preview":"max-video-preview:-1"},"canonical":"https:\/\/portalmf.com.br\/index.php\/2024\/01\/02\/saque-aniversario-do-fgts-em-2024-ja-esta-disponivel\/","og_locale":"pt_BR","og_type":"article","og_title":"Saque-anivers\u00e1rio do FGTS em 2024 j\u00e1 est\u00e1 dispon\u00edvel - Portal MF","og_description":"Os trabalhadores que optarem pelo saque-anivers\u00e1rio do Fundo de Garantia do Tempo de Servi\u00e7o (FGTS) aos poucos come\u00e7am a ter acesso \u00e0 cota de 2024. As retiradas ocorrem conforme o m\u00eas de anivers\u00e1rio do trabalhador. Os cotistas nascidos em janeiro podem fazer o saque a partir desta ter\u00e7a-feira (2). Criada em 2019 e em vigor [&hellip;]","og_url":"https:\/\/portalmf.com.br\/index.php\/2024\/01\/02\/saque-aniversario-do-fgts-em-2024-ja-esta-disponivel\/","og_site_name":"Portal MF","article_author":"https:\/\/www.facebook.com\/portalmfoficial","article_published_time":"2024-01-02T22:21:30+00:00","article_modified_time":"2024-01-02T22:21:31+00:00","og_image":[{"width":1170,"height":700,"url":"https:\/\/portalmf.com.br\/wp-content\/uploads\/2024\/01\/Saque-aniversario-do-FGTS-em-2024-ja-esta-disponivel.jpg","type":"image\/jpeg"}],"author":"Reda\u00e7\u00e3o Portal MF","twitter_card":"summary_large_image","twitter_creator":"@https:\/\/x.com\/portalmfoficial","twitter_misc":{"Escrito por":"Reda\u00e7\u00e3o Portal MF","Est. tempo de leitura":"5 minutos"},"schema":{"@context":"https:\/\/schema.org","@graph":[{"@type":"WebPage","@id":"https:\/\/portalmf.com.br\/index.php\/2024\/01\/02\/saque-aniversario-do-fgts-em-2024-ja-esta-disponivel\/","url":"https:\/\/portalmf.com.br\/index.php\/2024\/01\/02\/saque-aniversario-do-fgts-em-2024-ja-esta-disponivel\/","name":"Saque-anivers\u00e1rio do FGTS em 2024 j\u00e1 est\u00e1 dispon\u00edvel - Portal MF","isPartOf":{"@id":"https:\/\/portalmf.com.br\/#website"},"primaryImageOfPage":{"@id":"https:\/\/portalmf.com.br\/index.php\/2024\/01\/02\/saque-aniversario-do-fgts-em-2024-ja-esta-disponivel\/#primaryimage"},"image":{"@id":"https:\/\/portalmf.com.br\/index.php\/2024\/01\/02\/saque-aniversario-do-fgts-em-2024-ja-esta-disponivel\/#primaryimage"},"thumbnailUrl":"https:\/\/portalmf.com.br\/wp-content\/uploads\/2024\/01\/Saque-aniversario-do-FGTS-em-2024-ja-esta-disponivel.jpg","datePublished":"2024-01-02T22:21:30+00:00","dateModified":"2024-01-02T22:21:31+00:00","author":{"@id":"https:\/\/portalmf.com.br\/#\/schema\/person\/9ec101baf56233e53520c26de5d6f6f0"},"breadcrumb":{"@id":"https:\/\/portalmf.com.br\/index.php\/2024\/01\/02\/saque-aniversario-do-fgts-em-2024-ja-esta-disponivel\/#breadcrumb"},"inLanguage":"pt-BR","potentialAction":[{"@type":"ReadAction","target":["https:\/\/portalmf.com.br\/index.php\/2024\/01\/02\/saque-aniversario-do-fgts-em-2024-ja-esta-disponivel\/"]}]},{"@type":"ImageObject","inLanguage":"pt-BR","@id":"https:\/\/portalmf.com.br\/index.php\/2024\/01\/02\/saque-aniversario-do-fgts-em-2024-ja-esta-disponivel\/#primaryimage","url":"https:\/\/portalmf.com.br\/wp-content\/uploads\/2024\/01\/Saque-aniversario-do-FGTS-em-2024-ja-esta-disponivel.jpg","contentUrl":"https:\/\/portalmf.com.br\/wp-content\/uploads\/2024\/01\/Saque-aniversario-do-FGTS-em-2024-ja-esta-disponivel.jpg","width":1170,"height":700},{"@type":"BreadcrumbList","@id":"https:\/\/portalmf.com.br\/index.php\/2024\/01\/02\/saque-aniversario-do-fgts-em-2024-ja-esta-disponivel\/#breadcrumb","itemListElement":[{"@type":"ListItem","position":1,"name":"In\u00edcio","item":"https:\/\/portalmf.com.br\/"},{"@type":"ListItem","position":2,"name":"Saque-anivers\u00e1rio do FGTS em 2024 j\u00e1 est\u00e1 dispon\u00edvel"}]},{"@type":"WebSite","@id":"https:\/\/portalmf.com.br\/#website","url":"https:\/\/portalmf.com.br\/","name":"Portal MF","description":"Voc\u00ea conectado com a informa\u00e7\u00e3o","potentialAction":[{"@type":"SearchAction","target":{"@type":"EntryPoint","urlTemplate":"https:\/\/portalmf.com.br\/?s={search_term_string}"},"query-input":"required name=search_term_string"}],"inLanguage":"pt-BR"},{"@type":"Person","@id":"https:\/\/portalmf.com.br\/#\/schema\/person\/9ec101baf56233e53520c26de5d6f6f0","name":"Reda\u00e7\u00e3o Portal MF","image":{"@type":"ImageObject","inLanguage":"pt-BR","@id":"https:\/\/portalmf.com.br\/#\/schema\/person\/image\/","url":"https:\/\/secure.gravatar.com\/avatar\/41b9aaeb2100835f7c64362330f74c7f?s=96&d=mm&r=g","contentUrl":"https:\/\/secure.gravatar.com\/avatar\/41b9aaeb2100835f7c64362330f74c7f?s=96&d=mm&r=g","caption":"Reda\u00e7\u00e3o Portal MF"},"description":"Sejam bem-vindos o portal de informa\u00e7\u00f5es de entretenimento de Feira de Santana, desde 2006 realiza coberturas dos principais eventos com entrevistas exclusivas com as principais personalidades mundiais. Fique conectado tamb\u00e9m nas redes sociais.","sameAs":["http:\/\/www.portalmf.com.br\/","https:\/\/www.facebook.com\/portalmfoficial","https:\/\/www.instagram.com\/portalmf\/","https:\/\/x.com\/https:\/\/x.com\/portalmfoficial","https:\/\/www.youtube.com\/@portalmfoficial"],"url":"https:\/\/portalmf.com.br\/index.php\/author\/junior\/"}]}},"_links":{"self":[{"href":"https:\/\/portalmf.com.br\/index.php\/wp-json\/wp\/v2\/posts\/21449"}],"collection":[{"href":"https:\/\/portalmf.com.br\/index.php\/wp-json\/wp\/v2\/posts"}],"about":[{"href":"https:\/\/portalmf.com.br\/index.php\/wp-json\/wp\/v2\/types\/post"}],"author":[{"embeddable":true,"href":"https:\/\/portalmf.com.br\/index.php\/wp-json\/wp\/v2\/users\/3"}],"replies":[{"embeddable":true,"href":"https:\/\/portalmf.com.br\/index.php\/wp-json\/wp\/v2\/comments?post=21449"}],"version-history":[{"count":1,"href":"https:\/\/portalmf.com.br\/index.php\/wp-json\/wp\/v2\/posts\/21449\/revisions"}],"predecessor-version":[{"id":21451,"href":"https:\/\/portalmf.com.br\/index.php\/wp-json\/wp\/v2\/posts\/21449\/revisions\/21451"}],"wp:featuredmedia":[{"embeddable":true,"href":"https:\/\/portalmf.com.br\/index.php\/wp-json\/wp\/v2\/media\/21450"}],"wp:attachment":[{"href":"https:\/\/portalmf.com.br\/index.php\/wp-json\/wp\/v2\/media?parent=21449"}],"wp:term":[{"taxonomy":"category","embeddable":true,"href":"https:\/\/portalmf.com.br\/index.php\/wp-json\/wp\/v2\/categories?post=21449"},{"taxonomy":"post_tag","embeddable":true,"href":"https:\/\/portalmf.com.br\/index.php\/wp-json\/wp\/v2\/tags?post=21449"}],"curies":[{"name":"wp","href":"https:\/\/api.w.org\/{rel}","templated":true}]}}