{"id":21446,"date":"2024-01-02T19:18:51","date_gmt":"2024-01-02T22:18:51","guid":{"rendered":"https:\/\/portalmf.com.br\/?p=21446"},"modified":"2024-01-02T19:18:52","modified_gmt":"2024-01-02T22:18:52","slug":"centro-de-abastecimento-recebe-acoes-de-revitalizacao","status":"publish","type":"post","link":"https:\/\/portalmf.com.br\/index.php\/2024\/01\/02\/centro-de-abastecimento-recebe-acoes-de-revitalizacao\/","title":{"rendered":"Centro de Abastecimento recebe a\u00e7\u00f5es de revitaliza\u00e7\u00e3o"},"content":{"rendered":"\n<p>A Prefeitura de Feira de Santana, por meio da Secretaria de Agricultura, Recursos H\u00eddricos e Desenvolvimento Rural (Seagri), iniciou no m\u00eas de dezembro uma s\u00e9rie de a\u00e7\u00f5es de revitaliza\u00e7\u00e3o no Centro de Abastecimento. Os servi\u00e7os incluem a restaura\u00e7\u00e3o do cal\u00e7amento, limpeza no sistema de&nbsp;esgotamento sanit\u00e1rio, manuten\u00e7\u00e3o na rede el\u00e9trica e a fresagem de uma \u00e1rea de mais de 2 mil metros quadrados.<\/p>\n\n\n\n<p>A fresagem \u00e9 um processo de remo\u00e7\u00e3o da camada superficial do pavimento, que pode ser feito para melhorar a drenagem, a seguran\u00e7a ou a apar\u00eancia da superf\u00edcie. No caso do entreposto comercial, a fresagem ser\u00e1 realizada em uma \u00e1rea de estacionamento, com o objetivo de melhorar a mobilidade de ve\u00edculos e pedestres.<\/p>\n\n\n\n<p><em>\u201c\u00c9 uma obra que est\u00e1 sendo feita no dia a dia, sem interromper o funcionamento do equipamento\u201d,<\/em>&nbsp;afirmou o diretor do Centro de Abastecimento, Cristiano Gon\u00e7alves.&nbsp;<em>\u201cCome\u00e7amos no in\u00edcio de dezembro e n\u00e3o temos previs\u00e3o de conclus\u00e3o, mas s\u00f3 vamos parar quando finalizarmos as obras\u201d.<\/em><\/p>\n\n\n\n<p>O objetivo das a\u00e7\u00f5es de revitaliza\u00e7\u00e3o \u00e9 melhorar a infraestrutura do local\u00a0e tornar o espa\u00e7o mais agrad\u00e1vel e seguro para feirantes e consumidores.\u00a0<em>\u201cO objetivo \u00e9 sempre atender melhor tanto comerciantes do Centro de Abastecimento\u00a0como aqueles que frequentam para fazer suas compras\u201d,<\/em>\u00a0concluiu Cristiano.<\/p>\n\n\n\n<p>Com informa\u00e7\u00f5es da Secom<\/p>\n","protected":false},"excerpt":{"rendered":"<p>A Prefeitura de Feira de Santana, por meio da Secretaria de Agricultura, Recursos H\u00eddricos e Desenvolvimento Rural (Seagri), iniciou no m\u00eas de dezembro uma s\u00e9rie de a\u00e7\u00f5es de revitaliza\u00e7\u00e3o no Centro de Abastecimento. Os servi\u00e7os incluem a restaura\u00e7\u00e3o do cal\u00e7amento, limpeza no sistema de&nbsp;esgotamento sanit\u00e1rio, manuten\u00e7\u00e3o na rede el\u00e9trica e a fresagem de uma \u00e1rea [&hellip;]<\/p>\n","protected":false},"author":3,"featured_media":21447,"comment_status":"open","ping_status":"open","sticky":false,"template":"","format":"standard","meta":{"_monsterinsights_skip_tracking":false,"_monsterinsights_sitenote_active":false,"_monsterinsights_sitenote_note":"","_monsterinsights_sitenote_category":0,"footnotes":""},"categories":[34],"tags":[],"yoast_head":"<!-- This site is optimized with the Yoast SEO plugin v22.9 - https:\/\/yoast.com\/wordpress\/plugins\/seo\/ -->\n<title>Centro de Abastecimento recebe a\u00e7\u00f5es de revitaliza\u00e7\u00e3o - Portal MF<\/title>\n<meta name=\"robots\" content=\"index, follow, max-snippet:-1, max-image-preview:large, max-video-preview:-1\" \/>\n<link rel=\"canonical\" href=\"https:\/\/portalmf.com.br\/index.php\/2024\/01\/02\/centro-de-abastecimento-recebe-acoes-de-revitalizacao\/\" \/>\n<meta property=\"og:locale\" content=\"pt_BR\" \/>\n<meta property=\"og:type\" content=\"article\" \/>\n<meta property=\"og:title\" content=\"Centro de Abastecimento recebe a\u00e7\u00f5es de revitaliza\u00e7\u00e3o - Portal MF\" \/>\n<meta property=\"og:description\" content=\"A Prefeitura de Feira de Santana, por meio da Secretaria de Agricultura, Recursos H\u00eddricos e Desenvolvimento Rural (Seagri), iniciou no m\u00eas de dezembro uma s\u00e9rie de a\u00e7\u00f5es de revitaliza\u00e7\u00e3o no Centro de Abastecimento. Os servi\u00e7os incluem a restaura\u00e7\u00e3o do cal\u00e7amento, limpeza no sistema de&nbsp;esgotamento sanit\u00e1rio, manuten\u00e7\u00e3o na rede el\u00e9trica e a fresagem de uma \u00e1rea [&hellip;]\" \/>\n<meta property=\"og:url\" content=\"https:\/\/portalmf.com.br\/index.php\/2024\/01\/02\/centro-de-abastecimento-recebe-acoes-de-revitalizacao\/\" \/>\n<meta property=\"og:site_name\" content=\"Portal MF\" \/>\n<meta property=\"article:author\" content=\"https:\/\/www.facebook.com\/portalmfoficial\" \/>\n<meta property=\"article:published_time\" content=\"2024-01-02T22:18:51+00:00\" \/>\n<meta property=\"article:modified_time\" content=\"2024-01-02T22:18:52+00:00\" \/>\n<meta property=\"og:image\" content=\"https:\/\/portalmf.com.br\/wp-content\/uploads\/2024\/01\/Centro-de-Abastecimento-recebe-acoes-de-revitalizacao.jpg\" \/>\n\t<meta property=\"og:image:width\" content=\"1306\" \/>\n\t<meta property=\"og:image:height\" content=\"734\" \/>\n\t<meta property=\"og:image:type\" content=\"image\/jpeg\" \/>\n<meta name=\"author\" content=\"Reda\u00e7\u00e3o Portal MF\" \/>\n<meta name=\"twitter:card\" content=\"summary_large_image\" \/>\n<meta name=\"twitter:creator\" content=\"@https:\/\/x.com\/portalmfoficial\" \/>\n<meta name=\"twitter:label1\" content=\"Escrito por\" \/>\n\t<meta name=\"twitter:data1\" content=\"Reda\u00e7\u00e3o Portal MF\" \/>\n\t<meta name=\"twitter:label2\" content=\"Est. tempo de leitura\" \/>\n\t<meta name=\"twitter:data2\" content=\"2 minutos\" \/>\n<script type=\"application\/ld+json\" class=\"yoast-schema-graph\">{\"@context\":\"https:\/\/schema.org\",\"@graph\":[{\"@type\":\"WebPage\",\"@id\":\"https:\/\/portalmf.com.br\/index.php\/2024\/01\/02\/centro-de-abastecimento-recebe-acoes-de-revitalizacao\/\",\"url\":\"https:\/\/portalmf.com.br\/index.php\/2024\/01\/02\/centro-de-abastecimento-recebe-acoes-de-revitalizacao\/\",\"name\":\"Centro de Abastecimento recebe a\u00e7\u00f5es de revitaliza\u00e7\u00e3o - Portal MF\",\"isPartOf\":{\"@id\":\"https:\/\/portalmf.com.br\/#website\"},\"primaryImageOfPage\":{\"@id\":\"https:\/\/portalmf.com.br\/index.php\/2024\/01\/02\/centro-de-abastecimento-recebe-acoes-de-revitalizacao\/#primaryimage\"},\"image\":{\"@id\":\"https:\/\/portalmf.com.br\/index.php\/2024\/01\/02\/centro-de-abastecimento-recebe-acoes-de-revitalizacao\/#primaryimage\"},\"thumbnailUrl\":\"https:\/\/portalmf.com.br\/wp-content\/uploads\/2024\/01\/Centro-de-Abastecimento-recebe-acoes-de-revitalizacao.jpg\",\"datePublished\":\"2024-01-02T22:18:51+00:00\",\"dateModified\":\"2024-01-02T22:18:52+00:00\",\"author\":{\"@id\":\"https:\/\/portalmf.com.br\/#\/schema\/person\/9ec101baf56233e53520c26de5d6f6f0\"},\"breadcrumb\":{\"@id\":\"https:\/\/portalmf.com.br\/index.php\/2024\/01\/02\/centro-de-abastecimento-recebe-acoes-de-revitalizacao\/#breadcrumb\"},\"inLanguage\":\"pt-BR\",\"potentialAction\":[{\"@type\":\"ReadAction\",\"target\":[\"https:\/\/portalmf.com.br\/index.php\/2024\/01\/02\/centro-de-abastecimento-recebe-acoes-de-revitalizacao\/\"]}]},{\"@type\":\"ImageObject\",\"inLanguage\":\"pt-BR\",\"@id\":\"https:\/\/portalmf.com.br\/index.php\/2024\/01\/02\/centro-de-abastecimento-recebe-acoes-de-revitalizacao\/#primaryimage\",\"url\":\"https:\/\/portalmf.com.br\/wp-content\/uploads\/2024\/01\/Centro-de-Abastecimento-recebe-acoes-de-revitalizacao.jpg\",\"contentUrl\":\"https:\/\/portalmf.com.br\/wp-content\/uploads\/2024\/01\/Centro-de-Abastecimento-recebe-acoes-de-revitalizacao.jpg\",\"width\":1306,\"height\":734},{\"@type\":\"BreadcrumbList\",\"@id\":\"https:\/\/portalmf.com.br\/index.php\/2024\/01\/02\/centro-de-abastecimento-recebe-acoes-de-revitalizacao\/#breadcrumb\",\"itemListElement\":[{\"@type\":\"ListItem\",\"position\":1,\"name\":\"In\u00edcio\",\"item\":\"https:\/\/portalmf.com.br\/\"},{\"@type\":\"ListItem\",\"position\":2,\"name\":\"Centro de Abastecimento recebe a\u00e7\u00f5es de revitaliza\u00e7\u00e3o\"}]},{\"@type\":\"WebSite\",\"@id\":\"https:\/\/portalmf.com.br\/#website\",\"url\":\"https:\/\/portalmf.com.br\/\",\"name\":\"Portal MF\",\"description\":\"Voc\u00ea conectado com a informa\u00e7\u00e3o\",\"potentialAction\":[{\"@type\":\"SearchAction\",\"target\":{\"@type\":\"EntryPoint\",\"urlTemplate\":\"https:\/\/portalmf.com.br\/?s={search_term_string}\"},\"query-input\":\"required name=search_term_string\"}],\"inLanguage\":\"pt-BR\"},{\"@type\":\"Person\",\"@id\":\"https:\/\/portalmf.com.br\/#\/schema\/person\/9ec101baf56233e53520c26de5d6f6f0\",\"name\":\"Reda\u00e7\u00e3o Portal MF\",\"image\":{\"@type\":\"ImageObject\",\"inLanguage\":\"pt-BR\",\"@id\":\"https:\/\/portalmf.com.br\/#\/schema\/person\/image\/\",\"url\":\"https:\/\/secure.gravatar.com\/avatar\/41b9aaeb2100835f7c64362330f74c7f?s=96&d=mm&r=g\",\"contentUrl\":\"https:\/\/secure.gravatar.com\/avatar\/41b9aaeb2100835f7c64362330f74c7f?s=96&d=mm&r=g\",\"caption\":\"Reda\u00e7\u00e3o Portal MF\"},\"description\":\"Sejam bem-vindos o portal de informa\u00e7\u00f5es de entretenimento de Feira de Santana, desde 2006 realiza coberturas dos principais eventos com entrevistas exclusivas com as principais personalidades mundiais. Fique conectado tamb\u00e9m nas redes sociais.\",\"sameAs\":[\"http:\/\/www.portalmf.com.br\/\",\"https:\/\/www.facebook.com\/portalmfoficial\",\"https:\/\/www.instagram.com\/portalmf\/\",\"https:\/\/x.com\/https:\/\/x.com\/portalmfoficial\",\"https:\/\/www.youtube.com\/@portalmfoficial\"],\"url\":\"https:\/\/portalmf.com.br\/index.php\/author\/junior\/\"}]}<\/script>\n<!-- \/ Yoast SEO plugin. -->","yoast_head_json":{"title":"Centro de Abastecimento recebe a\u00e7\u00f5es de revitaliza\u00e7\u00e3o - Portal MF","robots":{"index":"index","follow":"follow","max-snippet":"max-snippet:-1","max-image-preview":"max-image-preview:large","max-video-preview":"max-video-preview:-1"},"canonical":"https:\/\/portalmf.com.br\/index.php\/2024\/01\/02\/centro-de-abastecimento-recebe-acoes-de-revitalizacao\/","og_locale":"pt_BR","og_type":"article","og_title":"Centro de Abastecimento recebe a\u00e7\u00f5es de revitaliza\u00e7\u00e3o - Portal MF","og_description":"A Prefeitura de Feira de Santana, por meio da Secretaria de Agricultura, Recursos H\u00eddricos e Desenvolvimento Rural (Seagri), iniciou no m\u00eas de dezembro uma s\u00e9rie de a\u00e7\u00f5es de revitaliza\u00e7\u00e3o no Centro de Abastecimento. Os servi\u00e7os incluem a restaura\u00e7\u00e3o do cal\u00e7amento, limpeza no sistema de&nbsp;esgotamento sanit\u00e1rio, manuten\u00e7\u00e3o na rede el\u00e9trica e a fresagem de uma \u00e1rea [&hellip;]","og_url":"https:\/\/portalmf.com.br\/index.php\/2024\/01\/02\/centro-de-abastecimento-recebe-acoes-de-revitalizacao\/","og_site_name":"Portal MF","article_author":"https:\/\/www.facebook.com\/portalmfoficial","article_published_time":"2024-01-02T22:18:51+00:00","article_modified_time":"2024-01-02T22:18:52+00:00","og_image":[{"width":1306,"height":734,"url":"https:\/\/portalmf.com.br\/wp-content\/uploads\/2024\/01\/Centro-de-Abastecimento-recebe-acoes-de-revitalizacao.jpg","type":"image\/jpeg"}],"author":"Reda\u00e7\u00e3o Portal MF","twitter_card":"summary_large_image","twitter_creator":"@https:\/\/x.com\/portalmfoficial","twitter_misc":{"Escrito por":"Reda\u00e7\u00e3o Portal MF","Est. tempo de leitura":"2 minutos"},"schema":{"@context":"https:\/\/schema.org","@graph":[{"@type":"WebPage","@id":"https:\/\/portalmf.com.br\/index.php\/2024\/01\/02\/centro-de-abastecimento-recebe-acoes-de-revitalizacao\/","url":"https:\/\/portalmf.com.br\/index.php\/2024\/01\/02\/centro-de-abastecimento-recebe-acoes-de-revitalizacao\/","name":"Centro de Abastecimento recebe a\u00e7\u00f5es de revitaliza\u00e7\u00e3o - Portal MF","isPartOf":{"@id":"https:\/\/portalmf.com.br\/#website"},"primaryImageOfPage":{"@id":"https:\/\/portalmf.com.br\/index.php\/2024\/01\/02\/centro-de-abastecimento-recebe-acoes-de-revitalizacao\/#primaryimage"},"image":{"@id":"https:\/\/portalmf.com.br\/index.php\/2024\/01\/02\/centro-de-abastecimento-recebe-acoes-de-revitalizacao\/#primaryimage"},"thumbnailUrl":"https:\/\/portalmf.com.br\/wp-content\/uploads\/2024\/01\/Centro-de-Abastecimento-recebe-acoes-de-revitalizacao.jpg","datePublished":"2024-01-02T22:18:51+00:00","dateModified":"2024-01-02T22:18:52+00:00","author":{"@id":"https:\/\/portalmf.com.br\/#\/schema\/person\/9ec101baf56233e53520c26de5d6f6f0"},"breadcrumb":{"@id":"https:\/\/portalmf.com.br\/index.php\/2024\/01\/02\/centro-de-abastecimento-recebe-acoes-de-revitalizacao\/#breadcrumb"},"inLanguage":"pt-BR","potentialAction":[{"@type":"ReadAction","target":["https:\/\/portalmf.com.br\/index.php\/2024\/01\/02\/centro-de-abastecimento-recebe-acoes-de-revitalizacao\/"]}]},{"@type":"ImageObject","inLanguage":"pt-BR","@id":"https:\/\/portalmf.com.br\/index.php\/2024\/01\/02\/centro-de-abastecimento-recebe-acoes-de-revitalizacao\/#primaryimage","url":"https:\/\/portalmf.com.br\/wp-content\/uploads\/2024\/01\/Centro-de-Abastecimento-recebe-acoes-de-revitalizacao.jpg","contentUrl":"https:\/\/portalmf.com.br\/wp-content\/uploads\/2024\/01\/Centro-de-Abastecimento-recebe-acoes-de-revitalizacao.jpg","width":1306,"height":734},{"@type":"BreadcrumbList","@id":"https:\/\/portalmf.com.br\/index.php\/2024\/01\/02\/centro-de-abastecimento-recebe-acoes-de-revitalizacao\/#breadcrumb","itemListElement":[{"@type":"ListItem","position":1,"name":"In\u00edcio","item":"https:\/\/portalmf.com.br\/"},{"@type":"ListItem","position":2,"name":"Centro de Abastecimento recebe a\u00e7\u00f5es de revitaliza\u00e7\u00e3o"}]},{"@type":"WebSite","@id":"https:\/\/portalmf.com.br\/#website","url":"https:\/\/portalmf.com.br\/","name":"Portal MF","description":"Voc\u00ea conectado com a informa\u00e7\u00e3o","potentialAction":[{"@type":"SearchAction","target":{"@type":"EntryPoint","urlTemplate":"https:\/\/portalmf.com.br\/?s={search_term_string}"},"query-input":"required name=search_term_string"}],"inLanguage":"pt-BR"},{"@type":"Person","@id":"https:\/\/portalmf.com.br\/#\/schema\/person\/9ec101baf56233e53520c26de5d6f6f0","name":"Reda\u00e7\u00e3o Portal MF","image":{"@type":"ImageObject","inLanguage":"pt-BR","@id":"https:\/\/portalmf.com.br\/#\/schema\/person\/image\/","url":"https:\/\/secure.gravatar.com\/avatar\/41b9aaeb2100835f7c64362330f74c7f?s=96&d=mm&r=g","contentUrl":"https:\/\/secure.gravatar.com\/avatar\/41b9aaeb2100835f7c64362330f74c7f?s=96&d=mm&r=g","caption":"Reda\u00e7\u00e3o Portal MF"},"description":"Sejam bem-vindos o portal de informa\u00e7\u00f5es de entretenimento de Feira de Santana, desde 2006 realiza coberturas dos principais eventos com entrevistas exclusivas com as principais personalidades mundiais. Fique conectado tamb\u00e9m nas redes sociais.","sameAs":["http:\/\/www.portalmf.com.br\/","https:\/\/www.facebook.com\/portalmfoficial","https:\/\/www.instagram.com\/portalmf\/","https:\/\/x.com\/https:\/\/x.com\/portalmfoficial","https:\/\/www.youtube.com\/@portalmfoficial"],"url":"https:\/\/portalmf.com.br\/index.php\/author\/junior\/"}]}},"_links":{"self":[{"href":"https:\/\/portalmf.com.br\/index.php\/wp-json\/wp\/v2\/posts\/21446"}],"collection":[{"href":"https:\/\/portalmf.com.br\/index.php\/wp-json\/wp\/v2\/posts"}],"about":[{"href":"https:\/\/portalmf.com.br\/index.php\/wp-json\/wp\/v2\/types\/post"}],"author":[{"embeddable":true,"href":"https:\/\/portalmf.com.br\/index.php\/wp-json\/wp\/v2\/users\/3"}],"replies":[{"embeddable":true,"href":"https:\/\/portalmf.com.br\/index.php\/wp-json\/wp\/v2\/comments?post=21446"}],"version-history":[{"count":1,"href":"https:\/\/portalmf.com.br\/index.php\/wp-json\/wp\/v2\/posts\/21446\/revisions"}],"predecessor-version":[{"id":21448,"href":"https:\/\/portalmf.com.br\/index.php\/wp-json\/wp\/v2\/posts\/21446\/revisions\/21448"}],"wp:featuredmedia":[{"embeddable":true,"href":"https:\/\/portalmf.com.br\/index.php\/wp-json\/wp\/v2\/media\/21447"}],"wp:attachment":[{"href":"https:\/\/portalmf.com.br\/index.php\/wp-json\/wp\/v2\/media?parent=21446"}],"wp:term":[{"taxonomy":"category","embeddable":true,"href":"https:\/\/portalmf.com.br\/index.php\/wp-json\/wp\/v2\/categories?post=21446"},{"taxonomy":"post_tag","embeddable":true,"href":"https:\/\/portalmf.com.br\/index.php\/wp-json\/wp\/v2\/tags?post=21446"}],"curies":[{"name":"wp","href":"https:\/\/api.w.org\/{rel}","templated":true}]}}