{"id":21443,"date":"2024-01-02T19:17:04","date_gmt":"2024-01-02T22:17:04","guid":{"rendered":"https:\/\/portalmf.com.br\/?p=21443"},"modified":"2024-01-02T19:17:07","modified_gmt":"2024-01-02T22:17:07","slug":"bahia-registra-aumento-de-cobertura-vacinal-em-2023","status":"publish","type":"post","link":"https:\/\/portalmf.com.br\/index.php\/2024\/01\/02\/bahia-registra-aumento-de-cobertura-vacinal-em-2023\/","title":{"rendered":"Bahia registra aumento de cobertura vacinal em 2023"},"content":{"rendered":"\n<p>A Bahia fechou 2023 com chave de ouro.&nbsp;O estado&nbsp;registrou aumento na cobertura vacinal de sete das oito vacinas recomendadas no calend\u00e1rio infantil para crian\u00e7as com um ano de idade, com destaque para os n\u00fameros da DTP (difteria, t\u00e9tano e coqueluche), cujos \u00edndices saltaram de 63% em 2022 para 81% em 2023, o que representa um aumento de 18 pontos percentuais.<\/p>\n\n\n\n<p><em>&#8220;Os n\u00fameros revelam um resultado importante, fruto de um trabalho intenso que temos feito junto com o Minist\u00e9rio da Sa\u00fade para proteger nossas crian\u00e7as. Celebramos demais esses n\u00fameros, que servem de incentivo para seguirmos trabalhando para melhorar ainda mais a cobertura vacinal na Bahia&#8221;, <\/em>avalia Roberta Santana, secret\u00e1ria da Sa\u00fade do Estado. \u00a0<\/p>\n\n\n\n<p>A Bahia tamb\u00e9m ampliou as coberturas da primeira dose de tr\u00edplice viral, que, no ano passado, alcan\u00e7ou 89%, o que representa um crescimento de 13,1 % em rela\u00e7\u00e3o a 2022, e da vacina contra hepatite A, cujos n\u00fameros passaram de 68%, em 2022, para 83,7% em 2023. Os dados divulgados pelo Minist\u00e9rio da Sa\u00fade s\u00e3o preliminares e correspondem ao per\u00edodo de janeiro a outubro do ano passado, comparados com todo o ano de 2022.<\/p>\n\n\n\n<p>No estado, o mesmo ocorreu com as vacinas de poliomielite, que registraram aumento de 14,4%, com taxas que passaram de 63,1% no ano retrasado a 77,5% em 2023, e meningoc\u00f3cica, que registrou 83,3% de cobertura no ano passado, com aumento de 11,3% em rela\u00e7\u00e3o a 2022, cujo n\u00famero foi 71%. Tamb\u00e9m foi registrado o aumento das aplica\u00e7\u00f5es de vacinas contra febre amarela, indicada aos nove meses de idade, que passaram de 60,7% em 2022 para 71,6% em 2023, com aumento de 10,9%, e da pneumoc\u00f3cica, cujo \u00edndice foi de 68,2% no ano passado e 67,4% no ano retrasado.&nbsp;<\/p>\n\n\n\n<p>Vale ressaltar que a Bahia \u00e9 uma das quatro unidades da federa\u00e7\u00e3o que, em 2023, aumentaram a cobertura para todas as vacinas recomendadas para beb\u00eas de 2 a 6 meses de idade.<\/p>\n\n\n\n<p><em>Com informa\u00e7\u00f5es do Minist\u00e9rio da Sa\u00fade<\/em><\/p>\n","protected":false},"excerpt":{"rendered":"<p>A Bahia fechou 2023 com chave de ouro.&nbsp;O estado&nbsp;registrou aumento na cobertura vacinal de sete das oito vacinas recomendadas no calend\u00e1rio infantil para crian\u00e7as com um ano de idade, com destaque para os n\u00fameros da DTP (difteria, t\u00e9tano e coqueluche), cujos \u00edndices saltaram de 63% em 2022 para 81% em 2023, o que representa um [&hellip;]<\/p>\n","protected":false},"author":3,"featured_media":21444,"comment_status":"open","ping_status":"open","sticky":false,"template":"","format":"standard","meta":{"_monsterinsights_skip_tracking":false,"_monsterinsights_sitenote_active":false,"_monsterinsights_sitenote_note":"","_monsterinsights_sitenote_category":0,"footnotes":""},"categories":[34],"tags":[],"yoast_head":"<!-- This site is optimized with the Yoast SEO plugin v22.9 - https:\/\/yoast.com\/wordpress\/plugins\/seo\/ -->\n<title>Bahia registra aumento de cobertura vacinal em 2023 - Portal MF<\/title>\n<meta name=\"robots\" content=\"index, follow, max-snippet:-1, max-image-preview:large, max-video-preview:-1\" \/>\n<link rel=\"canonical\" href=\"https:\/\/portalmf.com.br\/index.php\/2024\/01\/02\/bahia-registra-aumento-de-cobertura-vacinal-em-2023\/\" \/>\n<meta property=\"og:locale\" content=\"pt_BR\" \/>\n<meta property=\"og:type\" content=\"article\" \/>\n<meta property=\"og:title\" content=\"Bahia registra aumento de cobertura vacinal em 2023 - Portal MF\" \/>\n<meta property=\"og:description\" content=\"A Bahia fechou 2023 com chave de ouro.&nbsp;O estado&nbsp;registrou aumento na cobertura vacinal de sete das oito vacinas recomendadas no calend\u00e1rio infantil para crian\u00e7as com um ano de idade, com destaque para os n\u00fameros da DTP (difteria, t\u00e9tano e coqueluche), cujos \u00edndices saltaram de 63% em 2022 para 81% em 2023, o que representa um [&hellip;]\" \/>\n<meta property=\"og:url\" content=\"https:\/\/portalmf.com.br\/index.php\/2024\/01\/02\/bahia-registra-aumento-de-cobertura-vacinal-em-2023\/\" \/>\n<meta property=\"og:site_name\" content=\"Portal MF\" \/>\n<meta property=\"article:author\" content=\"https:\/\/www.facebook.com\/portalmfoficial\" \/>\n<meta property=\"article:published_time\" content=\"2024-01-02T22:17:04+00:00\" \/>\n<meta property=\"article:modified_time\" content=\"2024-01-02T22:17:07+00:00\" \/>\n<meta property=\"og:image\" content=\"https:\/\/portalmf.com.br\/wp-content\/uploads\/2024\/01\/Vacinacao-foto-Leonardo-Rattes-Saude-GOVBA-scaled.jpg\" \/>\n\t<meta property=\"og:image:width\" content=\"1920\" \/>\n\t<meta property=\"og:image:height\" content=\"2560\" \/>\n\t<meta property=\"og:image:type\" content=\"image\/jpeg\" \/>\n<meta name=\"author\" content=\"Reda\u00e7\u00e3o Portal MF\" \/>\n<meta name=\"twitter:card\" content=\"summary_large_image\" \/>\n<meta name=\"twitter:creator\" content=\"@https:\/\/x.com\/portalmfoficial\" \/>\n<meta name=\"twitter:label1\" content=\"Escrito por\" \/>\n\t<meta name=\"twitter:data1\" content=\"Reda\u00e7\u00e3o Portal MF\" \/>\n\t<meta name=\"twitter:label2\" content=\"Est. tempo de leitura\" \/>\n\t<meta name=\"twitter:data2\" content=\"2 minutos\" \/>\n<script type=\"application\/ld+json\" class=\"yoast-schema-graph\">{\"@context\":\"https:\/\/schema.org\",\"@graph\":[{\"@type\":\"WebPage\",\"@id\":\"https:\/\/portalmf.com.br\/index.php\/2024\/01\/02\/bahia-registra-aumento-de-cobertura-vacinal-em-2023\/\",\"url\":\"https:\/\/portalmf.com.br\/index.php\/2024\/01\/02\/bahia-registra-aumento-de-cobertura-vacinal-em-2023\/\",\"name\":\"Bahia registra aumento de cobertura vacinal em 2023 - Portal MF\",\"isPartOf\":{\"@id\":\"https:\/\/portalmf.com.br\/#website\"},\"primaryImageOfPage\":{\"@id\":\"https:\/\/portalmf.com.br\/index.php\/2024\/01\/02\/bahia-registra-aumento-de-cobertura-vacinal-em-2023\/#primaryimage\"},\"image\":{\"@id\":\"https:\/\/portalmf.com.br\/index.php\/2024\/01\/02\/bahia-registra-aumento-de-cobertura-vacinal-em-2023\/#primaryimage\"},\"thumbnailUrl\":\"https:\/\/portalmf.com.br\/wp-content\/uploads\/2024\/01\/Vacinacao-foto-Leonardo-Rattes-Saude-GOVBA-scaled.jpg\",\"datePublished\":\"2024-01-02T22:17:04+00:00\",\"dateModified\":\"2024-01-02T22:17:07+00:00\",\"author\":{\"@id\":\"https:\/\/portalmf.com.br\/#\/schema\/person\/9ec101baf56233e53520c26de5d6f6f0\"},\"breadcrumb\":{\"@id\":\"https:\/\/portalmf.com.br\/index.php\/2024\/01\/02\/bahia-registra-aumento-de-cobertura-vacinal-em-2023\/#breadcrumb\"},\"inLanguage\":\"pt-BR\",\"potentialAction\":[{\"@type\":\"ReadAction\",\"target\":[\"https:\/\/portalmf.com.br\/index.php\/2024\/01\/02\/bahia-registra-aumento-de-cobertura-vacinal-em-2023\/\"]}]},{\"@type\":\"ImageObject\",\"inLanguage\":\"pt-BR\",\"@id\":\"https:\/\/portalmf.com.br\/index.php\/2024\/01\/02\/bahia-registra-aumento-de-cobertura-vacinal-em-2023\/#primaryimage\",\"url\":\"https:\/\/portalmf.com.br\/wp-content\/uploads\/2024\/01\/Vacinacao-foto-Leonardo-Rattes-Saude-GOVBA-scaled.jpg\",\"contentUrl\":\"https:\/\/portalmf.com.br\/wp-content\/uploads\/2024\/01\/Vacinacao-foto-Leonardo-Rattes-Saude-GOVBA-scaled.jpg\",\"width\":1920,\"height\":2560},{\"@type\":\"BreadcrumbList\",\"@id\":\"https:\/\/portalmf.com.br\/index.php\/2024\/01\/02\/bahia-registra-aumento-de-cobertura-vacinal-em-2023\/#breadcrumb\",\"itemListElement\":[{\"@type\":\"ListItem\",\"position\":1,\"name\":\"In\u00edcio\",\"item\":\"https:\/\/portalmf.com.br\/\"},{\"@type\":\"ListItem\",\"position\":2,\"name\":\"Bahia registra aumento de cobertura vacinal em 2023\"}]},{\"@type\":\"WebSite\",\"@id\":\"https:\/\/portalmf.com.br\/#website\",\"url\":\"https:\/\/portalmf.com.br\/\",\"name\":\"Portal MF\",\"description\":\"Voc\u00ea conectado com a informa\u00e7\u00e3o\",\"potentialAction\":[{\"@type\":\"SearchAction\",\"target\":{\"@type\":\"EntryPoint\",\"urlTemplate\":\"https:\/\/portalmf.com.br\/?s={search_term_string}\"},\"query-input\":\"required name=search_term_string\"}],\"inLanguage\":\"pt-BR\"},{\"@type\":\"Person\",\"@id\":\"https:\/\/portalmf.com.br\/#\/schema\/person\/9ec101baf56233e53520c26de5d6f6f0\",\"name\":\"Reda\u00e7\u00e3o Portal MF\",\"image\":{\"@type\":\"ImageObject\",\"inLanguage\":\"pt-BR\",\"@id\":\"https:\/\/portalmf.com.br\/#\/schema\/person\/image\/\",\"url\":\"https:\/\/secure.gravatar.com\/avatar\/41b9aaeb2100835f7c64362330f74c7f?s=96&d=mm&r=g\",\"contentUrl\":\"https:\/\/secure.gravatar.com\/avatar\/41b9aaeb2100835f7c64362330f74c7f?s=96&d=mm&r=g\",\"caption\":\"Reda\u00e7\u00e3o Portal MF\"},\"description\":\"Sejam bem-vindos o portal de informa\u00e7\u00f5es de entretenimento de Feira de Santana, desde 2006 realiza coberturas dos principais eventos com entrevistas exclusivas com as principais personalidades mundiais. Fique conectado tamb\u00e9m nas redes sociais.\",\"sameAs\":[\"http:\/\/www.portalmf.com.br\/\",\"https:\/\/www.facebook.com\/portalmfoficial\",\"https:\/\/www.instagram.com\/portalmf\/\",\"https:\/\/x.com\/https:\/\/x.com\/portalmfoficial\",\"https:\/\/www.youtube.com\/@portalmfoficial\"],\"url\":\"https:\/\/portalmf.com.br\/index.php\/author\/junior\/\"}]}<\/script>\n<!-- \/ Yoast SEO plugin. -->","yoast_head_json":{"title":"Bahia registra aumento de cobertura vacinal em 2023 - Portal MF","robots":{"index":"index","follow":"follow","max-snippet":"max-snippet:-1","max-image-preview":"max-image-preview:large","max-video-preview":"max-video-preview:-1"},"canonical":"https:\/\/portalmf.com.br\/index.php\/2024\/01\/02\/bahia-registra-aumento-de-cobertura-vacinal-em-2023\/","og_locale":"pt_BR","og_type":"article","og_title":"Bahia registra aumento de cobertura vacinal em 2023 - Portal MF","og_description":"A Bahia fechou 2023 com chave de ouro.&nbsp;O estado&nbsp;registrou aumento na cobertura vacinal de sete das oito vacinas recomendadas no calend\u00e1rio infantil para crian\u00e7as com um ano de idade, com destaque para os n\u00fameros da DTP (difteria, t\u00e9tano e coqueluche), cujos \u00edndices saltaram de 63% em 2022 para 81% em 2023, o que representa um [&hellip;]","og_url":"https:\/\/portalmf.com.br\/index.php\/2024\/01\/02\/bahia-registra-aumento-de-cobertura-vacinal-em-2023\/","og_site_name":"Portal MF","article_author":"https:\/\/www.facebook.com\/portalmfoficial","article_published_time":"2024-01-02T22:17:04+00:00","article_modified_time":"2024-01-02T22:17:07+00:00","og_image":[{"width":1920,"height":2560,"url":"https:\/\/portalmf.com.br\/wp-content\/uploads\/2024\/01\/Vacinacao-foto-Leonardo-Rattes-Saude-GOVBA-scaled.jpg","type":"image\/jpeg"}],"author":"Reda\u00e7\u00e3o Portal MF","twitter_card":"summary_large_image","twitter_creator":"@https:\/\/x.com\/portalmfoficial","twitter_misc":{"Escrito por":"Reda\u00e7\u00e3o Portal MF","Est. tempo de leitura":"2 minutos"},"schema":{"@context":"https:\/\/schema.org","@graph":[{"@type":"WebPage","@id":"https:\/\/portalmf.com.br\/index.php\/2024\/01\/02\/bahia-registra-aumento-de-cobertura-vacinal-em-2023\/","url":"https:\/\/portalmf.com.br\/index.php\/2024\/01\/02\/bahia-registra-aumento-de-cobertura-vacinal-em-2023\/","name":"Bahia registra aumento de cobertura vacinal em 2023 - Portal MF","isPartOf":{"@id":"https:\/\/portalmf.com.br\/#website"},"primaryImageOfPage":{"@id":"https:\/\/portalmf.com.br\/index.php\/2024\/01\/02\/bahia-registra-aumento-de-cobertura-vacinal-em-2023\/#primaryimage"},"image":{"@id":"https:\/\/portalmf.com.br\/index.php\/2024\/01\/02\/bahia-registra-aumento-de-cobertura-vacinal-em-2023\/#primaryimage"},"thumbnailUrl":"https:\/\/portalmf.com.br\/wp-content\/uploads\/2024\/01\/Vacinacao-foto-Leonardo-Rattes-Saude-GOVBA-scaled.jpg","datePublished":"2024-01-02T22:17:04+00:00","dateModified":"2024-01-02T22:17:07+00:00","author":{"@id":"https:\/\/portalmf.com.br\/#\/schema\/person\/9ec101baf56233e53520c26de5d6f6f0"},"breadcrumb":{"@id":"https:\/\/portalmf.com.br\/index.php\/2024\/01\/02\/bahia-registra-aumento-de-cobertura-vacinal-em-2023\/#breadcrumb"},"inLanguage":"pt-BR","potentialAction":[{"@type":"ReadAction","target":["https:\/\/portalmf.com.br\/index.php\/2024\/01\/02\/bahia-registra-aumento-de-cobertura-vacinal-em-2023\/"]}]},{"@type":"ImageObject","inLanguage":"pt-BR","@id":"https:\/\/portalmf.com.br\/index.php\/2024\/01\/02\/bahia-registra-aumento-de-cobertura-vacinal-em-2023\/#primaryimage","url":"https:\/\/portalmf.com.br\/wp-content\/uploads\/2024\/01\/Vacinacao-foto-Leonardo-Rattes-Saude-GOVBA-scaled.jpg","contentUrl":"https:\/\/portalmf.com.br\/wp-content\/uploads\/2024\/01\/Vacinacao-foto-Leonardo-Rattes-Saude-GOVBA-scaled.jpg","width":1920,"height":2560},{"@type":"BreadcrumbList","@id":"https:\/\/portalmf.com.br\/index.php\/2024\/01\/02\/bahia-registra-aumento-de-cobertura-vacinal-em-2023\/#breadcrumb","itemListElement":[{"@type":"ListItem","position":1,"name":"In\u00edcio","item":"https:\/\/portalmf.com.br\/"},{"@type":"ListItem","position":2,"name":"Bahia registra aumento de cobertura vacinal em 2023"}]},{"@type":"WebSite","@id":"https:\/\/portalmf.com.br\/#website","url":"https:\/\/portalmf.com.br\/","name":"Portal MF","description":"Voc\u00ea conectado com a informa\u00e7\u00e3o","potentialAction":[{"@type":"SearchAction","target":{"@type":"EntryPoint","urlTemplate":"https:\/\/portalmf.com.br\/?s={search_term_string}"},"query-input":"required name=search_term_string"}],"inLanguage":"pt-BR"},{"@type":"Person","@id":"https:\/\/portalmf.com.br\/#\/schema\/person\/9ec101baf56233e53520c26de5d6f6f0","name":"Reda\u00e7\u00e3o Portal MF","image":{"@type":"ImageObject","inLanguage":"pt-BR","@id":"https:\/\/portalmf.com.br\/#\/schema\/person\/image\/","url":"https:\/\/secure.gravatar.com\/avatar\/41b9aaeb2100835f7c64362330f74c7f?s=96&d=mm&r=g","contentUrl":"https:\/\/secure.gravatar.com\/avatar\/41b9aaeb2100835f7c64362330f74c7f?s=96&d=mm&r=g","caption":"Reda\u00e7\u00e3o Portal MF"},"description":"Sejam bem-vindos o portal de informa\u00e7\u00f5es de entretenimento de Feira de Santana, desde 2006 realiza coberturas dos principais eventos com entrevistas exclusivas com as principais personalidades mundiais. Fique conectado tamb\u00e9m nas redes sociais.","sameAs":["http:\/\/www.portalmf.com.br\/","https:\/\/www.facebook.com\/portalmfoficial","https:\/\/www.instagram.com\/portalmf\/","https:\/\/x.com\/https:\/\/x.com\/portalmfoficial","https:\/\/www.youtube.com\/@portalmfoficial"],"url":"https:\/\/portalmf.com.br\/index.php\/author\/junior\/"}]}},"_links":{"self":[{"href":"https:\/\/portalmf.com.br\/index.php\/wp-json\/wp\/v2\/posts\/21443"}],"collection":[{"href":"https:\/\/portalmf.com.br\/index.php\/wp-json\/wp\/v2\/posts"}],"about":[{"href":"https:\/\/portalmf.com.br\/index.php\/wp-json\/wp\/v2\/types\/post"}],"author":[{"embeddable":true,"href":"https:\/\/portalmf.com.br\/index.php\/wp-json\/wp\/v2\/users\/3"}],"replies":[{"embeddable":true,"href":"https:\/\/portalmf.com.br\/index.php\/wp-json\/wp\/v2\/comments?post=21443"}],"version-history":[{"count":1,"href":"https:\/\/portalmf.com.br\/index.php\/wp-json\/wp\/v2\/posts\/21443\/revisions"}],"predecessor-version":[{"id":21445,"href":"https:\/\/portalmf.com.br\/index.php\/wp-json\/wp\/v2\/posts\/21443\/revisions\/21445"}],"wp:featuredmedia":[{"embeddable":true,"href":"https:\/\/portalmf.com.br\/index.php\/wp-json\/wp\/v2\/media\/21444"}],"wp:attachment":[{"href":"https:\/\/portalmf.com.br\/index.php\/wp-json\/wp\/v2\/media?parent=21443"}],"wp:term":[{"taxonomy":"category","embeddable":true,"href":"https:\/\/portalmf.com.br\/index.php\/wp-json\/wp\/v2\/categories?post=21443"},{"taxonomy":"post_tag","embeddable":true,"href":"https:\/\/portalmf.com.br\/index.php\/wp-json\/wp\/v2\/tags?post=21443"}],"curies":[{"name":"wp","href":"https:\/\/api.w.org\/{rel}","templated":true}]}}