{"id":21379,"date":"2023-12-29T11:46:35","date_gmt":"2023-12-29T14:46:35","guid":{"rendered":"https:\/\/portalmf.com.br\/?p=21379"},"modified":"2023-12-29T11:46:36","modified_gmt":"2023-12-29T14:46:36","slug":"taxa-de-desemprego-no-trimestre-encerrado-em-novembro-cai-para-75","status":"publish","type":"post","link":"https:\/\/portalmf.com.br\/index.php\/2023\/12\/29\/taxa-de-desemprego-no-trimestre-encerrado-em-novembro-cai-para-75\/","title":{"rendered":"Taxa de desemprego no trimestre encerrado em novembro cai para 7,5%"},"content":{"rendered":"\n<p>A taxa de desocupa\u00e7\u00e3o no trimestre encerrado em novembro foi de 7,5%. \u00c9 o menor \u00edndice desde fevereiro de 2015. Especificamente para trimestres terminados em novembro, o \u00edndice \u00e9 o menor desde 2014, quando alcan\u00e7ou 6,6%.&nbsp;<img decoding=\"async\" src=\"https:\/\/agenciabrasil.ebc.com.br\/ebc.png?id=1574692&amp;o=node\"><img decoding=\"async\" src=\"https:\/\/agenciabrasil.ebc.com.br\/ebc.gif?id=1574692&amp;o=node\"><\/p>\n\n\n\n<p>Os dados fazem parte da Pesquisa Nacional por Amostra de Domic\u00edlios Cont\u00ednua (Pnad Cont\u00ednua), divulgada nesta sexta-feira (29) pelo Instituto Brasileiro de Geografia e Estat\u00edstica (IBGE).<\/p>\n\n\n\n<p>No trimestre encerrado em agosto, a taxa estava em 7,8%. J\u00e1 o indicador do trimestre encerrado em agosto de 2022 era de 8,1%.<\/p>\n\n\n\n<p>O resultado foi influenciado pelo n\u00famero de pessoas ocupadas, estimado em 100,5 milh\u00f5es, o maior desde que a s\u00e9rie hist\u00f3rica foi iniciada, em 2012. O n\u00famero representa crescimento de 0,9% em 3 meses.<\/p>\n\n\n\n<p>O n\u00famero de desempregados ficou est\u00e1vel, 8,2 milh\u00f5es de pessoas. \u00c9 o menor contingente desde o trimestre encerrado em abril de 2015, quando havia 8,15 milh\u00f5es de brasileiros procurando trabalho.<\/p>\n\n\n\n<h2 class=\"wp-block-heading\">Ocupa\u00e7\u00e3o&nbsp;<\/h2>\n\n\n\n<p>A propor\u00e7\u00e3o de pessoas ocupadas na popula\u00e7\u00e3o em idade de trabalhar subiu 0,4 ponto percentual (p.p.) ante o trimestre m\u00f3vel anterior, alcan\u00e7ando 57%. Das 853 mil pessoas inclu\u00eddas nesse universo, a maioria, 515 mil, foi contratada com carteira assinada. &nbsp;<\/p>\n\n\n\n<p>Com esse refor\u00e7o, o contingente de trabalhadores com carteira assinada soma 37,7 milh\u00f5es, o segundo maior patamar da s\u00e9rie hist\u00f3rica, perdendo apenas para o trimestre encerrado em junho de 2014, quando eram 37,8 milh\u00f5es.&nbsp;<\/p>\n\n\n\n<p>O n\u00famero de empregados sem carteira foi de 13,4 milh\u00f5es. Apesar de ter ficado est\u00e1vel no per\u00edodo, \u00e9 o maior da s\u00e9rie hist\u00f3rica.&nbsp;<\/p>\n\n\n\n<p>Das dez atividades econ\u00f4micas analisadas pelo IBGE, houve aumento no n\u00famero de ocupados apenas na ind\u00fastria, 369 mil pessoas, e na constru\u00e7\u00e3o, 199 mil. As demais atividades permaneceram est\u00e1veis.&nbsp;<\/p>\n\n\n\n<p>\u201cA expans\u00e3o da atividade de constru\u00e7\u00e3o ocorreu principalmente por meio da informalidade, com o aumento do emprego sem carteira assinada e por conta pr\u00f3pria sem CNPJ, enquanto a ind\u00fastria impulsionou os trabalhos formais\u201d, disse a coordenadora de Pnad do IBGE, Adriana Beringuy.&nbsp;<\/p>\n\n\n\n<p>No trimestre, a taxa de informalidade foi de 39,2% da popula\u00e7\u00e3o ocupada, o que representa 39,4 milh\u00f5es de trabalhadores informais. Nos tr\u00eas meses anteriores, a taxa tinha sido 39,1%.&nbsp;<\/p>\n\n\n\n<h2 class=\"wp-block-heading\">Rendimento&nbsp;<\/h2>\n\n\n\n<p>O rendimento m\u00e9dio real do trabalhador chegou a R$ 3.034, aumento de 2,3% no trimestre. Em rela\u00e7\u00e3o ao ano passado, a alta foi de 3,8%. No trimestre, esse crescimento foi mais acentuado entre os empregados com carteira assinada no setor privado (2,1%) e os trabalhadores por conta pr\u00f3pria com CNPJ (7,6%). &nbsp;<\/p>\n\n\n\n<p>\u201cNa compara\u00e7\u00e3o anual, nenhuma forma de inser\u00e7\u00e3o apresentou queda no rendimento, seja no trabalho formal, seja no informal. Todos registraram varia\u00e7\u00e3o positiva\u201d, ressalta a pesquisadora do IBGE.&nbsp;<\/p>\n\n\n\n<p>A pesquisa do IBGE \u00e9 feita com uma amostragem de 211 mil domic\u00edlios em todo o pa\u00eds e busca informa\u00e7\u00f5es sobre qualquer forma de trabalho, como contratados com carteira assinada, por conta pr\u00f3pria e informais. &nbsp;<\/p>\n\n\n\n<h2 class=\"wp-block-heading\">Caged&nbsp;<\/h2>\n\n\n\n<p>Outra estat\u00edstica de refer\u00eancia sobre o mercado de trabalho \u00e9 o Cadastro Geral de Empregados e Desempregados (Caged), compilado pelo Minist\u00e9rio do Trabalho e Emprego, que coleta dados apenas de admiss\u00f5es e demiss\u00f5es de trabalhadores com carteira de trabalho. &nbsp;<\/p>\n\n\n\n<p><a href=\"https:\/\/agenciabrasil.ebc.com.br\/geral\/noticia\/2023-12\/caged-pais-gerou-mais-de-130-mil-novas-vagas-de-trabalho-em-novembro\" target=\"_blank\" rel=\"noreferrer noopener\">A mais recente divulga\u00e7\u00e3o<\/a>, nesta quinta-feira (28), apontou que novembro teve um saldo positivo de mais de 130 mil vagas. No acumulado de janeiro a novembro foram gerados no pa\u00eds 1.914.467 postos de trabalho.<\/p>\n\n\n\n<p>Com informa\u00e7\u00f5es da Ag\u00eancia Brasil<\/p>\n","protected":false},"excerpt":{"rendered":"<p>A taxa de desocupa\u00e7\u00e3o no trimestre encerrado em novembro foi de 7,5%. \u00c9 o menor \u00edndice desde fevereiro de 2015. Especificamente para trimestres terminados em novembro, o \u00edndice \u00e9 o menor desde 2014, quando alcan\u00e7ou 6,6%.&nbsp; Os dados fazem parte da Pesquisa Nacional por Amostra de Domic\u00edlios Cont\u00ednua (Pnad Cont\u00ednua), divulgada nesta sexta-feira (29) pelo [&hellip;]<\/p>\n","protected":false},"author":3,"featured_media":21380,"comment_status":"open","ping_status":"open","sticky":false,"template":"","format":"standard","meta":{"_monsterinsights_skip_tracking":false,"_monsterinsights_sitenote_active":false,"_monsterinsights_sitenote_note":"","_monsterinsights_sitenote_category":0,"footnotes":""},"categories":[34],"tags":[],"yoast_head":"<!-- This site is optimized with the Yoast SEO plugin v22.9 - https:\/\/yoast.com\/wordpress\/plugins\/seo\/ -->\n<title>Taxa de desemprego no trimestre encerrado em novembro cai para 7,5% - Portal MF<\/title>\n<meta name=\"robots\" content=\"index, follow, max-snippet:-1, max-image-preview:large, max-video-preview:-1\" \/>\n<link rel=\"canonical\" href=\"https:\/\/portalmf.com.br\/index.php\/2023\/12\/29\/taxa-de-desemprego-no-trimestre-encerrado-em-novembro-cai-para-75\/\" \/>\n<meta property=\"og:locale\" content=\"pt_BR\" \/>\n<meta property=\"og:type\" content=\"article\" \/>\n<meta property=\"og:title\" content=\"Taxa de desemprego no trimestre encerrado em novembro cai para 7,5% - Portal MF\" \/>\n<meta property=\"og:description\" content=\"A taxa de desocupa\u00e7\u00e3o no trimestre encerrado em novembro foi de 7,5%. \u00c9 o menor \u00edndice desde fevereiro de 2015. Especificamente para trimestres terminados em novembro, o \u00edndice \u00e9 o menor desde 2014, quando alcan\u00e7ou 6,6%.&nbsp; Os dados fazem parte da Pesquisa Nacional por Amostra de Domic\u00edlios Cont\u00ednua (Pnad Cont\u00ednua), divulgada nesta sexta-feira (29) pelo [&hellip;]\" \/>\n<meta property=\"og:url\" content=\"https:\/\/portalmf.com.br\/index.php\/2023\/12\/29\/taxa-de-desemprego-no-trimestre-encerrado-em-novembro-cai-para-75\/\" \/>\n<meta property=\"og:site_name\" content=\"Portal MF\" \/>\n<meta property=\"article:author\" content=\"https:\/\/www.facebook.com\/portalmfoficial\" \/>\n<meta property=\"article:published_time\" content=\"2023-12-29T14:46:35+00:00\" \/>\n<meta property=\"article:modified_time\" content=\"2023-12-29T14:46:36+00:00\" \/>\n<meta property=\"og:image\" content=\"https:\/\/portalmf.com.br\/wp-content\/uploads\/2023\/12\/carteira-de-trabalho.jpg\" \/>\n\t<meta property=\"og:image:width\" content=\"1170\" \/>\n\t<meta property=\"og:image:height\" content=\"700\" \/>\n\t<meta property=\"og:image:type\" content=\"image\/jpeg\" \/>\n<meta name=\"author\" content=\"Reda\u00e7\u00e3o Portal MF\" \/>\n<meta name=\"twitter:card\" content=\"summary_large_image\" \/>\n<meta name=\"twitter:creator\" content=\"@https:\/\/x.com\/portalmfoficial\" \/>\n<meta name=\"twitter:label1\" content=\"Escrito por\" \/>\n\t<meta name=\"twitter:data1\" content=\"Reda\u00e7\u00e3o Portal MF\" \/>\n\t<meta name=\"twitter:label2\" content=\"Est. tempo de leitura\" \/>\n\t<meta name=\"twitter:data2\" content=\"4 minutos\" \/>\n<script type=\"application\/ld+json\" class=\"yoast-schema-graph\">{\"@context\":\"https:\/\/schema.org\",\"@graph\":[{\"@type\":\"WebPage\",\"@id\":\"https:\/\/portalmf.com.br\/index.php\/2023\/12\/29\/taxa-de-desemprego-no-trimestre-encerrado-em-novembro-cai-para-75\/\",\"url\":\"https:\/\/portalmf.com.br\/index.php\/2023\/12\/29\/taxa-de-desemprego-no-trimestre-encerrado-em-novembro-cai-para-75\/\",\"name\":\"Taxa de desemprego no trimestre encerrado em novembro cai para 7,5% - Portal MF\",\"isPartOf\":{\"@id\":\"https:\/\/portalmf.com.br\/#website\"},\"primaryImageOfPage\":{\"@id\":\"https:\/\/portalmf.com.br\/index.php\/2023\/12\/29\/taxa-de-desemprego-no-trimestre-encerrado-em-novembro-cai-para-75\/#primaryimage\"},\"image\":{\"@id\":\"https:\/\/portalmf.com.br\/index.php\/2023\/12\/29\/taxa-de-desemprego-no-trimestre-encerrado-em-novembro-cai-para-75\/#primaryimage\"},\"thumbnailUrl\":\"https:\/\/portalmf.com.br\/wp-content\/uploads\/2023\/12\/carteira-de-trabalho.jpg\",\"datePublished\":\"2023-12-29T14:46:35+00:00\",\"dateModified\":\"2023-12-29T14:46:36+00:00\",\"author\":{\"@id\":\"https:\/\/portalmf.com.br\/#\/schema\/person\/9ec101baf56233e53520c26de5d6f6f0\"},\"breadcrumb\":{\"@id\":\"https:\/\/portalmf.com.br\/index.php\/2023\/12\/29\/taxa-de-desemprego-no-trimestre-encerrado-em-novembro-cai-para-75\/#breadcrumb\"},\"inLanguage\":\"pt-BR\",\"potentialAction\":[{\"@type\":\"ReadAction\",\"target\":[\"https:\/\/portalmf.com.br\/index.php\/2023\/12\/29\/taxa-de-desemprego-no-trimestre-encerrado-em-novembro-cai-para-75\/\"]}]},{\"@type\":\"ImageObject\",\"inLanguage\":\"pt-BR\",\"@id\":\"https:\/\/portalmf.com.br\/index.php\/2023\/12\/29\/taxa-de-desemprego-no-trimestre-encerrado-em-novembro-cai-para-75\/#primaryimage\",\"url\":\"https:\/\/portalmf.com.br\/wp-content\/uploads\/2023\/12\/carteira-de-trabalho.jpg\",\"contentUrl\":\"https:\/\/portalmf.com.br\/wp-content\/uploads\/2023\/12\/carteira-de-trabalho.jpg\",\"width\":1170,\"height\":700},{\"@type\":\"BreadcrumbList\",\"@id\":\"https:\/\/portalmf.com.br\/index.php\/2023\/12\/29\/taxa-de-desemprego-no-trimestre-encerrado-em-novembro-cai-para-75\/#breadcrumb\",\"itemListElement\":[{\"@type\":\"ListItem\",\"position\":1,\"name\":\"In\u00edcio\",\"item\":\"https:\/\/portalmf.com.br\/\"},{\"@type\":\"ListItem\",\"position\":2,\"name\":\"Taxa de desemprego no trimestre encerrado em novembro cai para 7,5%\"}]},{\"@type\":\"WebSite\",\"@id\":\"https:\/\/portalmf.com.br\/#website\",\"url\":\"https:\/\/portalmf.com.br\/\",\"name\":\"Portal MF\",\"description\":\"Voc\u00ea conectado com a informa\u00e7\u00e3o\",\"potentialAction\":[{\"@type\":\"SearchAction\",\"target\":{\"@type\":\"EntryPoint\",\"urlTemplate\":\"https:\/\/portalmf.com.br\/?s={search_term_string}\"},\"query-input\":\"required name=search_term_string\"}],\"inLanguage\":\"pt-BR\"},{\"@type\":\"Person\",\"@id\":\"https:\/\/portalmf.com.br\/#\/schema\/person\/9ec101baf56233e53520c26de5d6f6f0\",\"name\":\"Reda\u00e7\u00e3o Portal MF\",\"image\":{\"@type\":\"ImageObject\",\"inLanguage\":\"pt-BR\",\"@id\":\"https:\/\/portalmf.com.br\/#\/schema\/person\/image\/\",\"url\":\"https:\/\/secure.gravatar.com\/avatar\/41b9aaeb2100835f7c64362330f74c7f?s=96&d=mm&r=g\",\"contentUrl\":\"https:\/\/secure.gravatar.com\/avatar\/41b9aaeb2100835f7c64362330f74c7f?s=96&d=mm&r=g\",\"caption\":\"Reda\u00e7\u00e3o Portal MF\"},\"description\":\"Sejam bem-vindos o portal de informa\u00e7\u00f5es de entretenimento de Feira de Santana, desde 2006 realiza coberturas dos principais eventos com entrevistas exclusivas com as principais personalidades mundiais. Fique conectado tamb\u00e9m nas redes sociais.\",\"sameAs\":[\"http:\/\/www.portalmf.com.br\/\",\"https:\/\/www.facebook.com\/portalmfoficial\",\"https:\/\/www.instagram.com\/portalmf\/\",\"https:\/\/x.com\/https:\/\/x.com\/portalmfoficial\",\"https:\/\/www.youtube.com\/@portalmfoficial\"],\"url\":\"https:\/\/portalmf.com.br\/index.php\/author\/junior\/\"}]}<\/script>\n<!-- \/ Yoast SEO plugin. -->","yoast_head_json":{"title":"Taxa de desemprego no trimestre encerrado em novembro cai para 7,5% - Portal MF","robots":{"index":"index","follow":"follow","max-snippet":"max-snippet:-1","max-image-preview":"max-image-preview:large","max-video-preview":"max-video-preview:-1"},"canonical":"https:\/\/portalmf.com.br\/index.php\/2023\/12\/29\/taxa-de-desemprego-no-trimestre-encerrado-em-novembro-cai-para-75\/","og_locale":"pt_BR","og_type":"article","og_title":"Taxa de desemprego no trimestre encerrado em novembro cai para 7,5% - Portal MF","og_description":"A taxa de desocupa\u00e7\u00e3o no trimestre encerrado em novembro foi de 7,5%. \u00c9 o menor \u00edndice desde fevereiro de 2015. Especificamente para trimestres terminados em novembro, o \u00edndice \u00e9 o menor desde 2014, quando alcan\u00e7ou 6,6%.&nbsp; Os dados fazem parte da Pesquisa Nacional por Amostra de Domic\u00edlios Cont\u00ednua (Pnad Cont\u00ednua), divulgada nesta sexta-feira (29) pelo [&hellip;]","og_url":"https:\/\/portalmf.com.br\/index.php\/2023\/12\/29\/taxa-de-desemprego-no-trimestre-encerrado-em-novembro-cai-para-75\/","og_site_name":"Portal MF","article_author":"https:\/\/www.facebook.com\/portalmfoficial","article_published_time":"2023-12-29T14:46:35+00:00","article_modified_time":"2023-12-29T14:46:36+00:00","og_image":[{"width":1170,"height":700,"url":"https:\/\/portalmf.com.br\/wp-content\/uploads\/2023\/12\/carteira-de-trabalho.jpg","type":"image\/jpeg"}],"author":"Reda\u00e7\u00e3o Portal MF","twitter_card":"summary_large_image","twitter_creator":"@https:\/\/x.com\/portalmfoficial","twitter_misc":{"Escrito por":"Reda\u00e7\u00e3o Portal MF","Est. tempo de leitura":"4 minutos"},"schema":{"@context":"https:\/\/schema.org","@graph":[{"@type":"WebPage","@id":"https:\/\/portalmf.com.br\/index.php\/2023\/12\/29\/taxa-de-desemprego-no-trimestre-encerrado-em-novembro-cai-para-75\/","url":"https:\/\/portalmf.com.br\/index.php\/2023\/12\/29\/taxa-de-desemprego-no-trimestre-encerrado-em-novembro-cai-para-75\/","name":"Taxa de desemprego no trimestre encerrado em novembro cai para 7,5% - Portal MF","isPartOf":{"@id":"https:\/\/portalmf.com.br\/#website"},"primaryImageOfPage":{"@id":"https:\/\/portalmf.com.br\/index.php\/2023\/12\/29\/taxa-de-desemprego-no-trimestre-encerrado-em-novembro-cai-para-75\/#primaryimage"},"image":{"@id":"https:\/\/portalmf.com.br\/index.php\/2023\/12\/29\/taxa-de-desemprego-no-trimestre-encerrado-em-novembro-cai-para-75\/#primaryimage"},"thumbnailUrl":"https:\/\/portalmf.com.br\/wp-content\/uploads\/2023\/12\/carteira-de-trabalho.jpg","datePublished":"2023-12-29T14:46:35+00:00","dateModified":"2023-12-29T14:46:36+00:00","author":{"@id":"https:\/\/portalmf.com.br\/#\/schema\/person\/9ec101baf56233e53520c26de5d6f6f0"},"breadcrumb":{"@id":"https:\/\/portalmf.com.br\/index.php\/2023\/12\/29\/taxa-de-desemprego-no-trimestre-encerrado-em-novembro-cai-para-75\/#breadcrumb"},"inLanguage":"pt-BR","potentialAction":[{"@type":"ReadAction","target":["https:\/\/portalmf.com.br\/index.php\/2023\/12\/29\/taxa-de-desemprego-no-trimestre-encerrado-em-novembro-cai-para-75\/"]}]},{"@type":"ImageObject","inLanguage":"pt-BR","@id":"https:\/\/portalmf.com.br\/index.php\/2023\/12\/29\/taxa-de-desemprego-no-trimestre-encerrado-em-novembro-cai-para-75\/#primaryimage","url":"https:\/\/portalmf.com.br\/wp-content\/uploads\/2023\/12\/carteira-de-trabalho.jpg","contentUrl":"https:\/\/portalmf.com.br\/wp-content\/uploads\/2023\/12\/carteira-de-trabalho.jpg","width":1170,"height":700},{"@type":"BreadcrumbList","@id":"https:\/\/portalmf.com.br\/index.php\/2023\/12\/29\/taxa-de-desemprego-no-trimestre-encerrado-em-novembro-cai-para-75\/#breadcrumb","itemListElement":[{"@type":"ListItem","position":1,"name":"In\u00edcio","item":"https:\/\/portalmf.com.br\/"},{"@type":"ListItem","position":2,"name":"Taxa de desemprego no trimestre encerrado em novembro cai para 7,5%"}]},{"@type":"WebSite","@id":"https:\/\/portalmf.com.br\/#website","url":"https:\/\/portalmf.com.br\/","name":"Portal MF","description":"Voc\u00ea conectado com a informa\u00e7\u00e3o","potentialAction":[{"@type":"SearchAction","target":{"@type":"EntryPoint","urlTemplate":"https:\/\/portalmf.com.br\/?s={search_term_string}"},"query-input":"required name=search_term_string"}],"inLanguage":"pt-BR"},{"@type":"Person","@id":"https:\/\/portalmf.com.br\/#\/schema\/person\/9ec101baf56233e53520c26de5d6f6f0","name":"Reda\u00e7\u00e3o Portal MF","image":{"@type":"ImageObject","inLanguage":"pt-BR","@id":"https:\/\/portalmf.com.br\/#\/schema\/person\/image\/","url":"https:\/\/secure.gravatar.com\/avatar\/41b9aaeb2100835f7c64362330f74c7f?s=96&d=mm&r=g","contentUrl":"https:\/\/secure.gravatar.com\/avatar\/41b9aaeb2100835f7c64362330f74c7f?s=96&d=mm&r=g","caption":"Reda\u00e7\u00e3o Portal MF"},"description":"Sejam bem-vindos o portal de informa\u00e7\u00f5es de entretenimento de Feira de Santana, desde 2006 realiza coberturas dos principais eventos com entrevistas exclusivas com as principais personalidades mundiais. Fique conectado tamb\u00e9m nas redes sociais.","sameAs":["http:\/\/www.portalmf.com.br\/","https:\/\/www.facebook.com\/portalmfoficial","https:\/\/www.instagram.com\/portalmf\/","https:\/\/x.com\/https:\/\/x.com\/portalmfoficial","https:\/\/www.youtube.com\/@portalmfoficial"],"url":"https:\/\/portalmf.com.br\/index.php\/author\/junior\/"}]}},"_links":{"self":[{"href":"https:\/\/portalmf.com.br\/index.php\/wp-json\/wp\/v2\/posts\/21379"}],"collection":[{"href":"https:\/\/portalmf.com.br\/index.php\/wp-json\/wp\/v2\/posts"}],"about":[{"href":"https:\/\/portalmf.com.br\/index.php\/wp-json\/wp\/v2\/types\/post"}],"author":[{"embeddable":true,"href":"https:\/\/portalmf.com.br\/index.php\/wp-json\/wp\/v2\/users\/3"}],"replies":[{"embeddable":true,"href":"https:\/\/portalmf.com.br\/index.php\/wp-json\/wp\/v2\/comments?post=21379"}],"version-history":[{"count":1,"href":"https:\/\/portalmf.com.br\/index.php\/wp-json\/wp\/v2\/posts\/21379\/revisions"}],"predecessor-version":[{"id":21381,"href":"https:\/\/portalmf.com.br\/index.php\/wp-json\/wp\/v2\/posts\/21379\/revisions\/21381"}],"wp:featuredmedia":[{"embeddable":true,"href":"https:\/\/portalmf.com.br\/index.php\/wp-json\/wp\/v2\/media\/21380"}],"wp:attachment":[{"href":"https:\/\/portalmf.com.br\/index.php\/wp-json\/wp\/v2\/media?parent=21379"}],"wp:term":[{"taxonomy":"category","embeddable":true,"href":"https:\/\/portalmf.com.br\/index.php\/wp-json\/wp\/v2\/categories?post=21379"},{"taxonomy":"post_tag","embeddable":true,"href":"https:\/\/portalmf.com.br\/index.php\/wp-json\/wp\/v2\/tags?post=21379"}],"curies":[{"name":"wp","href":"https:\/\/api.w.org\/{rel}","templated":true}]}}