{"id":21373,"date":"2023-12-28T11:37:22","date_gmt":"2023-12-28T14:37:22","guid":{"rendered":"https:\/\/portalmf.com.br\/?p=21373"},"modified":"2023-12-29T11:38:00","modified_gmt":"2023-12-29T14:38:00","slug":"pesquisa-indica-reeleicao-de-joao-bahia-para-prefeitura-de-amelia-rodrigues","status":"publish","type":"post","link":"https:\/\/portalmf.com.br\/index.php\/2023\/12\/28\/pesquisa-indica-reeleicao-de-joao-bahia-para-prefeitura-de-amelia-rodrigues\/","title":{"rendered":"Pesquisa indica reelei\u00e7\u00e3o de Jo\u00e3o Bahia para prefeitura de Am\u00e9lia Rodrigues"},"content":{"rendered":"\n<p>que, se as elei\u00e7\u00f5es para prefeito em Am\u00e9lia Rodrigues fossem hoje, Jo\u00e3o Bahia (PSD) seria reeleito prefeito. Os resultados destacam uma significativa lideran\u00e7a, com 49,50% das inten\u00e7\u00f5es de voto.<\/p>\n\n\n\n<p>No cen\u00e1rio estimulado, onde os nomes dos candidatos s\u00e3o apresentados, o segundo colocado \u00e9 o ex-prefeito Paulo Falc\u00e3o (REPUBLICANOS), com 14,75%, seguido pelo atual vereador Erick Rifas (PSD), com 13,25%. A pesquisa revela que 12,25% n\u00e3o sabem em quem votar ou n\u00e3o opinaram, enquanto 7,25% indicaram inten\u00e7\u00e3o de votar em branco ou nulo. Apenas 3,00% afirmaram que n\u00e3o votariam em nenhum candidato.<\/p>\n\n\n\n<p>Na modalidade espont\u00e2nea, onde os nomes dos pr\u00e9-candidatos n\u00e3o s\u00e3o apresentados, Jo\u00e3o Bahia mant\u00e9m uma ampla lideran\u00e7a, obtendo 41,00% das prefer\u00eancias. Paulo Falc\u00e3o registra 9,50%, Erick Rifas 7,25%, e Diego Lima 0,50%. Branco ou nulo alcan\u00e7am 4,75%, enquanto 37,00% n\u00e3o sabem em quem votar ou n\u00e3o opinaram.<\/p>\n\n\n\n<p>Al\u00e9m disso, a pesquisa revela que a gest\u00e3o do prefeito Jo\u00e3o Bahia conta com alto \u00edndice de aprova\u00e7\u00e3o. Cerca de 30,25% dos entrevistados avaliam o governo como bom, 18,75% como \u00f3timo e 31,75% como regular. A rejei\u00e7\u00e3o \u00e9 baixa, com apenas 6,50% considerando a gest\u00e3o ruim e 10,75% como p\u00e9ssima. Aqueles que n\u00e3o souberam avaliar representam 2,00% da amostra.<\/p>\n\n\n\n<p>Os dados foram coletados junto a 400 pessoas nos dias 26 e 27 de dezembro, com um n\u00edvel de confian\u00e7a de 95% e uma margem de erro de 5% para mais ou para menos sobre o total da amostra. Confira abaixo os resultados detalhados da pesquisa.<\/p>\n","protected":false},"excerpt":{"rendered":"<p>que, se as elei\u00e7\u00f5es para prefeito em Am\u00e9lia Rodrigues fossem hoje, Jo\u00e3o Bahia (PSD) seria reeleito prefeito. Os resultados destacam uma significativa lideran\u00e7a, com 49,50% das inten\u00e7\u00f5es de voto. No cen\u00e1rio estimulado, onde os nomes dos candidatos s\u00e3o apresentados, o segundo colocado \u00e9 o ex-prefeito Paulo Falc\u00e3o (REPUBLICANOS), com 14,75%, seguido pelo atual vereador Erick [&hellip;]<\/p>\n","protected":false},"author":3,"featured_media":21374,"comment_status":"open","ping_status":"open","sticky":false,"template":"","format":"standard","meta":{"_monsterinsights_skip_tracking":false,"_monsterinsights_sitenote_active":false,"_monsterinsights_sitenote_note":"","_monsterinsights_sitenote_category":0,"footnotes":""},"categories":[34],"tags":[],"yoast_head":"<!-- This site is optimized with the Yoast SEO plugin v22.9 - https:\/\/yoast.com\/wordpress\/plugins\/seo\/ -->\n<title>Pesquisa indica reelei\u00e7\u00e3o de Jo\u00e3o Bahia para prefeitura de Am\u00e9lia Rodrigues - Portal MF<\/title>\n<meta name=\"robots\" content=\"index, follow, max-snippet:-1, max-image-preview:large, max-video-preview:-1\" \/>\n<link rel=\"canonical\" href=\"https:\/\/portalmf.com.br\/index.php\/2023\/12\/28\/pesquisa-indica-reeleicao-de-joao-bahia-para-prefeitura-de-amelia-rodrigues\/\" \/>\n<meta property=\"og:locale\" content=\"pt_BR\" \/>\n<meta property=\"og:type\" content=\"article\" \/>\n<meta property=\"og:title\" content=\"Pesquisa indica reelei\u00e7\u00e3o de Jo\u00e3o Bahia para prefeitura de Am\u00e9lia Rodrigues - Portal MF\" \/>\n<meta property=\"og:description\" content=\"que, se as elei\u00e7\u00f5es para prefeito em Am\u00e9lia Rodrigues fossem hoje, Jo\u00e3o Bahia (PSD) seria reeleito prefeito. Os resultados destacam uma significativa lideran\u00e7a, com 49,50% das inten\u00e7\u00f5es de voto. No cen\u00e1rio estimulado, onde os nomes dos candidatos s\u00e3o apresentados, o segundo colocado \u00e9 o ex-prefeito Paulo Falc\u00e3o (REPUBLICANOS), com 14,75%, seguido pelo atual vereador Erick [&hellip;]\" \/>\n<meta property=\"og:url\" content=\"https:\/\/portalmf.com.br\/index.php\/2023\/12\/28\/pesquisa-indica-reeleicao-de-joao-bahia-para-prefeitura-de-amelia-rodrigues\/\" \/>\n<meta property=\"og:site_name\" content=\"Portal MF\" \/>\n<meta property=\"article:author\" content=\"https:\/\/www.facebook.com\/portalmfoficial\" \/>\n<meta property=\"article:published_time\" content=\"2023-12-28T14:37:22+00:00\" \/>\n<meta property=\"article:modified_time\" content=\"2023-12-29T14:38:00+00:00\" \/>\n<meta property=\"og:image\" content=\"https:\/\/portalmf.com.br\/wp-content\/uploads\/2023\/12\/joao-bahia.jpeg\" \/>\n\t<meta property=\"og:image:width\" content=\"1488\" \/>\n\t<meta property=\"og:image:height\" content=\"992\" \/>\n\t<meta property=\"og:image:type\" content=\"image\/jpeg\" \/>\n<meta name=\"author\" content=\"Reda\u00e7\u00e3o Portal MF\" \/>\n<meta name=\"twitter:card\" content=\"summary_large_image\" \/>\n<meta name=\"twitter:creator\" content=\"@https:\/\/x.com\/portalmfoficial\" \/>\n<meta name=\"twitter:label1\" content=\"Escrito por\" \/>\n\t<meta name=\"twitter:data1\" content=\"Reda\u00e7\u00e3o Portal MF\" \/>\n\t<meta name=\"twitter:label2\" content=\"Est. tempo de leitura\" \/>\n\t<meta name=\"twitter:data2\" content=\"2 minutos\" \/>\n<script type=\"application\/ld+json\" class=\"yoast-schema-graph\">{\"@context\":\"https:\/\/schema.org\",\"@graph\":[{\"@type\":\"WebPage\",\"@id\":\"https:\/\/portalmf.com.br\/index.php\/2023\/12\/28\/pesquisa-indica-reeleicao-de-joao-bahia-para-prefeitura-de-amelia-rodrigues\/\",\"url\":\"https:\/\/portalmf.com.br\/index.php\/2023\/12\/28\/pesquisa-indica-reeleicao-de-joao-bahia-para-prefeitura-de-amelia-rodrigues\/\",\"name\":\"Pesquisa indica reelei\u00e7\u00e3o de Jo\u00e3o Bahia para prefeitura de Am\u00e9lia Rodrigues - Portal MF\",\"isPartOf\":{\"@id\":\"https:\/\/portalmf.com.br\/#website\"},\"primaryImageOfPage\":{\"@id\":\"https:\/\/portalmf.com.br\/index.php\/2023\/12\/28\/pesquisa-indica-reeleicao-de-joao-bahia-para-prefeitura-de-amelia-rodrigues\/#primaryimage\"},\"image\":{\"@id\":\"https:\/\/portalmf.com.br\/index.php\/2023\/12\/28\/pesquisa-indica-reeleicao-de-joao-bahia-para-prefeitura-de-amelia-rodrigues\/#primaryimage\"},\"thumbnailUrl\":\"https:\/\/portalmf.com.br\/wp-content\/uploads\/2023\/12\/joao-bahia.jpeg\",\"datePublished\":\"2023-12-28T14:37:22+00:00\",\"dateModified\":\"2023-12-29T14:38:00+00:00\",\"author\":{\"@id\":\"https:\/\/portalmf.com.br\/#\/schema\/person\/9ec101baf56233e53520c26de5d6f6f0\"},\"breadcrumb\":{\"@id\":\"https:\/\/portalmf.com.br\/index.php\/2023\/12\/28\/pesquisa-indica-reeleicao-de-joao-bahia-para-prefeitura-de-amelia-rodrigues\/#breadcrumb\"},\"inLanguage\":\"pt-BR\",\"potentialAction\":[{\"@type\":\"ReadAction\",\"target\":[\"https:\/\/portalmf.com.br\/index.php\/2023\/12\/28\/pesquisa-indica-reeleicao-de-joao-bahia-para-prefeitura-de-amelia-rodrigues\/\"]}]},{\"@type\":\"ImageObject\",\"inLanguage\":\"pt-BR\",\"@id\":\"https:\/\/portalmf.com.br\/index.php\/2023\/12\/28\/pesquisa-indica-reeleicao-de-joao-bahia-para-prefeitura-de-amelia-rodrigues\/#primaryimage\",\"url\":\"https:\/\/portalmf.com.br\/wp-content\/uploads\/2023\/12\/joao-bahia.jpeg\",\"contentUrl\":\"https:\/\/portalmf.com.br\/wp-content\/uploads\/2023\/12\/joao-bahia.jpeg\",\"width\":1488,\"height\":992},{\"@type\":\"BreadcrumbList\",\"@id\":\"https:\/\/portalmf.com.br\/index.php\/2023\/12\/28\/pesquisa-indica-reeleicao-de-joao-bahia-para-prefeitura-de-amelia-rodrigues\/#breadcrumb\",\"itemListElement\":[{\"@type\":\"ListItem\",\"position\":1,\"name\":\"In\u00edcio\",\"item\":\"https:\/\/portalmf.com.br\/\"},{\"@type\":\"ListItem\",\"position\":2,\"name\":\"Pesquisa indica reelei\u00e7\u00e3o de Jo\u00e3o Bahia para prefeitura de Am\u00e9lia Rodrigues\"}]},{\"@type\":\"WebSite\",\"@id\":\"https:\/\/portalmf.com.br\/#website\",\"url\":\"https:\/\/portalmf.com.br\/\",\"name\":\"Portal MF\",\"description\":\"Voc\u00ea conectado com a informa\u00e7\u00e3o\",\"potentialAction\":[{\"@type\":\"SearchAction\",\"target\":{\"@type\":\"EntryPoint\",\"urlTemplate\":\"https:\/\/portalmf.com.br\/?s={search_term_string}\"},\"query-input\":\"required name=search_term_string\"}],\"inLanguage\":\"pt-BR\"},{\"@type\":\"Person\",\"@id\":\"https:\/\/portalmf.com.br\/#\/schema\/person\/9ec101baf56233e53520c26de5d6f6f0\",\"name\":\"Reda\u00e7\u00e3o Portal MF\",\"image\":{\"@type\":\"ImageObject\",\"inLanguage\":\"pt-BR\",\"@id\":\"https:\/\/portalmf.com.br\/#\/schema\/person\/image\/\",\"url\":\"https:\/\/secure.gravatar.com\/avatar\/41b9aaeb2100835f7c64362330f74c7f?s=96&d=mm&r=g\",\"contentUrl\":\"https:\/\/secure.gravatar.com\/avatar\/41b9aaeb2100835f7c64362330f74c7f?s=96&d=mm&r=g\",\"caption\":\"Reda\u00e7\u00e3o Portal MF\"},\"description\":\"Sejam bem-vindos o portal de informa\u00e7\u00f5es de entretenimento de Feira de Santana, desde 2006 realiza coberturas dos principais eventos com entrevistas exclusivas com as principais personalidades mundiais. Fique conectado tamb\u00e9m nas redes sociais.\",\"sameAs\":[\"http:\/\/www.portalmf.com.br\/\",\"https:\/\/www.facebook.com\/portalmfoficial\",\"https:\/\/www.instagram.com\/portalmf\/\",\"https:\/\/x.com\/https:\/\/x.com\/portalmfoficial\",\"https:\/\/www.youtube.com\/@portalmfoficial\"],\"url\":\"https:\/\/portalmf.com.br\/index.php\/author\/junior\/\"}]}<\/script>\n<!-- \/ Yoast SEO plugin. -->","yoast_head_json":{"title":"Pesquisa indica reelei\u00e7\u00e3o de Jo\u00e3o Bahia para prefeitura de Am\u00e9lia Rodrigues - Portal MF","robots":{"index":"index","follow":"follow","max-snippet":"max-snippet:-1","max-image-preview":"max-image-preview:large","max-video-preview":"max-video-preview:-1"},"canonical":"https:\/\/portalmf.com.br\/index.php\/2023\/12\/28\/pesquisa-indica-reeleicao-de-joao-bahia-para-prefeitura-de-amelia-rodrigues\/","og_locale":"pt_BR","og_type":"article","og_title":"Pesquisa indica reelei\u00e7\u00e3o de Jo\u00e3o Bahia para prefeitura de Am\u00e9lia Rodrigues - Portal MF","og_description":"que, se as elei\u00e7\u00f5es para prefeito em Am\u00e9lia Rodrigues fossem hoje, Jo\u00e3o Bahia (PSD) seria reeleito prefeito. Os resultados destacam uma significativa lideran\u00e7a, com 49,50% das inten\u00e7\u00f5es de voto. No cen\u00e1rio estimulado, onde os nomes dos candidatos s\u00e3o apresentados, o segundo colocado \u00e9 o ex-prefeito Paulo Falc\u00e3o (REPUBLICANOS), com 14,75%, seguido pelo atual vereador Erick [&hellip;]","og_url":"https:\/\/portalmf.com.br\/index.php\/2023\/12\/28\/pesquisa-indica-reeleicao-de-joao-bahia-para-prefeitura-de-amelia-rodrigues\/","og_site_name":"Portal MF","article_author":"https:\/\/www.facebook.com\/portalmfoficial","article_published_time":"2023-12-28T14:37:22+00:00","article_modified_time":"2023-12-29T14:38:00+00:00","og_image":[{"width":1488,"height":992,"url":"https:\/\/portalmf.com.br\/wp-content\/uploads\/2023\/12\/joao-bahia.jpeg","type":"image\/jpeg"}],"author":"Reda\u00e7\u00e3o Portal MF","twitter_card":"summary_large_image","twitter_creator":"@https:\/\/x.com\/portalmfoficial","twitter_misc":{"Escrito por":"Reda\u00e7\u00e3o Portal MF","Est. tempo de leitura":"2 minutos"},"schema":{"@context":"https:\/\/schema.org","@graph":[{"@type":"WebPage","@id":"https:\/\/portalmf.com.br\/index.php\/2023\/12\/28\/pesquisa-indica-reeleicao-de-joao-bahia-para-prefeitura-de-amelia-rodrigues\/","url":"https:\/\/portalmf.com.br\/index.php\/2023\/12\/28\/pesquisa-indica-reeleicao-de-joao-bahia-para-prefeitura-de-amelia-rodrigues\/","name":"Pesquisa indica reelei\u00e7\u00e3o de Jo\u00e3o Bahia para prefeitura de Am\u00e9lia Rodrigues - Portal MF","isPartOf":{"@id":"https:\/\/portalmf.com.br\/#website"},"primaryImageOfPage":{"@id":"https:\/\/portalmf.com.br\/index.php\/2023\/12\/28\/pesquisa-indica-reeleicao-de-joao-bahia-para-prefeitura-de-amelia-rodrigues\/#primaryimage"},"image":{"@id":"https:\/\/portalmf.com.br\/index.php\/2023\/12\/28\/pesquisa-indica-reeleicao-de-joao-bahia-para-prefeitura-de-amelia-rodrigues\/#primaryimage"},"thumbnailUrl":"https:\/\/portalmf.com.br\/wp-content\/uploads\/2023\/12\/joao-bahia.jpeg","datePublished":"2023-12-28T14:37:22+00:00","dateModified":"2023-12-29T14:38:00+00:00","author":{"@id":"https:\/\/portalmf.com.br\/#\/schema\/person\/9ec101baf56233e53520c26de5d6f6f0"},"breadcrumb":{"@id":"https:\/\/portalmf.com.br\/index.php\/2023\/12\/28\/pesquisa-indica-reeleicao-de-joao-bahia-para-prefeitura-de-amelia-rodrigues\/#breadcrumb"},"inLanguage":"pt-BR","potentialAction":[{"@type":"ReadAction","target":["https:\/\/portalmf.com.br\/index.php\/2023\/12\/28\/pesquisa-indica-reeleicao-de-joao-bahia-para-prefeitura-de-amelia-rodrigues\/"]}]},{"@type":"ImageObject","inLanguage":"pt-BR","@id":"https:\/\/portalmf.com.br\/index.php\/2023\/12\/28\/pesquisa-indica-reeleicao-de-joao-bahia-para-prefeitura-de-amelia-rodrigues\/#primaryimage","url":"https:\/\/portalmf.com.br\/wp-content\/uploads\/2023\/12\/joao-bahia.jpeg","contentUrl":"https:\/\/portalmf.com.br\/wp-content\/uploads\/2023\/12\/joao-bahia.jpeg","width":1488,"height":992},{"@type":"BreadcrumbList","@id":"https:\/\/portalmf.com.br\/index.php\/2023\/12\/28\/pesquisa-indica-reeleicao-de-joao-bahia-para-prefeitura-de-amelia-rodrigues\/#breadcrumb","itemListElement":[{"@type":"ListItem","position":1,"name":"In\u00edcio","item":"https:\/\/portalmf.com.br\/"},{"@type":"ListItem","position":2,"name":"Pesquisa indica reelei\u00e7\u00e3o de Jo\u00e3o Bahia para prefeitura de Am\u00e9lia Rodrigues"}]},{"@type":"WebSite","@id":"https:\/\/portalmf.com.br\/#website","url":"https:\/\/portalmf.com.br\/","name":"Portal MF","description":"Voc\u00ea conectado com a informa\u00e7\u00e3o","potentialAction":[{"@type":"SearchAction","target":{"@type":"EntryPoint","urlTemplate":"https:\/\/portalmf.com.br\/?s={search_term_string}"},"query-input":"required name=search_term_string"}],"inLanguage":"pt-BR"},{"@type":"Person","@id":"https:\/\/portalmf.com.br\/#\/schema\/person\/9ec101baf56233e53520c26de5d6f6f0","name":"Reda\u00e7\u00e3o Portal MF","image":{"@type":"ImageObject","inLanguage":"pt-BR","@id":"https:\/\/portalmf.com.br\/#\/schema\/person\/image\/","url":"https:\/\/secure.gravatar.com\/avatar\/41b9aaeb2100835f7c64362330f74c7f?s=96&d=mm&r=g","contentUrl":"https:\/\/secure.gravatar.com\/avatar\/41b9aaeb2100835f7c64362330f74c7f?s=96&d=mm&r=g","caption":"Reda\u00e7\u00e3o Portal MF"},"description":"Sejam bem-vindos o portal de informa\u00e7\u00f5es de entretenimento de Feira de Santana, desde 2006 realiza coberturas dos principais eventos com entrevistas exclusivas com as principais personalidades mundiais. Fique conectado tamb\u00e9m nas redes sociais.","sameAs":["http:\/\/www.portalmf.com.br\/","https:\/\/www.facebook.com\/portalmfoficial","https:\/\/www.instagram.com\/portalmf\/","https:\/\/x.com\/https:\/\/x.com\/portalmfoficial","https:\/\/www.youtube.com\/@portalmfoficial"],"url":"https:\/\/portalmf.com.br\/index.php\/author\/junior\/"}]}},"_links":{"self":[{"href":"https:\/\/portalmf.com.br\/index.php\/wp-json\/wp\/v2\/posts\/21373"}],"collection":[{"href":"https:\/\/portalmf.com.br\/index.php\/wp-json\/wp\/v2\/posts"}],"about":[{"href":"https:\/\/portalmf.com.br\/index.php\/wp-json\/wp\/v2\/types\/post"}],"author":[{"embeddable":true,"href":"https:\/\/portalmf.com.br\/index.php\/wp-json\/wp\/v2\/users\/3"}],"replies":[{"embeddable":true,"href":"https:\/\/portalmf.com.br\/index.php\/wp-json\/wp\/v2\/comments?post=21373"}],"version-history":[{"count":1,"href":"https:\/\/portalmf.com.br\/index.php\/wp-json\/wp\/v2\/posts\/21373\/revisions"}],"predecessor-version":[{"id":21375,"href":"https:\/\/portalmf.com.br\/index.php\/wp-json\/wp\/v2\/posts\/21373\/revisions\/21375"}],"wp:featuredmedia":[{"embeddable":true,"href":"https:\/\/portalmf.com.br\/index.php\/wp-json\/wp\/v2\/media\/21374"}],"wp:attachment":[{"href":"https:\/\/portalmf.com.br\/index.php\/wp-json\/wp\/v2\/media?parent=21373"}],"wp:term":[{"taxonomy":"category","embeddable":true,"href":"https:\/\/portalmf.com.br\/index.php\/wp-json\/wp\/v2\/categories?post=21373"},{"taxonomy":"post_tag","embeddable":true,"href":"https:\/\/portalmf.com.br\/index.php\/wp-json\/wp\/v2\/tags?post=21373"}],"curies":[{"name":"wp","href":"https:\/\/api.w.org\/{rel}","templated":true}]}}