{"id":21370,"date":"2023-12-27T22:53:00","date_gmt":"2023-12-28T01:53:00","guid":{"rendered":"https:\/\/portalmf.com.br\/?p=21370"},"modified":"2023-12-28T16:55:28","modified_gmt":"2023-12-28T19:55:28","slug":"lula-assina-decreto-que-reajusta-salario-minimo-para-r-1-412","status":"publish","type":"post","link":"https:\/\/portalmf.com.br\/index.php\/2023\/12\/27\/lula-assina-decreto-que-reajusta-salario-minimo-para-r-1-412\/","title":{"rendered":"Lula assina decreto que reajusta sal\u00e1rio m\u00ednimo para R$ 1.412"},"content":{"rendered":"\n<p>O presidente Luiz In\u00e1cio Lula da Silva assinou o decreto que reajustar\u00e1, a partir de 1\u00ba de janeiro de 2024, o valor do sal\u00e1rio-m\u00ednimo, que passar\u00e1 a ser de R$ 1.412. De acordo com o Pal\u00e1cio do Planalto, Lula deixou o decreto assinado antes de viajar para a base naval da Restinga da Marambaia,&nbsp;<a href=\"https:\/\/agenciabrasil.ebc.com.br\/geral\/noticia\/2023-12\/lula-passara-reveillon-em-base-militar-no-rio\">onde passar\u00e1 o R\u00e9veillon<\/a>.<img decoding=\"async\" src=\"https:\/\/agenciabrasil.ebc.com.br\/ebc.png?id=1574509&amp;o=node\"><img decoding=\"async\" src=\"https:\/\/agenciabrasil.ebc.com.br\/ebc.gif?id=1574509&amp;o=node\"><\/p>\n\n\n\n<p>A expectativa \u00e9 de que o decreto seja publicado ainda nesta quarta-feira (27) em edi\u00e7\u00e3o extra do Di\u00e1rio Oficial da Uni\u00e3o.<\/p>\n\n\n\n<p>O novo valor representa um aumento de R$ 92 ante ao valor atual (R$ 1.320). A valoriza\u00e7\u00e3o acima da infla\u00e7\u00e3o constava em medida provis\u00f3ria enviada pelo presidente Lula em maio ao Congresso, que a aprovou em agosto. O novo valor, ent\u00e3o, foi&nbsp;<a href=\"https:\/\/agenciabrasil.ebc.com.br\/politica\/noticia\/2023-12\/congresso-nacional-aprova-projeto-da-lei-orcamentaria-para-2024\">inclu\u00eddo na lei or\u00e7ament\u00e1ria para 2024<\/a>, aprovada pelo parlamento no dia 22 de dezembro.<\/p>\n\n\n\n<p>Em nota, o Planalto lembrou que o novo valor corresponde a um aumento de 6,97% para o sal\u00e1rio m\u00ednimo, percentual que representa ganho real (acima da infla\u00e7\u00e3o) de 3%, al\u00e9m dos 3,85% de infla\u00e7\u00e3o registrados&nbsp;no per\u00edodo.&nbsp;Lembra tamb\u00e9m que o reajuste s\u00f3 foi poss\u00edvel devido \u00e0s diretrizes do Grupo de Trabalho de Valoriza\u00e7\u00e3o do Sal\u00e1rio M\u00ednimo, criado em fevereiro pelo presidente Lula.<\/p>\n\n\n\n<p>A defini\u00e7\u00e3o do novo valor deriva de uma f\u00f3rmula que havia sido adotada durante os governos anteriores do PT, com base no \u00cdndice Nacional de Pre\u00e7os ao Consumidor (INPC) e a varia\u00e7\u00e3o do Produto Interno Brito (PIB, que \u00e9 a soma de todas as riquezas produzidas no pa\u00eds).<\/p>\n\n\n\n<p>Como entrar\u00e1 em vigor a partir do primeiro dia de janeiro, o novo valor come\u00e7ar\u00e1 a ser depositado no in\u00edcio de fevereiro.<\/p>\n\n\n\n<p>Com informa\u00e7\u00f5es da Ag\u00eancia Brasil<\/p>\n","protected":false},"excerpt":{"rendered":"<p>O presidente Luiz In\u00e1cio Lula da Silva assinou o decreto que reajustar\u00e1, a partir de 1\u00ba de janeiro de 2024, o valor do sal\u00e1rio-m\u00ednimo, que passar\u00e1 a ser de R$ 1.412. De acordo com o Pal\u00e1cio do Planalto, Lula deixou o decreto assinado antes de viajar para a base naval da Restinga da Marambaia,&nbsp;onde passar\u00e1 [&hellip;]<\/p>\n","protected":false},"author":3,"featured_media":9984,"comment_status":"open","ping_status":"open","sticky":false,"template":"","format":"standard","meta":{"_monsterinsights_skip_tracking":false,"_monsterinsights_sitenote_active":false,"_monsterinsights_sitenote_note":"","_monsterinsights_sitenote_category":0,"footnotes":""},"categories":[34],"tags":[],"yoast_head":"<!-- This site is optimized with the Yoast SEO plugin v22.9 - https:\/\/yoast.com\/wordpress\/plugins\/seo\/ -->\n<title>Lula assina decreto que reajusta sal\u00e1rio m\u00ednimo para R$ 1.412 - Portal MF<\/title>\n<meta name=\"robots\" content=\"index, follow, max-snippet:-1, max-image-preview:large, max-video-preview:-1\" \/>\n<link rel=\"canonical\" href=\"https:\/\/portalmf.com.br\/index.php\/2023\/12\/27\/lula-assina-decreto-que-reajusta-salario-minimo-para-r-1-412\/\" \/>\n<meta property=\"og:locale\" content=\"pt_BR\" \/>\n<meta property=\"og:type\" content=\"article\" \/>\n<meta property=\"og:title\" content=\"Lula assina decreto que reajusta sal\u00e1rio m\u00ednimo para R$ 1.412 - Portal MF\" \/>\n<meta property=\"og:description\" content=\"O presidente Luiz In\u00e1cio Lula da Silva assinou o decreto que reajustar\u00e1, a partir de 1\u00ba de janeiro de 2024, o valor do sal\u00e1rio-m\u00ednimo, que passar\u00e1 a ser de R$ 1.412. De acordo com o Pal\u00e1cio do Planalto, Lula deixou o decreto assinado antes de viajar para a base naval da Restinga da Marambaia,&nbsp;onde passar\u00e1 [&hellip;]\" \/>\n<meta property=\"og:url\" content=\"https:\/\/portalmf.com.br\/index.php\/2023\/12\/27\/lula-assina-decreto-que-reajusta-salario-minimo-para-r-1-412\/\" \/>\n<meta property=\"og:site_name\" content=\"Portal MF\" \/>\n<meta property=\"article:author\" content=\"https:\/\/www.facebook.com\/portalmfoficial\" \/>\n<meta property=\"article:published_time\" content=\"2023-12-28T01:53:00+00:00\" \/>\n<meta property=\"article:modified_time\" content=\"2023-12-28T19:55:28+00:00\" \/>\n<meta property=\"og:image\" content=\"https:\/\/portalmf.com.br\/wp-content\/uploads\/2023\/03\/real_moeda_020120a84t47915206.jpg\" \/>\n\t<meta property=\"og:image:width\" content=\"1170\" \/>\n\t<meta property=\"og:image:height\" content=\"700\" \/>\n\t<meta property=\"og:image:type\" content=\"image\/jpeg\" \/>\n<meta name=\"author\" content=\"Reda\u00e7\u00e3o Portal MF\" \/>\n<meta name=\"twitter:card\" content=\"summary_large_image\" \/>\n<meta name=\"twitter:creator\" content=\"@https:\/\/x.com\/portalmfoficial\" \/>\n<meta name=\"twitter:label1\" content=\"Escrito por\" \/>\n\t<meta name=\"twitter:data1\" content=\"Reda\u00e7\u00e3o Portal MF\" \/>\n\t<meta name=\"twitter:label2\" content=\"Est. tempo de leitura\" \/>\n\t<meta name=\"twitter:data2\" content=\"2 minutos\" \/>\n<script type=\"application\/ld+json\" class=\"yoast-schema-graph\">{\"@context\":\"https:\/\/schema.org\",\"@graph\":[{\"@type\":\"WebPage\",\"@id\":\"https:\/\/portalmf.com.br\/index.php\/2023\/12\/27\/lula-assina-decreto-que-reajusta-salario-minimo-para-r-1-412\/\",\"url\":\"https:\/\/portalmf.com.br\/index.php\/2023\/12\/27\/lula-assina-decreto-que-reajusta-salario-minimo-para-r-1-412\/\",\"name\":\"Lula assina decreto que reajusta sal\u00e1rio m\u00ednimo para R$ 1.412 - Portal MF\",\"isPartOf\":{\"@id\":\"https:\/\/portalmf.com.br\/#website\"},\"primaryImageOfPage\":{\"@id\":\"https:\/\/portalmf.com.br\/index.php\/2023\/12\/27\/lula-assina-decreto-que-reajusta-salario-minimo-para-r-1-412\/#primaryimage\"},\"image\":{\"@id\":\"https:\/\/portalmf.com.br\/index.php\/2023\/12\/27\/lula-assina-decreto-que-reajusta-salario-minimo-para-r-1-412\/#primaryimage\"},\"thumbnailUrl\":\"https:\/\/portalmf.com.br\/wp-content\/uploads\/2023\/03\/real_moeda_020120a84t47915206.jpg\",\"datePublished\":\"2023-12-28T01:53:00+00:00\",\"dateModified\":\"2023-12-28T19:55:28+00:00\",\"author\":{\"@id\":\"https:\/\/portalmf.com.br\/#\/schema\/person\/9ec101baf56233e53520c26de5d6f6f0\"},\"breadcrumb\":{\"@id\":\"https:\/\/portalmf.com.br\/index.php\/2023\/12\/27\/lula-assina-decreto-que-reajusta-salario-minimo-para-r-1-412\/#breadcrumb\"},\"inLanguage\":\"pt-BR\",\"potentialAction\":[{\"@type\":\"ReadAction\",\"target\":[\"https:\/\/portalmf.com.br\/index.php\/2023\/12\/27\/lula-assina-decreto-que-reajusta-salario-minimo-para-r-1-412\/\"]}]},{\"@type\":\"ImageObject\",\"inLanguage\":\"pt-BR\",\"@id\":\"https:\/\/portalmf.com.br\/index.php\/2023\/12\/27\/lula-assina-decreto-que-reajusta-salario-minimo-para-r-1-412\/#primaryimage\",\"url\":\"https:\/\/portalmf.com.br\/wp-content\/uploads\/2023\/03\/real_moeda_020120a84t47915206.jpg\",\"contentUrl\":\"https:\/\/portalmf.com.br\/wp-content\/uploads\/2023\/03\/real_moeda_020120a84t47915206.jpg\",\"width\":1170,\"height\":700,\"caption\":\"Foto: Marcello Casal Jr \/ Ag\u00eancia Brasil\"},{\"@type\":\"BreadcrumbList\",\"@id\":\"https:\/\/portalmf.com.br\/index.php\/2023\/12\/27\/lula-assina-decreto-que-reajusta-salario-minimo-para-r-1-412\/#breadcrumb\",\"itemListElement\":[{\"@type\":\"ListItem\",\"position\":1,\"name\":\"In\u00edcio\",\"item\":\"https:\/\/portalmf.com.br\/\"},{\"@type\":\"ListItem\",\"position\":2,\"name\":\"Lula assina decreto que reajusta sal\u00e1rio m\u00ednimo para R$ 1.412\"}]},{\"@type\":\"WebSite\",\"@id\":\"https:\/\/portalmf.com.br\/#website\",\"url\":\"https:\/\/portalmf.com.br\/\",\"name\":\"Portal MF\",\"description\":\"Voc\u00ea conectado com a informa\u00e7\u00e3o\",\"potentialAction\":[{\"@type\":\"SearchAction\",\"target\":{\"@type\":\"EntryPoint\",\"urlTemplate\":\"https:\/\/portalmf.com.br\/?s={search_term_string}\"},\"query-input\":\"required name=search_term_string\"}],\"inLanguage\":\"pt-BR\"},{\"@type\":\"Person\",\"@id\":\"https:\/\/portalmf.com.br\/#\/schema\/person\/9ec101baf56233e53520c26de5d6f6f0\",\"name\":\"Reda\u00e7\u00e3o Portal MF\",\"image\":{\"@type\":\"ImageObject\",\"inLanguage\":\"pt-BR\",\"@id\":\"https:\/\/portalmf.com.br\/#\/schema\/person\/image\/\",\"url\":\"https:\/\/secure.gravatar.com\/avatar\/41b9aaeb2100835f7c64362330f74c7f?s=96&d=mm&r=g\",\"contentUrl\":\"https:\/\/secure.gravatar.com\/avatar\/41b9aaeb2100835f7c64362330f74c7f?s=96&d=mm&r=g\",\"caption\":\"Reda\u00e7\u00e3o Portal MF\"},\"description\":\"Sejam bem-vindos o portal de informa\u00e7\u00f5es de entretenimento de Feira de Santana, desde 2006 realiza coberturas dos principais eventos com entrevistas exclusivas com as principais personalidades mundiais. Fique conectado tamb\u00e9m nas redes sociais.\",\"sameAs\":[\"http:\/\/www.portalmf.com.br\/\",\"https:\/\/www.facebook.com\/portalmfoficial\",\"https:\/\/www.instagram.com\/portalmf\/\",\"https:\/\/x.com\/https:\/\/x.com\/portalmfoficial\",\"https:\/\/www.youtube.com\/@portalmfoficial\"],\"url\":\"https:\/\/portalmf.com.br\/index.php\/author\/junior\/\"}]}<\/script>\n<!-- \/ Yoast SEO plugin. -->","yoast_head_json":{"title":"Lula assina decreto que reajusta sal\u00e1rio m\u00ednimo para R$ 1.412 - Portal MF","robots":{"index":"index","follow":"follow","max-snippet":"max-snippet:-1","max-image-preview":"max-image-preview:large","max-video-preview":"max-video-preview:-1"},"canonical":"https:\/\/portalmf.com.br\/index.php\/2023\/12\/27\/lula-assina-decreto-que-reajusta-salario-minimo-para-r-1-412\/","og_locale":"pt_BR","og_type":"article","og_title":"Lula assina decreto que reajusta sal\u00e1rio m\u00ednimo para R$ 1.412 - Portal MF","og_description":"O presidente Luiz In\u00e1cio Lula da Silva assinou o decreto que reajustar\u00e1, a partir de 1\u00ba de janeiro de 2024, o valor do sal\u00e1rio-m\u00ednimo, que passar\u00e1 a ser de R$ 1.412. De acordo com o Pal\u00e1cio do Planalto, Lula deixou o decreto assinado antes de viajar para a base naval da Restinga da Marambaia,&nbsp;onde passar\u00e1 [&hellip;]","og_url":"https:\/\/portalmf.com.br\/index.php\/2023\/12\/27\/lula-assina-decreto-que-reajusta-salario-minimo-para-r-1-412\/","og_site_name":"Portal MF","article_author":"https:\/\/www.facebook.com\/portalmfoficial","article_published_time":"2023-12-28T01:53:00+00:00","article_modified_time":"2023-12-28T19:55:28+00:00","og_image":[{"width":1170,"height":700,"url":"https:\/\/portalmf.com.br\/wp-content\/uploads\/2023\/03\/real_moeda_020120a84t47915206.jpg","type":"image\/jpeg"}],"author":"Reda\u00e7\u00e3o Portal MF","twitter_card":"summary_large_image","twitter_creator":"@https:\/\/x.com\/portalmfoficial","twitter_misc":{"Escrito por":"Reda\u00e7\u00e3o Portal MF","Est. tempo de leitura":"2 minutos"},"schema":{"@context":"https:\/\/schema.org","@graph":[{"@type":"WebPage","@id":"https:\/\/portalmf.com.br\/index.php\/2023\/12\/27\/lula-assina-decreto-que-reajusta-salario-minimo-para-r-1-412\/","url":"https:\/\/portalmf.com.br\/index.php\/2023\/12\/27\/lula-assina-decreto-que-reajusta-salario-minimo-para-r-1-412\/","name":"Lula assina decreto que reajusta sal\u00e1rio m\u00ednimo para R$ 1.412 - Portal MF","isPartOf":{"@id":"https:\/\/portalmf.com.br\/#website"},"primaryImageOfPage":{"@id":"https:\/\/portalmf.com.br\/index.php\/2023\/12\/27\/lula-assina-decreto-que-reajusta-salario-minimo-para-r-1-412\/#primaryimage"},"image":{"@id":"https:\/\/portalmf.com.br\/index.php\/2023\/12\/27\/lula-assina-decreto-que-reajusta-salario-minimo-para-r-1-412\/#primaryimage"},"thumbnailUrl":"https:\/\/portalmf.com.br\/wp-content\/uploads\/2023\/03\/real_moeda_020120a84t47915206.jpg","datePublished":"2023-12-28T01:53:00+00:00","dateModified":"2023-12-28T19:55:28+00:00","author":{"@id":"https:\/\/portalmf.com.br\/#\/schema\/person\/9ec101baf56233e53520c26de5d6f6f0"},"breadcrumb":{"@id":"https:\/\/portalmf.com.br\/index.php\/2023\/12\/27\/lula-assina-decreto-que-reajusta-salario-minimo-para-r-1-412\/#breadcrumb"},"inLanguage":"pt-BR","potentialAction":[{"@type":"ReadAction","target":["https:\/\/portalmf.com.br\/index.php\/2023\/12\/27\/lula-assina-decreto-que-reajusta-salario-minimo-para-r-1-412\/"]}]},{"@type":"ImageObject","inLanguage":"pt-BR","@id":"https:\/\/portalmf.com.br\/index.php\/2023\/12\/27\/lula-assina-decreto-que-reajusta-salario-minimo-para-r-1-412\/#primaryimage","url":"https:\/\/portalmf.com.br\/wp-content\/uploads\/2023\/03\/real_moeda_020120a84t47915206.jpg","contentUrl":"https:\/\/portalmf.com.br\/wp-content\/uploads\/2023\/03\/real_moeda_020120a84t47915206.jpg","width":1170,"height":700,"caption":"Foto: Marcello Casal Jr \/ Ag\u00eancia Brasil"},{"@type":"BreadcrumbList","@id":"https:\/\/portalmf.com.br\/index.php\/2023\/12\/27\/lula-assina-decreto-que-reajusta-salario-minimo-para-r-1-412\/#breadcrumb","itemListElement":[{"@type":"ListItem","position":1,"name":"In\u00edcio","item":"https:\/\/portalmf.com.br\/"},{"@type":"ListItem","position":2,"name":"Lula assina decreto que reajusta sal\u00e1rio m\u00ednimo para R$ 1.412"}]},{"@type":"WebSite","@id":"https:\/\/portalmf.com.br\/#website","url":"https:\/\/portalmf.com.br\/","name":"Portal MF","description":"Voc\u00ea conectado com a informa\u00e7\u00e3o","potentialAction":[{"@type":"SearchAction","target":{"@type":"EntryPoint","urlTemplate":"https:\/\/portalmf.com.br\/?s={search_term_string}"},"query-input":"required name=search_term_string"}],"inLanguage":"pt-BR"},{"@type":"Person","@id":"https:\/\/portalmf.com.br\/#\/schema\/person\/9ec101baf56233e53520c26de5d6f6f0","name":"Reda\u00e7\u00e3o Portal MF","image":{"@type":"ImageObject","inLanguage":"pt-BR","@id":"https:\/\/portalmf.com.br\/#\/schema\/person\/image\/","url":"https:\/\/secure.gravatar.com\/avatar\/41b9aaeb2100835f7c64362330f74c7f?s=96&d=mm&r=g","contentUrl":"https:\/\/secure.gravatar.com\/avatar\/41b9aaeb2100835f7c64362330f74c7f?s=96&d=mm&r=g","caption":"Reda\u00e7\u00e3o Portal MF"},"description":"Sejam bem-vindos o portal de informa\u00e7\u00f5es de entretenimento de Feira de Santana, desde 2006 realiza coberturas dos principais eventos com entrevistas exclusivas com as principais personalidades mundiais. Fique conectado tamb\u00e9m nas redes sociais.","sameAs":["http:\/\/www.portalmf.com.br\/","https:\/\/www.facebook.com\/portalmfoficial","https:\/\/www.instagram.com\/portalmf\/","https:\/\/x.com\/https:\/\/x.com\/portalmfoficial","https:\/\/www.youtube.com\/@portalmfoficial"],"url":"https:\/\/portalmf.com.br\/index.php\/author\/junior\/"}]}},"_links":{"self":[{"href":"https:\/\/portalmf.com.br\/index.php\/wp-json\/wp\/v2\/posts\/21370"}],"collection":[{"href":"https:\/\/portalmf.com.br\/index.php\/wp-json\/wp\/v2\/posts"}],"about":[{"href":"https:\/\/portalmf.com.br\/index.php\/wp-json\/wp\/v2\/types\/post"}],"author":[{"embeddable":true,"href":"https:\/\/portalmf.com.br\/index.php\/wp-json\/wp\/v2\/users\/3"}],"replies":[{"embeddable":true,"href":"https:\/\/portalmf.com.br\/index.php\/wp-json\/wp\/v2\/comments?post=21370"}],"version-history":[{"count":1,"href":"https:\/\/portalmf.com.br\/index.php\/wp-json\/wp\/v2\/posts\/21370\/revisions"}],"predecessor-version":[{"id":21371,"href":"https:\/\/portalmf.com.br\/index.php\/wp-json\/wp\/v2\/posts\/21370\/revisions\/21371"}],"wp:featuredmedia":[{"embeddable":true,"href":"https:\/\/portalmf.com.br\/index.php\/wp-json\/wp\/v2\/media\/9984"}],"wp:attachment":[{"href":"https:\/\/portalmf.com.br\/index.php\/wp-json\/wp\/v2\/media?parent=21370"}],"wp:term":[{"taxonomy":"category","embeddable":true,"href":"https:\/\/portalmf.com.br\/index.php\/wp-json\/wp\/v2\/categories?post=21370"},{"taxonomy":"post_tag","embeddable":true,"href":"https:\/\/portalmf.com.br\/index.php\/wp-json\/wp\/v2\/tags?post=21370"}],"curies":[{"name":"wp","href":"https:\/\/api.w.org\/{rel}","templated":true}]}}